{"id":5291,"date":"2016-03-16T08:54:15","date_gmt":"2016-03-16T08:54:15","guid":{"rendered":"http:\/\/obcanskymonitoring.cz\/?p=5291"},"modified":"2016-03-29T09:38:17","modified_gmt":"2016-03-29T09:38:17","slug":"petr-jesatko-zvitezi-v-narodnim-parku-sumava-fakta-nebo-myty-prirodni-rezervace-nebo-vytezena-holina","status":"publish","type":"post","link":"https:\/\/obcanskymonitoring.cz\/?p=5291","title":{"rendered":"Petr Je\u0161\u00e1tko: Zv\u00edt\u011bz\u00ed v N\u00e1rodn\u00edm parku \u0160umava fakta, nebo m\u00fdty; p\u0159\u00edrodn\u00ed rezervace nebo vyt\u011b\u017een\u00e1 holina?"},"content":{"rendered":"<div class=\"pvc_clear\"><\/div>\n<p class=\"pvc_stats total_only \" data-element-id=\"5291\" style=\"\"><i class=\"pvc-stats-icon medium\" aria-hidden=\"true\"><svg xmlns=\"http:\/\/www.w3.org\/2000\/svg\" version=\"1.0\" viewBox=\"0 0 502 315\" preserveAspectRatio=\"xMidYMid meet\"><g transform=\"translate(0,332) scale(0.1,-0.1)\" fill=\"\" stroke=\"none\"><path d=\"M2394 3279 l-29 -30 -3 -207 c-2 -182 0 -211 15 -242 39 -76 157 -76 196 0 15 31 17 60 15 243 l-3 209 -33 29 c-26 23 -41 29 -80 29 -41 0 -53 -5 -78 -31z\"\/><path d=\"M3085 3251 c-45 -19 -58 -50 -96 -229 -47 -217 -49 -260 -13 -295 52 -53 146 -42 177 20 16 31 87 366 87 410 0 70 -86 122 -155 94z\"\/><path d=\"M1751 3234 c-13 -9 -29 -31 -37 -50 -12 -29 -10 -49 21 -204 19 -94 39 -189 45 -210 14 -50 54 -80 110 -80 34 0 48 6 76 34 21 21 34 44 34 59 0 14 -18 113 -40 219 -37 178 -43 195 -70 221 -36 32 -101 37 -139 11z\"\/><path d=\"M1163 3073 c-36 -7 -73 -59 -73 -102 0 -56 133 -378 171 -413 34 -32 83 -37 129 -13 70 36 67 87 -16 290 -86 209 -89 214 -129 231 -35 14 -42 15 -82 7z\"\/><path d=\"M3689 3066 c-15 -9 -33 -30 -42 -48 -48 -103 -147 -355 -147 -375 0 -98 131 -148 192 -74 13 15 57 108 97 206 80 196 84 226 37 273 -30 30 -99 39 -137 18z\"\/><path d=\"M583 2784 c-38 -19 -67 -74 -58 -113 9 -42 211 -354 242 -373 16 -10 45 -18 66 -18 51 0 107 52 107 100 0 39 -1 41 -124 234 -80 126 -108 162 -133 173 -41 17 -61 16 -100 -3z\"\/><path d=\"M4250 2784 c-14 -9 -74 -91 -133 -183 -95 -150 -107 -173 -107 -213 0 -55 33 -94 87 -104 67 -13 90 8 211 198 130 202 137 225 78 284 -27 27 -42 34 -72 34 -22 0 -50 -8 -64 -16z\"\/><path d=\"M2275 2693 c-553 -48 -1095 -270 -1585 -649 -135 -104 -459 -423 -483 -476 -23 -49 -22 -139 2 -186 73 -142 361 -457 571 -626 285 -228 642 -407 990 -497 242 -63 336 -73 660 -74 310 0 370 5 595 52 535 111 1045 392 1455 803 122 121 250 273 275 326 19 41 19 137 0 174 -41 79 -309 363 -465 492 -447 370 -946 591 -1479 653 -113 14 -422 18 -536 8z m395 -428 c171 -34 330 -124 456 -258 112 -119 167 -219 211 -378 27 -96 24 -300 -5 -401 -72 -255 -236 -447 -474 -557 -132 -62 -201 -76 -368 -76 -167 0 -236 14 -368 76 -213 98 -373 271 -451 485 -162 444 86 934 547 1084 153 49 292 57 452 25z m909 -232 c222 -123 408 -262 593 -441 76 -74 138 -139 138 -144 0 -16 -233 -242 -330 -319 -155 -123 -309 -223 -461 -299 l-81 -41 32 46 c18 26 49 83 70 128 143 306 141 649 -6 957 -25 52 -61 116 -79 142 l-34 47 45 -20 c26 -10 76 -36 113 -56z m-2057 25 c-40 -58 -105 -190 -130 -263 -110 -324 -59 -707 132 -981 25 -35 42 -64 37 -64 -19 0 -241 119 -326 174 -188 122 -406 314 -532 468 l-58 71 108 103 c185 178 428 349 672 473 66 33 121 60 123 61 2 0 -10 -19 -26 -42z\"\/><path d=\"M2375 1950 c-198 -44 -350 -190 -395 -379 -18 -76 -8 -221 19 -290 114 -284 457 -406 731 -260 98 52 188 154 231 260 27 69 37 214 19 290 -38 163 -166 304 -326 360 -67 23 -215 33 -279 19z\"\/><\/g><\/svg><\/i> &nbsp;1,149&nbsp;total views<\/p>\n<div class=\"pvc_clear\"><\/div>\n<p><a href=\"http:\/\/obcanskymonitoring.cz\/wp-content\/uploads\/2014\/09\/Jesatko.jpg\"><img loading=\"lazy\" class=\"alignnone size-full wp-image-3017\" alt=\"Jesatko\" src=\"http:\/\/obcanskymonitoring.cz\/wp-content\/uploads\/2014\/09\/Jesatko.jpg\" width=\"287\" height=\"167\" \/><\/a><\/p>\n<p>P\u0159etiskujeme text <a href=\"http:\/\/obcanskymonitoring.cz\/?page_id=3014\">Petra Je\u0161\u00e1tka<\/a>\u00a0k aktu\u00e1ln\u011b projedn\u00e1van\u00e9mu z\u00e1konu o N\u00e1rodn\u00edm parku \u0160umava, kter\u00fd <a href=\"http:\/\/www.psp.cz\/sqw\/historie.sqw?o=7&amp;t=739\">nyn\u00ed projedn\u00e1v\u00e1 Poslaneck\u00e1 sn\u011bmovna<\/a>. Stanovisko Petra Je\u0161\u00e1tka k projedn\u00e1van\u00e9mu z\u00e1konu <a href=\"http:\/\/obcanskymonitoring.cz\/\">Ob\u010dansk\u00fd monitoring<\/a> pln\u011b \u00a0podporuje.<\/p>\n<p><!--more--><\/p>\n<p>Poslanci budou ve druh\u00e9m \u010dten\u00ed projedn\u00e1vat Z\u00e1kon O ochran\u011b p\u0159\u00edrody a krajiny. Ur\u010dit\u011b po projedn\u00e1v\u00e1n\u00ed ve v\u00fdborech bude k n\u00e1vrhu \u0159ada p\u0159ipom\u00ednek. Je t\u0159eba si v\u0161ak uv\u011bdomit, \u017ee sebelep\u0161\u00ed z\u00e1kon se bude sna\u017eit n\u011bkter\u00fd ze st\u00e1tn\u00edch \u00fa\u0159edn\u00edk\u016f ve sv\u00e9m rozhodov\u00e1n\u00ed p\u0159izp\u016fsobit sob\u011b, nebo r\u016fzn\u00fdm skupin\u00e1m lid\u00ed s r\u016fzn\u00fdmi z\u00e1jmy, finan\u010dn\u00edmi nevyj\u00edmaje.<br \/>\nV p\u0159\u00edloze p\u0159\u00edklad ze \u0160umavy, kdy d\u0159\u00edv\u011bj\u0161\u00ed n\u00e1m\u011bstek NP \u0160umava, velk\u00fd, d\u00e1 se \u0159\u00edci v ur\u010dit\u00e9m ohledu a\u017e fanatick\u00fd zast\u00e1nce bezz\u00e1sahovosti, po sv\u00e9m jmenov\u00e1n\u00ed ministrem Brabcem, po n\u00e1v\u0161t\u011bv\u011b p\u0159edsedy ANO, pana Babi\u0161e na \u0160umav\u011b, naprosto obr\u00e1til: V Pl\u00e1nu p\u00e9\u010de nyn\u00ed, ji\u017e \u00a0jako \u0159editel N\u00e1rodn\u00edho parku \u0160umava, sni\u017euje bezz\u00e1sahov\u00e9 \u00fazem\u00ed, co\u017e by se dalo je\u0161t\u011b p\u0159\u00edpadn\u011b i pochopit, ale hor\u0161\u00ed je, \u017ee se <a href=\"http:\/\/obcanskymonitoring.cz\/?p=5241\">naprosto odkl\u00e1n\u00ed od minul\u00fdch Pl\u00e1n\u016f p\u00e9\u010de od vzniku parku p\u0159ed 25 lety<\/a>. Ty na\u0159izovaly v z\u00e1sahov\u00e9m \u00fazem\u00ed (na 77 % zejm\u00e9na v\u00fdsadby listnat\u00fdch sazenic a jedle a z\u00e1chranu jej\u00edho \u0161umavsk\u00e9ho genofondu. Z\u00e1rove\u0148 tyto pl\u00e1ny p\u00e9\u010de na\u0159izovaly p\u0159em\u011bnu smrkov\u00fdch, um\u011ble zalo\u017een\u00fdch monokultur v ni\u017e\u0161\u00edch vegeta\u010dn\u00edch stupn\u00edch na lesy sm\u00ed\u0161en\u00e9, ekologicky stabiln\u011bj\u0161\u00ed, p\u0159\u00edrod\u011b bl\u00edzk\u00e9, \u00a0viz \u00a0<a href=\"https:\/\/drive.google.com\/open?id=0B-fB8gVfCr6kNGtHYjRsT0lpNDA\">C\u00edlov\u00e9 d\u0159eviny v Pl\u00e1nu p\u00e9\u010de<\/a>. A viz p\u0159\u00edloha <a href=\"https:\/\/drive.google.com\/open?id=0B-fB8gVfCr6kcXJCLVEyNnBOSXc\">Vegeta\u010dn\u00ed stupn\u011b do roku 2030<\/a>.<\/p>\n<p>Pan \u0159editel <a href=\"http:\/\/www.ceskatelevize.cz\/porady\/10782831463-nedej-se-plus\/215562248410025-sumava-klid-pred-bouri\/\">v televizn\u00edm po\u0159adu Nedej se<\/a> (v 11 minut\u011b) v\u0161echny tyto postupy kategoricky odm\u00edt\u00e1. Naopak, jako by si neuv\u011bdomoval, \u017ee rozs\u00e1hl\u00e9 holiny na stovk\u00e1ch hektar\u016f z\u00e1sahov\u00e9ho \u00fazem\u00ed &#8211; po p\u0159edchoz\u00edch kalamit\u00e1ch, je to to nejhor\u0161\u00ed, co by mohlo lesn\u00ed ekosyst\u00e9m potkat, je odm\u00edt\u00e1 zales\u0148ovat dal\u0161\u00edch a\u017e 28 let! \u00a0Viz p\u0159\u00edsp\u011bvek\u00a0<a href=\"http:\/\/obcanskymonitoring.cz\/?p=4355\">\u0160umava \u010di holina<\/a>?<\/p>\n<p>Tato jeho rozhodnut\u00ed jsou naprosto v rozporu s minul\u00fdmi pl\u00e1ny p\u00e9\u010di, kdy jsme uveden\u00e9 p\u0159em\u011bny \u010dist\u011b jehli\u010dnat\u00e9ho lesa v les sm\u00ed\u0161en\u00fd, prov\u00e1d\u011bli, o lesn\u00ed ekosyst\u00e9m pe\u010dovali v z\u00e1sahov\u00e9m \u00fazem\u00ed s jejich znalost\u00ed s t\u00edm, \u017ee po vzoru \u010desk\u00fdch a evropsk\u00fdch lesn\u00edk\u016f v dob\u011b p\u0159edv\u00e1le\u010dn\u00e9 , v minul\u00e9m stolet\u00ed , prov\u00e1d\u011bli podsadby a ve star\u0161\u00edch porostech hospoda\u0159ili <a href=\"https:\/\/cs.wikipedia.org\/wiki\/V%C3%BDb%C4%9Brn%C3%BD_les\">v\u00fdb\u011brn\u00fdm zp\u016fsobem<\/a>. C\u00edlem bylo smazat rozd\u00edl mezi lesem takto obhospoda\u0159ovan\u00fdm a lesem p\u0159\u00edrodn\u00edm a n\u00e1sledn\u011b po zm\u011bn\u011b druhov\u00e9 skladby jej ponechat p\u0159\u00edrodn\u00edm proces\u016fm. (Viz <a href=\"https:\/\/drive.google.com\/open?id=0B-fB8gVfCr6kME1nU1NuUnNYLTA\">P\u0159\u00edloha Prales-V\u00fdb\u011brn\u00fd les<\/a>).<\/p>\n<p>\u017de n\u00e1zory pana \u0159editele jsou naprosto v rozporu s v\u011bdeck\u00fdmi dokumenty, tedy &#8211; co znamen\u00e1 nezalesn\u011bn\u00ed rozs\u00e1hl\u00fdch holin pro cel\u00fd lesn\u00ed ekosyst\u00e9m, <a href=\"https:\/\/drive.google.com\/open?id=0B-fB8gVfCr6kcTkxQzRsZXUtZEE\">ukazuj\u00ed v\u011bdci z Jiho\u010desk\u00e9 univerzity<\/a>. Viz\u00a0<a href=\"https:\/\/drive.google.com\/open?id=0B-fB8gVfCr6kWHEtbjNmNEw0dXM\">vyhodnocen\u00e9 dru\u017eicov\u00e9 sn\u00edmky o teplot\u011b<\/a>.<\/p>\n<p>Sou\u010dasn\u011b i p\u0159edpokl\u00e1dan\u00fd posun vegeta\u010dn\u00edch stup\u0148\u016f ji\u017e do r. 2030 (viz <a href=\"https:\/\/drive.google.com\/open?id=0B-fB8gVfCr6kcXJCLVEyNnBOSXc\">p\u0159\u00edloha s mapou z Mendelovy univerzity Brno<\/a> d\u00e1v\u00e1 zcela jasn\u011b p\u0159ednost v\u00fdsadb\u011b listnat\u00fdch sazenic a jedle p\u0159ed preferov\u00e1n\u00edm holin a n\u00e1sledn\u00e9 p\u0159\u00edpadn\u00e9 p\u0159irozen\u00e9 obnovy smrku.<\/p>\n<p>N\u00e1rodn\u00ed parky, jako\u017eto \u00fazem\u00ed s nejvy\u0161\u0161\u00ed ochranou p\u0159\u00edrody, nelze spravovat stejn\u00fdm zp\u016fsobem jako fabriky, kancel\u00e1\u0159e \u010di obchodn\u00ed \u0159et\u011bzce, \u010di dokonce t\u011b\u017eebn\u00ed firmy. Mus\u00ed m\u00edt svoji jasn\u011b danou, v\u011bdecky, tedy i lesnicky, ov\u011b\u0159enou vizi a nikoliv ni\u010d\u00edm nepodlo\u017een\u00e9 chov\u00e1n\u00ed jednotlivce . Jsem p\u0159esv\u011bd\u010den, \u017ee jedin\u011b komunikace s univerzitami lesnick\u00fdmi, p\u0159\u00edrodov\u011bdeck\u00fdmi a z\u0159izovatelem n\u00e1rodn\u00edch park\u016f, to je M\u017dP \u010cR na t\u00e9to \u00farovni, m\u016f\u017ee vn\u00e9st klid na \u0160umavu. \u0158editel\u00e9 n\u00e1rodn\u00edch park\u016f jsou pov\u011b\u0159eni jejich \u0159\u00edzen\u00edm, nikoliv realizac\u00ed sv\u00fdch n\u00e1zor\u016f. Z\u00e1kon by m\u011bl d\u00e1t jasn\u00e9 meze a na n\u011bj nav\u00e1zan\u00fd realiza\u010dn\u00ed c\u00edl, spolu s pl\u00e1nem a harmonogramem dosa\u017een\u00ed c\u00edl\u016f, by m\u011bl b\u00fdt vyhodnocov\u00e1n a podle toho management hodnocen i odvol\u00e1v\u00e1n a jmenov\u00e1n. Nikoliv podle toho, jak dok\u00e1\u017ee realizovat pl\u00e1ny v t\u00e9 dob\u011b jak\u00e9hokoliv ministra.<\/p>\n<p>&nbsp;<\/p>\n<p><a href=\"http:\/\/obcanskymonitoring.cz\/?page_id=3014\">Petr Je\u0161\u00e1tko st.<\/a>\u00a0(Autor je b\u00fdval\u00fd vrchn\u00ed lesn\u00ed inspektor N\u00e1rodn\u00edho parku \u0160umava, nyn\u00ed v d\u016fchodu).\u00a0<a href=\"http:\/\/www.ceskatelevize.cz\/ivysilani\/1129337346-pridej-se\/209562248410019\/\">Star\u0161\u00ed\u00a0po\u0159ad Petra Je\u0161\u00e1tka pro \u010ceskou televizi<\/a><\/p>\n<div data-counters='1' data-style='square' data-size='regular' data-url='https:\/\/obcanskymonitoring.cz\/?p=5291' data-title='Petr Je\u0161\u00e1tko: Zv\u00edt\u011bz\u00ed v N\u00e1rodn\u00edm parku \u0160umava fakta, nebo m\u00fdty; p\u0159\u00edrodn\u00ed rezervace nebo vyt\u011b\u017een\u00e1 holina?' class='linksalpha_container linksalpha_app_3'><a href='\/\/www.linksalpha.com\/share?network='facebook' class='linksalpha_icon_facebook'><\/a><a href='\/\/www.linksalpha.com\/share?network='twitter' class='linksalpha_icon_twitter'><\/a><a href='\/\/www.linksalpha.com\/share?network='googleplus' class='linksalpha_icon_googleplus'><\/a><a href='\/\/www.linksalpha.com\/share?network='mail' class='linksalpha_icon_mail'><\/a><\/div><div data-position='' data-url='https:\/\/obcanskymonitoring.cz\/?p=5291' data-title='Petr Je\u0161\u00e1tko: Zv\u00edt\u011bz\u00ed v N\u00e1rodn\u00edm parku \u0160umava fakta, nebo m\u00fdty; p\u0159\u00edrodn\u00ed rezervace nebo vyt\u011b\u017een\u00e1 holina?' class='linksalpha_container linksalpha_app_7'><a href='\/\/www.linksalpha.com\/share?network='facebook' class='linksalpha_icon_facebook'><\/a><a href='\/\/www.linksalpha.com\/share?network='twitter' class='linksalpha_icon_twitter'><\/a><a href='\/\/www.linksalpha.com\/share?network='googleplus' class='linksalpha_icon_googleplus'><\/a><a href='\/\/www.linksalpha.com\/share?network='mail' class='linksalpha_icon_mail'><\/a><\/div>","protected":false},"excerpt":{"rendered":"<p>&nbsp;1,149&nbsp;total views P\u0159etiskujeme text Petra Je\u0161\u00e1tka\u00a0k aktu\u00e1ln\u011b projedn\u00e1van\u00e9mu z\u00e1konu o N\u00e1rodn\u00edm parku \u0160umava, kter\u00fd nyn\u00ed projedn\u00e1v\u00e1 Poslaneck\u00e1 sn\u011bmovna. Stanovisko Petra Je\u0161\u00e1tka k projedn\u00e1van\u00e9mu z\u00e1konu Ob\u010dansk\u00fd monitoring pln\u011b \u00a0podporuje.<\/p>\n","protected":false},"author":2,"featured_media":0,"comment_status":"open","ping_status":"open","sticky":true,"template":"","format":"standard","meta":[],"categories":[21,29],"tags":[],"_links":{"self":[{"href":"https:\/\/obcanskymonitoring.cz\/index.php?rest_route=\/wp\/v2\/posts\/5291"}],"collection":[{"href":"https:\/\/obcanskymonitoring.cz\/index.php?rest_route=\/wp\/v2\/posts"}],"about":[{"href":"https:\/\/obcanskymonitoring.cz\/index.php?rest_route=\/wp\/v2\/types\/post"}],"author":[{"embeddable":true,"href":"https:\/\/obcanskymonitoring.cz\/index.php?rest_route=\/wp\/v2\/users\/2"}],"replies":[{"embeddable":true,"href":"https:\/\/obcanskymonitoring.cz\/index.php?rest_route=%2Fwp%2Fv2%2Fcomments&post=5291"}],"version-history":[{"count":0,"href":"https:\/\/obcanskymonitoring.cz\/index.php?rest_route=\/wp\/v2\/posts\/5291\/revisions"}],"wp:attachment":[{"href":"https:\/\/obcanskymonitoring.cz\/index.php?rest_route=%2Fwp%2Fv2%2Fmedia&parent=5291"}],"wp:term":[{"taxonomy":"category","embeddable":true,"href":"https:\/\/obcanskymonitoring.cz\/index.php?rest_route=%2Fwp%2Fv2%2Fcategories&post=5291"},{"taxonomy":"post_tag","embeddable":true,"href":"https:\/\/obcanskymonitoring.cz\/index.php?rest_route=%2Fwp%2Fv2%2Ftags&post=5291"}],"curies":[{"name":"wp","href":"https:\/\/api.w.org\/{rel}","templated":true}]}}