{"id":5357,"date":"2016-04-07T11:05:55","date_gmt":"2016-04-07T11:05:55","guid":{"rendered":"http:\/\/obcanskymonitoring.cz\/?p=5357"},"modified":"2016-04-07T11:05:55","modified_gmt":"2016-04-07T11:05:55","slug":"petr-jesatko-navrh-novely-zakona-o-ochrane-prirody-a-krajiny-lepsi-ochrana-lesu-zvlastniho-urceni-ii-cast","status":"publish","type":"post","link":"https:\/\/obcanskymonitoring.cz\/?p=5357","title":{"rendered":"Petr Je\u0161\u00e1tko: N\u00e1vrh novely z\u00e1kona o ochran\u011b p\u0159\u00edrody a krajiny \u2013 Lep\u0161\u00ed ochrana les\u016f zvl\u00e1\u0161tn\u00edho ur\u010den\u00ed &#8211; II. \u010d\u00e1st"},"content":{"rendered":"<div class=\"pvc_clear\"><\/div>\n<p class=\"pvc_stats total_only \" data-element-id=\"5357\" style=\"\"><i class=\"pvc-stats-icon medium\" aria-hidden=\"true\"><svg xmlns=\"http:\/\/www.w3.org\/2000\/svg\" version=\"1.0\" viewBox=\"0 0 502 315\" preserveAspectRatio=\"xMidYMid meet\"><g transform=\"translate(0,332) scale(0.1,-0.1)\" fill=\"\" stroke=\"none\"><path d=\"M2394 3279 l-29 -30 -3 -207 c-2 -182 0 -211 15 -242 39 -76 157 -76 196 0 15 31 17 60 15 243 l-3 209 -33 29 c-26 23 -41 29 -80 29 -41 0 -53 -5 -78 -31z\"\/><path d=\"M3085 3251 c-45 -19 -58 -50 -96 -229 -47 -217 -49 -260 -13 -295 52 -53 146 -42 177 20 16 31 87 366 87 410 0 70 -86 122 -155 94z\"\/><path d=\"M1751 3234 c-13 -9 -29 -31 -37 -50 -12 -29 -10 -49 21 -204 19 -94 39 -189 45 -210 14 -50 54 -80 110 -80 34 0 48 6 76 34 21 21 34 44 34 59 0 14 -18 113 -40 219 -37 178 -43 195 -70 221 -36 32 -101 37 -139 11z\"\/><path d=\"M1163 3073 c-36 -7 -73 -59 -73 -102 0 -56 133 -378 171 -413 34 -32 83 -37 129 -13 70 36 67 87 -16 290 -86 209 -89 214 -129 231 -35 14 -42 15 -82 7z\"\/><path d=\"M3689 3066 c-15 -9 -33 -30 -42 -48 -48 -103 -147 -355 -147 -375 0 -98 131 -148 192 -74 13 15 57 108 97 206 80 196 84 226 37 273 -30 30 -99 39 -137 18z\"\/><path d=\"M583 2784 c-38 -19 -67 -74 -58 -113 9 -42 211 -354 242 -373 16 -10 45 -18 66 -18 51 0 107 52 107 100 0 39 -1 41 -124 234 -80 126 -108 162 -133 173 -41 17 -61 16 -100 -3z\"\/><path d=\"M4250 2784 c-14 -9 -74 -91 -133 -183 -95 -150 -107 -173 -107 -213 0 -55 33 -94 87 -104 67 -13 90 8 211 198 130 202 137 225 78 284 -27 27 -42 34 -72 34 -22 0 -50 -8 -64 -16z\"\/><path d=\"M2275 2693 c-553 -48 -1095 -270 -1585 -649 -135 -104 -459 -423 -483 -476 -23 -49 -22 -139 2 -186 73 -142 361 -457 571 -626 285 -228 642 -407 990 -497 242 -63 336 -73 660 -74 310 0 370 5 595 52 535 111 1045 392 1455 803 122 121 250 273 275 326 19 41 19 137 0 174 -41 79 -309 363 -465 492 -447 370 -946 591 -1479 653 -113 14 -422 18 -536 8z m395 -428 c171 -34 330 -124 456 -258 112 -119 167 -219 211 -378 27 -96 24 -300 -5 -401 -72 -255 -236 -447 -474 -557 -132 -62 -201 -76 -368 -76 -167 0 -236 14 -368 76 -213 98 -373 271 -451 485 -162 444 86 934 547 1084 153 49 292 57 452 25z m909 -232 c222 -123 408 -262 593 -441 76 -74 138 -139 138 -144 0 -16 -233 -242 -330 -319 -155 -123 -309 -223 -461 -299 l-81 -41 32 46 c18 26 49 83 70 128 143 306 141 649 -6 957 -25 52 -61 116 -79 142 l-34 47 45 -20 c26 -10 76 -36 113 -56z m-2057 25 c-40 -58 -105 -190 -130 -263 -110 -324 -59 -707 132 -981 25 -35 42 -64 37 -64 -19 0 -241 119 -326 174 -188 122 -406 314 -532 468 l-58 71 108 103 c185 178 428 349 672 473 66 33 121 60 123 61 2 0 -10 -19 -26 -42z\"\/><path d=\"M2375 1950 c-198 -44 -350 -190 -395 -379 -18 -76 -8 -221 19 -290 114 -284 457 -406 731 -260 98 52 188 154 231 260 27 69 37 214 19 290 -38 163 -166 304 -326 360 -67 23 -215 33 -279 19z\"\/><\/g><\/svg><\/i> &nbsp;1,773&nbsp;total views<\/p>\n<div class=\"pvc_clear\"><\/div>\n<p><a href=\"http:\/\/obcanskymonitoring.cz\/wp-content\/uploads\/2014\/09\/Jesatko.jpg\"><img loading=\"lazy\" class=\"alignnone size-full wp-image-3017\" alt=\"Jesatko\" src=\"http:\/\/obcanskymonitoring.cz\/wp-content\/uploads\/2014\/09\/Jesatko.jpg\" width=\"287\" height=\"167\" \/><\/a><\/p>\n<p>P\u0159etiskujeme dal\u0161\u00ed \u010d\u00e1st n\u00e1vrhu novely z\u00e1kona 114\/1992 o ochran\u011b p\u0159\u00edrody a krajiny, kterou napsal \u00a0<a href=\"http:\/\/obcanskymonitoring.cz\/?page_id=3014\">Petr Je\u0161\u00e1tko, st.<\/a>,\u00a0b\u00fdval\u00fd lesn\u00ed inspektor N\u00e1rodn\u00edho parku \u0160umava.<\/p>\n<p>P\u0159ede\u0161l\u00fd text si m\u016f\u017eete p\u0159e\u010d\u00edst <a href=\"http:\/\/obcanskymonitoring.cz\/?p=4452\">zde<\/a>.<\/p>\n<p><strong>Jak textu rozum\u011bt<\/strong><\/p>\n<p>N\u00e1zvy kapitol jsou ji\u017e ve st\u00e1vaj\u00edc\u00edm z\u00e1kon\u011b obsa\u017een\u00e9, ve\u0161ker\u00fd dal\u0161\u00ed text je n\u00e1vrh Petra Je\u0161\u00e1tka na dopln\u011bn\u00ed.<\/p>\n<p>Stanovisko Petra Je\u0161\u00e1tka k projedn\u00e1van\u00e9mu z\u00e1konu\u00a0<a href=\"http:\/\/obcanskymonitoring.cz\/\">Ob\u010dansk\u00fd monitoring<\/a>\u00a0pln\u011b \u00a0podporuje.<\/p>\n<p><!--more--><\/p>\n<p>&nbsp;<\/p>\n<p><strong>Z\u00e1kon O ochran\u011b p\u0159\u00edrody a krajiny<\/strong><\/p>\n<p>\u010c\u00e1st t\u0159et\u00ed<\/p>\n<p>\u00a7 15 N\u00e1rodn\u00ed parky<\/p>\n<p>\u00a7 16 odst.1 ) Na cel\u00e9m \u00fazem\u00ed n\u00e1rodn\u00edch park\u016f je zak\u00e1z\u00e1no<\/p>\n<p>a) hospoda\u0159it na pozemc\u00edch zp\u016fsobem vy\u017eaduj\u00edc\u00edm intenzivn\u00ed technologie, co\u017e jsou v lesnictv\u00ed harvestory a t\u011b\u017ek\u00e9 vyv\u00e1\u017eec\u00ed soupravy na d\u0159\u00edv\u00ed (v\u00fdjimku\u00a0lze pou\u017e\u00edt pouze v p\u0159\u00edpad\u011b rozs\u00e1hl\u00fdch kalamit a pouze za p\u0159edchoz\u00edho souhlasu org\u00e1nu st\u00e1tn\u00ed spr\u00e1vy lesn\u00edho hospod\u00e1\u0159stv\u00ed a ochrany p\u0159\u00edrody).<\/p>\n<p>i) po\u0159\u00e1dat hromadn\u00e9 lovy zv\u011b\u0159e (natl\u00e1\u010dky, nah\u00e1\u0148ky a pod).<\/p>\n<p>odst. 2 ) Na \u00fazem\u00ed I. z\u00f3ny (bezz\u00e1sahov\u00e9 viz \u00a7 17) je d\u00e1le zak\u00e1z\u00e1no:<\/p>\n<p>e) prov\u00e1d\u011bt jakoukoliv t\u011b\u017ebu d\u0159\u00edv\u00ed,<\/p>\n<p>f) lovit zv\u011b\u0159<\/p>\n<p>&nbsp;<\/p>\n<p><strong>Lesy n\u00e1rodn\u00edch park\u016f<\/strong><\/p>\n<p>\u00a721 Pr\u00e1vo myslivosti a ryb\u00e1\u0159stv\u00ed<\/p>\n<p>V\u00fdkon myslivosti v n\u00e1rodn\u00edch parc\u00edch vylou\u010dit a nahradit p\u00e9\u010d\u00ed o zv\u00ed\u0159ata (nikoliv o zv\u011b\u0159 a t\u00edm vylou\u010dit i platnost Z\u00e1kona o myslivosti). V Pl\u00e1nech p\u00e9\u010de\u00a0stanovit management jednotliv\u00fdch druh\u016f zv\u011b\u0159e v souladu s jejich vlivem na cel\u00fd ekosyst\u00e9m, v\u010detn\u011b naru\u0161en\u00ed biodiverzity lesn\u00edch ekosyst\u00e9m\u016f a \u0159e\u0161en\u00ed\u00a0rovnov\u00e1hy potravn\u00edch \u0159et\u011bzc\u016f.<\/p>\n<p>\u00a722 odst 5) Holina po t\u011b\u017eb\u011b d\u0159\u00edv\u00ed na lesn\u00edch pozemc\u00edch mus\u00ed b\u00fdt zalesn\u011bna odpov\u00eddaj\u00edc\u00edmi d\u0159evinami podle souboru lesn\u00edch typ\u016f d 2 let od jej\u00edho vzniku.<\/p>\n<p>P\u0159\u00edpadn\u011b odborn\u011b zd\u016fvodn\u011bnou vyj\u00edmku mus\u00ed schv\u00e1lit org\u00e1n st\u00e1tn\u00ed spr\u00e1vy lesn\u00edho hospod\u00e1\u0159stv\u00ed po souhlasu org\u00e1nu st\u00e1tn\u00ed spr\u00e1vy ochrany p\u0159\u00edrody.<\/p>\n<p>odst 6 ) Nezaji\u0161t\u011bnou holinu\/ zaji\u0161t\u011bn\u00e1 holina mus\u00ed b\u00fdt odrostl\u00e1 bu\u0159eni, zv\u011b\u0159i a doc\u00edlena druhov\u00e1 skladba d\u0159evin dle dan\u00e9ho souboru lesn\u00edch typ\u016f)<\/p>\n<p>nelze p\u0159i\u0159adit k bezz\u00e1sahov\u00e9mu \u00fazem\u00ed I. z\u00f3n<\/p>\n<p>odst 7) Siln\u011b pozm\u011bn\u011bn\u00e9 porosty smrkov\u00fdch monokultur zalo\u017een\u00e9 v minulosti za \u00fa\u010delem zisku v 7. lesn\u00edm vegeta\u010dn\u00edm stupni a n\u00ed\u017ee, \u00a0nelze p\u0159ev\u00e1d\u011bt do bezz\u00e1sahov\u00e9ho \u00fazem\u00ed do t\u00e9 doby, dokud nebudou p\u0159em\u011bnami \/ podsadby listnat\u00fdmi sazenicemi a jedl\u00ed\/ p\u0159ibl\u00ed\u017eeny stavu odpov\u00eddaj\u00edc\u00edm c\u00edlov\u00fdm d\u0159evin\u00e1m podle jednotliv\u00fdch souboru lesn\u00edch typ\u016f . Tedy do doby ekologicky stabiln\u011bj\u0161\u00edch, p\u0159\u00edrod\u011b bl\u00edzk\u00fdch les\u016f.<\/p>\n<p>odst 8) Je zak\u00e1z\u00e1no sni\u017eovat \u00famyslnou t\u011b\u017ebou zakmen\u011bn\u00ed porostu pod sedm desetin pln\u00e9ho zakmen\u011bn\u00ed. To neplat\u00ed, jestli\u017ee se prosv\u011btlen\u00ed prov\u00e1d\u00ed ve\u00a0prosp\u011bch n\u00e1sledn\u00e9ho porostu,nebo za \u00fa\u010delem zpevn\u011bn\u00ed porostu.<\/p>\n<p>odst 9) Lesn\u00ed hospod\u00e1\u0159sk\u00e9 pl\u00e1ny pro lesy n\u00e1rodn\u00edch park\u016f (lesy zvl\u00e1\u0161tn\u00edho ur\u010den\u00ed) se vypracov\u00e1vaj\u00ed podle Lesn\u00edho z\u00e1kona pouze pro z\u00e1sahov\u00e9 \u00fazem\u00ed\/ bez I. z\u00f3n, pro kter\u00e9 plat\u00ed pouze podm\u00ednky Pl\u00e1nu p\u00e9\u010de pro jednotliv\u00e9 n\u00e1rodn\u00ed parky diferencovan\u011b). Ministerstvo \u017eivotn\u00edho prost\u0159ed\u00ed\u00a0je povinno dvakr\u00e1t za dobu platnosti Lesn\u00edho hospod\u00e1\u0159sk\u00e9ho pl\u00e1nu (obdob\u00ed 10 let) zajistit pr\u016fkaznou kontrolu dodr\u017eov\u00e1n\u00ed z\u00e1konosti tohoto pr\u00e1vn\u011b z\u00e1vazn\u00e9ho p\u0159edpisu.<\/p>\n<p><strong>\u00a0P\u0159ipom\u00ednky k Pl\u00e1nu p\u00e9\u010de<\/strong><\/p>\n<p>Pl\u00e1n p\u00e9\u010de bude muset vych\u00e1zet ze schv\u00e1len\u00e9ho z\u00e1kona, a ten, kter\u00fd je sou\u010dasn\u011b p\u0159edlo\u017een, je vrchol diletantismu a neschopnosti, nebo mo\u017en\u00e1 \u00famyslu po\u0161kodit naivitou cel\u00fd ekosyst\u00e9m \u0160umavy. Naprosto p\u0159eru\u0161uje kontinuitu Pl\u00e1n\u016f p\u00e9\u010de od vzniku NP \u0160umava. Doporu\u010duji\u00a0nav\u00e1zat na velice dob\u0159e zpracovan\u00fd Pl\u00e1n p\u00e9\u010de na obdob\u00ed 2000 a\u017e 2010 s p\u0159\u00edlohami, v\u010detn\u011b p\u00e9\u010de o les. Pl\u00e1n byl schv\u00e1len po projedn\u00e1n\u00ed v oponentn\u00ed rad\u011b Ministerstva \u017eivotn\u00edho prost\u0159ed\u00ed v souladu s \u00a779 odst 3,p\u00edsm d) z\u00e1kona \u010d 114\/1992 Sb. o ochran\u011b p\u0159\u00edrody a krajiny a podle \u00a718 odst.1 cit z\u00e1kona nabyl \u00fa\u010dinnosti od 1.ledna 2001.<\/p>\n<p><a href=\"http:\/\/obcanskymonitoring.cz\/?page_id=3014\">Petr Je\u0161\u00e1tko st.<\/a>\u00a0(Autor je b\u00fdval\u00fd vrchn\u00ed lesn\u00ed inspektor N\u00e1rodn\u00edho parku \u0160umava, nyn\u00ed v d\u016fchodu).\u00a0<a href=\"http:\/\/www.ceskatelevize.cz\/ivysilani\/1129337346-pridej-se\/209562248410019\/\">Star\u0161\u00ed\u00a0po\u0159ad Petra Je\u0161\u00e1tka pro \u010ceskou televizi<\/a><\/p>\n<div data-counters='1' data-style='square' data-size='regular' data-url='https:\/\/obcanskymonitoring.cz\/?p=5357' data-title='Petr Je\u0161\u00e1tko: N\u00e1vrh novely z\u00e1kona o ochran\u011b p\u0159\u00edrody a krajiny \u2013 Lep\u0161\u00ed ochrana les\u016f zvl\u00e1\u0161tn\u00edho ur\u010den\u00ed &#8211; II. \u010d\u00e1st' class='linksalpha_container linksalpha_app_3'><a href='\/\/www.linksalpha.com\/share?network='facebook' class='linksalpha_icon_facebook'><\/a><a href='\/\/www.linksalpha.com\/share?network='twitter' class='linksalpha_icon_twitter'><\/a><a href='\/\/www.linksalpha.com\/share?network='googleplus' class='linksalpha_icon_googleplus'><\/a><a href='\/\/www.linksalpha.com\/share?network='mail' class='linksalpha_icon_mail'><\/a><\/div><div data-position='' data-url='https:\/\/obcanskymonitoring.cz\/?p=5357' data-title='Petr Je\u0161\u00e1tko: N\u00e1vrh novely z\u00e1kona o ochran\u011b p\u0159\u00edrody a krajiny \u2013 Lep\u0161\u00ed ochrana les\u016f zvl\u00e1\u0161tn\u00edho ur\u010den\u00ed &#8211; II. \u010d\u00e1st' class='linksalpha_container linksalpha_app_7'><a href='\/\/www.linksalpha.com\/share?network='facebook' class='linksalpha_icon_facebook'><\/a><a href='\/\/www.linksalpha.com\/share?network='twitter' class='linksalpha_icon_twitter'><\/a><a href='\/\/www.linksalpha.com\/share?network='googleplus' class='linksalpha_icon_googleplus'><\/a><a href='\/\/www.linksalpha.com\/share?network='mail' class='linksalpha_icon_mail'><\/a><\/div>","protected":false},"excerpt":{"rendered":"<p>&nbsp;1,773&nbsp;total views P\u0159etiskujeme dal\u0161\u00ed \u010d\u00e1st n\u00e1vrhu novely z\u00e1kona 114\/1992 o ochran\u011b p\u0159\u00edrody a krajiny, kterou napsal \u00a0Petr Je\u0161\u00e1tko, st.,\u00a0b\u00fdval\u00fd lesn\u00ed inspektor N\u00e1rodn\u00edho parku \u0160umava. P\u0159ede\u0161l\u00fd text si m\u016f\u017eete p\u0159e\u010d\u00edst zde. Jak textu rozum\u011bt N\u00e1zvy kapitol jsou ji\u017e ve st\u00e1vaj\u00edc\u00edm z\u00e1kon\u011b obsa\u017een\u00e9, ve\u0161ker\u00fd dal\u0161\u00ed text je n\u00e1vrh Petra Je\u0161\u00e1tka na dopln\u011bn\u00ed. Stanovisko Petra Je\u0161\u00e1tka k projedn\u00e1van\u00e9mu [&hellip;]<\/p>\n","protected":false},"author":2,"featured_media":0,"comment_status":"open","ping_status":"open","sticky":true,"template":"","format":"standard","meta":[],"categories":[21,29],"tags":[],"_links":{"self":[{"href":"https:\/\/obcanskymonitoring.cz\/index.php?rest_route=\/wp\/v2\/posts\/5357"}],"collection":[{"href":"https:\/\/obcanskymonitoring.cz\/index.php?rest_route=\/wp\/v2\/posts"}],"about":[{"href":"https:\/\/obcanskymonitoring.cz\/index.php?rest_route=\/wp\/v2\/types\/post"}],"author":[{"embeddable":true,"href":"https:\/\/obcanskymonitoring.cz\/index.php?rest_route=\/wp\/v2\/users\/2"}],"replies":[{"embeddable":true,"href":"https:\/\/obcanskymonitoring.cz\/index.php?rest_route=%2Fwp%2Fv2%2Fcomments&post=5357"}],"version-history":[{"count":0,"href":"https:\/\/obcanskymonitoring.cz\/index.php?rest_route=\/wp\/v2\/posts\/5357\/revisions"}],"wp:attachment":[{"href":"https:\/\/obcanskymonitoring.cz\/index.php?rest_route=%2Fwp%2Fv2%2Fmedia&parent=5357"}],"wp:term":[{"taxonomy":"category","embeddable":true,"href":"https:\/\/obcanskymonitoring.cz\/index.php?rest_route=%2Fwp%2Fv2%2Fcategories&post=5357"},{"taxonomy":"post_tag","embeddable":true,"href":"https:\/\/obcanskymonitoring.cz\/index.php?rest_route=%2Fwp%2Fv2%2Ftags&post=5357"}],"curies":[{"name":"wp","href":"https:\/\/api.w.org\/{rel}","templated":true}]}}