{"id":5444,"date":"2016-04-24T20:37:24","date_gmt":"2016-04-24T20:37:24","guid":{"rendered":"http:\/\/obcanskymonitoring.cz\/?p=5444"},"modified":"2016-04-24T20:40:18","modified_gmt":"2016-04-24T20:40:18","slug":"sdeleni-komise-jak-zlepsit-evropsky-azylovy-system","status":"publish","type":"post","link":"https:\/\/obcanskymonitoring.cz\/?p=5444","title":{"rendered":"Sd\u011blen\u00ed Komise, jak zlep\u0161it evropsk\u00fd azylov\u00fd syst\u00e9m"},"content":{"rendered":"<div class=\"pvc_clear\"><\/div>\n<p class=\"pvc_stats total_only \" data-element-id=\"5444\" style=\"\"><i class=\"pvc-stats-icon medium\" aria-hidden=\"true\"><svg xmlns=\"http:\/\/www.w3.org\/2000\/svg\" version=\"1.0\" viewBox=\"0 0 502 315\" preserveAspectRatio=\"xMidYMid meet\"><g transform=\"translate(0,332) scale(0.1,-0.1)\" fill=\"\" stroke=\"none\"><path d=\"M2394 3279 l-29 -30 -3 -207 c-2 -182 0 -211 15 -242 39 -76 157 -76 196 0 15 31 17 60 15 243 l-3 209 -33 29 c-26 23 -41 29 -80 29 -41 0 -53 -5 -78 -31z\"\/><path d=\"M3085 3251 c-45 -19 -58 -50 -96 -229 -47 -217 -49 -260 -13 -295 52 -53 146 -42 177 20 16 31 87 366 87 410 0 70 -86 122 -155 94z\"\/><path d=\"M1751 3234 c-13 -9 -29 -31 -37 -50 -12 -29 -10 -49 21 -204 19 -94 39 -189 45 -210 14 -50 54 -80 110 -80 34 0 48 6 76 34 21 21 34 44 34 59 0 14 -18 113 -40 219 -37 178 -43 195 -70 221 -36 32 -101 37 -139 11z\"\/><path d=\"M1163 3073 c-36 -7 -73 -59 -73 -102 0 -56 133 -378 171 -413 34 -32 83 -37 129 -13 70 36 67 87 -16 290 -86 209 -89 214 -129 231 -35 14 -42 15 -82 7z\"\/><path d=\"M3689 3066 c-15 -9 -33 -30 -42 -48 -48 -103 -147 -355 -147 -375 0 -98 131 -148 192 -74 13 15 57 108 97 206 80 196 84 226 37 273 -30 30 -99 39 -137 18z\"\/><path d=\"M583 2784 c-38 -19 -67 -74 -58 -113 9 -42 211 -354 242 -373 16 -10 45 -18 66 -18 51 0 107 52 107 100 0 39 -1 41 -124 234 -80 126 -108 162 -133 173 -41 17 -61 16 -100 -3z\"\/><path d=\"M4250 2784 c-14 -9 -74 -91 -133 -183 -95 -150 -107 -173 -107 -213 0 -55 33 -94 87 -104 67 -13 90 8 211 198 130 202 137 225 78 284 -27 27 -42 34 -72 34 -22 0 -50 -8 -64 -16z\"\/><path d=\"M2275 2693 c-553 -48 -1095 -270 -1585 -649 -135 -104 -459 -423 -483 -476 -23 -49 -22 -139 2 -186 73 -142 361 -457 571 -626 285 -228 642 -407 990 -497 242 -63 336 -73 660 -74 310 0 370 5 595 52 535 111 1045 392 1455 803 122 121 250 273 275 326 19 41 19 137 0 174 -41 79 -309 363 -465 492 -447 370 -946 591 -1479 653 -113 14 -422 18 -536 8z m395 -428 c171 -34 330 -124 456 -258 112 -119 167 -219 211 -378 27 -96 24 -300 -5 -401 -72 -255 -236 -447 -474 -557 -132 -62 -201 -76 -368 -76 -167 0 -236 14 -368 76 -213 98 -373 271 -451 485 -162 444 86 934 547 1084 153 49 292 57 452 25z m909 -232 c222 -123 408 -262 593 -441 76 -74 138 -139 138 -144 0 -16 -233 -242 -330 -319 -155 -123 -309 -223 -461 -299 l-81 -41 32 46 c18 26 49 83 70 128 143 306 141 649 -6 957 -25 52 -61 116 -79 142 l-34 47 45 -20 c26 -10 76 -36 113 -56z m-2057 25 c-40 -58 -105 -190 -130 -263 -110 -324 -59 -707 132 -981 25 -35 42 -64 37 -64 -19 0 -241 119 -326 174 -188 122 -406 314 -532 468 l-58 71 108 103 c185 178 428 349 672 473 66 33 121 60 123 61 2 0 -10 -19 -26 -42z\"\/><path d=\"M2375 1950 c-198 -44 -350 -190 -395 -379 -18 -76 -8 -221 19 -290 114 -284 457 -406 731 -260 98 52 188 154 231 260 27 69 37 214 19 290 -38 163 -166 304 -326 360 -67 23 -215 33 -279 19z\"\/><\/g><\/svg><\/i> &nbsp;1,295&nbsp;total views<\/p>\n<div class=\"pvc_clear\"><\/div>\n<p><a href=\"http:\/\/obcanskymonitoring.cz\/wp-content\/uploads\/2015\/10\/Evropska-komise-logo.png\"><img loading=\"lazy\" class=\"alignnone size-medium wp-image-4891\" alt=\"Evropska komise logo\" src=\"http:\/\/obcanskymonitoring.cz\/wp-content\/uploads\/2015\/10\/Evropska-komise-logo-300x207.png\" width=\"300\" height=\"207\" srcset=\"https:\/\/obcanskymonitoring.cz\/wp-content\/uploads\/2015\/10\/Evropska-komise-logo-300x207.png 300w, https:\/\/obcanskymonitoring.cz\/wp-content\/uploads\/2015\/10\/Evropska-komise-logo.png 850w\" sizes=\"(max-width: 300px) 100vw, 300px\" \/><\/a><\/p>\n<p>&nbsp;<\/p>\n<p>Upozor\u0148uji na zaj\u00edmav\u00fd dokument Evropsk\u00e9 komise: <a href=\"http:\/\/www.senat.cz\/xqw\/webdav\/pssenat\/original?docid=79682&amp;varid=66955&amp;fileid=69788\">Sd\u011blen\u00ed Evropsk\u00e9 Komise Evropsk\u00e9mu parlamentu a Evropsk\u00e9 rad\u011b, jak zlep\u0161it evropsk\u00fd azylov\u00fd syst\u00e9m<\/a>\u00a0(odkaz na kompletn\u00ed dokument na serveru Sen\u00e1tu \u010cR).<\/p>\n<p>Vyb\u00edr\u00e1m citace z dokumentu, kter\u00e9 mne zaujaly.<\/p>\n<p><!--more--><\/p>\n<p>&#8220;Migrace je a v nadch\u00e1zej\u00edc\u00edch desetilet\u00edch i nad\u00e1le bude jednou z nejd\u016fle\u017eit\u011bj\u0161\u00edch z\u00e1le\u017eitost\u00ed v Evrop\u011b. Z\u00e1kladn\u00ed trendy hospod\u00e1\u0159sk\u00e9ho v\u00fdvoje, zm\u011bna klimatu, globalizace dopravy a komunikac\u00ed, v\u00e1lky a nestabilita v sousedn\u00edch regionech vedou k tomu, \u017ee lid\u00e9 budou nad\u00e1le usilovat o to dostat se do Evropy \u2013 aby zde na\u0161li \u00fato\u010di\u0161t\u011b, lep\u0161\u00ed \u017eivot nebo n\u00e1sledovali sv\u00e9 bl\u00edzk\u00e9 rodinn\u00e9 p\u0159\u00edslu\u0161n\u00edky. Evropsk\u00e9 zem\u011b si budou i nad\u00e1le neoblomn\u011b st\u00e1t za dodr\u017eov\u00e1n\u00edm sv\u00fdch pr\u00e1vn\u00edch a mor\u00e1ln\u00edch z\u00e1vazk\u016f v\u016f\u010di t\u011bm, kdo pot\u0159ebuj\u00ed ochranu p\u0159ed v\u00e1lkou a pron\u00e1sledov\u00e1n\u00edm. S ohledem na v\u00fdvoj sv\u00e9 demografick\u00e9 situace budou muset vyu\u017e\u00edvat p\u0159\u00edle\u017eitosti a v\u00fdhody p\u0159il\u00e1k\u00e1n\u00ed zahrani\u010dn\u00edch talent\u016f a kvalifikovan\u00e9 pracovn\u00ed s\u00edly.&#8221;<\/p>\n<p>&nbsp;<\/p>\n<p>&#8220;Pro op\u011btovn\u00e9 z\u00edsk\u00e1n\u00ed kontroly nad sou\u010dasnou situac\u00ed m\u00e1 z\u00e1sadn\u00ed v\u00fdznam uplat\u0148ov\u00e1n\u00ed st\u00e1vaj\u00edc\u00edch pravidel a zlep\u0161en\u00ed fungov\u00e1n\u00ed st\u00e1vaj\u00edc\u00edch n\u00e1stroj\u016f a mechanism\u016f.&#8221;<\/p>\n<p>&nbsp;<\/p>\n<p>&#8220;Obecn\u00fdm c\u00edlem je p\u0159ej\u00edt od syst\u00e9mu, kter\u00fd svou koncepc\u00ed nebo nedostate\u010dn\u00fdm prov\u00e1d\u011bn\u00edm klade ne\u00fam\u011brnou odpov\u011bdnost na n\u011bkter\u00e9 \u010dlensk\u00e9 st\u00e1ty a podporuje nekontrolovan\u00e9 a neleg\u00e1ln\u00ed migra\u010dn\u00ed toky, ke spravedliv\u011bj\u0161\u00edmu syst\u00e9mu, jen\u017e zajist\u00ed \u0159\u00e1dn\u00e9 a bezpe\u010dn\u00e9 zp\u016fsoby cesty do EU pro st\u00e1tn\u00ed p\u0159\u00edslu\u0161n\u00edky t\u0159et\u00edch zem\u00ed, kte\u0159\u00ed pot\u0159ebuj\u00ed ochranu nebo kte\u0159\u00ed mohou p\u0159isp\u011bt k hospod\u00e1\u0159sk\u00e9mu rozvoji EU. EU pot\u0159ebuje siln\u00fd a \u00fa\u010dinn\u00fd syst\u00e9m pro udr\u017eiteln\u00e9 \u0159\u00edzen\u00ed migrace pro budoucnost, kter\u00fd je spravedliv\u00fd v\u016f\u010di hostitelsk\u00fdm spole\u010dnostem a ob\u010dan\u016fm EU, jako\u017e i v\u016f\u010di st\u00e1tn\u00edm p\u0159\u00edslu\u0161n\u00edk\u016fm t\u0159et\u00edch zem\u00ed, zem\u00edm p\u016fvodu a tranzitu. Pokud se to m\u00e1 poda\u0159it, mus\u00ed b\u00fdt tento syst\u00e9m komplexn\u00ed a zalo\u017een\u00fd na z\u00e1sad\u00e1ch odpov\u011bdnosti a solidarity.&#8221;<\/p>\n<p>&nbsp;<\/p>\n<p>&#8220;Nicm\u00e9n\u011b omezen\u00ed tok\u016f neleg\u00e1ln\u00ed migrace do Evropy i v r\u00e1mci Evropy a ochrany na\u0161ich vn\u011bj\u0161\u00edch hranic lze \u00fa\u010dinn\u011b dos\u00e1hnout pouze tehdy, pokud budeme k fenom\u00e9nu migrace p\u0159istupovat ze \u0161irok\u00e9 a komplexn\u00ed perspektivy: to znamen\u00e1, \u017ee mus\u00edme z\u00e1rove\u0148 podporovat bezpe\u010dn\u00e9 a leg\u00e1ln\u00ed zp\u016fsoby cesty do Evropy, zlep\u0161it vyu\u017e\u00edv\u00e1n\u00ed a uplat\u0148ov\u00e1n\u00ed st\u00e1vaj\u00edc\u00edch n\u00e1stroj\u016f t\u00fdkaj\u00edc\u00edch se leg\u00e1ln\u00ed migrace, pos\u00edlit spole\u010dn\u00fd evropsk\u00fd azylov\u00fd syst\u00e9m a nad\u00e1le \u0159e\u0161it hlavn\u00ed p\u0159\u00ed\u010diny migrace. Chceme-li zlep\u0161it sv\u016fj zp\u016fsob \u0159\u00edzen\u00ed migrace, mus\u00edme se zlep\u0161it i pokud jde o p\u0159il\u00e1k\u00e1n\u00ed talentovan\u00fdch a kvalifikovan\u00fdch lid\u00ed, je\u017e budeme pot\u0159ebovat v budoucnu, a l\u00e9pe vyu\u017e\u00edvat v\u00fdhody spojen\u00e9 s migrac\u00ed t\u00edm, \u017ee zajist\u00edme \u00fa\u010dinnou integraci a zapojen\u00ed v\u0161ech osob \u2013 uprchl\u00edk\u016f i leg\u00e1ln\u00edch migrant\u016f \u2013 do hostitelsk\u00e9 spole\u010dnosti.&#8221;<\/p>\n<p>&nbsp;<\/p>\n<p>&#8220;Rozs\u00e1hl\u00fd, nekontrolovan\u00fd p\u0159\u00edliv migrant\u016f a \u017eadatel\u016f o azyl v roce 2015 p\u0159edstavuje z\u00e1t\u011b\u017e nejen pro azylov\u00e9 syst\u00e9my mnoha \u010dlensk\u00fdch st\u00e1t\u016f, ale tak\u00e9 pro spole\u010dn\u00fd evropsk\u00fd azylov\u00fd syst\u00e9m jako celek.&#8221;<\/p>\n<p>&nbsp;<\/p>\n<p>&#8220;Dublinsk\u00e9 na\u0159\u00edzen\u00ed8 stanov\u00ed krit\u00e9ria a postupy pro ur\u010den\u00ed \u010dlensk\u00e9ho st\u00e1tu p\u0159\u00edslu\u0161n\u00e9ho k posuzov\u00e1n\u00ed \u017e\u00e1dosti o mezin\u00e1rodn\u00ed ochranu. Osoby, kter\u00e9 \u017e\u00e1daj\u00ed o ochranu nebo jim\u017e byla ochrana poskytnuta, nemaj\u00ed pr\u00e1vo zvolit si, ve kter\u00e9m \u010dlensk\u00e9m st\u00e1t\u011b se cht\u011bj\u00ed usadit.&#8221;<\/p>\n<p>&nbsp;<\/p>\n<p>&#8220;S ohledem na \u00fa\u010dinnou podporu \u010dlensk\u00e9ho st\u00e1tu, jen\u017e se pot\u00fdk\u00e1 se zna\u010dn\u00fdm p\u0159\u00edlivem migrant\u016f, by mohly b\u00fdt zv\u00e1\u017eeny \u00fapravy dopl\u0148kov\u00e9ho mechanismu navr\u017een\u00e9ho vloni Komis\u00ed. Konkr\u00e9tn\u011b, aby se minimalizovala ve\u0161ker\u00e1 v\u00fdznamn\u00e1 nerovnost v rozd\u011blov\u00e1n\u00ed mezi \u010dlensk\u00e9 st\u00e1ty, mohla by relokace nastat, jakmile by bylo v dan\u00e9m \u010dlensk\u00e9m st\u00e1t\u011b dosa\u017eeno p\u0159edem ur\u010den\u00e9 limitn\u00ed hodnoty po\u010dtu \u017eadatel\u016f o azyl. Tato limitn\u00ed hodnota by nap\u0159\u00edklad mohla b\u00fdt stanovena takov\u00fdm zp\u016fsobem, \u017ee by k relokaci do\u0161lo pouze tehdy, kdy po\u010det \u017eadatel\u016f o azyl p\u0159id\u011blen\u00fdch dan\u00e9mu \u010dlensk\u00e9mu st\u00e1tu v\u00fdrazn\u011b p\u0159ekra\u010duje r\u00e1mec toho, co by bylo d\u016fsledkem rozd\u011blen\u00ed \u017eadatel\u016f o azyl v cel\u00e9 EU na z\u00e1klad\u011b n\u011bkter\u00fdch objektivn\u00edch krit\u00e9ri\u00ed.&#8221;<\/p>\n<div data-counters='1' data-style='square' data-size='regular' data-url='https:\/\/obcanskymonitoring.cz\/?p=5444' data-title='Sd\u011blen\u00ed Komise, jak zlep\u0161it evropsk\u00fd azylov\u00fd syst\u00e9m' class='linksalpha_container linksalpha_app_3'><a href='\/\/www.linksalpha.com\/share?network='facebook' class='linksalpha_icon_facebook'><\/a><a href='\/\/www.linksalpha.com\/share?network='twitter' class='linksalpha_icon_twitter'><\/a><a href='\/\/www.linksalpha.com\/share?network='googleplus' class='linksalpha_icon_googleplus'><\/a><a href='\/\/www.linksalpha.com\/share?network='mail' class='linksalpha_icon_mail'><\/a><\/div><div data-position='' data-url='https:\/\/obcanskymonitoring.cz\/?p=5444' data-title='Sd\u011blen\u00ed Komise, jak zlep\u0161it evropsk\u00fd azylov\u00fd syst\u00e9m' class='linksalpha_container linksalpha_app_7'><a href='\/\/www.linksalpha.com\/share?network='facebook' class='linksalpha_icon_facebook'><\/a><a href='\/\/www.linksalpha.com\/share?network='twitter' class='linksalpha_icon_twitter'><\/a><a href='\/\/www.linksalpha.com\/share?network='googleplus' class='linksalpha_icon_googleplus'><\/a><a href='\/\/www.linksalpha.com\/share?network='mail' class='linksalpha_icon_mail'><\/a><\/div>","protected":false},"excerpt":{"rendered":"<p>&nbsp;1,295&nbsp;total views &nbsp; Upozor\u0148uji na zaj\u00edmav\u00fd dokument Evropsk\u00e9 komise: Sd\u011blen\u00ed Evropsk\u00e9 Komise Evropsk\u00e9mu parlamentu a Evropsk\u00e9 rad\u011b, jak zlep\u0161it evropsk\u00fd azylov\u00fd syst\u00e9m\u00a0(odkaz na kompletn\u00ed dokument na serveru Sen\u00e1tu \u010cR). Vyb\u00edr\u00e1m citace z dokumentu, kter\u00e9 mne zaujaly.<\/p>\n","protected":false},"author":2,"featured_media":0,"comment_status":"open","ping_status":"open","sticky":true,"template":"","format":"standard","meta":[],"categories":[34],"tags":[],"_links":{"self":[{"href":"https:\/\/obcanskymonitoring.cz\/index.php?rest_route=\/wp\/v2\/posts\/5444"}],"collection":[{"href":"https:\/\/obcanskymonitoring.cz\/index.php?rest_route=\/wp\/v2\/posts"}],"about":[{"href":"https:\/\/obcanskymonitoring.cz\/index.php?rest_route=\/wp\/v2\/types\/post"}],"author":[{"embeddable":true,"href":"https:\/\/obcanskymonitoring.cz\/index.php?rest_route=\/wp\/v2\/users\/2"}],"replies":[{"embeddable":true,"href":"https:\/\/obcanskymonitoring.cz\/index.php?rest_route=%2Fwp%2Fv2%2Fcomments&post=5444"}],"version-history":[{"count":0,"href":"https:\/\/obcanskymonitoring.cz\/index.php?rest_route=\/wp\/v2\/posts\/5444\/revisions"}],"wp:attachment":[{"href":"https:\/\/obcanskymonitoring.cz\/index.php?rest_route=%2Fwp%2Fv2%2Fmedia&parent=5444"}],"wp:term":[{"taxonomy":"category","embeddable":true,"href":"https:\/\/obcanskymonitoring.cz\/index.php?rest_route=%2Fwp%2Fv2%2Fcategories&post=5444"},{"taxonomy":"post_tag","embeddable":true,"href":"https:\/\/obcanskymonitoring.cz\/index.php?rest_route=%2Fwp%2Fv2%2Ftags&post=5444"}],"curies":[{"name":"wp","href":"https:\/\/api.w.org\/{rel}","templated":true}]}}