{"id":5458,"date":"2016-05-05T04:26:21","date_gmt":"2016-05-05T04:26:21","guid":{"rendered":"http:\/\/obcanskymonitoring.cz\/?p=5458"},"modified":"2016-05-05T04:26:21","modified_gmt":"2016-05-05T04:26:21","slug":"muz-ktery-sazel-stromy-reakce-ctenare-na-clanky-k-tematu-sumava","status":"publish","type":"post","link":"https:\/\/obcanskymonitoring.cz\/?p=5458","title":{"rendered":"Mu\u017e, kter\u00fd s\u00e1zel stromy (Reakce \u010dten\u00e1\u0159e na \u010dl\u00e1nky k t\u00e9matu \u0160umava)"},"content":{"rendered":"<div class=\"pvc_clear\"><\/div>\n<p class=\"pvc_stats total_only \" data-element-id=\"5458\" style=\"\"><i class=\"pvc-stats-icon medium\" aria-hidden=\"true\"><svg xmlns=\"http:\/\/www.w3.org\/2000\/svg\" version=\"1.0\" viewBox=\"0 0 502 315\" preserveAspectRatio=\"xMidYMid meet\"><g transform=\"translate(0,332) scale(0.1,-0.1)\" fill=\"\" stroke=\"none\"><path d=\"M2394 3279 l-29 -30 -3 -207 c-2 -182 0 -211 15 -242 39 -76 157 -76 196 0 15 31 17 60 15 243 l-3 209 -33 29 c-26 23 -41 29 -80 29 -41 0 -53 -5 -78 -31z\"\/><path d=\"M3085 3251 c-45 -19 -58 -50 -96 -229 -47 -217 -49 -260 -13 -295 52 -53 146 -42 177 20 16 31 87 366 87 410 0 70 -86 122 -155 94z\"\/><path d=\"M1751 3234 c-13 -9 -29 -31 -37 -50 -12 -29 -10 -49 21 -204 19 -94 39 -189 45 -210 14 -50 54 -80 110 -80 34 0 48 6 76 34 21 21 34 44 34 59 0 14 -18 113 -40 219 -37 178 -43 195 -70 221 -36 32 -101 37 -139 11z\"\/><path d=\"M1163 3073 c-36 -7 -73 -59 -73 -102 0 -56 133 -378 171 -413 34 -32 83 -37 129 -13 70 36 67 87 -16 290 -86 209 -89 214 -129 231 -35 14 -42 15 -82 7z\"\/><path d=\"M3689 3066 c-15 -9 -33 -30 -42 -48 -48 -103 -147 -355 -147 -375 0 -98 131 -148 192 -74 13 15 57 108 97 206 80 196 84 226 37 273 -30 30 -99 39 -137 18z\"\/><path d=\"M583 2784 c-38 -19 -67 -74 -58 -113 9 -42 211 -354 242 -373 16 -10 45 -18 66 -18 51 0 107 52 107 100 0 39 -1 41 -124 234 -80 126 -108 162 -133 173 -41 17 -61 16 -100 -3z\"\/><path d=\"M4250 2784 c-14 -9 -74 -91 -133 -183 -95 -150 -107 -173 -107 -213 0 -55 33 -94 87 -104 67 -13 90 8 211 198 130 202 137 225 78 284 -27 27 -42 34 -72 34 -22 0 -50 -8 -64 -16z\"\/><path d=\"M2275 2693 c-553 -48 -1095 -270 -1585 -649 -135 -104 -459 -423 -483 -476 -23 -49 -22 -139 2 -186 73 -142 361 -457 571 -626 285 -228 642 -407 990 -497 242 -63 336 -73 660 -74 310 0 370 5 595 52 535 111 1045 392 1455 803 122 121 250 273 275 326 19 41 19 137 0 174 -41 79 -309 363 -465 492 -447 370 -946 591 -1479 653 -113 14 -422 18 -536 8z m395 -428 c171 -34 330 -124 456 -258 112 -119 167 -219 211 -378 27 -96 24 -300 -5 -401 -72 -255 -236 -447 -474 -557 -132 -62 -201 -76 -368 -76 -167 0 -236 14 -368 76 -213 98 -373 271 -451 485 -162 444 86 934 547 1084 153 49 292 57 452 25z m909 -232 c222 -123 408 -262 593 -441 76 -74 138 -139 138 -144 0 -16 -233 -242 -330 -319 -155 -123 -309 -223 -461 -299 l-81 -41 32 46 c18 26 49 83 70 128 143 306 141 649 -6 957 -25 52 -61 116 -79 142 l-34 47 45 -20 c26 -10 76 -36 113 -56z m-2057 25 c-40 -58 -105 -190 -130 -263 -110 -324 -59 -707 132 -981 25 -35 42 -64 37 -64 -19 0 -241 119 -326 174 -188 122 -406 314 -532 468 l-58 71 108 103 c185 178 428 349 672 473 66 33 121 60 123 61 2 0 -10 -19 -26 -42z\"\/><path d=\"M2375 1950 c-198 -44 -350 -190 -395 -379 -18 -76 -8 -221 19 -290 114 -284 457 -406 731 -260 98 52 188 154 231 260 27 69 37 214 19 290 -38 163 -166 304 -326 360 -67 23 -215 33 -279 19z\"\/><\/g><\/svg><\/i> &nbsp;976&nbsp;total views<\/p>\n<div class=\"pvc_clear\"><\/div>\n<p><a href=\"http:\/\/obcanskymonitoring.cz\/wp-content\/uploads\/2016\/03\/Laka-obrazek-1.jpg\"><img loading=\"lazy\" class=\"alignnone size-medium wp-image-5336\" alt=\"Laka obrazek 1\" src=\"http:\/\/obcanskymonitoring.cz\/wp-content\/uploads\/2016\/03\/Laka-obrazek-1-300x200.jpg\" width=\"300\" height=\"200\" srcset=\"https:\/\/obcanskymonitoring.cz\/wp-content\/uploads\/2016\/03\/Laka-obrazek-1-300x200.jpg 300w, https:\/\/obcanskymonitoring.cz\/wp-content\/uploads\/2016\/03\/Laka-obrazek-1-1024x682.jpg 1024w, https:\/\/obcanskymonitoring.cz\/wp-content\/uploads\/2016\/03\/Laka-obrazek-1.jpg 1476w\" sizes=\"(max-width: 300px) 100vw, 300px\" \/><\/a><\/p>\n<p>p\u0159etiskujeme mail, kter\u00fd n\u00e1m p\u0159i\u0161el od \u010dten\u00e1\u0159e ze \u0160umavy, v reakci na \u010dl\u00e1nky, kter\u00e9 <a href=\"http:\/\/obcanskymonitoring.cz\/?cat=21\">o \u0160umav\u011b<\/a> na Ob\u010dansk\u00e9m monitoringu publikujeme.<\/p>\n<p><!--more--><\/p>\n<p>&#8230;Tak zase \u010dtu v\u0161echny ty informace o NP \u0160umava a zase vyhodnocuji pro sebe co je z toho v\u0161eho d\u016fle\u017eit\u00e9 a kde je ztr\u00e1ta \u010dasu se t\u00edm zab\u00fdvat.\u00a0Souhlas\u00edm s va\u0161imi n\u00e1zory, ale st\u00e1le za tzv. ochran\u00e1\u0159sk\u00fdmi snahami vid\u00edm politika\u0159en\u00ed a s t\u00edm spojen\u00e9 p\u0159isluhova\u010dstv\u00ed, skupinov\u00e9 z\u00e1jmy, hlavn\u011b ty developersk\u00e9, kter\u00fdm jdou na ruku hlavn\u011b obce.<br \/>\nA v\u017edycky m\u011b na\u0161tve, \u017ee ten, kdo za m\u00e1 za ochranu p\u0159\u00edrody zodpov\u00eddat, a to je p\u0159edev\u0161\u00edm M\u017dP, a vykonavatelem z\u00e1konn\u00e9 v\u016fle &#8211; Spr\u00e1va NP\u0160, jen poklonkuj\u00ed, anebo si oh\u0159\u00edvaj\u00ed svoje novodob\u00e9 brambory.<\/p>\n<p>Jsem p\u0159esv\u011bd\u010den, \u017ee kdy\u017e u\u017e jednou \u010dlov\u011bk, m\u00e1lo znal\u00fd o fungov\u00e1n\u00ed p\u0159\u00edrody jako celku, ji\u017e v historick\u00e9 dob\u011b n\u011bco v t\u00e9 \u0161umavsk\u00e9 p\u0159\u00edrod\u011b zkazil, tak p\u0159edpokl\u00e1d\u00e1m, \u017ee s dne\u0161n\u00edmi odborn\u00fdmi znalostmi, bychom ji\u017e nem\u011bli b\u00fdt sv\u011bdky pokra\u010dov\u00e1n\u00ed t\u011bch ne\u0161var\u016f. Anebo jsme zase jen pokryteck\u00e1 spole\u010dnost, kter\u00e1 si na p\u0159\u00edrodu jen hraje. S k\u00fdmkoli z ve\u0159ejnosti mluv\u00edm i v posledn\u00ed dob\u011b, m\u00e1m zp\u011btn\u00e9 informace, \u017ee je p\u0159eci v\u0161echno v po\u0159\u00e1dku&#8230; medi\u00e1ln\u00ed rozv\u00e1\u0161n\u011bn\u00e9 t\u0159enice skon\u010dily, nov\u00fd \u0159editel nem\u00e1 velk\u00e9 konflikty, p\u0159\u00edroda se chr\u00e1n\u00ed. Podle m\u011b v\u016fbec nevid\u00ed ty prom\u011bny, hlavn\u011b v lese, nemluv\u011b o spojitosti se zoologi\u00ed a botanikou, kter\u00e9 vedou sp\u00ed\u0161e k devastaci p\u0159\u00edrody a mo\u017enost nastolen\u00ed lobbyistick\u00fdch z\u00e1jm\u016f. Kdybych si jen trochu p\u0159ipustil, \u017ee je to opa\u010dn\u011b, musela by Spr\u00e1va NP\u0160 m\u00edt v sou\u010dasn\u00e9 dob\u011b &#8220;po\u0159\u00e1dn\u00fd tah na branku&#8221;, nejen v odborn\u00fdch kruz\u00edch, ale i medi\u00e1ln\u011b. N\u011bco je \u0161patn\u011b!<\/p>\n<p>Nov\u00e9 v\u00fdklady a terminologie sou\u010dasn\u00fdch profesion\u00e1ln\u00edch pracovn\u00edk\u016f v NP\u0160 jsou jen d\u016fkazem, \u017ee sv\u00e9vole je nejen mo\u017en\u00e1, ale i re\u00e1ln\u00e1.<br \/>\nKdy\u017e budu v\u011bd\u011bt, jako pov\u011b\u0159en\u00fd ochr\u00e1nce p\u0159\u00edrody ve vrcholov\u00e9m managementu, \u017ee ve\u0159ejnost, v\u010detn\u011b odborn\u00e9, bude moci vid\u011bt, jak jsem rozhodl \u00a0(konkr\u00e9tn\u011b v lesn\u00edch ekosyst\u00e9mech) a\u017e za 3 a v\u00edce lidsk\u00fdch generac\u00ed, tak mi vlastn\u011b o nic nejde. A sv\u00e9 m\u00e1m na \u010das jist\u00e9, mo\u017en\u00e1 i 4 roky&#8230; Sou\u010dasn\u00ed akt\u00e9\u0159i i pozorovatel\u00e9 budou ji\u017e toti\u017e d\u00e1vno pry\u010d.<\/p>\n<p>Spr\u00e1va, bohu\u017eel, v\u016fbec nevykl\u00e1d\u00e1 ve\u0159ejnosti, \u017ee ochrana p\u0159\u00edrody je dnes nutn\u00e1 p\u0159ed lidskou roztahova\u010dnou spole\u010dnost\u00ed principi\u00e1ln\u011b. Hlavn\u011b, \u017ee to v\u0161echno klape, d\u011blaj\u00ed se projekty, berou dotace atd.<\/p>\n<p>Ned\u00e1vno jsem mluvil s jedn\u00edm dosti v\u00fdznamn\u00fdm lesn\u00edkem ze Spr\u00e1vy&#8230;<br \/>\nKdy\u017e jsme se dostali na v\u0161echny ty probl\u00e9my, tak jsem dostal odpov\u011b\u010f, kter\u00e1 mi jen potvrdila, co jsem si d\u00e1vno ji\u017e myslel a co jsem si i n\u011bkolikr\u00e1t s\u00e1m ov\u011b\u0159il v ter\u00e9nu: Dnes je v\u011bt\u0161ina lesnick\u00e9ho person\u00e1lu zam\u011b\u0159en\u00e1 p\u0159edev\u0161\u00edm na \u00a0v\u00fdhodn\u011b \u0159\u00edzenou mysliveckou spole\u010dnost, kterou by mohly okoln\u00ed mysliveck\u00e9 jednoty jen z\u00e1vid\u011bt. A o neust\u00e1l\u00fdch promy\u0161len\u00fdch akc\u00edch s p\u0159ivlast\u0148ov\u00e1n\u00edm si d\u0159eva, je to zrovna tak. Spr\u00e1va toto nedot\u00e1hla do konce&#8230;. chyby, p\u0159edev\u0161\u00edm manager\u016f &#8211; v\u0161ech. A a\u0165 mi nikdo ne\u0159\u00edk\u00e1, \u017ee o tom nikdo nev\u011bd\u011bl a nev\u00ed&#8230;. Dne\u0161n\u00ed lesn\u00ed person\u00e1l je v podstat\u011b &#8220;st\u00e1t ve st\u00e1t\u011b&#8221;, a b\u011bda, kdo si na n\u011bj n\u011bco vymysl\u00ed. Se str\u00e1\u017en\u00ed slu\u017ebou, kter\u00e1 ji\u017e pro ochranu p\u0159\u00edrody dnes nehne prstem, si mysl\u00edm tot\u00e9\u017e.<\/p>\n<p>Vzpomn\u011bl jsem si na jeden p\u0159\u00edb\u011bh, kter\u00fd se opravdu stal. Lid\u00e9 \u017eili v kr\u00e1sn\u00e9 krajin\u011b, zni\u010dili ji a zmizeli z n\u00ed postupn\u011b, proto\u017ee do\u0161lo k takov\u00fdm zm\u011bn\u00e1m, \u017ee si p\u0159\u00edroda sama prost\u011b neporadila a oni tam pak nemohli ani \u017e\u00edt. Ale entuziasmus, sice odborn\u011b biologicky neznal\u00e9ho \u010dlov\u011bka, p\u0159ivedl do t\u00e9 krajiny nov\u00fd \u017eivot, kde je dnes chr\u00e1n\u011bn\u00e9 \u00fazem\u00ed. Kdyby ten \u010dlov\u011bk, velmi citliv\u00fd a vn\u00edmav\u00fd, \u00a0do t\u00e9 krajiny nezas\u00e1hl a nenastartoval v\u0161echny ty biologick\u00e9 pochody, tak by tam pravd\u011bpodobn\u011b je\u0161t\u011b dnes byla pou\u0161\u0165.<br \/>\nJednodu\u0161\u0161\u00ed je v\u0161ak st\u00e1le br\u00e1t a br\u00e1t a to st\u00e1le sofistikovan\u011bj\u0161\u00edm zp\u016fsobem.<br \/>\nDocela r\u00e1d bych tu \u0160umavu alespo\u0148 za ty dv\u011b dal\u0161\u00ed generace lesa vid\u011bl&#8230;&#8230;&#8230;&#8230;&#8230;&#8230;&#8230;&#8230;&#8230; Ale kdo j\u00ed opravdu pom\u016f\u017ee, nev\u00edm? Podle m\u011b lze spol\u00e9hat jen na \u010dlov\u011bka, \u017ee pochop\u00ed, \u017ee jeho rozmarnost m\u016f\u017ee v brzk\u00e9 dob\u011b \u0160umavu, jak ji zn\u00e1me, zni\u010dit.<\/p>\n<p>Pos\u00edl\u00e1m V\u00e1m text toho p\u0159\u00edb\u011bhu: <a href=\"https:\/\/www.kosmas.cz\/knihy\/128987\/muz-ktery-sazel-stromy\/\">Mu\u017e, kter\u00fd s\u00e1zel stromy<\/a>, vy\u0161lo kdysi kni\u017en\u011b i jako film: <a href=\"https:\/\/www.youtube.com\/watch?v=W2oOaA2aqZQ\">Mu\u017e, kter\u00fd s\u00e1zel stromy<\/a>.<\/p>\n<p>M\u011bjte se fajn,<\/p>\n<div data-counters='1' data-style='square' data-size='regular' data-url='https:\/\/obcanskymonitoring.cz\/?p=5458' data-title='Mu\u017e, kter\u00fd s\u00e1zel stromy (Reakce \u010dten\u00e1\u0159e na \u010dl\u00e1nky k t\u00e9matu \u0160umava)' class='linksalpha_container linksalpha_app_3'><a href='\/\/www.linksalpha.com\/share?network='facebook' class='linksalpha_icon_facebook'><\/a><a href='\/\/www.linksalpha.com\/share?network='twitter' class='linksalpha_icon_twitter'><\/a><a href='\/\/www.linksalpha.com\/share?network='googleplus' class='linksalpha_icon_googleplus'><\/a><a href='\/\/www.linksalpha.com\/share?network='mail' class='linksalpha_icon_mail'><\/a><\/div><div data-position='' data-url='https:\/\/obcanskymonitoring.cz\/?p=5458' data-title='Mu\u017e, kter\u00fd s\u00e1zel stromy (Reakce \u010dten\u00e1\u0159e na \u010dl\u00e1nky k t\u00e9matu \u0160umava)' class='linksalpha_container linksalpha_app_7'><a href='\/\/www.linksalpha.com\/share?network='facebook' class='linksalpha_icon_facebook'><\/a><a href='\/\/www.linksalpha.com\/share?network='twitter' class='linksalpha_icon_twitter'><\/a><a href='\/\/www.linksalpha.com\/share?network='googleplus' class='linksalpha_icon_googleplus'><\/a><a href='\/\/www.linksalpha.com\/share?network='mail' class='linksalpha_icon_mail'><\/a><\/div>","protected":false},"excerpt":{"rendered":"<p>&nbsp;976&nbsp;total views p\u0159etiskujeme mail, kter\u00fd n\u00e1m p\u0159i\u0161el od \u010dten\u00e1\u0159e ze \u0160umavy, v reakci na \u010dl\u00e1nky, kter\u00e9 o \u0160umav\u011b na Ob\u010dansk\u00e9m monitoringu publikujeme.<\/p>\n","protected":false},"author":2,"featured_media":0,"comment_status":"open","ping_status":"open","sticky":true,"template":"","format":"standard","meta":[],"categories":[21],"tags":[],"_links":{"self":[{"href":"https:\/\/obcanskymonitoring.cz\/index.php?rest_route=\/wp\/v2\/posts\/5458"}],"collection":[{"href":"https:\/\/obcanskymonitoring.cz\/index.php?rest_route=\/wp\/v2\/posts"}],"about":[{"href":"https:\/\/obcanskymonitoring.cz\/index.php?rest_route=\/wp\/v2\/types\/post"}],"author":[{"embeddable":true,"href":"https:\/\/obcanskymonitoring.cz\/index.php?rest_route=\/wp\/v2\/users\/2"}],"replies":[{"embeddable":true,"href":"https:\/\/obcanskymonitoring.cz\/index.php?rest_route=%2Fwp%2Fv2%2Fcomments&post=5458"}],"version-history":[{"count":0,"href":"https:\/\/obcanskymonitoring.cz\/index.php?rest_route=\/wp\/v2\/posts\/5458\/revisions"}],"wp:attachment":[{"href":"https:\/\/obcanskymonitoring.cz\/index.php?rest_route=%2Fwp%2Fv2%2Fmedia&parent=5458"}],"wp:term":[{"taxonomy":"category","embeddable":true,"href":"https:\/\/obcanskymonitoring.cz\/index.php?rest_route=%2Fwp%2Fv2%2Fcategories&post=5458"},{"taxonomy":"post_tag","embeddable":true,"href":"https:\/\/obcanskymonitoring.cz\/index.php?rest_route=%2Fwp%2Fv2%2Ftags&post=5458"}],"curies":[{"name":"wp","href":"https:\/\/api.w.org\/{rel}","templated":true}]}}