{"id":5476,"date":"2016-05-24T08:35:17","date_gmt":"2016-05-24T08:35:17","guid":{"rendered":"http:\/\/obcanskymonitoring.cz\/?p=5476"},"modified":"2016-06-08T11:36:02","modified_gmt":"2016-06-08T11:36:02","slug":"diskuzni-vecer-s-radkem-novotnym-voda-lidem-o-s","status":"publish","type":"post","link":"https:\/\/obcanskymonitoring.cz\/?p=5476","title":{"rendered":"Privatizace vod\u00e1rensk\u00e9 infrastruktury: Diskuzn\u00ed ve\u010der s Radkem Novotn\u00fdm &#8211; Voda lidem, o.s."},"content":{"rendered":"<div class=\"pvc_clear\"><\/div>\n<p class=\"pvc_stats total_only \" data-element-id=\"5476\" style=\"\"><i class=\"pvc-stats-icon medium\" aria-hidden=\"true\"><svg xmlns=\"http:\/\/www.w3.org\/2000\/svg\" version=\"1.0\" viewBox=\"0 0 502 315\" preserveAspectRatio=\"xMidYMid meet\"><g transform=\"translate(0,332) scale(0.1,-0.1)\" fill=\"\" stroke=\"none\"><path d=\"M2394 3279 l-29 -30 -3 -207 c-2 -182 0 -211 15 -242 39 -76 157 -76 196 0 15 31 17 60 15 243 l-3 209 -33 29 c-26 23 -41 29 -80 29 -41 0 -53 -5 -78 -31z\"\/><path d=\"M3085 3251 c-45 -19 -58 -50 -96 -229 -47 -217 -49 -260 -13 -295 52 -53 146 -42 177 20 16 31 87 366 87 410 0 70 -86 122 -155 94z\"\/><path d=\"M1751 3234 c-13 -9 -29 -31 -37 -50 -12 -29 -10 -49 21 -204 19 -94 39 -189 45 -210 14 -50 54 -80 110 -80 34 0 48 6 76 34 21 21 34 44 34 59 0 14 -18 113 -40 219 -37 178 -43 195 -70 221 -36 32 -101 37 -139 11z\"\/><path d=\"M1163 3073 c-36 -7 -73 -59 -73 -102 0 -56 133 -378 171 -413 34 -32 83 -37 129 -13 70 36 67 87 -16 290 -86 209 -89 214 -129 231 -35 14 -42 15 -82 7z\"\/><path d=\"M3689 3066 c-15 -9 -33 -30 -42 -48 -48 -103 -147 -355 -147 -375 0 -98 131 -148 192 -74 13 15 57 108 97 206 80 196 84 226 37 273 -30 30 -99 39 -137 18z\"\/><path d=\"M583 2784 c-38 -19 -67 -74 -58 -113 9 -42 211 -354 242 -373 16 -10 45 -18 66 -18 51 0 107 52 107 100 0 39 -1 41 -124 234 -80 126 -108 162 -133 173 -41 17 -61 16 -100 -3z\"\/><path d=\"M4250 2784 c-14 -9 -74 -91 -133 -183 -95 -150 -107 -173 -107 -213 0 -55 33 -94 87 -104 67 -13 90 8 211 198 130 202 137 225 78 284 -27 27 -42 34 -72 34 -22 0 -50 -8 -64 -16z\"\/><path d=\"M2275 2693 c-553 -48 -1095 -270 -1585 -649 -135 -104 -459 -423 -483 -476 -23 -49 -22 -139 2 -186 73 -142 361 -457 571 -626 285 -228 642 -407 990 -497 242 -63 336 -73 660 -74 310 0 370 5 595 52 535 111 1045 392 1455 803 122 121 250 273 275 326 19 41 19 137 0 174 -41 79 -309 363 -465 492 -447 370 -946 591 -1479 653 -113 14 -422 18 -536 8z m395 -428 c171 -34 330 -124 456 -258 112 -119 167 -219 211 -378 27 -96 24 -300 -5 -401 -72 -255 -236 -447 -474 -557 -132 -62 -201 -76 -368 -76 -167 0 -236 14 -368 76 -213 98 -373 271 -451 485 -162 444 86 934 547 1084 153 49 292 57 452 25z m909 -232 c222 -123 408 -262 593 -441 76 -74 138 -139 138 -144 0 -16 -233 -242 -330 -319 -155 -123 -309 -223 -461 -299 l-81 -41 32 46 c18 26 49 83 70 128 143 306 141 649 -6 957 -25 52 -61 116 -79 142 l-34 47 45 -20 c26 -10 76 -36 113 -56z m-2057 25 c-40 -58 -105 -190 -130 -263 -110 -324 -59 -707 132 -981 25 -35 42 -64 37 -64 -19 0 -241 119 -326 174 -188 122 -406 314 -532 468 l-58 71 108 103 c185 178 428 349 672 473 66 33 121 60 123 61 2 0 -10 -19 -26 -42z\"\/><path d=\"M2375 1950 c-198 -44 -350 -190 -395 -379 -18 -76 -8 -221 19 -290 114 -284 457 -406 731 -260 98 52 188 154 231 260 27 69 37 214 19 290 -38 163 -166 304 -326 360 -67 23 -215 33 -279 19z\"\/><\/g><\/svg><\/i> &nbsp;1,437&nbsp;total views<\/p>\n<div class=\"pvc_clear\"><\/div>\n<p><a href=\"http:\/\/obcanskymonitoring.cz\/wp-content\/uploads\/2015\/12\/Radek_Novotny.jpg\"><img loading=\"lazy\" class=\"alignnone size-medium wp-image-5060\" alt=\"Radek_Novotny\" src=\"http:\/\/obcanskymonitoring.cz\/wp-content\/uploads\/2015\/12\/Radek_Novotny-300x300.jpg\" width=\"300\" height=\"300\" srcset=\"https:\/\/obcanskymonitoring.cz\/wp-content\/uploads\/2015\/12\/Radek_Novotny-300x300.jpg 300w, https:\/\/obcanskymonitoring.cz\/wp-content\/uploads\/2015\/12\/Radek_Novotny-150x150.jpg 150w, https:\/\/obcanskymonitoring.cz\/wp-content\/uploads\/2015\/12\/Radek_Novotny.jpg 960w\" sizes=\"(max-width: 300px) 100vw, 300px\" \/><\/a><\/p>\n<p>&nbsp;<\/p>\n<p>St\u0159eda, 8.6.od 20:00. Kdo se chce \u00fa\u010dastnit fyzicky, zavolejte pros\u00edm na tel. 606 577 286.<\/p>\n<p>Diskuzn\u00ed ve\u010der bude mo\u017en\u00e9 sledovat i online p\u0159es prohl\u00ed\u017ee\u010d. B\u011bhem diskuzn\u00edho ve\u010dera bude aktivn\u00ed<\/p>\n<p><a href=\"www.anymeeting.com\/ObcanskyMonitor\">tento odkaz<\/a><\/p>\n<p>Star\u0161\u00ed \u010dl\u00e1nky Radka Novotn\u00e9ho na webu Ob\u010dansk\u00e9ho monitoringu, v\u010detn\u011b nahr\u00e1vek z minul\u00fdch na\u0161ich diskuzn\u00edch ve\u010der\u016f, jsou ulo\u017eeny <a href=\"http:\/\/obcanskymonitoring.cz\/?cat=28\">zde<\/a>.<\/p>\n<p><!--more--><\/p>\n<p><strong>Program diskuzn\u00edho ve\u010dera<\/strong><\/p>\n<p>&nbsp;<\/p>\n<p>Ot\u00e1zky a odpov\u011bdi k vod\u011b a d\u011bn\u00ed kolem vod\u00e1ren<\/p>\n<p>1) Kr\u00e1tk\u00e9 p\u0159edstaven\u00ed host\u016f \u2013 kdo je p. Novotn\u00fd, co d\u011bl\u00e1 a pro\u010d?<\/p>\n<p>2) Co ovliv\u0148uje cenu vody a jak vlastn\u011b funguje obchod s vodou v \u010cR<\/p>\n<p>&#8211; VOD\u00c1RNY V RUKOU OBC\u00cd \u2013 P\u0159erov, Krom\u011b\u0159\u00ed\u017e<\/p>\n<p>&#8211; VOD\u00c1RNY V RUKOU KONCERN\u016e \u2013 SmVak<\/p>\n<p>&#8211; PRODEJ VODY V RUKOU KONCERN\u016e &#8211; Praha, Zl\u00edn<\/p>\n<p>&nbsp;<\/p>\n<p>3) M\u016f\u017eete stru\u010dn\u011b vysv\u011btlit vztahy v obchodu s vodou : cena vody \u2013 investice \u2013 \u010dist\u00e1 voda \u2013 zisky?<\/p>\n<p>4) Co je to projekt Pravda o vod\u011b a co je jeho c\u00edlem?<\/p>\n<p>&nbsp;<\/p>\n<p>5) Jak\u00e9 jsou priority prodejc\u016f vody:<\/p>\n<p>&#8211; M\u011bstsk\u00e9 vod\u00e1rny<\/p>\n<p>&#8211; Zahrani\u010dn\u00ed koncerny &#8211;<\/p>\n<p>&#8211; Sm\u00ed\u0161en\u00fd vztah \u2013 co to p\u0159in\u00e1\u0161\u00ed m\u011bst\u016fm za probl\u00e9my \u2013 Brno, Ostrava<\/p>\n<p>&nbsp;<\/p>\n<p>6) Co zp\u016fsobuje neust\u00e1l\u00e9 zdra\u017eov\u00e1n\u00ed vody?<\/p>\n<p>7) Kde kon\u010d\u00ed pen\u00edze od lid\u00ed, kter\u00e9 plat\u00ed ve vodn\u00e9m a sto\u010dn\u00e9m?<\/p>\n<p>8) Co konkr\u00e9tn\u011b d\u011bl\u00e1te pro n\u00e1pravu?<\/p>\n<p>&#8211; Soudn\u00ed obrana vod\u00e1ren<\/p>\n<p>&#8211; Konzultace politik\u016fm, zastupitel\u016fm a lidem, kte\u0159\u00ed cht\u011bj\u00ed n\u00e1pravu<\/p>\n<p>&#8211; Informovanost lid\u00ed a tvorb\u011b ve\u0159ejn\u00e9ho m\u00edn\u011bn\u00ed &#8211; Projekt pravda<\/p>\n<p>&#8211; V\u00fdzva vl\u00e1d\u011b a politik\u016fm &#8211; m\u016f\u017eete se p\u0159idat<\/p>\n<p>9) Jak\u00e9 m\u00e1te v\u00fdsledky a co chcete dos\u00e1hnout?<\/p>\n<p>10) Kde lid\u00e9 najdou informace o vod\u011b, cen\u00e1ch a vod\u00e1rn\u00e1ch?<\/p>\n<p>11) Jak to zvl\u00e1d\u00e1te, z \u010deho to financujete, kdo v\u00e1m pom\u00e1h\u00e1?<\/p>\n<p>12) Jak v\u00e1m a vod\u011b mohou lid\u00e9 pomoci?<\/p>\n<div data-counters='1' data-style='square' data-size='regular' data-url='https:\/\/obcanskymonitoring.cz\/?p=5476' data-title='Privatizace vod\u00e1rensk\u00e9 infrastruktury: Diskuzn\u00ed ve\u010der s Radkem Novotn\u00fdm &#8211; Voda lidem, o.s.' class='linksalpha_container linksalpha_app_3'><a href='\/\/www.linksalpha.com\/share?network='facebook' class='linksalpha_icon_facebook'><\/a><a href='\/\/www.linksalpha.com\/share?network='twitter' class='linksalpha_icon_twitter'><\/a><a href='\/\/www.linksalpha.com\/share?network='googleplus' class='linksalpha_icon_googleplus'><\/a><a href='\/\/www.linksalpha.com\/share?network='mail' class='linksalpha_icon_mail'><\/a><\/div><div data-position='' data-url='https:\/\/obcanskymonitoring.cz\/?p=5476' data-title='Privatizace vod\u00e1rensk\u00e9 infrastruktury: Diskuzn\u00ed ve\u010der s Radkem Novotn\u00fdm &#8211; Voda lidem, o.s.' class='linksalpha_container linksalpha_app_7'><a href='\/\/www.linksalpha.com\/share?network='facebook' class='linksalpha_icon_facebook'><\/a><a href='\/\/www.linksalpha.com\/share?network='twitter' class='linksalpha_icon_twitter'><\/a><a href='\/\/www.linksalpha.com\/share?network='googleplus' class='linksalpha_icon_googleplus'><\/a><a href='\/\/www.linksalpha.com\/share?network='mail' class='linksalpha_icon_mail'><\/a><\/div>","protected":false},"excerpt":{"rendered":"<p>&nbsp;1,437&nbsp;total views &nbsp; St\u0159eda, 8.6.od 20:00. Kdo se chce \u00fa\u010dastnit fyzicky, zavolejte pros\u00edm na tel. 606 577 286. Diskuzn\u00ed ve\u010der bude mo\u017en\u00e9 sledovat i online p\u0159es prohl\u00ed\u017ee\u010d. B\u011bhem diskuzn\u00edho ve\u010dera bude aktivn\u00ed tento odkaz Star\u0161\u00ed \u010dl\u00e1nky Radka Novotn\u00e9ho na webu Ob\u010dansk\u00e9ho monitoringu, v\u010detn\u011b nahr\u00e1vek z minul\u00fdch na\u0161ich diskuzn\u00edch ve\u010der\u016f, jsou ulo\u017eeny zde.<\/p>\n","protected":false},"author":2,"featured_media":0,"comment_status":"open","ping_status":"open","sticky":true,"template":"","format":"standard","meta":[],"categories":[30,12,28,29],"tags":[],"_links":{"self":[{"href":"https:\/\/obcanskymonitoring.cz\/index.php?rest_route=\/wp\/v2\/posts\/5476"}],"collection":[{"href":"https:\/\/obcanskymonitoring.cz\/index.php?rest_route=\/wp\/v2\/posts"}],"about":[{"href":"https:\/\/obcanskymonitoring.cz\/index.php?rest_route=\/wp\/v2\/types\/post"}],"author":[{"embeddable":true,"href":"https:\/\/obcanskymonitoring.cz\/index.php?rest_route=\/wp\/v2\/users\/2"}],"replies":[{"embeddable":true,"href":"https:\/\/obcanskymonitoring.cz\/index.php?rest_route=%2Fwp%2Fv2%2Fcomments&post=5476"}],"version-history":[{"count":0,"href":"https:\/\/obcanskymonitoring.cz\/index.php?rest_route=\/wp\/v2\/posts\/5476\/revisions"}],"wp:attachment":[{"href":"https:\/\/obcanskymonitoring.cz\/index.php?rest_route=%2Fwp%2Fv2%2Fmedia&parent=5476"}],"wp:term":[{"taxonomy":"category","embeddable":true,"href":"https:\/\/obcanskymonitoring.cz\/index.php?rest_route=%2Fwp%2Fv2%2Fcategories&post=5476"},{"taxonomy":"post_tag","embeddable":true,"href":"https:\/\/obcanskymonitoring.cz\/index.php?rest_route=%2Fwp%2Fv2%2Ftags&post=5476"}],"curies":[{"name":"wp","href":"https:\/\/api.w.org\/{rel}","templated":true}]}}