{"id":5537,"date":"2016-06-09T07:34:35","date_gmt":"2016-06-09T07:34:35","guid":{"rendered":"http:\/\/obcanskymonitoring.cz\/?p=5537"},"modified":"2016-06-11T17:42:39","modified_gmt":"2016-06-11T17:42:39","slug":"jiri-gebert-klimaticka-zmena-ve-meste-se-tyka-jeho-obyvatel","status":"publish","type":"post","link":"https:\/\/obcanskymonitoring.cz\/?p=5537","title":{"rendered":"Ji\u0159\u00ed Gebert: Klimatick\u00e1 zm\u011bna ve m\u011bst\u011b se t\u00fdk\u00e1 jeho obyvatel"},"content":{"rendered":"<div class=\"pvc_clear\"><\/div>\n<p class=\"pvc_stats total_only \" data-element-id=\"5537\" style=\"\"><i class=\"pvc-stats-icon medium\" aria-hidden=\"true\"><svg xmlns=\"http:\/\/www.w3.org\/2000\/svg\" version=\"1.0\" viewBox=\"0 0 502 315\" preserveAspectRatio=\"xMidYMid meet\"><g transform=\"translate(0,332) scale(0.1,-0.1)\" fill=\"\" stroke=\"none\"><path d=\"M2394 3279 l-29 -30 -3 -207 c-2 -182 0 -211 15 -242 39 -76 157 -76 196 0 15 31 17 60 15 243 l-3 209 -33 29 c-26 23 -41 29 -80 29 -41 0 -53 -5 -78 -31z\"\/><path d=\"M3085 3251 c-45 -19 -58 -50 -96 -229 -47 -217 -49 -260 -13 -295 52 -53 146 -42 177 20 16 31 87 366 87 410 0 70 -86 122 -155 94z\"\/><path d=\"M1751 3234 c-13 -9 -29 -31 -37 -50 -12 -29 -10 -49 21 -204 19 -94 39 -189 45 -210 14 -50 54 -80 110 -80 34 0 48 6 76 34 21 21 34 44 34 59 0 14 -18 113 -40 219 -37 178 -43 195 -70 221 -36 32 -101 37 -139 11z\"\/><path d=\"M1163 3073 c-36 -7 -73 -59 -73 -102 0 -56 133 -378 171 -413 34 -32 83 -37 129 -13 70 36 67 87 -16 290 -86 209 -89 214 -129 231 -35 14 -42 15 -82 7z\"\/><path d=\"M3689 3066 c-15 -9 -33 -30 -42 -48 -48 -103 -147 -355 -147 -375 0 -98 131 -148 192 -74 13 15 57 108 97 206 80 196 84 226 37 273 -30 30 -99 39 -137 18z\"\/><path d=\"M583 2784 c-38 -19 -67 -74 -58 -113 9 -42 211 -354 242 -373 16 -10 45 -18 66 -18 51 0 107 52 107 100 0 39 -1 41 -124 234 -80 126 -108 162 -133 173 -41 17 -61 16 -100 -3z\"\/><path d=\"M4250 2784 c-14 -9 -74 -91 -133 -183 -95 -150 -107 -173 -107 -213 0 -55 33 -94 87 -104 67 -13 90 8 211 198 130 202 137 225 78 284 -27 27 -42 34 -72 34 -22 0 -50 -8 -64 -16z\"\/><path d=\"M2275 2693 c-553 -48 -1095 -270 -1585 -649 -135 -104 -459 -423 -483 -476 -23 -49 -22 -139 2 -186 73 -142 361 -457 571 -626 285 -228 642 -407 990 -497 242 -63 336 -73 660 -74 310 0 370 5 595 52 535 111 1045 392 1455 803 122 121 250 273 275 326 19 41 19 137 0 174 -41 79 -309 363 -465 492 -447 370 -946 591 -1479 653 -113 14 -422 18 -536 8z m395 -428 c171 -34 330 -124 456 -258 112 -119 167 -219 211 -378 27 -96 24 -300 -5 -401 -72 -255 -236 -447 -474 -557 -132 -62 -201 -76 -368 -76 -167 0 -236 14 -368 76 -213 98 -373 271 -451 485 -162 444 86 934 547 1084 153 49 292 57 452 25z m909 -232 c222 -123 408 -262 593 -441 76 -74 138 -139 138 -144 0 -16 -233 -242 -330 -319 -155 -123 -309 -223 -461 -299 l-81 -41 32 46 c18 26 49 83 70 128 143 306 141 649 -6 957 -25 52 -61 116 -79 142 l-34 47 45 -20 c26 -10 76 -36 113 -56z m-2057 25 c-40 -58 -105 -190 -130 -263 -110 -324 -59 -707 132 -981 25 -35 42 -64 37 -64 -19 0 -241 119 -326 174 -188 122 -406 314 -532 468 l-58 71 108 103 c185 178 428 349 672 473 66 33 121 60 123 61 2 0 -10 -19 -26 -42z\"\/><path d=\"M2375 1950 c-198 -44 -350 -190 -395 -379 -18 -76 -8 -221 19 -290 114 -284 457 -406 731 -260 98 52 188 154 231 260 27 69 37 214 19 290 -38 163 -166 304 -326 360 -67 23 -215 33 -279 19z\"\/><\/g><\/svg><\/i> &nbsp;1,035&nbsp;total views<\/p>\n<div class=\"pvc_clear\"><\/div>\n<p><a href=\"http:\/\/obcanskymonitoring.cz\/wp-content\/uploads\/2014\/09\/Jiri_GEBERT.jpg\"><img loading=\"lazy\" class=\"alignnone size-medium wp-image-3008\" alt=\"Jiri_GEBERT\" src=\"http:\/\/obcanskymonitoring.cz\/wp-content\/uploads\/2014\/09\/Jiri_GEBERT-205x300.jpg\" width=\"205\" height=\"300\" srcset=\"https:\/\/obcanskymonitoring.cz\/wp-content\/uploads\/2014\/09\/Jiri_GEBERT-205x300.jpg 205w, https:\/\/obcanskymonitoring.cz\/wp-content\/uploads\/2014\/09\/Jiri_GEBERT-702x1024.jpg 702w, https:\/\/obcanskymonitoring.cz\/wp-content\/uploads\/2014\/09\/Jiri_GEBERT.jpg 762w\" sizes=\"(max-width: 205px) 100vw, 205px\" \/><\/a><\/p>\n<p>P\u0159etiskujeme text architekta <a href=\"http:\/\/obcanskymonitoring.cz\/?page_id=3014\">Ji\u0159\u00edho Geberta<\/a>.<\/p>\n<p><!--more--><\/p>\n<p><b>Klimatick\u00e1 zm\u011bna ve m\u011bst\u011b se t\u00fdk\u00e1 obyvatel<\/b><\/p>\n<p><b>\u00a0<\/b><\/p>\n<p><b>Projekt Urban Adapt se t\u00fdk\u00e1 \u201eInstitutu Pl\u00e1nov\u00e1n\u00ed a Rozvoje\u201c. Hork\u00e1 pravda le\u017e\u00ed na ulici.<\/b><\/p>\n<p><b>\u00a0<\/b><b>\u00a0<\/b><\/p>\n<p><i>Ofici\u00e1ln\u00ed zpr\u00e1va:<\/i><\/p>\n<p><i>&#8220;Magistr\u00e1t hl. m. Prahy spolu s IPR Praha dnes za\u010dal p\u0159\u00edpravu\u00a0 Strategie adaptace hl. m. Prahy na klimatickou zm\u011bnu. Zam\u011b\u0159\u00ed se\u00a0 p\u0159edev\u0161\u00edm na udr\u017eiteln\u00e9 hospoda\u0159en\u00ed s vodou, \u201ezazele\u0148ov\u00e1n\u00ed\u201c ulic nebo\u00a0 vytv\u00e1\u0159en\u00ed ekologicky \u0161etrn\u00fdch staveb. Klimatick\u00e1 zm\u011bna vyvol\u00e1v\u00e1 v\u00a0posledn\u00edch obdob\u00ed \u010dast\u011bj\u0161\u00ed extr\u00e9my po\u010das\u00ed. P\u0159\u00edvalov\u00e9 de\u0161t\u011b zp\u016fsobuj\u00ed\u00a0bleskov\u00e9 z\u00e1plavy ve m\u011bstech, \u010dast\u011bj\u0161\u00ed sucha a vlny veder zase ohro\u017euj\u00ed\u00a0zdrav\u00ed lid\u00ed, po\u0161kozuj\u00ed vodn\u00ed zdroje a infrastrukturu. \u201eMus\u00edme vytvo\u0159it\u00a0 \u00fa\u010dinnou m\u011bstskou strategii, kter\u00e1 n\u00e1m umo\u017en\u00ed v\u010das reagovat na zm\u011bny\u00a0klimatu a umo\u017en\u00ed p\u0159edej\u00edt \u0161kod\u00e1m, kter\u00e9 mohou b\u00fdt t\u011bmito zm\u011bnami\u00a0zp\u016fsoben\u00e9,\u201c uv\u00e1d\u00ed radn\u00ed hl. m. Prahy Jana Plam\u00ednkov\u00e1. Hlavn\u00ed m\u011bsto\u00a0proto nyn\u00ed ve spolupr\u00e1ci s IPR Praha a projektem Urban Adapt p\u0159iprav\u00ed\u00a0Strategii adaptace hl. m. Prahy na klimatickou zm\u011bnu.&#8221;<\/i><\/p>\n<p>&nbsp;<\/p>\n<p>V\u00a0diskuzi, kter\u00e1 se rozb\u011bhla na toto t\u00e9ma, brzy do\u0161lo na nosn\u00fd koncept Metropolitn\u00edho pl\u00e1nu -zahu\u0161t\u011bn\u00ed z\u00e1stavby. Zde je n\u00e1zor kolegy z\u00a0ob\u010dansk\u00e9ho sdru\u017een\u00ed Auto-Mat, Cituji z\u00a0mailu:\u00a0<i>&#8220;Vnit\u0159n\u00ed Praha m\u00e1 probl\u00e9m v tom, \u017ee jej\u00ed uli\u010dn\u00ed s\u00ed\u0165 je rozsekan\u00e1 tolika bari\u00e9rami, v\u010detn\u011b ter\u00e9nn\u00edch, \u017ee je naprosto nezbytn\u00e9 \u00a0vnit\u0159n\u00ed m\u011bsto maxim\u00e1ln\u011b scelovat. A je lep\u0161\u00ed zastav\u011bt brownfield u metra, ne\u017e postavit jeho ekvivalent 20 km od centra a pak \u0159e\u0161it, \u017ee 80% t\u011bch lid\u00ed \u201emus\u00ed&#8221; jezdit do Prahy autem.&#8221;<\/i><\/p>\n<p>&nbsp;<\/p>\n<p>Vezm\u011bme to jedno po druh\u00e9m.<\/p>\n<p>Pro my\u0161len\u00ed IPR plat\u00ed ver\u0161: <i>\u201emysl\u00edme centrum, \u0159\u00edk\u00e1me Praha\u201c<\/i>, stejn\u011b jednozna\u010dn\u011b jako v Majakovsk\u00e9ho b\u00e1sni \u201e<i>\u0158\u00edk\u00e1me komunismus, mysl\u00edme Lenin.<\/i>\u201c<\/p>\n<p>Naproti tomu v multicentr\u00e1ln\u00edm m\u011bst\u011b s radi\u00e1ln\u00ed ve\u0159ejnou dopravou\u00a0 nemus\u00edte u\u017e jezdit do &#8220;Prahy&#8221;, ale t\u0159eba na \u017di\u017ekov, do Vyso\u010dan, do Kr\u010de nebo na Sm\u00edchov a to ve\u0159ejnou dopravou a ne autem.<\/p>\n<p>Moloch likviduj\u00edc\u00ed jedine\u010dnou kvalitu Prahy je pr\u00e1v\u011b koncept monocentr\u00e1ln\u00edho m\u011bsta, se v\u0161emi d\u016fsledky pl\u00e1nov\u00e1n\u00ed m\u011bstsk\u00e9 dopravy. Za v\u0161e mluv\u00ed k\u0159\u00ed\u017een\u00ed dne\u0161n\u00edch i budouc\u00edch tras Metra na jednom \u010dtvere\u010dn\u00edm kilometru historick\u00e9 Prahy.<\/p>\n<p>A nyn\u00ed k t\u011bm barier\u00e1m z\u00e1stavby.<\/p>\n<p>To, co vy vid\u00edte jako probl\u00e9m, j\u00e1 vid\u00edm jako jedine\u010dnou p\u0159\u00edle\u017eitost pro m\u011bsto staronov\u00e9 kvality.<\/p>\n<p>Postul\u00e1t technick\u00e9ho p\u0159\u00edstupu je poukaz na \u201etechnick\u00e9 nedostatky\u201c, kter\u00e9 je t\u0159eba novou v\u00fdstavbou odstranit. &#8220;Praha&#8230; rozsekan\u00e1 barierami, v\u010detn\u011b ter\u00e9nn\u00edch\u201c,\u00a0je technick\u00e1 diagn\u00f3za a k jej\u00edmu uzdraven\u00ed sta\u010d\u00ed naordinovat &#8211; zfu\u0161ovanou profesn\u00ed doktr\u00ednu zahu\u0161t\u011bn\u00e9 z\u00e1stavby.<\/p>\n<p>&nbsp;<\/p>\n<p>Postupuj\u00edc\u00ed klimatick\u00e1 zm\u011bna n\u00e1s nyn\u00ed nut\u00ed posoudit, jak\u00e9 m\u011bsto si vede l\u00e9pe a jak\u00e9 h\u016f\u0159e v klimatick\u00fdch podm\u00ednk\u00e1ch, pro n\u00e1s extr\u00e9mn\u00edch, jako je lo\u0148sk\u00fdch sedm t\u00fddn\u016f tropick\u00fdch veder, obdob\u00ed sucha nebo extr\u00e9mn\u00edch sr\u00e1\u017eek.<\/p>\n<p>&nbsp;<\/p>\n<p><b>To je pro pl\u00e1nov\u00e1n\u00ed m\u011bsta zcela nov\u00e9 zad\u00e1n\u00ed<\/b><\/p>\n<p>Vedra a voda? U\u017e od dob m\u00e9ho ml\u00e1d\u00ed vyj\u00ed\u017ed\u011bly do ulic kropic\u00ed vozy. Zavla\u017eov\u00e1n\u00ed asfaltu je zoufal\u00e1 a drah\u00e1 pomoc, kter\u00e1 slou\u017e\u00ed ani ne tak k pohod\u011b \u017eivotn\u00edho prost\u0159ed\u00ed pro lidi, jako sp\u00ed\u0161e k z\u00e1chran\u011b taj\u00edc\u00edho asfaltu ulic Prahy, m\u011bsta s\u00a0dnes ji\u017e nevhodn\u011b sdru\u017eenou kanalizac\u00ed odpadn\u00edch a de\u0161\u0165ov\u00fdch vod.<\/p>\n<p>&nbsp;<\/p>\n<p>Alternativa pro dne\u0161n\u00ed stav ohro\u017een\u00ed klimatickou zm\u011bnou je pouze kvalitn\u00ed obytn\u00e1 m\u011bstsk\u00e1 struktura. Kvalitn\u00ed ne ve smyslu asfaltu a realitn\u00edho profitu, kvalitn\u00ed ve smlyslu pohody \u010dlov\u011bka.<\/p>\n<p>Krajina a p\u0159\u00edroda, bl\u00edzkost vody a st\u00ednu, to je tradi\u010dn\u00ed \u00fato\u010di\u0161t\u011b obyvatel m\u011bst v dob\u011b extr\u00e9mn\u00edch teplot. Je snad \u0159e\u0161en\u00ed na l\u00e9to a na zimu rychle vylidnit zahu\u0161t\u011bnou, technicky optimalizovanou strukturu m\u011bsta a odlet\u011bt k mo\u0159i \u010di odjet na chalupu?<\/p>\n<p>Nebo je l\u00e9pe postupn\u011b opravovat m\u011bsto tak, aby se minimalizovalo obdob\u00ed klimatick\u00e9 nouze? Lze tao realizovat jednoduch\u00fdm n\u00e1vodem: U\u010dinit pot\u0159eby lid\u00ed m\u011b\u0159\u00edtkem jedn\u00e1n\u00ed o m\u011bst\u011b.<\/p>\n<p>&nbsp;<\/p>\n<p>Znamen\u00e1 to tak\u00e9 domluvit se na smyslu slov a pojm\u016f:<\/p>\n<ul>\n<li>\u0158eka je pro doprav\u00e1\u0159e p\u0159ek\u00e1\u017eka \u0159e\u0161en\u00e1 mostem.<\/li>\n<li>Voln\u00e1 plocha je pro developera bariera v\u00fdstavby, odstraniteln\u00e1 stavbou business centra s n\u00e1zvem t\u0159eba \u201eBo\u0159inda Park\u201c.<\/li>\n<li>Pro obyvatele je v\u0161ak voln\u00e1 plocha \u010derstv\u00fd vzduch, v\u00fdhled ze sout\u011bzek ulic a mo\u017en\u00fd budouc\u00ed park,<\/li>\n<\/ul>\n<p>Tak to m\u016f\u017ee b\u00fdt v\u00a0Bubnech, na Sm\u00edchov\u011b nebo na Bo\u0159islavce&#8230; \u0158eka je v Praze prim\u00e1rn\u00ed m\u011bstotvorn\u00fd prvek a klimatick\u00e1 o\u00e1za. Ter\u00e9nn\u00ed bari\u00e9ry v\u00fdstavby, jako jsou vrchy a hrany vltavsk\u00e9ho \u00fadol\u00ed, jsou posledn\u00ed ba\u0161ty zelen\u00e9ho r\u00e1mce Prahy.<\/p>\n<p>Skute\u010dnou p\u0159ek\u00e1\u017ekou pro \u010dlov\u011bka &#8211; chodce, kter\u00fdm se stane ka\u017ed\u00fd, kdo vystoup\u00ed z auta, jsou pr\u00e1v\u011b magistr\u00e1ly, dopravn\u00ed tepny dinosau\u0159\u00ed dopravn\u00ed stavby jako je rondel Malovanka tunelu Blanka, nesmysln\u00e9 a cenami vyznamenan\u00e9 trojsk\u00e9 mosty.<\/p>\n<p>Trv\u00e1m na tom, \u017ee \u010desk\u00fd v\u00fdznam slova \u201ezahu\u0161t\u011bn\u00ed\u201c je vulgarizace pojmu \u201edensity\u201c, kter\u00fd p\u0159inesla do diskuze o m\u011bst\u011b Jane Jacobs ji\u017e v\u00a0roce 1964 v\u00a0knize \u201e<a href=\"https:\/\/www.google.cz\/url?sa=t&amp;rct=j&amp;q=&amp;esrc=s&amp;source=web&amp;cd=3&amp;cad=rja&amp;uact=8&amp;ved=0ahUKEwiC1K62vaDNAhUGORQKHWvnBfwQFggrMAI&amp;url=https%3A%2F%2Fupenn.instructure.com%2Fcourses%2F1243137%2Ffiles%2F47643823%2Fdownload%3Fverifier%3DkF8lBKFpVUwKRpa47hyz73sNwYQOBKPbqWWmAbVA&amp;usg=AFQjCNHKQxJRE9kO-rcmquk6PoilSdn2iw&amp;sig2=pxu-g-NP4-yCqmnn1-pHnA&amp;bvm=bv.124272578,d.bGs\">Smrt a \u017eivot americk\u00fdch velkom\u011bst<\/a>\u201c<\/p>\n<p>(Death and life of great american Cities)<\/p>\n<p>Jako vzor \u201edense city\u201c uvedla autorka Greenwich Village v\u00a0New Yorku.<\/p>\n<p>Mo\u017en\u00e1, \u017ee by je\u0161t\u011b l\u00e9pe sed\u011blo p\u0159irovn\u00e1n\u00ed k\u00a0Mal\u00e9 Stran\u011b pra\u017esk\u00e9 ne\u017e k\u00a0Hanspaulce.<\/p>\n<p>Ale pr\u00e1v\u011b Hanspaulka m\u00e1 historii i sou\u010dasnost pestr\u00e9ho a aktivn\u00edho ob\u010dansk\u00e9ho spolkov\u00e9ho a spole\u010densk\u00e9ho \u017eivota, tradici zn\u00e1m\u00fdch hanspaulsk\u00fdch hudebn\u00edch skupin a kulturn\u00edch osobnost\u00ed.<\/p>\n<p>Dnes je to ov\u0161em i \u201eprime lokalita\u201c pro oligarchy, miliard\u00e1\u0159e i kmotry. To je trend, demonstrovan\u00fd i rezidenturou b\u00fdval\u00e9ho prezidenta.<\/p>\n<p>&nbsp;<\/p>\n<p>Pro profese a politiky jednaj\u00edc\u00ed o budoucnosti m\u011bsta nech\u0165 plat\u00ed premisa: \u201eThink different\u201c.<\/p>\n<p>Smyslem m\u011bsta nen\u00ed kompaktn\u00ed m\u011bstsk\u00e1 struktura, ani nevy\u0161\u0161\u00edm ve\u0159ejn\u00fdm z\u00e1jmem nen\u00ed architektura, jak je ps\u00e1no z\u00e1v\u011brem na stran\u011b 838 publikace Metropolitn\u00ed pl\u00e1n \u2013 Koncept od\u016fvodn\u011bn\u00ed od architekta Kouck\u00e9ho&#8230;<\/p>\n<p>Znamen\u00e1 to prost\u011b pochopit a pr\u00e1vn\u011b zakotvit, \u017ee m\u011bsto nen\u00ed prodejn\u00ed tr\u017en\u00ed produkt.<\/p>\n<p>Z\u00a0pohledu \u010desk\u00e9ho kmotra je Praha zlat\u00fd d\u016fl, kter\u00fd se nab\u00edz\u00ed vyt\u011b\u017eit &#8211; a odej\u00edt.<\/p>\n<p>Pod\u00edvejte se ale na m\u011bsto t\u0159eba globalizovan\u00fdma o\u010dima n\u00e1v\u0161t\u011bvn\u00edka Prahy.<\/p>\n<p>Je-li podnikatelem, vid\u00ed potenci\u00e1l v\u00a0podnik\u00e1n\u00ed ve v\u00fdjime\u010dn\u011b kr\u00e1sn\u00e9m m\u011bst\u011b.<\/p>\n<p>Turista zase p\u0159ijel, aby v\u00a0Praze, harmonicky zasazen\u00e9 do \u00fadol\u00ed \u0159eky Vltavy, za\u017eil alternativu k anonymit\u011b pravo\u00fahl\u00e9 klece utilit\u00e1rn\u00edho stavebn\u00edho boomu doma.<\/p>\n<p>Kdy\u017e u\u017e tu m\u00e1me ty n\u00e1v\u0161t\u011bvn\u00edky obdivovan\u00e9 \u010d\u00e1sti m\u011bsta, je opravdu tak t\u011b\u017ek\u00e9 pro n\u00e1s Pra\u017eany, se zbl\u00edzka pod\u00edvat, pro\u010d je tomu tak, a jak tuto Praze vlastn\u00ed kvalitu chr\u00e1nit a rozv\u00edjet?<\/p>\n<p>V\u00a0\u010dem je opravdov\u00e1 hodnota (\u201easset\u201c) Prahy?<\/p>\n<p><b>Praha je vyj\u00edme\u010dn\u00e1 a sv\u011btov\u00e1 pr\u00e1v\u011b svou nesouvislou z\u00e1stavbou. Kvalita celku je p\u0159\u00edmo \u00fam\u011brn\u00e1 pod\u00edlu voln\u00e9 plochy. Na Mal\u00e9 stran\u011b je pod\u00edl park\u016f n\u00e1sobkem zastav\u011bn\u00e9 plochy.<\/b><\/p>\n<p><b>Historick\u00e1 Praha by proto m\u011bla b\u00fdt k\u00e1nonem pro prostorov\u00e9 uva\u017eov\u00e1n\u00ed o\u00a0brownfieldech a voln\u00fdch ploch\u00e1ch.<\/b><\/p>\n<p>Brownfieldy a\u0165 nejsou, vzhledem k doktr\u00edn\u011b zahu\u0161t\u011bn\u00e9 blokov\u00e9 z\u00e1stavby, jen potenci\u00e1lem developersk\u00e9ho profitu, ale\u00a0a\u0165 jsou m\u00edstem nad\u011bje na opravdu klasick\u00e9 m\u011bsto s tradi\u010dn\u00edm, nejm\u00e9n\u011b 30-ti procentn\u00edm pod\u00edlem park\u016f a se z\u00e1stavbou, kter\u00e1 nebude\u00a0kvalitu a vn\u00edm\u00e1n\u00ed m\u011bsta nen\u00e1vratn\u011b ni\u010dit. To by m\u011bla b\u00fdt opat\u0159en\u00ed pro m\u011bsto na klimatickou zm\u011bnu&#8230;<\/p>\n<p>V\u00fd\u0161e uveden\u00e9 doktr\u00edny technicko-architektonick\u00fdch \u0159e\u0161en\u00ed jsou profesn\u00ed deformac\u00ed vn\u00edm\u00e1n\u00ed reality a nemaj\u00ed na tyto ot\u00e1zky odpov\u011b\u010f.<\/p>\n<p>Zn\u00e1me u\u010debnicov\u00e9 postul\u00e1ty zdrav\u00e9ho a \u017eiv\u00e9ho m\u011bsta jako gener\u00e1toru energie humanitn\u00edho civiliza\u010dn\u00edho potenci\u00e1lu&#8230; Nov\u00e1 v\u00fdstavba mus\u00ed hledat nep\u0159edpojat\u011b model ekologick\u00e9ho m\u011bsta pro pln\u00fd a zdrav\u00fd \u017eivot jednotlivce.<\/p>\n<p>Ka\u017ed\u00fd pl\u00e1n mus\u00ed b\u00fdt \u201eroad mapa\u201c, tedy mus\u00ed se jednat o \u0159adu krok\u016f, jak zlep\u0161ovat m\u011bsto pro jeho obyvatele.<\/p>\n<p>&nbsp;<\/p>\n<p><b>Prvn\u00ed a nezbytn\u00fd krok je zastavit zahu\u0161\u0165ov\u00e1n\u00ed a spojov\u00e1n\u00ed struktury ulic z\u00e1stavbou takzvan\u00fdch \u201ep\u0159ek\u00e1\u017eek a bari\u00e9r\u201c.<\/b><\/p>\n<p>&nbsp;<\/p>\n<p>Ji\u0159\u00ed Gebert<\/p>\n<p><b>\u00a0<\/b><\/p>\n<div data-counters='1' data-style='square' data-size='regular' data-url='https:\/\/obcanskymonitoring.cz\/?p=5537' data-title='Ji\u0159\u00ed Gebert: Klimatick\u00e1 zm\u011bna ve m\u011bst\u011b se t\u00fdk\u00e1 jeho obyvatel' class='linksalpha_container linksalpha_app_3'><a href='\/\/www.linksalpha.com\/share?network='facebook' class='linksalpha_icon_facebook'><\/a><a href='\/\/www.linksalpha.com\/share?network='twitter' class='linksalpha_icon_twitter'><\/a><a href='\/\/www.linksalpha.com\/share?network='googleplus' class='linksalpha_icon_googleplus'><\/a><a href='\/\/www.linksalpha.com\/share?network='mail' class='linksalpha_icon_mail'><\/a><\/div><div data-position='' data-url='https:\/\/obcanskymonitoring.cz\/?p=5537' data-title='Ji\u0159\u00ed Gebert: Klimatick\u00e1 zm\u011bna ve m\u011bst\u011b se t\u00fdk\u00e1 jeho obyvatel' class='linksalpha_container linksalpha_app_7'><a href='\/\/www.linksalpha.com\/share?network='facebook' class='linksalpha_icon_facebook'><\/a><a href='\/\/www.linksalpha.com\/share?network='twitter' class='linksalpha_icon_twitter'><\/a><a href='\/\/www.linksalpha.com\/share?network='googleplus' class='linksalpha_icon_googleplus'><\/a><a href='\/\/www.linksalpha.com\/share?network='mail' class='linksalpha_icon_mail'><\/a><\/div>","protected":false},"excerpt":{"rendered":"<p>&nbsp;1,035&nbsp;total views P\u0159etiskujeme text architekta Ji\u0159\u00edho Geberta.<\/p>\n","protected":false},"author":2,"featured_media":0,"comment_status":"open","ping_status":"open","sticky":true,"template":"","format":"standard","meta":[],"categories":[23],"tags":[],"_links":{"self":[{"href":"https:\/\/obcanskymonitoring.cz\/index.php?rest_route=\/wp\/v2\/posts\/5537"}],"collection":[{"href":"https:\/\/obcanskymonitoring.cz\/index.php?rest_route=\/wp\/v2\/posts"}],"about":[{"href":"https:\/\/obcanskymonitoring.cz\/index.php?rest_route=\/wp\/v2\/types\/post"}],"author":[{"embeddable":true,"href":"https:\/\/obcanskymonitoring.cz\/index.php?rest_route=\/wp\/v2\/users\/2"}],"replies":[{"embeddable":true,"href":"https:\/\/obcanskymonitoring.cz\/index.php?rest_route=%2Fwp%2Fv2%2Fcomments&post=5537"}],"version-history":[{"count":0,"href":"https:\/\/obcanskymonitoring.cz\/index.php?rest_route=\/wp\/v2\/posts\/5537\/revisions"}],"wp:attachment":[{"href":"https:\/\/obcanskymonitoring.cz\/index.php?rest_route=%2Fwp%2Fv2%2Fmedia&parent=5537"}],"wp:term":[{"taxonomy":"category","embeddable":true,"href":"https:\/\/obcanskymonitoring.cz\/index.php?rest_route=%2Fwp%2Fv2%2Fcategories&post=5537"},{"taxonomy":"post_tag","embeddable":true,"href":"https:\/\/obcanskymonitoring.cz\/index.php?rest_route=%2Fwp%2Fv2%2Ftags&post=5537"}],"curies":[{"name":"wp","href":"https:\/\/api.w.org\/{rel}","templated":true}]}}