{"id":5557,"date":"2016-06-24T09:08:03","date_gmt":"2016-06-24T09:08:03","guid":{"rendered":"http:\/\/obcanskymonitoring.cz\/?p=5557"},"modified":"2016-08-04T11:29:33","modified_gmt":"2016-08-04T11:29:33","slug":"arch-svabova-dopis-spolkum-ve-veci-pamatkoveho-zakona","status":"publish","type":"post","link":"https:\/\/obcanskymonitoring.cz\/?p=5557","title":{"rendered":"Arch. \u0160v\u00e1bov\u00e1: Dopis spolk\u016fm ve v\u011bci pam\u00e1tkov\u00e9ho z\u00e1kona"},"content":{"rendered":"<div class=\"pvc_clear\"><\/div>\n<p class=\"pvc_stats total_only \" data-element-id=\"5557\" style=\"\"><i class=\"pvc-stats-icon medium\" aria-hidden=\"true\"><svg xmlns=\"http:\/\/www.w3.org\/2000\/svg\" version=\"1.0\" viewBox=\"0 0 502 315\" preserveAspectRatio=\"xMidYMid meet\"><g transform=\"translate(0,332) scale(0.1,-0.1)\" fill=\"\" stroke=\"none\"><path d=\"M2394 3279 l-29 -30 -3 -207 c-2 -182 0 -211 15 -242 39 -76 157 -76 196 0 15 31 17 60 15 243 l-3 209 -33 29 c-26 23 -41 29 -80 29 -41 0 -53 -5 -78 -31z\"\/><path d=\"M3085 3251 c-45 -19 -58 -50 -96 -229 -47 -217 -49 -260 -13 -295 52 -53 146 -42 177 20 16 31 87 366 87 410 0 70 -86 122 -155 94z\"\/><path d=\"M1751 3234 c-13 -9 -29 -31 -37 -50 -12 -29 -10 -49 21 -204 19 -94 39 -189 45 -210 14 -50 54 -80 110 -80 34 0 48 6 76 34 21 21 34 44 34 59 0 14 -18 113 -40 219 -37 178 -43 195 -70 221 -36 32 -101 37 -139 11z\"\/><path d=\"M1163 3073 c-36 -7 -73 -59 -73 -102 0 -56 133 -378 171 -413 34 -32 83 -37 129 -13 70 36 67 87 -16 290 -86 209 -89 214 -129 231 -35 14 -42 15 -82 7z\"\/><path d=\"M3689 3066 c-15 -9 -33 -30 -42 -48 -48 -103 -147 -355 -147 -375 0 -98 131 -148 192 -74 13 15 57 108 97 206 80 196 84 226 37 273 -30 30 -99 39 -137 18z\"\/><path d=\"M583 2784 c-38 -19 -67 -74 -58 -113 9 -42 211 -354 242 -373 16 -10 45 -18 66 -18 51 0 107 52 107 100 0 39 -1 41 -124 234 -80 126 -108 162 -133 173 -41 17 -61 16 -100 -3z\"\/><path d=\"M4250 2784 c-14 -9 -74 -91 -133 -183 -95 -150 -107 -173 -107 -213 0 -55 33 -94 87 -104 67 -13 90 8 211 198 130 202 137 225 78 284 -27 27 -42 34 -72 34 -22 0 -50 -8 -64 -16z\"\/><path d=\"M2275 2693 c-553 -48 -1095 -270 -1585 -649 -135 -104 -459 -423 -483 -476 -23 -49 -22 -139 2 -186 73 -142 361 -457 571 -626 285 -228 642 -407 990 -497 242 -63 336 -73 660 -74 310 0 370 5 595 52 535 111 1045 392 1455 803 122 121 250 273 275 326 19 41 19 137 0 174 -41 79 -309 363 -465 492 -447 370 -946 591 -1479 653 -113 14 -422 18 -536 8z m395 -428 c171 -34 330 -124 456 -258 112 -119 167 -219 211 -378 27 -96 24 -300 -5 -401 -72 -255 -236 -447 -474 -557 -132 -62 -201 -76 -368 -76 -167 0 -236 14 -368 76 -213 98 -373 271 -451 485 -162 444 86 934 547 1084 153 49 292 57 452 25z m909 -232 c222 -123 408 -262 593 -441 76 -74 138 -139 138 -144 0 -16 -233 -242 -330 -319 -155 -123 -309 -223 -461 -299 l-81 -41 32 46 c18 26 49 83 70 128 143 306 141 649 -6 957 -25 52 -61 116 -79 142 l-34 47 45 -20 c26 -10 76 -36 113 -56z m-2057 25 c-40 -58 -105 -190 -130 -263 -110 -324 -59 -707 132 -981 25 -35 42 -64 37 -64 -19 0 -241 119 -326 174 -188 122 -406 314 -532 468 l-58 71 108 103 c185 178 428 349 672 473 66 33 121 60 123 61 2 0 -10 -19 -26 -42z\"\/><path d=\"M2375 1950 c-198 -44 -350 -190 -395 -379 -18 -76 -8 -221 19 -290 114 -284 457 -406 731 -260 98 52 188 154 231 260 27 69 37 214 19 290 -38 163 -166 304 -326 360 -67 23 -215 33 -279 19z\"\/><\/g><\/svg><\/i> &nbsp;1,958&nbsp;total views<\/p>\n<div class=\"pvc_clear\"><\/div>\n<p><a href=\"http:\/\/obcanskymonitoring.cz\/wp-content\/uploads\/2016\/03\/svabova1.png\"><img loading=\"lazy\" class=\"alignnone size-medium wp-image-5303\" alt=\"svabova\" src=\"http:\/\/obcanskymonitoring.cz\/wp-content\/uploads\/2016\/03\/svabova1-250x300.png\" width=\"250\" height=\"300\" srcset=\"https:\/\/obcanskymonitoring.cz\/wp-content\/uploads\/2016\/03\/svabova1-250x300.png 250w, https:\/\/obcanskymonitoring.cz\/wp-content\/uploads\/2016\/03\/svabova1-856x1024.png 856w\" sizes=\"(max-width: 250px) 100vw, 250px\" \/><\/a><\/p>\n<p>P\u0159etiskujeme text Ing. arch. \u0160v\u00e1bov\u00e9 spolk\u016fm, na n\u011b\u017e se obrac\u00ed s \u017e\u00e1dost\u00ed o podporu n\u00e1vrhu zm\u011bn pam\u00e1tkov\u00e9ho z\u00e1kona. Pan\u00ed architektka se anga\u017eovala \u00a0v \u0159ad\u011b kl\u00ed\u010dov\u00fdch kauz, v nich\u017e se jednalo o ochranu v\u00fdznamn\u00fdch historick\u00fdch i urbanistick\u00fdch hodnot. Vedle t\u011bchto aktivit p\u0159ipravila n\u00e1vrh syst\u00e9mov\u00fdch zm\u011bn v pam\u00e1tkov\u00e9m z\u00e1kon\u011b, kter\u00e9 by vedly ke kvalitativn\u011b podstatn\u011b lep\u0161\u00ed ochran\u011b kulturn\u00edho d\u011bdictv\u00ed v \u010cR.<\/p>\n<p>Po\u017eadavky, kter\u00e9 pan\u00ed architektka formulovala, si dovol\u00edm rozd\u011blit na t\u0159i z\u00e1kladn\u00ed oblasti:<\/p>\n<ul>\n<li><strong>Zaveden\u00ed principu prostorov\u00e9 regulace<\/strong>. (Nechr\u00e1nit pouze individu\u00e1ln\u00ed historickou pam\u00e1tku, ale zohlednit i urbanistick\u00fd kontext. Tato d\u00edra v aktu\u00e1ln\u00edch z\u00e1konech umo\u017e\u0148uje investor\u016fm zcela znehodnotit nap\u0159. historick\u00e9 n\u00e1m\u011bst\u00ed v\u00fdstavbou zcela nevhodn\u00e9ho objektu.<\/li>\n<li><strong>Odstran\u011bn\u00ed dvojkolejnosti schvalov\u00e1n\u00ed staveb v pam\u00e1tkov\u011b chr\u00e1n\u011bn\u00fdch lokalit\u00e1ch<\/strong>. V mnoh\u00fdch kauz\u00e1ch, kter\u00fdmi jsme se zab\u00fdvali, jsme sv\u011bdky toho, \u017ee investor p\u0159iprav\u00ed zcela nevhodn\u00fd projekt z\u00e1stavby v pam\u00e1tkov\u00e9 rezervaci. N\u00e1rodn\u00ed pam\u00e1tkov\u00fd \u00fastav se vyj\u00e1d\u0159\u00ed k n\u00e1vrhu nesouhlasn\u011b a doporu\u010d\u00ed investorovi konkr\u00e9tn\u00ed \u00fapravy projektu. Nicm\u00e9n\u011b nakonec investor obdr\u017e\u00ed v\u0161echna pot\u0159ebn\u00e1 povolen\u00ed ke stavb\u011b, ani\u017e zapracuje by\u0165 i jen jedin\u00fd z po\u017eadavk\u016f.<\/li>\n<li><strong>Zv\u00fd\u0161en\u00ed mo\u017enost\u00ed participace ob\u010dan\u016f na stavebn\u00edch projektech<\/strong>. \u010cesk\u00e1 republika je soustavn\u011b kritizov\u00e1na ze strany Evropsk\u00e9 unie, \u017ee neumo\u017e\u0148uje sv\u00fdm ob\u010dan\u016fm p\u0159\u00edstup k informac\u00edm o pl\u00e1novan\u00fdch stavb\u00e1ch zp\u016fsobem, kter\u00fd je v zahrani\u010d\u00ed\u00a0obvykl\u00fd\u00a0. Mo\u017enost ovlivnit v\u00fdstavbu (i v urbanisticky nejcenn\u011bj\u0161\u00edch lokalit\u00e1ch) je pro ob\u010dany \u010cR velmi zna\u010dn\u011b omezena.<\/li>\n<\/ul>\n<p>&nbsp;<\/p>\n<p>Podn\u011bty pan\u00ed architekty \u0160v\u00e1bov\u00e9 na zm\u011bny pam\u00e1tkov\u00e9ho z\u00e1kona si m\u016f\u017eete p\u0159e\u010d\u00edst <a href=\"https:\/\/drive.google.com\/open?id=0B_q_a1M5hm2zWWFnMEY2UE5yaUk\">zde<\/a>. Vysv\u011btlivky k n\u00e1vrhu jsou uvedeny <a href=\"https:\/\/drive.google.com\/file\/d\/0B_q_a1M5hm2zWTlScWpUb2k5VDg\/view?usp=sharing\">zde<\/a>.<\/p>\n<p><a href=\"http:\/\/obcanskymonitoring.cz\">Ob\u010dansk\u00fd monitoring<\/a> tento n\u00e1vrh zm\u011bn pln\u011b podporuje a p\u0159ipojujeme se s prosbou o podporu.<\/p>\n<p>&nbsp;<\/p>\n<p>Pokud v\u00e1s tento n\u00e1vrh oslovil, napi\u0161te mi. Chceme oslovit s t\u011bmito n\u00e1vrhy poslance, budeme r\u00e1di, budeme-li moci mezi podporovatele t\u011bchto n\u00e1vrh\u016f uv\u00e9st i v\u00e1s \/ va\u0161e sdru\u017een\u00ed<\/p>\n<p>&nbsp;<\/p>\n<p><!--more--><\/p>\n<p>&nbsp;<\/p>\n<p>V\u00a0Roztok\u00e1ch, 15. 6. 2016<\/p>\n<p>&nbsp;<\/p>\n<p>V\u00e1\u017een\u00ed p\u0159edsedov\u00e9 spolk\u016f,<\/p>\n<p>&nbsp;<\/p>\n<p>Vl\u00e1da odeslala v\u00a0nezm\u011bn\u011bn\u00e9 podob\u011b n\u00e1vrh nov\u00e9ho pam\u00e1tkov\u00e9ho z\u00e1kona ministerstva \u0161kolstv\u00ed do parlamentu \u2013 neobvykle po\u010detn\u00e9 p\u0159ipom\u00ednky zohledn\u011bny nebyly. Na\u0161e asociace byla vyzv\u00e1na ke zpracov\u00e1n\u00ed p\u0159ipom\u00ednek k\u00a0ministersk\u00e9mu textu pro vedouc\u00edho poradc\u016f p\u0159edsedy vl\u00e1dy Dr. \u0160pidlu na po\u010d\u00e1tku roku 2015. Text p\u0159ipom\u00ednek jsme s\u00a0Dr. \u0160pidlou n\u011bkolikr\u00e1t osobn\u011b projednali. Bohu\u017eel se nepoda\u0159ilo dos\u00e1hnout projedn\u00e1n\u00ed ve vl\u00e1d\u011b \u2013 ministerstvo kultury vyu\u017eilo podivn\u00e9ho z\u00e1kona, umo\u017e\u0148uj\u00edc\u00edho instituc\u00edm v\u00fdb\u011br oponent\u016f p\u0159edem. Na\u0161e asociace pochopiteln\u011b vybr\u00e1na nebyla. 0dvolali jsme se k\u00a0Rad\u011b vl\u00e1dy pro neziskov\u00e9 nevl\u00e1dn\u00ed organizace \u2013 po dlouh\u00e9 dob\u011b jsme se dozv\u011bd\u011bli, \u017ee za dan\u00e9 legislativy n\u00e1m nemohou pomoci. V\u00a0sou\u010dasn\u00e9 dob\u011b se zam\u011b\u0159ujeme na informov\u00e1n\u00ed jednotliv\u00fdch poslanc\u016f o nedostatc\u00edch nov\u00e9ho z\u00e1kona a p\u0159ipom\u00ednk\u00e1ch nab\u00edzej\u00edc\u00edch \u0159e\u0161en\u00ed. <b>Usilujeme p\u0159edev\u0161\u00edm o ochranu architektonick\u00e9ho d\u011bdictv\u00ed (pam\u00e1tkov\u011b chr\u00e1n\u011bn\u00fdch \u00fazem\u00ed), kter\u00e1 v\u00a0z\u00e1kon\u011b chyb\u00ed, a o upevn\u011bn\u00ed participace ve\u0159ejnosti na projedn\u00e1v\u00e1n\u00ed investic ve m\u011bst\u011b na \u00farovni standardn\u00ed ve vysp\u011bl\u00fdch zem\u00edch.<\/b><\/p>\n<p>&nbsp;<\/p>\n<p><b>Architektonick\u00e9 d\u011bdictv\u00ed<\/b> je odli\u0161n\u00e9 od ostatn\u00edch hmotn\u00fdch pam\u00e1tek t\u00edm, \u017ee vytv\u00e1\u0159\u00ed \u017eivotn\u00ed prost\u0159ed\u00ed spole\u010dnosti. Historick\u00e1 m\u011bsta jsou \u017eivotn\u00edm prost\u0159ed\u00edm mimo\u0159\u00e1dn\u00fdch kvalit, kter\u00fdch dosud nebylo v\u00a0modern\u00ed z\u00e1stavb\u011b dosa\u017eeno. Uspokojuj\u00ed toti\u017e, na rozd\u00edl od m\u011bst modern\u00edch, nejen hygienick\u00e9 a technick\u00e9 po\u017eadavky sou\u010dasnosti, ale napl\u0148uj\u00ed i vrozen\u00e9 pot\u0159eby psychick\u00e9, fyziologick\u00e9 a estetick\u00e9, kter\u00e9 jsou lidem po celou dobu v\u00fdvoje civilizace vlastn\u00ed, kter\u00e9 by m\u011bly b\u00fdt i v\u00a0modern\u00edm urbanismu rovnocenn\u00fdm zp\u016fsobem zohledn\u011bny, st\u00e1t se inspirac\u00ed a v\u00fdzvou. Historick\u00e1 m\u011bsta nejsou pouze kulturn\u00edmi pam\u00e1tkami, poutem s\u00a0minulost\u00ed, ale p\u0159edev\u0161\u00edm \u017eivotn\u00edm prost\u0159ed\u00edm sou\u010dasn\u00e9 spole\u010dnosti mimo\u0159\u00e1dn\u00fdch hodnot. Proto usilujeme ve sv\u00fdch p\u0159ipom\u00ednk\u00e1ch z\u00e1rove\u0148 o dosa\u017een\u00ed mo\u017enosti<b> participace ve\u0159ejnosti<\/b> p\u0159inejmen\u0161\u00edm na \u00farovni, kterou m\u00e1 v\u00a0z\u00e1kon\u011b ochrana \u017eivotn\u00edho prost\u0159ed\u00ed p\u0159edstavovan\u00e9ho p\u0159\u00edrodou a krajinou.<\/p>\n<p>&nbsp;<\/p>\n<p>Ve star\u00e9m pam\u00e1tkov\u00e9m z\u00e1kon\u011b i v\u00a0n\u00e1vrhu nov\u00e9ho chyb\u00ed \u201epam\u00e1tkov\u00fd urbanismus.\u201c Relativn\u011b dob\u0159e jsou o\u0161et\u0159eny jednotliv\u00e9 registrovan\u00e9 pam\u00e1tky ve sv\u00e9 fyzick\u00e9 podstat\u011b, relativn\u011b proto, \u017ee z\u00e1kon a nezn\u00e1 ochranu prostoru, kter\u00fd k\u00a0nim pat\u0159\u00ed, je jejich sou\u010d\u00e1st\u00ed. Nezab\u00fdv\u00e1 se nechr\u00e1n\u011bn\u00fdm stavebn\u00edm fondem, kter\u00fd vytv\u00e1\u0159\u00ed v\u011bt\u0161inu z\u00e1stavby chr\u00e1n\u011bn\u00fdch \u00fazem\u00ed a rovnocenn\u011b s\u00a0registrovan\u00fdmi pam\u00e1tkami se pod\u00edl\u00ed na jeho hodnot\u011b, tvo\u0159\u00ed s\u00a0nimi ned\u011bliteln\u00fd celek \u2013 v\u00a0pozitivn\u00edm i v\u00a0negativn\u00edm smyslu. V\u00a0chr\u00e1n\u011bn\u00fdch \u00fazem\u00edch jsou v\u017edy kompozi\u010dn\u011b vhodn\u00e9 objekty i objekty po\u0161kozuj\u00edc\u00ed kompozici celku, po\u0161kozuj\u00edc\u00ed dominanty i jednotliv\u00e9 pam\u00e1tky. Z\u00e1kon nem\u00e1 kl\u00ed\u010d k hodnocen\u00ed nechr\u00e1n\u011bn\u00e9 z\u00e1stavby a stejn\u011b tak nem\u00e1 krit\u00e9ria pro posuzov\u00e1n\u00ed novostaveb, kter\u00e9 do historick\u00fdch m\u011bst vstupuj\u00ed. Zp\u016fsob pam\u00e1tkov\u00e9 ochrany je ponech\u00e1n na jednotliv\u00fdch \u00fa\u0159edn\u00edc\u00edch s\u00a0velmi r\u016fznou odbornou \u00farovn\u00ed. Za t\u00e9to situace vznikaj\u00ed kontroverzn\u00ed n\u00e1vrhy a projekty novostaveb v\u00a0pam\u00e1tkov\u00fdch \u00fazem\u00edch, kter\u00e9 vyvol\u00e1vaj\u00ed bou\u0159liv\u00e9 protesty ve\u0159ejnosti. Uve\u010fme n\u011bkolik p\u0159\u00edpad\u016f ze sou\u010dasnosti: ledn\u00ed medv\u011bd v\u00a0Dejvic\u00edch, budova spole\u010dnosti Lordship na Letn\u00e9, mar\u0161meloun v\u00a0are\u00e1lu sv. Ane\u017eky \u010cesk\u00e9, hroz\u00ed megalomansk\u00fd projekt z\u00e1stavby uvoln\u011bn\u00fdch ploch u Masarykova n\u00e1dra\u017e\u00ed \u2013 mohli bychom pokra\u010dovat d\u00e1le, nejde jen o Prahu. Nedostatku z\u00e1kona vyu\u017e\u00edvaj\u00ed zi\u0161tn\u00ed develope\u0159i, na\u0161e odborn\u00e9 elity (NP\u00da, pam\u00e1tkov\u00fd odbor magistr\u00e1tu) i jednotliv\u00ed \u201eznalci\u201c selh\u00e1vaj\u00ed.<\/p>\n<p>&nbsp;<\/p>\n<p>Dal\u0161\u00edm na\u0161\u00edm t\u00e9matem v\u00a0p\u0159ipom\u00ednk\u00e1ch bylo upevn\u011bn\u00ed role ve\u0159ejnosti p\u0159i schvalov\u00e1n\u00ed investic ve m\u011bstech. Pam\u00e1tkov\u00fd z\u00e1kon n\u00e1s elegantn\u011b vylu\u010duje nov\u011b umo\u017en\u011bnou diskus\u00ed s\u00a0pam\u00e1tkov\u00fdm \u00fastavem. Ten m\u00e1 zat\u00edm pouze roli poradn\u00ed, tak\u017ee bychom byli prakticky z\u00a0\u00fa\u010dasti na rozhodov\u00e1n\u00ed o m\u011bst\u011b vylou\u010deni. Nov\u00fd stavebn\u00ed z\u00e1kon ve\u0159ejnost rovn\u011b\u017e nepos\u00edlil. \u00da\u010dast ve\u0159ejnosti m\u00e1 v\u00a0dne\u0161n\u00ed rozporupln\u00e9 dob\u011b mimo\u0159\u00e1dn\u00fd v\u00fdznam \u2013 m\u011bsto je p\u0159edev\u0161\u00edm \u017eivotn\u00edm prost\u0159ed\u00edm v\u0161ech vrstev spole\u010dnosti. Lid\u00e9 si v\u00a0naprost\u00e9 v\u011bt\u0161in\u011b zachov\u00e1vaj\u00ed p\u0159irozen\u00fd zp\u016fsob vn\u00edm\u00e1n\u00ed sv\u00e9ho prost\u0159ed\u00ed v\u00a0\u0161ir\u0161\u00edm kontextu. Poznaj\u00ed, \u201e\u017ee se to tam nehod\u00ed\u201c, zat\u00edm co \u201epou\u010den\u00e9 elity\u201c se nadm\u011brn\u011b zam\u011b\u0159uj\u00ed na jednotliv\u00e9 objekty, jejich zam\u011b\u0159en\u00ed na r\u016fzn\u00e9 n\u00e1zorov\u00e9 sm\u011bry jim br\u00e1n\u00ed v\u00a0p\u0159irozen\u00e9m vn\u00edm\u00e1n\u00ed prost\u0159ed\u00ed, kter\u00e9 v\u017edy zahrnuje \u0161ir\u0161\u00ed celky. Kontext nelze zru\u0161it, nem\u016f\u017eeme si zvykat na architekturu bezohlednou ke sv\u00e9mu okol\u00ed. \u017divot v\u00a0prost\u0159ed\u00ed, kter\u00e9 je v\u00a0rozporu s\u00a0na\u0161imi vrozen\u00fdmi psychick\u00fdmi pot\u0159ebami, vyvol\u00e1v\u00e1 stres, pocit odcizen\u00ed \u2013 je p\u0159\u00ed\u010dinou \u010detn\u00fdch psychick\u00fdch poruch.<\/p>\n<p>&nbsp;<\/p>\n<p>V\u00a0p\u0159\u00edloze V\u00e1m zas\u00edl\u00e1me stru\u010dn\u00fd text p\u0159ipom\u00ednek, se kter\u00fdm seznamujeme podle mo\u017enosti poslance. Velmi bychom uv\u00edtali, kdybyste se s\u00a0na\u0161\u00edm textem sezn\u00e1mili a v\u00a0p\u0159\u00edpad\u011b, \u017ee se s\u00a0n\u00edm ztoto\u017en\u00edte, se k\u00a0n\u00e1m p\u0159ipojili p\u00edsemn\u011b vyj\u00e1d\u0159en\u00fdm souhlasem. Pokud byste m\u011bli z\u00e1jem, nab\u00edz\u00edme hlub\u0161\u00ed vysv\u011btlen\u00ed a diskusi.<\/p>\n<p>&nbsp;<\/p>\n<p>Se srde\u010dn\u00fdm pozdravem vespolek<\/p>\n<p>&nbsp;<\/p>\n<p>&nbsp;<\/p>\n<p>&nbsp;<\/p>\n<p>ASORKD<\/p>\n<p>Ing. Arch. Marie \u0160v\u00e1bov\u00e1<\/p>\n<p>&nbsp;<\/p>\n<p>&nbsp;<\/p>\n<p><a href=\"https:\/\/drive.google.com\/file\/d\/0B_q_a1M5hm2zWWFnMEY2UE5yaUk\/view?usp=sharing\">P\u0159\u00edloha: P\u0159ipom\u00ednky k\u00a0n\u00e1vrhu nov\u00e9ho pam\u00e1tkov\u00e9ho z\u00e1kona<\/a><\/p>\n<p>&nbsp;<\/p>\n<div data-counters='1' data-style='square' data-size='regular' data-url='https:\/\/obcanskymonitoring.cz\/?p=5557' data-title='Arch. \u0160v\u00e1bov\u00e1: Dopis spolk\u016fm ve v\u011bci pam\u00e1tkov\u00e9ho z\u00e1kona' class='linksalpha_container linksalpha_app_3'><a href='\/\/www.linksalpha.com\/share?network='facebook' class='linksalpha_icon_facebook'><\/a><a href='\/\/www.linksalpha.com\/share?network='twitter' class='linksalpha_icon_twitter'><\/a><a href='\/\/www.linksalpha.com\/share?network='googleplus' class='linksalpha_icon_googleplus'><\/a><a href='\/\/www.linksalpha.com\/share?network='mail' class='linksalpha_icon_mail'><\/a><\/div><div data-position='' data-url='https:\/\/obcanskymonitoring.cz\/?p=5557' data-title='Arch. \u0160v\u00e1bov\u00e1: Dopis spolk\u016fm ve v\u011bci pam\u00e1tkov\u00e9ho z\u00e1kona' class='linksalpha_container linksalpha_app_7'><a href='\/\/www.linksalpha.com\/share?network='facebook' class='linksalpha_icon_facebook'><\/a><a href='\/\/www.linksalpha.com\/share?network='twitter' class='linksalpha_icon_twitter'><\/a><a href='\/\/www.linksalpha.com\/share?network='googleplus' class='linksalpha_icon_googleplus'><\/a><a href='\/\/www.linksalpha.com\/share?network='mail' class='linksalpha_icon_mail'><\/a><\/div>","protected":false},"excerpt":{"rendered":"<p>&nbsp;1,958&nbsp;total views P\u0159etiskujeme text Ing. arch. \u0160v\u00e1bov\u00e9 spolk\u016fm, na n\u011b\u017e se obrac\u00ed s \u017e\u00e1dost\u00ed o podporu n\u00e1vrhu zm\u011bn pam\u00e1tkov\u00e9ho z\u00e1kona. Pan\u00ed architektka se anga\u017eovala \u00a0v \u0159ad\u011b kl\u00ed\u010dov\u00fdch kauz, v nich\u017e se jednalo o ochranu v\u00fdznamn\u00fdch historick\u00fdch i urbanistick\u00fdch hodnot. Vedle t\u011bchto aktivit p\u0159ipravila n\u00e1vrh syst\u00e9mov\u00fdch zm\u011bn v pam\u00e1tkov\u00e9m z\u00e1kon\u011b, kter\u00e9 by vedly ke kvalitativn\u011b podstatn\u011b [&hellip;]<\/p>\n","protected":false},"author":2,"featured_media":0,"comment_status":"open","ping_status":"open","sticky":true,"template":"","format":"standard","meta":[],"categories":[39,23,11,9],"tags":[],"_links":{"self":[{"href":"https:\/\/obcanskymonitoring.cz\/index.php?rest_route=\/wp\/v2\/posts\/5557"}],"collection":[{"href":"https:\/\/obcanskymonitoring.cz\/index.php?rest_route=\/wp\/v2\/posts"}],"about":[{"href":"https:\/\/obcanskymonitoring.cz\/index.php?rest_route=\/wp\/v2\/types\/post"}],"author":[{"embeddable":true,"href":"https:\/\/obcanskymonitoring.cz\/index.php?rest_route=\/wp\/v2\/users\/2"}],"replies":[{"embeddable":true,"href":"https:\/\/obcanskymonitoring.cz\/index.php?rest_route=%2Fwp%2Fv2%2Fcomments&post=5557"}],"version-history":[{"count":0,"href":"https:\/\/obcanskymonitoring.cz\/index.php?rest_route=\/wp\/v2\/posts\/5557\/revisions"}],"wp:attachment":[{"href":"https:\/\/obcanskymonitoring.cz\/index.php?rest_route=%2Fwp%2Fv2%2Fmedia&parent=5557"}],"wp:term":[{"taxonomy":"category","embeddable":true,"href":"https:\/\/obcanskymonitoring.cz\/index.php?rest_route=%2Fwp%2Fv2%2Fcategories&post=5557"},{"taxonomy":"post_tag","embeddable":true,"href":"https:\/\/obcanskymonitoring.cz\/index.php?rest_route=%2Fwp%2Fv2%2Ftags&post=5557"}],"curies":[{"name":"wp","href":"https:\/\/api.w.org\/{rel}","templated":true}]}}