{"id":5567,"date":"2016-06-29T08:15:34","date_gmt":"2016-06-29T08:15:34","guid":{"rendered":"http:\/\/obcanskymonitoring.cz\/?p=5567"},"modified":"2016-06-29T10:45:34","modified_gmt":"2016-06-29T10:45:34","slug":"petr-jesatko-reakce-na-porad-nedej-se-plus-o-narodnim-parku-sumava","status":"publish","type":"post","link":"https:\/\/obcanskymonitoring.cz\/?p=5567","title":{"rendered":"Petr Je\u0161\u00e1tko: Reakce na po\u0159ad Nedej se plus o N\u00e1rodn\u00edm parku \u0160umava"},"content":{"rendered":"<div class=\"pvc_clear\"><\/div>\n<p class=\"pvc_stats total_only \" data-element-id=\"5567\" style=\"\"><i class=\"pvc-stats-icon medium\" aria-hidden=\"true\"><svg xmlns=\"http:\/\/www.w3.org\/2000\/svg\" version=\"1.0\" viewBox=\"0 0 502 315\" preserveAspectRatio=\"xMidYMid meet\"><g transform=\"translate(0,332) scale(0.1,-0.1)\" fill=\"\" stroke=\"none\"><path d=\"M2394 3279 l-29 -30 -3 -207 c-2 -182 0 -211 15 -242 39 -76 157 -76 196 0 15 31 17 60 15 243 l-3 209 -33 29 c-26 23 -41 29 -80 29 -41 0 -53 -5 -78 -31z\"\/><path d=\"M3085 3251 c-45 -19 -58 -50 -96 -229 -47 -217 -49 -260 -13 -295 52 -53 146 -42 177 20 16 31 87 366 87 410 0 70 -86 122 -155 94z\"\/><path d=\"M1751 3234 c-13 -9 -29 -31 -37 -50 -12 -29 -10 -49 21 -204 19 -94 39 -189 45 -210 14 -50 54 -80 110 -80 34 0 48 6 76 34 21 21 34 44 34 59 0 14 -18 113 -40 219 -37 178 -43 195 -70 221 -36 32 -101 37 -139 11z\"\/><path d=\"M1163 3073 c-36 -7 -73 -59 -73 -102 0 -56 133 -378 171 -413 34 -32 83 -37 129 -13 70 36 67 87 -16 290 -86 209 -89 214 -129 231 -35 14 -42 15 -82 7z\"\/><path d=\"M3689 3066 c-15 -9 -33 -30 -42 -48 -48 -103 -147 -355 -147 -375 0 -98 131 -148 192 -74 13 15 57 108 97 206 80 196 84 226 37 273 -30 30 -99 39 -137 18z\"\/><path d=\"M583 2784 c-38 -19 -67 -74 -58 -113 9 -42 211 -354 242 -373 16 -10 45 -18 66 -18 51 0 107 52 107 100 0 39 -1 41 -124 234 -80 126 -108 162 -133 173 -41 17 -61 16 -100 -3z\"\/><path d=\"M4250 2784 c-14 -9 -74 -91 -133 -183 -95 -150 -107 -173 -107 -213 0 -55 33 -94 87 -104 67 -13 90 8 211 198 130 202 137 225 78 284 -27 27 -42 34 -72 34 -22 0 -50 -8 -64 -16z\"\/><path d=\"M2275 2693 c-553 -48 -1095 -270 -1585 -649 -135 -104 -459 -423 -483 -476 -23 -49 -22 -139 2 -186 73 -142 361 -457 571 -626 285 -228 642 -407 990 -497 242 -63 336 -73 660 -74 310 0 370 5 595 52 535 111 1045 392 1455 803 122 121 250 273 275 326 19 41 19 137 0 174 -41 79 -309 363 -465 492 -447 370 -946 591 -1479 653 -113 14 -422 18 -536 8z m395 -428 c171 -34 330 -124 456 -258 112 -119 167 -219 211 -378 27 -96 24 -300 -5 -401 -72 -255 -236 -447 -474 -557 -132 -62 -201 -76 -368 -76 -167 0 -236 14 -368 76 -213 98 -373 271 -451 485 -162 444 86 934 547 1084 153 49 292 57 452 25z m909 -232 c222 -123 408 -262 593 -441 76 -74 138 -139 138 -144 0 -16 -233 -242 -330 -319 -155 -123 -309 -223 -461 -299 l-81 -41 32 46 c18 26 49 83 70 128 143 306 141 649 -6 957 -25 52 -61 116 -79 142 l-34 47 45 -20 c26 -10 76 -36 113 -56z m-2057 25 c-40 -58 -105 -190 -130 -263 -110 -324 -59 -707 132 -981 25 -35 42 -64 37 -64 -19 0 -241 119 -326 174 -188 122 -406 314 -532 468 l-58 71 108 103 c185 178 428 349 672 473 66 33 121 60 123 61 2 0 -10 -19 -26 -42z\"\/><path d=\"M2375 1950 c-198 -44 -350 -190 -395 -379 -18 -76 -8 -221 19 -290 114 -284 457 -406 731 -260 98 52 188 154 231 260 27 69 37 214 19 290 -38 163 -166 304 -326 360 -67 23 -215 33 -279 19z\"\/><\/g><\/svg><\/i> &nbsp;1,479&nbsp;total views<\/p>\n<div class=\"pvc_clear\"><\/div>\n<p><a href=\"http:\/\/obcanskymonitoring.cz\/wp-content\/uploads\/2014\/09\/Jesatko.jpg\"><img loading=\"lazy\" class=\"alignnone size-full wp-image-3017\" alt=\"Jesatko\" src=\"http:\/\/obcanskymonitoring.cz\/wp-content\/uploads\/2014\/09\/Jesatko.jpg\" width=\"287\" height=\"167\" \/><\/a><\/p>\n<p>P\u0159etiskujeme p\u0159\u00edsp\u011bvek <a href=\"http:\/\/obcanskymonitoring.cz\/?page_id=3014\">Petra Je\u0161\u00e1tka<\/a>, b\u00fdval\u00e9ho vrchn\u00edho lesn\u00edho inspektora N\u00e1rodn\u00edho parku \u0160umava. Po\u0159ad, na kter\u00fd pan Je\u0161\u00e1tko reaguje, si \u00a0m\u016f\u017eete p\u0159ehr\u00e1t zde: \u00a0<a href=\"  http:\/\/www.ceskatelevize.cz\/porady\/10782831463-nedej-se-plus\/216562248410021-otevreno-nebo-zavreno\/\">Nedej se plus: Otev\u0159eno nebo zav\u0159eno?<\/a><\/p>\n<p><!--more--><\/p>\n<p>Se z\u00e1jmem jsem se pod\u00edval na <a href=\"  http:\/\/www.ceskatelevize.cz\/porady\/10782831463-nedej-se-plus\/216562248410021-otevreno-nebo-zavreno\/\">Nedej se plus: Otev\u0159eno nebo zav\u0159eno?<\/a>\u00a0a zaujal mne n\u00e1zor sou\u010dasn\u00e9ho \u0159editele Mgr. Pavla Huben\u00e9ho a jeho n\u00e1m\u011bstka pro lesy Ing Jana Kozla, t\u00fdkaj\u00edc\u00ed se ve\u0159ejn\u00fdch zak\u00e1zek a ekonomiky organizace <a href=\"http:\/\/www.nps.cz\/\">N\u00e1rodn\u00edho parku \u0160umava<\/a>. P\u0159ekvapuje mne v\u00fdmluva \u0159editele, \u017ee bylo jin\u00e9 veden\u00ed. Byl jin\u00fd pouze \u0159editel, jeho n\u00e1m\u011bstci byli Huben\u00fd a Kozel. Sou\u010dasn\u00fd \u0159editel byl n\u00e1m\u011bstkem v\u0161ech, \u010dasto se st\u0159\u00eddaj\u00edc\u00edch \u0159editel\u016f, a tedy nese za mnoh\u00e9 dobr\u00e9 i \u0161patn\u00e9 v\u011bci spoluodpov\u011bdnost. N\u00e1m\u011bstek Kozel byl ji\u017e jednou jmenov\u00e1n &#8211; M\u00e1nkem a n\u00e1sledn\u011b byl \u0159editelem Pavl\u00ed\u010dkem odvol\u00e1n pro nedostatky. Po zm\u011bn\u011b veden\u00ed (po jmenov\u00e1n\u00ed M\u00e1nka \u0159editelem) byl op\u011bt do funkce jmenov\u00e1n a vykon\u00e1v\u00e1 ji dosud. Pod\u00edvejte se, jak vypadal p\u0159\u00edstup b\u00fdval\u00e9ho veden\u00ed ing.Franti\u0161ka Krej\u010d\u00edho a jeho n\u00e1m\u011bstka pro lesy Ing. Tom\u00e1\u0161e Faita je\u0161t\u011b v r.2010 <a href=\"http:\/\/www.ceskatelevize.cz\/porady\/1129337346-pridej-se\/210562248410023\/\">Po\u0159ad \u010cT 2 Nedej se &#8211; Minitendry<\/a>, za kter\u00fd spr\u00e1va N\u00e1rodn\u00edho parku \u0160umava dostala ocen\u011bn\u00ed. A pros\u00edm porovnejte se sou\u010dasn\u00fdm p\u0159\u00edstupem k mal\u00fdm podnikatel\u016fm.<br \/>\nZaujalo mne v prvn\u00edm po\u0159adu i vyj\u00e1d\u0159en\u00ed sou\u010dasn\u00e9ho \u0159editele, \u017ee v Parku je dnes kapitalistick\u00e9 prost\u0159ed\u00ed a nikoliv socialistick\u00e9. Trouf\u00e1m si \u0159\u00edci, \u017ee jsou tam prost\u0159ed\u00ed ob\u011b. Pro ty, kte\u0159\u00ed jako mal\u00ed podnikatel\u00e9, tedy OSV\u010c pracuj\u00ed, je opravdu a\u017e ran\u011b kapitalistick\u00e9, kter\u00e9 nem\u00e1 s prosperitou nic spole\u010dn\u00e9ho a pro \u0159adu jin\u00fdch, v\u010detn\u011b \u010d\u00e1sti \u00fa\u0159edn\u00edk\u016f, je socialistick\u00e9, ba dokonce v\u00a0jist\u00fdch ohledech i v\u00edce socialistick\u00e9, ne\u017e bylo p\u0159ed rokem 1989. Dovolte, abych uvedl n\u011bkolik fakt\u016f z\u00a0mnoha:<br \/>\nPan \u0159editel \u0159\u00edk\u00e1, \u017ee se mus\u00ed chovat ekonomicky, ov\u0161em navrhuje sn\u00ed\u017een\u00ed &#8211; za \u0159editele Ing. Krej\u010d\u00edho spolu s n\u00e1m\u011bstkyn\u00ed RNDr. K\u0159enovou navrhoval roz\u0161\u00ed\u0159en\u00ed \u00a0bezz\u00e1sahov\u00e9ho \u00fazem\u00ed ze 30 % na 23 % se z\u00e1kazem roz\u0161i\u0159ov\u00e1n\u00ed do r.2030). Podle Pl\u00e1nu p\u00e9\u010de platn\u00e9ho do r. 2010 m\u011blo b\u00fdt v tomto roce dosa\u017eeno 50 % bezz\u00e1sahovosti. Tedy na 77 % \u00fazem\u00ed n\u00e1rodn\u00edho parku chce hospoda\u0159it jako v lese hospod\u00e1\u0159sk\u00e9m,v\u010detn\u011b pou\u017e\u00edv\u00e1n\u00ed t\u011b\u017ek\u00e9 techniky a dokonce nezales\u0148ov\u00e1n\u00ed holin, omezen\u00ed v\u00fdsadby listnat\u00fdch sazenic a jedle atd, \u00a0viz po\u0159ad \u010cT 2 <a href=\"http:\/\/www.ceskatelevize.cz\/porady\/10782831463-nedej-se-plus\/215562248410025-sumava-klid-pred-bouri\/\">\u0160umava Klid p\u0159ed bou\u0159\u00ed od 11 minuty<\/a>. Z\u00e1rove\u0148 m\u00e1 k dispozici <a href=\"http:\/\/obcanskymonitoring.cz\/?p=5020\">studii EFTEC<\/a>, kter\u00e1 uv\u00e1d\u00ed, \u017ee p\u0159\u00edpadn\u00e9 roz\u0161i\u0159ov\u00e1n\u00ed bezz\u00e1sahov\u00e9ho \u00fazem\u00ed a t\u00edm roz\u0161i\u0159ov\u00e1n\u00ed skute\u010dn\u00e9ho n\u00e1rodn\u00edho parku p\u0159inese v\u00edce ne\u017e 44 miliard K\u010d ro\u010dn\u011b, co\u017e \u017e\u00e1dn\u00fd zp\u016fsob \u201eekonomick\u00e9ho drancov\u00e1n\u00ed \u0160umavy t\u011b\u017ebou\u201c nep\u0159inese.<br \/>\nCh\u00e1pu, \u017ee pan \u0159editel se nikdy jako n\u00e1m\u011bstek pro CHKO ekonomikou nezab\u00fdval: zn\u00e1m ho 25 let a oba v\u00edme, jak je to v tomto p\u0159\u00edpad\u011b s jeho znalostmi. Nechci mu p\u0159ipom\u00ednat moje \u0161et\u0159en\u00ed, jako vrchn\u00edho lesn\u00edho inspektora v t\u00e9 dob\u011b. Mohl by v\u0161ak pochopit, \u017ee se d\u00e1 organizace \u0159\u00eddit racion\u00e1ln\u011b a dokonce nemus\u00ed rabovat les, ani po\u017eadovat <a href=\"https:\/\/drive.google.com\/open?id=0B_q_a1M5hm2zYlc2NGV5MFZvTVk\">zv\u00fd\u0161en\u00e9 dotace<\/a>. Doporu\u010dovali jsme mu, i panu ministrovi vyvodit trestn\u00ed odpov\u011bdnost nap\u0159. za nez\u00e1konou t\u011b\u017ebu na Pta\u010d\u00edm potoce v r. 2011 za v\u00edce ne\u017e 8 mil. K\u010d, viz \u010dl\u00e1nek <a href=\"http:\/\/obcanskymonitoring.cz\/?p=2575\">N\u00e1rodn\u00ed park \u0160umava zaplatil za neleg\u00e1ln\u00ed z\u00e1sah p\u0159es 8 milion\u016f korun<\/a>. Odpov\u011bdnost nevyvodil a naopak dokonce \u00fazem\u00ed vy\u0159adil z bezz\u00e1sahovosti, i kdy\u017e spolu se svou kolegyn\u00ed \u010c\u00ed\u017ekovou napsal kdysi velice p\u011bkn\u00fd \u010dl\u00e1nek o tomto cenn\u00e9m \u00fazem\u00ed. Paradoxem je, \u017ee ti, kdo neopr\u00e1vn\u011bn\u00fd z\u00e1sah \u0159\u00eddili, dostali nejv\u011bt\u0161\u00ed odm\u011bnu od n\u00e1m\u011bstka Kozla.<br \/>\nCo takhle \u0159e\u0161it a po\u017eadovat trestn\u00ed i hmotnou odpov\u011bdnost za na\u010derno postaven\u00e9 rozhledny, za &#8220;fotopointy&#8221;, za hospodu na B\u0159ezn\u00edku s vybaven\u00edm za miliony, za <a href=\"https:\/\/drive.google.com\/open?id=0B_q_a1M5hm2zY04wNDlmcUQwbTQ\">nepoveden\u00fd projekt &#8220;n\u00e1vratu chladnokrevn\u00fdch kon\u00ed na \u0160umavu&#8221;<\/a>?<br \/>\nNe\u0161kodilo by se pod\u00edvat ani na to, jak byly vyu\u017eity dotace na biodiverzitu ekosyst\u00e9m\u016f, tedy v\u00edce ne\u017e \u010dtvrt miliardy, viz p\u0159\u00edloha <a href=\"http:\/\/ekolist.cz\/cz\/publicistika\/nazory-a-komentare\/lukas-cizek-bujary-zeleny-vecirek-aneb-jak-skoncily-evropske-miliardy-urcene-k-podpore-biodiverzity\">dotace na Biodiverzitu<\/a>. Rozhodn\u011b d\u0159\u00edve, ne\u017e podobnou kontrolu provede NK\u00da \u010di jin\u00fd kontroln\u00ed \u00fa\u0159ad.<br \/>\nNe\u0161kodilo y pod\u00edvat se na n\u00e1klady na \u201emyslivost\u201c \u00a0v n\u00e1rodn\u00edm parku, kde n\u00e1klady od r. 1999 do r. 2014 byly necel\u00fdch 95 milion\u016f K\u010d. A z toho je ro\u010dn\u011b vypl\u00e1ceno jako z\u00e1st\u0159eln\u00e9 zam\u011bstnanc\u016fm parku skoro 1 milion K\u010d. Jak uv\u00e1d\u00ed dnes ji\u017e propu\u0161t\u011bn\u00fd zoolog, \u0161kody na biodiverzit\u011b by se sn\u00ed\u017eily na minimum a sta\u010dil by n\u00e1vrat, tedy <a href=\"https:\/\/drive.google.com\/open?id=0B_q_a1M5hm2zUWxRaE1lQlE4bm8\">vysazen\u00ed vlka do ekosyst\u00e9mu<\/a>. Tak, jako se to p\u0159ed z\u0159\u00edzen\u00edm parku povedlo u rysa lesn\u00edk\u016fm a dobrovoln\u00fdm ochran\u00e1\u0159\u016fm. A z\u00e1rove\u0148 by se u\u0161et\u0159ily des\u00edtky milion\u016f K\u010d.<br \/>\nV neposledn\u00ed \u0159ad\u011b by bylo dobr\u00e9 se pod\u00edvat i na vyu\u017eit\u00ed \u201elidsk\u00fdch zdroj\u016f\u201c, tedy vlastn\u00edch pracovn\u00edk\u016f organizace. P\u0159edchoz\u00ed \u0159editel pan M\u00e1nek, p\u0159esto\u017ee v\u011bd\u011bl, \u017ee n\u00e1rodn\u00ed park m\u00e1 skv\u011ble vybavenou truhl\u00e1\u0159skou d\u00edlnu, zadal v\u00fdrobu pouta\u010d\u016f firm\u011b pana ministra Babi\u0161e, WOTAN FOREST, viz \u010dl\u00e1nek <a href=\"http:\/\/obcanskymonitoring.cz\/?p=1924\">Tutovka \ud83d\ude42 \u0160umavsk\u00fd n\u00e1rodn\u00ed park si objednal v\u00fdrobu cedul\u00ed za milion<\/a>. Obdobn\u00e9 zak\u00e1zky, kter\u00e9 v n\u011bkter\u00fdch p\u0159\u00edpadech ukazuj\u00ed na naprosto neracion\u00e1ln\u00ed a neekonomick\u00e9 \u0159\u00edzen\u00ed, v\u010detn\u011b mo\u017en\u00fdch vazeb na kamar\u00e1dy a dokonce rodinn\u00e9 p\u0159\u00edslu\u0161n\u00edky, najdeme zde, viz <a href=\"http:\/\/opendata.npsumava.cz\/\">ve\u0159ejn\u011b p\u0159\u00edstupn\u00fd port\u00e1l Zve\u0159ejn\u011bn\u00ed smluv a faktur<\/a>.<\/p>\n<p>I vyu\u017eit\u00ed lesn\u00edho person\u00e1lu p\u0159i st\u00e1le se sni\u017euj\u00edc\u00edch \u00fakolech je tristn\u00ed &#8211; \u00a0v porovn\u00e1n\u00ed nap\u0159. s vedlej\u0161\u00edmi VLS, Divize Horn\u00ed Plan\u00e1. Na stejn\u00e9 \u00fakoly \u010di sp\u00ed\u0161e ni\u017e\u0161\u00ed m\u011bl v r. 2008 n\u00e1rodn\u00ed park 63 lesn\u00edk\u016f, vojensk\u00e9 lesy pouze 19, viz P\u0159\u00edloha &#8211; <a href=\"https:\/\/drive.google.com\/open?id=0B_q_a1M5hm2zNzdUM1BiaVJjVm8\">vyu\u017eit\u00ed lidsk\u00fdch zdroj\u016f<\/a>. Dokonce v lo\u0148sk\u00e9m roce \u00fakoly v parku klesly v obnov\u011b lesa o dal\u0161\u00edch 70 ha po\u010dtu vysazen\u00fdch sazenic na pouh\u00fdch 372 tis\u00edc a t\u011b\u017eba o 20 tis\u00edc m3.<\/p>\n<p>Mohl bych uv\u00e1d\u011bt \u0159adu dal\u0161\u00edch fakt\u016f, ale to nen\u00ed c\u00edlem. \u017div\u00ed mne m\u016fj penzion, tak\u017ee rozhodn\u011b nen\u00ed m\u00fdm c\u00edlem se vracet ve sv\u00fdch 70 letech, t\u011b\u017ece nemocn\u00e9 man\u017eelce, kter\u00e1 vy\u017eaduje ji\u017e p\u0159es rok o\u0161et\u0159ov\u00e1n\u00ed 24 hod. denn\u011b zp\u011bt do t\u00e9to organizace, jak \u00fadajn\u011b pan \u0159editel zd\u016fvod\u0148uje moji kritiku. Dob\u0159e v\u00ed, \u017ee jsem ho p\u0159ed i po jmenov\u00e1n\u00ed \u0159editelem na v\u011bt\u0161inu v\u011bci upozor\u0148oval. Ov\u0161em, jak prohl\u00e1sil loni na setk\u00e1n\u00ed s nevl\u00e1dn\u00edmi organizacemi ve Vimperku: \u201enechce trhat ot\u011b\u017eemi na druhou stranu ne\u017e p\u0159edchoz\u00ed M\u00e1nek\u201c (mohu dolo\u017eit z\u00e1pis). Pak ov\u0161em vyvst\u00e1v\u00e1 ot\u00e1zka, pro\u010d byl Str\u00e1sk\u00fd a M\u00e1nek odvol\u00e1v\u00e1ni ? Byl to op\u011bt jenom politick\u00fd tane\u010dek politik\u016f z r\u016fzn\u00fdch politick\u00fdch stran a podnikatelsk\u00fdch skupin, jak ji\u017e po n\u011bkolik\u00e1te informuje <a href=\"http:\/\/obcanskymonitoring.cz\/?p=4631\">Zpr\u00e1va BIS<\/a>. Mo\u017en\u00e1 i to je jeden z d\u016fvod\u016f, pro\u010d se schopn\u00ed, zku\u0161en\u00ed a kvalifikovan\u00ed zam\u011bstnanci necht\u011bj\u00ed \u00a0po sv\u00e9m vyhozen\u00ed \u0159editelem Str\u00e1sk\u00fdm a M\u00e1nkem, vr\u00e1tit zp\u011bt do t\u00e9to organizace.<\/p>\n<p>&nbsp;<\/p>\n<p><a href=\"http:\/\/obcanskymonitoring.cz\/?page_id=3014\">Petr Je\u0161\u00e1tko st.<\/a>\u00a0(Autor je b\u00fdval\u00fd vrchn\u00ed lesn\u00ed inspektor N\u00e1rodn\u00edho parku \u0160umava, nyn\u00ed v d\u016fchodu).\u00a0<a href=\"http:\/\/www.ceskatelevize.cz\/ivysilani\/1129337346-pridej-se\/209562248410019\/\">Star\u0161\u00ed\u00a0po\u0159ad Petra Je\u0161\u00e1tka pro \u010ceskou televizi<\/a>\u00a0Ostatn\u00ed \u010dl\u00e1nky Petra Je\u0161\u00e1tka na na\u0161ich str\u00e1nk\u00e1ch jsou\u00a0<a href=\"http:\/\/obcanskymonitoring.cz\/?s=je%C5%A1%C3%A1tko&amp;x=0&amp;y=0\">zde<\/a>.<\/p>\n<p>&nbsp;<\/p>\n<div data-counters='1' data-style='square' data-size='regular' data-url='https:\/\/obcanskymonitoring.cz\/?p=5567' data-title='Petr Je\u0161\u00e1tko: Reakce na po\u0159ad Nedej se plus o N\u00e1rodn\u00edm parku \u0160umava' class='linksalpha_container linksalpha_app_3'><a href='\/\/www.linksalpha.com\/share?network='facebook' class='linksalpha_icon_facebook'><\/a><a href='\/\/www.linksalpha.com\/share?network='twitter' class='linksalpha_icon_twitter'><\/a><a href='\/\/www.linksalpha.com\/share?network='googleplus' class='linksalpha_icon_googleplus'><\/a><a href='\/\/www.linksalpha.com\/share?network='mail' class='linksalpha_icon_mail'><\/a><\/div><div data-position='' data-url='https:\/\/obcanskymonitoring.cz\/?p=5567' data-title='Petr Je\u0161\u00e1tko: Reakce na po\u0159ad Nedej se plus o N\u00e1rodn\u00edm parku \u0160umava' class='linksalpha_container linksalpha_app_7'><a href='\/\/www.linksalpha.com\/share?network='facebook' class='linksalpha_icon_facebook'><\/a><a href='\/\/www.linksalpha.com\/share?network='twitter' class='linksalpha_icon_twitter'><\/a><a href='\/\/www.linksalpha.com\/share?network='googleplus' class='linksalpha_icon_googleplus'><\/a><a href='\/\/www.linksalpha.com\/share?network='mail' class='linksalpha_icon_mail'><\/a><\/div>","protected":false},"excerpt":{"rendered":"<p>&nbsp;1,479&nbsp;total views P\u0159etiskujeme p\u0159\u00edsp\u011bvek Petra Je\u0161\u00e1tka, b\u00fdval\u00e9ho vrchn\u00edho lesn\u00edho inspektora N\u00e1rodn\u00edho parku \u0160umava. Po\u0159ad, na kter\u00fd pan Je\u0161\u00e1tko reaguje, si \u00a0m\u016f\u017eete p\u0159ehr\u00e1t zde: \u00a0Nedej se plus: Otev\u0159eno nebo zav\u0159eno?<\/p>\n","protected":false},"author":2,"featured_media":0,"comment_status":"open","ping_status":"open","sticky":true,"template":"","format":"standard","meta":[],"categories":[21],"tags":[],"_links":{"self":[{"href":"https:\/\/obcanskymonitoring.cz\/index.php?rest_route=\/wp\/v2\/posts\/5567"}],"collection":[{"href":"https:\/\/obcanskymonitoring.cz\/index.php?rest_route=\/wp\/v2\/posts"}],"about":[{"href":"https:\/\/obcanskymonitoring.cz\/index.php?rest_route=\/wp\/v2\/types\/post"}],"author":[{"embeddable":true,"href":"https:\/\/obcanskymonitoring.cz\/index.php?rest_route=\/wp\/v2\/users\/2"}],"replies":[{"embeddable":true,"href":"https:\/\/obcanskymonitoring.cz\/index.php?rest_route=%2Fwp%2Fv2%2Fcomments&post=5567"}],"version-history":[{"count":0,"href":"https:\/\/obcanskymonitoring.cz\/index.php?rest_route=\/wp\/v2\/posts\/5567\/revisions"}],"wp:attachment":[{"href":"https:\/\/obcanskymonitoring.cz\/index.php?rest_route=%2Fwp%2Fv2%2Fmedia&parent=5567"}],"wp:term":[{"taxonomy":"category","embeddable":true,"href":"https:\/\/obcanskymonitoring.cz\/index.php?rest_route=%2Fwp%2Fv2%2Fcategories&post=5567"},{"taxonomy":"post_tag","embeddable":true,"href":"https:\/\/obcanskymonitoring.cz\/index.php?rest_route=%2Fwp%2Fv2%2Ftags&post=5567"}],"curies":[{"name":"wp","href":"https:\/\/api.w.org\/{rel}","templated":true}]}}