{"id":5578,"date":"2016-07-01T13:16:08","date_gmt":"2016-07-01T13:16:08","guid":{"rendered":"http:\/\/obcanskymonitoring.cz\/?p=5578"},"modified":"2016-07-01T14:41:25","modified_gmt":"2016-07-01T14:41:25","slug":"arch-svabova-modlitebna-ceskobratrske-cirkve-evangelicke-v-malesicich","status":"publish","type":"post","link":"https:\/\/obcanskymonitoring.cz\/?p=5578","title":{"rendered":"arch. \u0160v\u00e1bov\u00e1: Modlitebna \u010ceskobratrsk\u00e9 c\u00edrkve evangelick\u00e9 v Male\u0161ic\u00edch"},"content":{"rendered":"<div class=\"pvc_clear\"><\/div>\n<p class=\"pvc_stats total_only \" data-element-id=\"5578\" style=\"\"><i class=\"pvc-stats-icon medium\" aria-hidden=\"true\"><svg xmlns=\"http:\/\/www.w3.org\/2000\/svg\" version=\"1.0\" viewBox=\"0 0 502 315\" preserveAspectRatio=\"xMidYMid meet\"><g transform=\"translate(0,332) scale(0.1,-0.1)\" fill=\"\" stroke=\"none\"><path d=\"M2394 3279 l-29 -30 -3 -207 c-2 -182 0 -211 15 -242 39 -76 157 -76 196 0 15 31 17 60 15 243 l-3 209 -33 29 c-26 23 -41 29 -80 29 -41 0 -53 -5 -78 -31z\"\/><path d=\"M3085 3251 c-45 -19 -58 -50 -96 -229 -47 -217 -49 -260 -13 -295 52 -53 146 -42 177 20 16 31 87 366 87 410 0 70 -86 122 -155 94z\"\/><path d=\"M1751 3234 c-13 -9 -29 -31 -37 -50 -12 -29 -10 -49 21 -204 19 -94 39 -189 45 -210 14 -50 54 -80 110 -80 34 0 48 6 76 34 21 21 34 44 34 59 0 14 -18 113 -40 219 -37 178 -43 195 -70 221 -36 32 -101 37 -139 11z\"\/><path d=\"M1163 3073 c-36 -7 -73 -59 -73 -102 0 -56 133 -378 171 -413 34 -32 83 -37 129 -13 70 36 67 87 -16 290 -86 209 -89 214 -129 231 -35 14 -42 15 -82 7z\"\/><path d=\"M3689 3066 c-15 -9 -33 -30 -42 -48 -48 -103 -147 -355 -147 -375 0 -98 131 -148 192 -74 13 15 57 108 97 206 80 196 84 226 37 273 -30 30 -99 39 -137 18z\"\/><path d=\"M583 2784 c-38 -19 -67 -74 -58 -113 9 -42 211 -354 242 -373 16 -10 45 -18 66 -18 51 0 107 52 107 100 0 39 -1 41 -124 234 -80 126 -108 162 -133 173 -41 17 -61 16 -100 -3z\"\/><path d=\"M4250 2784 c-14 -9 -74 -91 -133 -183 -95 -150 -107 -173 -107 -213 0 -55 33 -94 87 -104 67 -13 90 8 211 198 130 202 137 225 78 284 -27 27 -42 34 -72 34 -22 0 -50 -8 -64 -16z\"\/><path d=\"M2275 2693 c-553 -48 -1095 -270 -1585 -649 -135 -104 -459 -423 -483 -476 -23 -49 -22 -139 2 -186 73 -142 361 -457 571 -626 285 -228 642 -407 990 -497 242 -63 336 -73 660 -74 310 0 370 5 595 52 535 111 1045 392 1455 803 122 121 250 273 275 326 19 41 19 137 0 174 -41 79 -309 363 -465 492 -447 370 -946 591 -1479 653 -113 14 -422 18 -536 8z m395 -428 c171 -34 330 -124 456 -258 112 -119 167 -219 211 -378 27 -96 24 -300 -5 -401 -72 -255 -236 -447 -474 -557 -132 -62 -201 -76 -368 -76 -167 0 -236 14 -368 76 -213 98 -373 271 -451 485 -162 444 86 934 547 1084 153 49 292 57 452 25z m909 -232 c222 -123 408 -262 593 -441 76 -74 138 -139 138 -144 0 -16 -233 -242 -330 -319 -155 -123 -309 -223 -461 -299 l-81 -41 32 46 c18 26 49 83 70 128 143 306 141 649 -6 957 -25 52 -61 116 -79 142 l-34 47 45 -20 c26 -10 76 -36 113 -56z m-2057 25 c-40 -58 -105 -190 -130 -263 -110 -324 -59 -707 132 -981 25 -35 42 -64 37 -64 -19 0 -241 119 -326 174 -188 122 -406 314 -532 468 l-58 71 108 103 c185 178 428 349 672 473 66 33 121 60 123 61 2 0 -10 -19 -26 -42z\"\/><path d=\"M2375 1950 c-198 -44 -350 -190 -395 -379 -18 -76 -8 -221 19 -290 114 -284 457 -406 731 -260 98 52 188 154 231 260 27 69 37 214 19 290 -38 163 -166 304 -326 360 -67 23 -215 33 -279 19z\"\/><\/g><\/svg><\/i> &nbsp;1,150&nbsp;total views<\/p>\n<div class=\"pvc_clear\"><\/div>\n<p><a href=\"http:\/\/obcanskymonitoring.cz\/wp-content\/uploads\/2016\/03\/svabova1.png\"><img loading=\"lazy\" class=\"alignnone size-medium wp-image-5303\" alt=\"svabova\" src=\"http:\/\/obcanskymonitoring.cz\/wp-content\/uploads\/2016\/03\/svabova1-250x300.png\" width=\"250\" height=\"300\" srcset=\"https:\/\/obcanskymonitoring.cz\/wp-content\/uploads\/2016\/03\/svabova1-250x300.png 250w, https:\/\/obcanskymonitoring.cz\/wp-content\/uploads\/2016\/03\/svabova1-856x1024.png 856w\" sizes=\"(max-width: 250px) 100vw, 250px\" \/><\/a><\/p>\n<p>P\u0159etiskujeme p\u0159\u00edsp\u011bvek <a href=\"http:\/\/obcanskymonitoring.cz\/?page_id=3014\">pan\u00ed architektky \u0160v\u00e1bov\u00e9<\/a> k n\u00e1vrhu rekonstrukce modlitebny \u010ceskobratrsk\u00e9\u00a0c\u00edrkve evangelick\u00e9 v Male\u0161ic\u00edch. Bli\u017e\u0161\u00ed informace o stavb\u011b jsou publikov\u00e1ny v \u010dl\u00e1nku <a href=\"http:\/\/kaple-rektorska.webnode.cz\/milicova-modlitebna\/\">Architekt Bohumil Bare\u0161 a jeho sakr\u00e1ln\u00ed stavby<\/a>.<\/p>\n<p><!--more--><\/p>\n<p>V\u00a0pades\u00e1t\u00fdch letech se poda\u0159ilo v\u00a0Praze v\u00a0Male\u0161ic\u00edch v\u00a0Rektorsk\u00e9 ulici\u00a0 uskute\u010dnit z\u00e1zrak. Architekt Bohuslav Bare\u0161 tam realizoval pro \u010ceskobratrskou c\u00edrkev evangelickou Mil\u00ed\u010dovu modlitebnu. Vznikla drobn\u00e1 stavba, kter\u00e1 pouze sv\u00fdm m\u011b\u0159\u00edtkem, proporcemi \u010dlen\u011bn\u00ed sv\u00e9 hmoty a fas\u00e1d nejjednodu\u0161\u0161\u00edmi prost\u0159edky dos\u00e1hla \u010distoty v\u00fdrazu umocn\u011bn\u00e9ho transcendenc\u00ed odpov\u00eddaj\u00edc\u00ed jej\u00edmu \u00fa\u010delu. V\u00a0sou\u010dasn\u00e9 dob\u011b zch\u00e1tral\u00e1 stavba asi uk\u00e1\u017ee sv\u00e9 p\u0159ednosti pouze zku\u0161en\u00e9mu pozorovateli. Architekt Bare\u0161 nav\u00e1zal proporcemi modlitebny na klasick\u00e9 \u010dlen\u011bn\u00ed staveb vytv\u00e1\u0159en\u00fdch v\u00a0historii intuitivn\u011b v\u00a0pom\u011brech, odpov\u00eddaj\u00edc\u00edch vrozen\u00e9mu zp\u016fsobu zrakov\u00e9ho vn\u00edm\u00e1n\u00ed reality kolem n\u00e1s, kter\u00e9 n\u00e1m umo\u017e\u0148uje \u00a0ztoto\u017en\u011bn\u00ed se s\u00a0prostorem nebo objektem. Takov\u00fd prostor nebo objekt pova\u017euje naprost\u00e1 v\u011bt\u0161ina lid\u00ed za kr\u00e1sn\u00fd. Realizace v\u00a0dob\u011b, kter\u00e1 sakr\u00e1ln\u00edm stavb\u00e1m nep\u0159\u00e1la, je z\u00e1zra\u010dn\u00e1. Na druh\u00e9 stran\u011b paradoxn\u011b socialistick\u00fd realismus o\u017eivil smysl pro klasick\u00e9 proporce, v\u00a0t\u00e9 dob\u011b je\u0161t\u011b do zna\u010dn\u00e9 m\u00edry obecn\u011b p\u0159\u00edtomn\u00fd. Na p\u0159ilo\u017een\u00e9m obr\u00e1zku je p\u016fvodn\u00ed pohled na kapli<\/p>\n<p><a href=\"http:\/\/obcanskymonitoring.cz\/wp-content\/uploads\/2016\/07\/Svabova1.jpg\"><img loading=\"lazy\" class=\"alignnone size-full wp-image-5579\" alt=\"Svabova1\" src=\"http:\/\/obcanskymonitoring.cz\/wp-content\/uploads\/2016\/07\/Svabova1.jpg\" width=\"225\" height=\"300\" \/><\/a><\/p>\n<p>dokl\u00e1daj\u00edc\u00ed protestantskou \u010distotu v\u00fdrazu.<\/p>\n<p><a href=\"http:\/\/obcanskymonitoring.cz\/wp-content\/uploads\/2016\/07\/Svabova2.jpg\"><img loading=\"lazy\" class=\"alignnone size-medium wp-image-5580\" alt=\"Svabova2\" src=\"http:\/\/obcanskymonitoring.cz\/wp-content\/uploads\/2016\/07\/Svabova2-300x220.jpg\" width=\"300\" height=\"220\" srcset=\"https:\/\/obcanskymonitoring.cz\/wp-content\/uploads\/2016\/07\/Svabova2-300x220.jpg 300w, https:\/\/obcanskymonitoring.cz\/wp-content\/uploads\/2016\/07\/Svabova2-1024x750.jpg 1024w, https:\/\/obcanskymonitoring.cz\/wp-content\/uploads\/2016\/07\/Svabova2.jpg 1099w\" sizes=\"(max-width: 300px) 100vw, 300px\" \/><\/a><\/p>\n<p>&nbsp;<\/p>\n<p>Sou\u010dasn\u00fd pohled z\u00a0ulice<\/p>\n<p>&nbsp;<\/p>\n<p>Modlitebna byla \u0159adu let opu\u0161t\u011bn\u00e1 a siln\u011b zch\u00e1trala.<\/p>\n<p><a href=\"http:\/\/obcanskymonitoring.cz\/wp-content\/uploads\/2016\/07\/Svabova2.jpg\"><img loading=\"lazy\" class=\"alignnone size-medium wp-image-5580\" alt=\"Svabova2\" src=\"http:\/\/obcanskymonitoring.cz\/wp-content\/uploads\/2016\/07\/Svabova2-300x220.jpg\" width=\"300\" height=\"220\" srcset=\"https:\/\/obcanskymonitoring.cz\/wp-content\/uploads\/2016\/07\/Svabova2-300x220.jpg 300w, https:\/\/obcanskymonitoring.cz\/wp-content\/uploads\/2016\/07\/Svabova2-1024x750.jpg 1024w, https:\/\/obcanskymonitoring.cz\/wp-content\/uploads\/2016\/07\/Svabova2.jpg 1099w\" sizes=\"(max-width: 300px) 100vw, 300px\" \/><\/a><\/p>\n<p>&nbsp;<\/p>\n<p>&nbsp;<\/p>\n<p>V\u00a0posledn\u00edch dnech se \u0161ir\u0161\u00ed ve\u0159ejnost dozv\u011bd\u011bla, \u017ee je tu nad\u011bje na z\u00e1chranu. Stavbu \u010dek\u00e1 rekonstrukce a p\u0159\u00edstavba. Architekt David V\u00e1vra navrhl p\u0159\u00edstavbu k\u00a0zadn\u00edmu pr\u016f\u010del\u00ed. P\u016fvodn\u00ed objekt vysoce ocenil:\u201c\u2026architekt Bare\u0161 minim\u00e1ln\u00edmi prost\u0159edky dos\u00e1hl a\u017e antick\u00e9ho \u00fa\u010dinku. V\u00a0\u010deln\u00ed troj\u00faheln\u00edkov\u00e9 fas\u00e1d\u011b jsou pouze 3 oblouky a naho\u0159e se to sb\u00edh\u00e1 do \u0161pice, a to je v\u0161e \u2013 a \u00fapln\u011b to sta\u010d\u00ed.\u201c (\u010cT 24). \u00a0V\u00a0t\u00e9to v\u011bci je obecn\u00e1 shoda. Stavba nen\u00ed registrovanou pam\u00e1tkou, ale je velmi vz\u00e1cn\u00e1 svou autencititou vych\u00e1zej\u00edc\u00ed z\u00a0p\u0159\u00edstupu autora k\u00a0t\u00e9matu &#8211; \u00a0hluboce v\u011b\u0159\u00edc\u00ed k\u0159es\u0165an vlo\u017eil svou vroucnost zcela up\u0159\u00edmn\u011b, bez jak\u00e9koli stylizace, do \u010dist\u00fdch tvar\u016f stavby a dos\u00e1hl p\u016fsobivosti klasick\u00e9 architektury i prost\u00fdch lidov\u00fdch kostel\u00edk\u016f kter\u00e9 jsou obohacen\u00edm na\u0161\u00ed krajiny, ukotven\u00edm lid\u00ed zde \u017eij\u00edc\u00edch v\u00a0t\u00e9to zemi. Jejich stavitel\u00e9. Tvo\u0159ili v\u00a0harmonii s\u00a0krajinou, ztoto\u017e\u0148ovali se se sv\u00fdm d\u00edlem p\u0159\u00edmo, bez prost\u0159ednictv\u00ed p\u0159evzat\u00fdch \u0161ablon.<\/p>\n<p>N\u00e1vrh p\u0159\u00edstavby architekta Davida V\u00e1vry<\/p>\n<p><a href=\"http:\/\/obcanskymonitoring.cz\/wp-content\/uploads\/2016\/07\/vavra1.jpg\"><img loading=\"lazy\" class=\"alignnone size-medium wp-image-5582\" alt=\"vavra1\" src=\"http:\/\/obcanskymonitoring.cz\/wp-content\/uploads\/2016\/07\/vavra1-300x236.jpg\" width=\"300\" height=\"236\" srcset=\"https:\/\/obcanskymonitoring.cz\/wp-content\/uploads\/2016\/07\/vavra1-300x236.jpg 300w, https:\/\/obcanskymonitoring.cz\/wp-content\/uploads\/2016\/07\/vavra1-1024x807.jpg 1024w, https:\/\/obcanskymonitoring.cz\/wp-content\/uploads\/2016\/07\/vavra1.jpg 1571w\" sizes=\"(max-width: 300px) 100vw, 300px\" \/><\/a><\/p>\n<p>&nbsp;<\/p>\n<p>Pohled z\u00a0ulice Rektorsk\u00e9<\/p>\n<p><a href=\"http:\/\/obcanskymonitoring.cz\/wp-content\/uploads\/2016\/07\/vavra2.jpg\"><img loading=\"lazy\" class=\"alignnone size-medium wp-image-5583\" alt=\"vavra2\" src=\"http:\/\/obcanskymonitoring.cz\/wp-content\/uploads\/2016\/07\/vavra2-300x249.jpg\" width=\"300\" height=\"249\" srcset=\"https:\/\/obcanskymonitoring.cz\/wp-content\/uploads\/2016\/07\/vavra2-300x249.jpg 300w, https:\/\/obcanskymonitoring.cz\/wp-content\/uploads\/2016\/07\/vavra2.jpg 400w\" sizes=\"(max-width: 300px) 100vw, 300px\" \/><\/a><\/p>\n<p>&nbsp;<\/p>\n<p>Fotografie modelu<\/p>\n<p>&nbsp;<\/p>\n<p>P\u0159\u00edstup architekta V\u00e1vry ji\u017e stejn\u011b otev\u0159en\u00fd bezprost\u0159edn\u00ed p\u0159\u00edstup nem\u00e1. P\u0159\u00edstavba je na prvn\u00ed pohled koncipov\u00e1na v\u00a0jin\u00e9 t\u00f3nin\u011b. Sv\u00edt\u00edc\u00ed b\u00edl\u00fd kubus s\u00a0plochou st\u0159echou z\u0159ejm\u011b kalkuluje v\u00a0sou\u010dasn\u00fdch n\u00e1zorov\u00fdch intenc\u00edch s kontrastem dvou zcela odli\u0161n\u00fdch \u010d\u00e1st\u00ed \u2013 objemem hmoty bohu\u017eel nep\u0159\u00edli\u0161 odli\u0161n\u00fdch a \u0159azen\u00fdch v\u00a0pod\u00e9ln\u00e9 ose kaple za sebou. Vedle spiritu\u00e1ln\u00ed stavby s\u00a0duchovn\u00edm p\u0159esahem je postaven racionalisticky vytvo\u0159en\u00fd hranol, vedle sedlov\u00e9 st\u0159echy akcentovan\u00e9 \u0161t\u00edhlou v\u00ed\u017ekou pronikaj\u00edc\u00ed sv\u00fdm hrotem vysoko d\u00e1le do prostoru, ploch\u00e1 st\u0159echa vymezuj\u00edc\u00ed se proti prostoru tvrd\u011b vodorovnou rovinou. \u00a0Je zvl\u00e1\u0161tn\u00ed, \u017ee lid\u00e9 nesnesou, jestli\u017ee v\u00a0jednom prostoru hraj\u00ed dva r\u016fzn\u00e9 n\u00e1stroje dv\u011b r\u016fzn\u00e9 skladby v\u00a0r\u016fzn\u00fdch t\u00f3nin\u00e1ch \u2013 a v\u00a0architektu\u0159e prosazuje sou\u010dasn\u00e1 \u00a0kreativita bez hranic i takov\u00fd t\u011bsn\u00fd kontakt dvou nesourod\u00fdch objekt\u016f za mo\u017en\u00fd k\u00a0dosa\u017een\u00ed emoc\u00ed, kter\u00e9 maj\u00ed b\u00fdt hlavn\u00edm \u00fa\u010delem um\u011bleck\u00e9 slo\u017eky \u00a0d\u00edla (a je jedno, jestli jsou p\u0159\u00edjemn\u00e9 nebo naopak \u2013 cituji Eli\u0161ku Kaplicky). Z\u0159ejm\u011b se jedn\u00e1 o rafinovanou intelektu\u00e1ln\u00ed hru. Zb\u00fdv\u00e1 ot\u00e1zka, jestli by byl tento p\u0159\u00edstup p\u0159ijateln\u00fd pro autora Mil\u00ed\u010dovy modlitebny. Poctivou odpov\u011bd\u00ed na tuto ot\u00e1zku jsme mu povinni, i kdy\u017e u\u017e nen\u00ed mezi n\u00e1mi.<\/p>\n<p>&nbsp;<\/p>\n<p>Ing. arch. Marie \u0160v\u00e1bov\u00e1.<\/p>\n<p>Dal\u0161\u00ed \u010dl\u00e1nky pan\u00ed <a href=\"http:\/\/obcanskymonitoring.cz\/?page_id=3014\">architektky \u0160v\u00e1bov\u00e9<\/a> si m\u016f\u017eete p\u0159e\u010d\u00edst <a href=\"http:\/\/obcanskymonitoring.cz\/?s=%C5%A0v%C3%A1bov%C3%A1&amp;x=0&amp;y=0\">zde:<\/a><\/p>\n<p>ASORKD \u2013 <a href=\"http:\/\/www.asorkd.cz\/\">www.asorkd.cz<\/a><\/p>\n<div data-counters='1' data-style='square' data-size='regular' data-url='https:\/\/obcanskymonitoring.cz\/?p=5578' data-title='arch. \u0160v\u00e1bov\u00e1: Modlitebna \u010ceskobratrsk\u00e9 c\u00edrkve evangelick\u00e9 v Male\u0161ic\u00edch' class='linksalpha_container linksalpha_app_3'><a href='\/\/www.linksalpha.com\/share?network='facebook' class='linksalpha_icon_facebook'><\/a><a href='\/\/www.linksalpha.com\/share?network='twitter' class='linksalpha_icon_twitter'><\/a><a href='\/\/www.linksalpha.com\/share?network='googleplus' class='linksalpha_icon_googleplus'><\/a><a href='\/\/www.linksalpha.com\/share?network='mail' class='linksalpha_icon_mail'><\/a><\/div><div data-position='' data-url='https:\/\/obcanskymonitoring.cz\/?p=5578' data-title='arch. \u0160v\u00e1bov\u00e1: Modlitebna \u010ceskobratrsk\u00e9 c\u00edrkve evangelick\u00e9 v Male\u0161ic\u00edch' class='linksalpha_container linksalpha_app_7'><a href='\/\/www.linksalpha.com\/share?network='facebook' class='linksalpha_icon_facebook'><\/a><a href='\/\/www.linksalpha.com\/share?network='twitter' class='linksalpha_icon_twitter'><\/a><a href='\/\/www.linksalpha.com\/share?network='googleplus' class='linksalpha_icon_googleplus'><\/a><a href='\/\/www.linksalpha.com\/share?network='mail' class='linksalpha_icon_mail'><\/a><\/div>","protected":false},"excerpt":{"rendered":"<p>&nbsp;1,150&nbsp;total views P\u0159etiskujeme p\u0159\u00edsp\u011bvek pan\u00ed architektky \u0160v\u00e1bov\u00e9 k n\u00e1vrhu rekonstrukce modlitebny \u010ceskobratrsk\u00e9\u00a0c\u00edrkve evangelick\u00e9 v Male\u0161ic\u00edch. Bli\u017e\u0161\u00ed informace o stavb\u011b jsou publikov\u00e1ny v \u010dl\u00e1nku Architekt Bohumil Bare\u0161 a jeho sakr\u00e1ln\u00ed stavby.<\/p>\n","protected":false},"author":2,"featured_media":0,"comment_status":"open","ping_status":"open","sticky":true,"template":"","format":"standard","meta":[],"categories":[23,9],"tags":[],"_links":{"self":[{"href":"https:\/\/obcanskymonitoring.cz\/index.php?rest_route=\/wp\/v2\/posts\/5578"}],"collection":[{"href":"https:\/\/obcanskymonitoring.cz\/index.php?rest_route=\/wp\/v2\/posts"}],"about":[{"href":"https:\/\/obcanskymonitoring.cz\/index.php?rest_route=\/wp\/v2\/types\/post"}],"author":[{"embeddable":true,"href":"https:\/\/obcanskymonitoring.cz\/index.php?rest_route=\/wp\/v2\/users\/2"}],"replies":[{"embeddable":true,"href":"https:\/\/obcanskymonitoring.cz\/index.php?rest_route=%2Fwp%2Fv2%2Fcomments&post=5578"}],"version-history":[{"count":0,"href":"https:\/\/obcanskymonitoring.cz\/index.php?rest_route=\/wp\/v2\/posts\/5578\/revisions"}],"wp:attachment":[{"href":"https:\/\/obcanskymonitoring.cz\/index.php?rest_route=%2Fwp%2Fv2%2Fmedia&parent=5578"}],"wp:term":[{"taxonomy":"category","embeddable":true,"href":"https:\/\/obcanskymonitoring.cz\/index.php?rest_route=%2Fwp%2Fv2%2Fcategories&post=5578"},{"taxonomy":"post_tag","embeddable":true,"href":"https:\/\/obcanskymonitoring.cz\/index.php?rest_route=%2Fwp%2Fv2%2Ftags&post=5578"}],"curies":[{"name":"wp","href":"https:\/\/api.w.org\/{rel}","templated":true}]}}