{"id":5594,"date":"2016-07-06T15:17:29","date_gmt":"2016-07-06T15:17:29","guid":{"rendered":"http:\/\/obcanskymonitoring.cz\/?p=5594"},"modified":"2016-07-06T20:51:58","modified_gmt":"2016-07-06T20:51:58","slug":"reakce-jednoho-sumavaka-na-clanek-petra-jesatka","status":"publish","type":"post","link":"https:\/\/obcanskymonitoring.cz\/?p=5594","title":{"rendered":"Reakce jednoho \u0160umav\u00e1ka na \u010dl\u00e1nek Petra Je\u0161\u00e1tka"},"content":{"rendered":"<div class=\"pvc_clear\"><\/div>\n<p class=\"pvc_stats total_only \" data-element-id=\"5594\" style=\"\"><i class=\"pvc-stats-icon medium\" aria-hidden=\"true\"><svg xmlns=\"http:\/\/www.w3.org\/2000\/svg\" version=\"1.0\" viewBox=\"0 0 502 315\" preserveAspectRatio=\"xMidYMid meet\"><g transform=\"translate(0,332) scale(0.1,-0.1)\" fill=\"\" stroke=\"none\"><path d=\"M2394 3279 l-29 -30 -3 -207 c-2 -182 0 -211 15 -242 39 -76 157 -76 196 0 15 31 17 60 15 243 l-3 209 -33 29 c-26 23 -41 29 -80 29 -41 0 -53 -5 -78 -31z\"\/><path d=\"M3085 3251 c-45 -19 -58 -50 -96 -229 -47 -217 -49 -260 -13 -295 52 -53 146 -42 177 20 16 31 87 366 87 410 0 70 -86 122 -155 94z\"\/><path d=\"M1751 3234 c-13 -9 -29 -31 -37 -50 -12 -29 -10 -49 21 -204 19 -94 39 -189 45 -210 14 -50 54 -80 110 -80 34 0 48 6 76 34 21 21 34 44 34 59 0 14 -18 113 -40 219 -37 178 -43 195 -70 221 -36 32 -101 37 -139 11z\"\/><path d=\"M1163 3073 c-36 -7 -73 -59 -73 -102 0 -56 133 -378 171 -413 34 -32 83 -37 129 -13 70 36 67 87 -16 290 -86 209 -89 214 -129 231 -35 14 -42 15 -82 7z\"\/><path d=\"M3689 3066 c-15 -9 -33 -30 -42 -48 -48 -103 -147 -355 -147 -375 0 -98 131 -148 192 -74 13 15 57 108 97 206 80 196 84 226 37 273 -30 30 -99 39 -137 18z\"\/><path d=\"M583 2784 c-38 -19 -67 -74 -58 -113 9 -42 211 -354 242 -373 16 -10 45 -18 66 -18 51 0 107 52 107 100 0 39 -1 41 -124 234 -80 126 -108 162 -133 173 -41 17 -61 16 -100 -3z\"\/><path d=\"M4250 2784 c-14 -9 -74 -91 -133 -183 -95 -150 -107 -173 -107 -213 0 -55 33 -94 87 -104 67 -13 90 8 211 198 130 202 137 225 78 284 -27 27 -42 34 -72 34 -22 0 -50 -8 -64 -16z\"\/><path d=\"M2275 2693 c-553 -48 -1095 -270 -1585 -649 -135 -104 -459 -423 -483 -476 -23 -49 -22 -139 2 -186 73 -142 361 -457 571 -626 285 -228 642 -407 990 -497 242 -63 336 -73 660 -74 310 0 370 5 595 52 535 111 1045 392 1455 803 122 121 250 273 275 326 19 41 19 137 0 174 -41 79 -309 363 -465 492 -447 370 -946 591 -1479 653 -113 14 -422 18 -536 8z m395 -428 c171 -34 330 -124 456 -258 112 -119 167 -219 211 -378 27 -96 24 -300 -5 -401 -72 -255 -236 -447 -474 -557 -132 -62 -201 -76 -368 -76 -167 0 -236 14 -368 76 -213 98 -373 271 -451 485 -162 444 86 934 547 1084 153 49 292 57 452 25z m909 -232 c222 -123 408 -262 593 -441 76 -74 138 -139 138 -144 0 -16 -233 -242 -330 -319 -155 -123 -309 -223 -461 -299 l-81 -41 32 46 c18 26 49 83 70 128 143 306 141 649 -6 957 -25 52 -61 116 -79 142 l-34 47 45 -20 c26 -10 76 -36 113 -56z m-2057 25 c-40 -58 -105 -190 -130 -263 -110 -324 -59 -707 132 -981 25 -35 42 -64 37 -64 -19 0 -241 119 -326 174 -188 122 -406 314 -532 468 l-58 71 108 103 c185 178 428 349 672 473 66 33 121 60 123 61 2 0 -10 -19 -26 -42z\"\/><path d=\"M2375 1950 c-198 -44 -350 -190 -395 -379 -18 -76 -8 -221 19 -290 114 -284 457 -406 731 -260 98 52 188 154 231 260 27 69 37 214 19 290 -38 163 -166 304 -326 360 -67 23 -215 33 -279 19z\"\/><\/g><\/svg><\/i> &nbsp;1,202&nbsp;total views<\/p>\n<div class=\"pvc_clear\"><\/div>\n<p><a href=\"http:\/\/obcanskymonitoring.cz\/wp-content\/uploads\/2016\/04\/Sumava-Zalesnena-holina-pri-silnici-do-Keple.jpg\"><img loading=\"lazy\" class=\"alignnone size-medium wp-image-5434\" alt=\"Sumava Zalesnena holina pri silnici do Keple\" src=\"http:\/\/obcanskymonitoring.cz\/wp-content\/uploads\/2016\/04\/Sumava-Zalesnena-holina-pri-silnici-do-Keple-300x225.jpg\" width=\"300\" height=\"225\" srcset=\"https:\/\/obcanskymonitoring.cz\/wp-content\/uploads\/2016\/04\/Sumava-Zalesnena-holina-pri-silnici-do-Keple-300x225.jpg 300w, https:\/\/obcanskymonitoring.cz\/wp-content\/uploads\/2016\/04\/Sumava-Zalesnena-holina-pri-silnici-do-Keple.jpg 640w\" sizes=\"(max-width: 300px) 100vw, 300px\" \/><\/a><\/p>\n<p>P\u0159etiskujeme mail jednoho \u0161umav\u00e1ka (jeho jm\u00e9no zn\u00e1me, ale nep\u0159\u00e1l si, abychom je zve\u0159ejnnili), kter\u00fd poslal jako odpov\u011b\u010f na \u010dl\u00e1nek <a href=\"http:\/\/obcanskymonitoring.cz\/?p=5567\">Reakce na po\u0159ad Nedej se plus o N\u00e1rodn\u00edm parku \u0160umava<\/a>. Text jsem ponechal v t\u00e9m\u011b\u0159 p\u016fvodn\u00ed podob\u011b, se stylov\u00fdmi, syntaktick\u00fdmi i typografick\u00fdmi zvl\u00e1\u0161tnostmi, kter\u00e9 mi p\u0159ipadaj\u00ed hezk\u00e9 &#8211; a bez negativn\u00edho dopadu na srozumitelnost.<\/p>\n<p><!--more--><\/p>\n<p>Dobr\u00fd den,\u00a0reaguji sp\u00ed\u0161e formou fejetonu&#8230;&#8230;&#8230;&#8230;&#8230;..<\/p>\n<p>\u010cetl jsem a sledoval v\u0161e se z\u00e1jmem a mus\u00edm konstatovat, \u017ee tento V\u00e1\u0161 popis v\u0161ech uveden\u00fdch skute\u010dnost\u00ed op\u00edraj\u00edc\u00ed se o argumenty jasn\u011b odhaluje podstatu v\u011bt\u0161iny probl\u00e9m\u016f, se kter\u00fdmi se existence NP na \u0160umav\u011b, pota\u017emo ochrana p\u0159\u00edrody a jej\u00ed v\u00fdkonn\u00fd org\u00e1n, Spr\u00e1va NP \u0160umava, pot\u00fdk\u00e1. \u00a0Klobouk dol\u016f za zpracov\u00e1n\u00ed a p\u0159ehled.<\/p>\n<p>Ale&#8230;.!!!!<br \/>\nJsem p\u0159esv\u011bd\u010den, \u017ee p\u0159esn\u011b tyto argumenty necht\u011bj\u00ed v\u016fbec sly\u0161et na r\u016fzn\u00fdch stupn\u00edch \u0159\u00edzen\u00ed \u010dinovn\u00edci na Spr\u00e1v\u011b NP \u0160umava a tak\u00e9 mnoz\u00ed, co tam jen jsou zam\u011bstn\u00e1ni a &#8220;jedou si v tom vl\u00e1\u010dku&#8221;, d\u00e1le tzv. velc\u00ed podnikatel\u00e9, kte\u0159\u00ed si ze zdroj\u016f p\u0159\u00edrody na \u0160umav\u011b ud\u011blali a d\u011blaj\u00ed sv\u00e9 ryto, stejn\u011b jako region\u00e1ln\u00ed politici p\u0159isluhuj\u00edc\u00ed v\u011bt\u0161\u00edm politik\u016fm a politick\u00fdm stran\u00e1m, kde ani jedna za sv\u00e9 existence v \u010cR neuk\u00e1zala, \u017ee by to s ochranou \u0161umavsk\u00e9 p\u0159\u00edrody myslela opravdu v\u00e1\u017en\u011b. Vlastn\u011b z\u016fstalo v\u017edycky jen u proklamac\u00ed.<\/p>\n<p>A ve\u0159ejnost v\u016fbec nestra\u0161\u00ed, \u017ee nikdo nic po\u0159\u00e1dn\u011b ne\u0161et\u0159\u00ed, nikdo z org\u00e1n\u016f \u010dinn\u00fdch v trestn\u00edm \u0159\u00edzen\u00ed nem\u00e1 a neprojevil z\u00e1jem o informace, kter\u00e9 ukazuj\u00ed na \u0161patn\u00e9 hospoda\u0159en\u00ed v NP \u0160umava, na pl\u00fdtv\u00e1n\u00ed st\u00e1tn\u00edmi pen\u011bzi a prost\u0159edky, ne\u0159e\u0161\u00ed, podle mne neuzav\u0159en\u00e9 kauzy, jako nap\u0159\u00edklad Pta\u010d\u00ed potok, \u00a0a kter\u00e9 jasn\u011b dokladuj\u00ed \u0161kody a jejich finan\u010dn\u00ed vy\u010d\u00edslen\u00ed atd&#8230;\u00a0A ve\u0159ejnost ani nev\u00ed, \u017ee to p\u011bkn\u011b v\u0161echno plat\u00ed a budou platit.<\/p>\n<p>Podle mne to ukazuje na hlubok\u00e9 prov\u00e1z\u00e1n\u00ed lobbistick\u00fdch z\u00e1jm\u016f spojen\u00fdch s korupc\u00ed a dnes ji\u017e i strachem ovl\u00e1dan\u00fdch skupin i jednotlivc\u016f. V\u0161echny ty z\u00e1jmy sm\u011b\u0159uj\u00ed sv\u016fj c\u00edl k maximalistick\u00e9mu postupn\u00e9mu vyu\u017e\u00edv\u00e1n\u00ed \u0161umavsk\u00e9 p\u0159\u00edrody a krajiny bez ohledu na biologickou kvalitu a cennost ekosyst\u00e9m\u016f. D\u016fkaz\u016f je v\u00edce ne\u017e dostatek. Postupn\u00e9 pror\u016fst\u00e1n\u00ed korupce do v\u0161ech sf\u00e9r lidsk\u00e9ho \u017eivota v \u0161umavsk\u00e9m regionu (a samoz\u0159ejm\u011b i mimo n\u011bj) je velik\u00e9 nebezpe\u010d\u00ed pro p\u0159\u00edrodu i pro krajinu, ale do budoucna i pro kvalitu \u017eivota zde \u017eij\u00edc\u00edch obyvatel. Samoz\u0159ejm\u011b, \u017ee bude p\u0159etrv\u00e1vat a existovat \u0159ada chr\u00e1n\u011bn\u00fdch \u00fazem\u00ed v podob\u011b mal\u00fdch enkl\u00e1v, ale to bude podoba velmi vzd\u00e1len\u00e1 my\u0161lence n\u00e1rodn\u00edho parku. Z\u016fstane tak\u00e9 ot\u00e1zkou, jestli ve\u0159ejnost, v\u010detn\u011b t\u00e9 n\u00e1v\u0161t\u011bvnick\u00e9, akceptuje a bude akceptovat n\u00e1rodn\u00ed park tak, jak byl koncipov\u00e1n p\u0159i sv\u00e9m vzniku?<br \/>\nVid\u00edm tak\u00e9 jin\u00e9 souvislosti, kdy se pl\u00ed\u017eiv\u011b m\u011bn\u00ed i n\u00e1v\u0161t\u011bvnick\u00e1 klientela v\u00e1zan\u00e1 na pobyty s komfortem a infrastrukturou stejnou, ne-li lep\u0161\u00ed ne\u017e ve m\u011bstech. Rozvoj infrastruktury na \u0160umav\u011b za posledn\u00edch 20 let lze tak\u00e9 jasn\u011b dolo\u017eit: a ten ukazuje, co se d\u011bje v neprosp\u011bch krajiny i p\u0159\u00edrody atd atd. A, podle mne, vysok\u00e1 zastav\u011bnost \u00fazem\u00ed NP zdaleka nep\u0159inesla p\u0159\u00edli\u0161 mnoho pozitivn\u00edho pro m\u00edstn\u00ed obyvatele, a\u017e na v\u00fdjimky. Lze jen dokladovat majitele nemovitost\u00ed a pozemk\u016f, kte\u0159\u00ed na \u0160umav\u011b ani nebydl\u00ed.<\/p>\n<p>&nbsp;<\/p>\n<p>Pocitov\u011b a jako dlouholet\u00fd pozorovatel vn\u00edm\u00e1m v\u0161echny a dal\u0161\u00ed uveden\u00e9 probl\u00e9my a kauzy pro c\u00edl jin\u00fdch &#8211; vlivn\u00fdch &#8211; \u00a0zachovat si \u0161umavsk\u00e9 zmi\u0148ovan\u00e9 &#8220;ryto&#8221; a p\u0159edivem politick\u00fdch machinac\u00ed, manipulac\u00ed s ve\u0159ejnost\u00ed, p\u0159ev\u00e9st tyto z\u00e1jmy do na\u0161\u00ed legislativy v z\u00e1jmu c\u00edle &#8220;v\u017edy\u0165 kr\u00e1st je norm\u00e1ln\u00ed&#8221;. V takov\u00e9 atmosf\u00e9\u0159e se nelze divit t\u0159eba i sou\u010dasn\u00e9mu \u0159editeli NP \u0160umava, kter\u00fd je pak ochoten i k radik\u00e1ln\u00edm zm\u011bn\u00e1m sv\u00fdch p\u016fvodn\u00edch n\u00e1zor\u016f na ochranu p\u0159\u00edrody na \u0160umav\u011b (zm\u00edrn\u011bn\u00ed). P\u0159eci zn\u00e1te po\u0159ekadlo: &#8220;&#8230;sv\u016fj n\u00e1zor sice m\u00e1m, ale z\u00e1sadn\u011b s n\u00edm nesouhlas\u00edm..&#8221;<br \/>\nNav\u00edc funkce \u0159editele je v\u011bcn\u011b bez skute\u010dn\u011b trestn\u011b-pr\u00e1vn\u00ed odpov\u011bdnosti. Nebo ji snad u\u017e n\u011bkdy n\u011bkdo po \u0159editeli vym\u00e1hal?<\/p>\n<p>A v\u017edy\u0165 t\u0159eba po volb\u00e1ch u\u017e nebude moci b\u00fdt \u0159editelem, vyst\u0159\u00edd\u00e1 ho \u0159editel poplatn\u00fd jin\u00e9 stran\u011b \u010di lobby&#8230; \u00a0A vl\u00e1\u010dek jede d\u00e1l&#8230; Hlavn\u011b aby to n\u011bjak\u00fd \u0161\u0165oural nepokazil&#8230;&#8230;&#8230;&#8230;&#8230;&#8230;&#8230;&#8230;&#8230;&#8230;.<br \/>\nJe dob\u0159e, \u017ee to n\u011bkoho zaj\u00edm\u00e1:<\/p>\n<p>V\u00e1s<br \/>\n\u0159adu dal\u0161\u00edch lid\u00ed i z odborn\u00fdch kruh\u016f, n\u011bkter\u00e9 nez\u00e1visl\u00e9 organizace, kter\u00e9 pova\u017euji za velmi d\u016fle\u017eit\u00e9.<br \/>\nd\u00e1le n\u011bkter\u00e9 politiky (mo\u017en\u00e1),<br \/>\nm\u011b a p\u00e1r m\u00fdch kamar\u00e1d\u016f,<br \/>\nale d\u00e1l nev\u00edm<br \/>\nmo\u017en\u00e1, \u017ee se pohybuji mimo d\u011bn\u00ed a pod oponou na\u0161\u00ed politick\u00e9 sc\u00e9ny pro \u0161umavskou p\u0159\u00edrodu prob\u00edhaj\u00ed lit\u00e9 boje, ale nen\u00ed to vid\u011bt\u00a0v jej\u00ed prosp\u011bch.<br \/>\nTak\u017ee se vrac\u00edm ke sv\u00e9mu p\u016fvodn\u00edmu hodnocen\u00ed v\u00fd\u0161e&#8230;.<\/p>\n<div data-counters='1' data-style='square' data-size='regular' data-url='https:\/\/obcanskymonitoring.cz\/?p=5594' data-title='Reakce jednoho \u0160umav\u00e1ka na \u010dl\u00e1nek Petra Je\u0161\u00e1tka' class='linksalpha_container linksalpha_app_3'><a href='\/\/www.linksalpha.com\/share?network='facebook' class='linksalpha_icon_facebook'><\/a><a href='\/\/www.linksalpha.com\/share?network='twitter' class='linksalpha_icon_twitter'><\/a><a href='\/\/www.linksalpha.com\/share?network='googleplus' class='linksalpha_icon_googleplus'><\/a><a href='\/\/www.linksalpha.com\/share?network='mail' class='linksalpha_icon_mail'><\/a><\/div><div data-position='' data-url='https:\/\/obcanskymonitoring.cz\/?p=5594' data-title='Reakce jednoho \u0160umav\u00e1ka na \u010dl\u00e1nek Petra Je\u0161\u00e1tka' class='linksalpha_container linksalpha_app_7'><a href='\/\/www.linksalpha.com\/share?network='facebook' class='linksalpha_icon_facebook'><\/a><a href='\/\/www.linksalpha.com\/share?network='twitter' class='linksalpha_icon_twitter'><\/a><a href='\/\/www.linksalpha.com\/share?network='googleplus' class='linksalpha_icon_googleplus'><\/a><a href='\/\/www.linksalpha.com\/share?network='mail' class='linksalpha_icon_mail'><\/a><\/div>","protected":false},"excerpt":{"rendered":"<p>&nbsp;1,202&nbsp;total views P\u0159etiskujeme mail jednoho \u0161umav\u00e1ka (jeho jm\u00e9no zn\u00e1me, ale nep\u0159\u00e1l si, abychom je zve\u0159ejnnili), kter\u00fd poslal jako odpov\u011b\u010f na \u010dl\u00e1nek Reakce na po\u0159ad Nedej se plus o N\u00e1rodn\u00edm parku \u0160umava. Text jsem ponechal v t\u00e9m\u011b\u0159 p\u016fvodn\u00ed podob\u011b, se stylov\u00fdmi, syntaktick\u00fdmi i typografick\u00fdmi zvl\u00e1\u0161tnostmi, kter\u00e9 mi p\u0159ipadaj\u00ed hezk\u00e9 &#8211; a bez negativn\u00edho dopadu na srozumitelnost.<\/p>\n","protected":false},"author":2,"featured_media":0,"comment_status":"open","ping_status":"open","sticky":true,"template":"","format":"standard","meta":[],"categories":[30,9,32,21,29],"tags":[],"_links":{"self":[{"href":"https:\/\/obcanskymonitoring.cz\/index.php?rest_route=\/wp\/v2\/posts\/5594"}],"collection":[{"href":"https:\/\/obcanskymonitoring.cz\/index.php?rest_route=\/wp\/v2\/posts"}],"about":[{"href":"https:\/\/obcanskymonitoring.cz\/index.php?rest_route=\/wp\/v2\/types\/post"}],"author":[{"embeddable":true,"href":"https:\/\/obcanskymonitoring.cz\/index.php?rest_route=\/wp\/v2\/users\/2"}],"replies":[{"embeddable":true,"href":"https:\/\/obcanskymonitoring.cz\/index.php?rest_route=%2Fwp%2Fv2%2Fcomments&post=5594"}],"version-history":[{"count":0,"href":"https:\/\/obcanskymonitoring.cz\/index.php?rest_route=\/wp\/v2\/posts\/5594\/revisions"}],"wp:attachment":[{"href":"https:\/\/obcanskymonitoring.cz\/index.php?rest_route=%2Fwp%2Fv2%2Fmedia&parent=5594"}],"wp:term":[{"taxonomy":"category","embeddable":true,"href":"https:\/\/obcanskymonitoring.cz\/index.php?rest_route=%2Fwp%2Fv2%2Fcategories&post=5594"},{"taxonomy":"post_tag","embeddable":true,"href":"https:\/\/obcanskymonitoring.cz\/index.php?rest_route=%2Fwp%2Fv2%2Ftags&post=5594"}],"curies":[{"name":"wp","href":"https:\/\/api.w.org\/{rel}","templated":true}]}}