{"id":5639,"date":"2016-07-19T08:52:31","date_gmt":"2016-07-19T08:52:31","guid":{"rendered":"http:\/\/obcanskymonitoring.cz\/?p=5639"},"modified":"2016-07-20T07:06:35","modified_gmt":"2016-07-20T07:06:35","slug":"petr-jesatko-sumava-dnes-jiz-znacne-derava-zelena-strecha-evropy","status":"publish","type":"post","link":"https:\/\/obcanskymonitoring.cz\/?p=5639","title":{"rendered":"Petr Je\u0161\u00e1tko: \u0160umava, dnes ji\u017e zna\u010dn\u011b d\u011brav\u00e1 &#8220;Zelen\u00e1 st\u0159echa Evropy&#8221;"},"content":{"rendered":"<div class=\"pvc_clear\"><\/div>\n<p class=\"pvc_stats total_only \" data-element-id=\"5639\" style=\"\"><i class=\"pvc-stats-icon medium\" aria-hidden=\"true\"><svg xmlns=\"http:\/\/www.w3.org\/2000\/svg\" version=\"1.0\" viewBox=\"0 0 502 315\" preserveAspectRatio=\"xMidYMid meet\"><g transform=\"translate(0,332) scale(0.1,-0.1)\" fill=\"\" stroke=\"none\"><path d=\"M2394 3279 l-29 -30 -3 -207 c-2 -182 0 -211 15 -242 39 -76 157 -76 196 0 15 31 17 60 15 243 l-3 209 -33 29 c-26 23 -41 29 -80 29 -41 0 -53 -5 -78 -31z\"\/><path d=\"M3085 3251 c-45 -19 -58 -50 -96 -229 -47 -217 -49 -260 -13 -295 52 -53 146 -42 177 20 16 31 87 366 87 410 0 70 -86 122 -155 94z\"\/><path d=\"M1751 3234 c-13 -9 -29 -31 -37 -50 -12 -29 -10 -49 21 -204 19 -94 39 -189 45 -210 14 -50 54 -80 110 -80 34 0 48 6 76 34 21 21 34 44 34 59 0 14 -18 113 -40 219 -37 178 -43 195 -70 221 -36 32 -101 37 -139 11z\"\/><path d=\"M1163 3073 c-36 -7 -73 -59 -73 -102 0 -56 133 -378 171 -413 34 -32 83 -37 129 -13 70 36 67 87 -16 290 -86 209 -89 214 -129 231 -35 14 -42 15 -82 7z\"\/><path d=\"M3689 3066 c-15 -9 -33 -30 -42 -48 -48 -103 -147 -355 -147 -375 0 -98 131 -148 192 -74 13 15 57 108 97 206 80 196 84 226 37 273 -30 30 -99 39 -137 18z\"\/><path d=\"M583 2784 c-38 -19 -67 -74 -58 -113 9 -42 211 -354 242 -373 16 -10 45 -18 66 -18 51 0 107 52 107 100 0 39 -1 41 -124 234 -80 126 -108 162 -133 173 -41 17 -61 16 -100 -3z\"\/><path d=\"M4250 2784 c-14 -9 -74 -91 -133 -183 -95 -150 -107 -173 -107 -213 0 -55 33 -94 87 -104 67 -13 90 8 211 198 130 202 137 225 78 284 -27 27 -42 34 -72 34 -22 0 -50 -8 -64 -16z\"\/><path d=\"M2275 2693 c-553 -48 -1095 -270 -1585 -649 -135 -104 -459 -423 -483 -476 -23 -49 -22 -139 2 -186 73 -142 361 -457 571 -626 285 -228 642 -407 990 -497 242 -63 336 -73 660 -74 310 0 370 5 595 52 535 111 1045 392 1455 803 122 121 250 273 275 326 19 41 19 137 0 174 -41 79 -309 363 -465 492 -447 370 -946 591 -1479 653 -113 14 -422 18 -536 8z m395 -428 c171 -34 330 -124 456 -258 112 -119 167 -219 211 -378 27 -96 24 -300 -5 -401 -72 -255 -236 -447 -474 -557 -132 -62 -201 -76 -368 -76 -167 0 -236 14 -368 76 -213 98 -373 271 -451 485 -162 444 86 934 547 1084 153 49 292 57 452 25z m909 -232 c222 -123 408 -262 593 -441 76 -74 138 -139 138 -144 0 -16 -233 -242 -330 -319 -155 -123 -309 -223 -461 -299 l-81 -41 32 46 c18 26 49 83 70 128 143 306 141 649 -6 957 -25 52 -61 116 -79 142 l-34 47 45 -20 c26 -10 76 -36 113 -56z m-2057 25 c-40 -58 -105 -190 -130 -263 -110 -324 -59 -707 132 -981 25 -35 42 -64 37 -64 -19 0 -241 119 -326 174 -188 122 -406 314 -532 468 l-58 71 108 103 c185 178 428 349 672 473 66 33 121 60 123 61 2 0 -10 -19 -26 -42z\"\/><path d=\"M2375 1950 c-198 -44 -350 -190 -395 -379 -18 -76 -8 -221 19 -290 114 -284 457 -406 731 -260 98 52 188 154 231 260 27 69 37 214 19 290 -38 163 -166 304 -326 360 -67 23 -215 33 -279 19z\"\/><\/g><\/svg><\/i> &nbsp;1,652&nbsp;total views<\/p>\n<div class=\"pvc_clear\"><\/div>\n<p><a href=\"http:\/\/obcanskymonitoring.cz\/wp-content\/uploads\/2014\/09\/Jesatko.jpg\"><img loading=\"lazy\" class=\"alignnone size-full wp-image-3017\" alt=\"Jesatko\" src=\"http:\/\/obcanskymonitoring.cz\/wp-content\/uploads\/2014\/09\/Jesatko.jpg\" width=\"287\" height=\"167\" \/><\/a><\/p>\n<p>P\u0159etiskujeme nov\u00fd p\u0159\u00edsp\u011bvek\u00a0<a href=\"http:\/\/obcanskymonitoring.cz\/?page_id=3014\">Petra Je\u0161\u00e1tka<\/a>, b\u00fdval\u00e9ho vrchn\u00edho lesn\u00edho inspektora N\u00e1rodn\u00edho parku \u0160umava. <!--more--> P\u0159esto\u017ee jsem ji\u017e 6 let v d\u016fchodu, jako \u0160umav\u00e1k a hlavn\u011b lesn\u00edk, se nemohu d\u00edvat bez kritiky na sou\u010dasn\u00e9 d\u011bn\u00ed v z\u00e1sahov\u00e9m \u00fazem\u00ed N\u00e1rodn\u00edho parku \u0160umava, kde jsem pracoval od jeho vzniku. Veden\u00ed se r\u016fzn\u011b st\u0159\u00eddalo, ov\u0161em a\u017e do r. 2011, se ka\u017ed\u00e9 veden\u00ed\u00a0sna\u017eilo dr\u017eet kontinuitu Pl\u00e1n\u016f p\u00e9\u010de. Zejm\u00e9na pak v\u010dasn\u00e9 zalesn\u011bn\u00ed vznikl\u00fdch holin s vyt\u011b\u017een\u00fdm, z ekosyst\u00e9mu odvezen\u00fdm a prodan\u00fdm d\u0159\u00edv\u00edm, d\u00e1le pak v\u00fdsadbu listnat\u00fdch sazenic a jedle a p\u0159em\u011bnu smrkov\u00fdch, um\u011ble zalo\u017een\u00fdch monokultur v minulosti na lesy sm\u00ed\u0161en\u00e9, ekologicky stabiln\u011bj\u0161\u00ed, p\u0159\u00edrod\u011b bl\u00edzk\u00e9. C\u00edlem v\u0161ech t\u011bchto opat\u0159en\u00ed bylo dos\u00e1hnout v r. 2030 nejm\u00e9n\u011b 50 % bezz\u00e1sahovosti a za\u0159adit tak N\u00e1rodn\u00ed park \u0160umava ke skute\u010dn\u00fdm n\u00e1rodn\u00edm park\u016fm, jako je nap\u0159\u00edklad sousedn\u00ed Bavorsk\u00fd park. P\u0159\u00edroda v bezz\u00e1sahov\u00e9m \u00fazem\u00ed holiny nevytv\u00e1\u0159\u00ed, i kdy\u017e spadne &#8220;kalamita&#8221;, lesn\u00ed prost\u0159ed\u00ed se neztr\u00e1c\u00ed, ale p\u0159irozen\u011b p\u0159etv\u00e1\u0159\u00ed. Velice hezky o tom hovo\u0159\u00ed b\u00fdval\u00fd ministr \u017dP pan RNDr Miko v kr\u00e1tk\u00e9m filmu <a href=\"http:\/\/obcanskymonitoring.cz\/?p=4765\">SILVA GABRETA<\/a>, rovn\u011b\u017e i v dal\u0161\u00edm \u010dl\u00e1nku: <a href=\"http:\/\/obcanskymonitoring.cz\/?p=4355\">Petr Je\u0161\u00e1tko: \u0160umava \u010di holina<\/a>, kde v p\u0159\u00edloh\u00e1ch tohoto p\u0159\u00edsp\u011bvku jsou uvedeny dokumenty, kter\u00e9 obsahuj\u00ed v\u011bdeck\u00e1 pozn\u00e1n\u00ed, ov\u011b\u0159en\u00e1 lesnickou prax\u00ed, \u017ee holiny zp\u016fsoben\u00e9 \u010dlov\u011bkem z neznalosti \u010di \u00famyslem jsou nejhor\u0161\u00ed v\u011bc\u00ed, kter\u00e1 m\u016f\u017ee lesn\u00ed ekosyst\u00e9m potkat. Dnes se d\u011bje bohu\u017eel p\u0159esn\u00fd opak. Sou\u010dasn\u00e9 veden\u00ed nem\u00e1 \u017e\u00e1dn\u00fd <a href=\"https:\/\/drive.google.com\/open?id=0B2ZZNd5rGbv6WU9lbWt5Q3Z1RG8\">Pl\u00e1n p\u00e9\u010de<\/a>, proto\u017ee minul\u00fd pl\u00e1n p\u00e9\u010de, kter\u00fd obsahoval doc\u00edlen\u00ed 50 % bezz\u00e1sahovosti do r. 2030 skon\u010dil v r. 2010. A tak sou\u010dasn\u00e9 veden\u00ed bez platn\u00e9ho pl\u00e1nu p\u00e9\u010de &#8220;hospoda\u0159\u00ed&#8221; podle sv\u00fdch vlastn\u00edch p\u0159edstav, nikoliv dle p\u00e9\u010de o les. V lesn\u00edch ekosyst\u00e9mech jsou st\u00e1le patrn\u011bj\u0161\u00ed nezalesn\u011bn\u00e9 holiny po kalamit\u00e1ch v r. 2007 a dal\u0161\u00edch, viz p\u0159\u00edklad U jezera Laka:<\/p>\n<p><a href=\"http:\/\/obcanskymonitoring.cz\/wp-content\/uploads\/2016\/07\/Nezalesn\u011bn\u00e9-holiny-u-jezera-Laka-po-kalamit\u00e1ch-od-r.2007.jpg\"><img loading=\"lazy\" class=\"alignnone size-medium wp-image-5645\" alt=\"Nezalesn\u011bn\u00e9 holiny u jezera Laka po kalamit\u00e1ch od r.2007\" src=\"http:\/\/obcanskymonitoring.cz\/wp-content\/uploads\/2016\/07\/Nezalesn\u011bn\u00e9-holiny-u-jezera-Laka-po-kalamit\u00e1ch-od-r.2007-300x225.jpg\" width=\"300\" height=\"225\" srcset=\"https:\/\/obcanskymonitoring.cz\/wp-content\/uploads\/2016\/07\/Nezalesn\u011bn\u00e9-holiny-u-jezera-Laka-po-kalamit\u00e1ch-od-r.2007-300x225.jpg 300w, https:\/\/obcanskymonitoring.cz\/wp-content\/uploads\/2016\/07\/Nezalesn\u011bn\u00e9-holiny-u-jezera-Laka-po-kalamit\u00e1ch-od-r.2007.jpg 640w\" sizes=\"(max-width: 300px) 100vw, 300px\" \/><\/a><\/p>\n<p>&nbsp;<\/p>\n<p>m\u00edsto ze stejn\u00e9ho obdob\u00ed takhle p\u0159ipraven\u00e9, v\u010das zalesn\u011bn\u00e9 holiny smrkem, jako kryc\u00ed d\u0159evinou pro n\u00e1slednou podsadbou jedle a listn\u00e1\u010d\u016f viz sn\u00edmek smrk na holin\u00e1ch jako p\u0159\u00edpravn\u00e1 d\u0159evina, stav 7 let po kalamit\u011b <a href=\"https:\/\/drive.google.com\/open?id=0B2ZZNd5rGbv6WEV0TUtnQ2c2aTQ\">Kyrill<\/a>:<\/p>\n<p><a href=\"http:\/\/obcanskymonitoring.cz\/wp-content\/uploads\/2016\/07\/Smrk-na-holin\u00e1chjako-p\u0159\u00edpravn\u00e1-d\u0159evinastav-7-let-po-kalamit\u011b-Kiryll.jpg\"><img loading=\"lazy\" class=\"alignnone size-medium wp-image-5658\" alt=\"Smrk na holin\u00e1ch,jako p\u0159\u00edpravn\u00e1 d\u0159evina,stav 7 let po kalamit\u011b Kiryll\" src=\"http:\/\/obcanskymonitoring.cz\/wp-content\/uploads\/2016\/07\/Smrk-na-holin\u00e1chjako-p\u0159\u00edpravn\u00e1-d\u0159evinastav-7-let-po-kalamit\u011b-Kiryll-300x225.jpg\" width=\"300\" height=\"225\" srcset=\"https:\/\/obcanskymonitoring.cz\/wp-content\/uploads\/2016\/07\/Smrk-na-holin\u00e1chjako-p\u0159\u00edpravn\u00e1-d\u0159evinastav-7-let-po-kalamit\u011b-Kiryll-300x225.jpg 300w, https:\/\/obcanskymonitoring.cz\/wp-content\/uploads\/2016\/07\/Smrk-na-holin\u00e1chjako-p\u0159\u00edpravn\u00e1-d\u0159evinastav-7-let-po-kalamit\u011b-Kiryll-1024x768.jpg 1024w\" sizes=\"(max-width: 300px) 100vw, 300px\" \/><\/a><\/p>\n<p>\u017de jsme v minulosti um\u011bli zales\u0148ovat a zales\u0148ovali jsme, dokazuje tento sn\u00edmek, kde smrk poslou\u017eil jako kryc\u00ed d\u0159evina a pod n\u00edm byla vysazena jedle a listn\u00e1\u010de a dnes je ji\u017e toto \u00fazem\u00ed \u00fasp\u011b\u0161n\u011b v bezz\u00e1sahovosti:<\/p>\n<p><a href=\"http:\/\/obcanskymonitoring.cz\/wp-content\/uploads\/2016\/07\/Smrk-jako-kryci-drevina.jpg\"><img loading=\"lazy\" class=\"alignnone size-medium wp-image-5652\" alt=\"Smrk jako kryci drevina\" src=\"http:\/\/obcanskymonitoring.cz\/wp-content\/uploads\/2016\/07\/Smrk-jako-kryci-drevina-225x300.jpg\" width=\"225\" height=\"300\" srcset=\"https:\/\/obcanskymonitoring.cz\/wp-content\/uploads\/2016\/07\/Smrk-jako-kryci-drevina-225x300.jpg 225w, https:\/\/obcanskymonitoring.cz\/wp-content\/uploads\/2016\/07\/Smrk-jako-kryci-drevina.jpg 480w\" sizes=\"(max-width: 225px) 100vw, 225px\" \/><\/a><\/p>\n<p>Paradoxem v\u0161ak je, \u017ee se st\u00e1le dle sou\u010dasn\u00e9ho p\u0159\u00edstupu veden\u00ed sni\u017euje v z\u00e1sahov\u00e9m \u00fazem\u00ed v\u00fdsadba listnat\u00fdch sazenic a jedle. \u010clov\u011bk, kter\u00fd v minulosti zkazil \u0160umavu pro sv\u016fj zisk, by to m\u011bl nyn\u00ed napravit &#8211; a zejm\u00e9na v n\u00e1rodn\u00edch parc\u00edch. Dal\u0161\u00edm paradoxem v N\u00e1rodn\u00edm parku \u0160umava je skute\u010dnost, \u017ee veden\u00ed parku p\u0159izp\u016fsobuje les t\u011b\u017eebn\u00edm technologi\u00edm, nikoliv technologii lesu. Tedy les zvl\u00e1\u0161tn\u00edho ur\u010den\u00ed, kter\u00fd m\u00e1 dle z\u00e1kona slou\u017eit pro studium a\u00a0ochranu p\u0159\u00edrodn\u00edch proces\u016f, se m\u00e1 p\u0159izp\u016fsobit t\u011b\u017ek\u00e9 technice pro zisk \u010dlov\u011bka, viz sn\u00edmek harvestory na <a href=\"https:\/\/cs.wikipedia.org\/wiki\/Obl%C3%ADk_(%C5%A0umava)\">Obl\u00edku:<\/a><\/p>\n<p><a href=\"http:\/\/obcanskymonitoring.cz\/wp-content\/uploads\/2016\/07\/Harvestory-na-Obl\u00edku.jpg\"><img loading=\"lazy\" class=\"alignnone size-medium wp-image-5643\" alt=\"Harvestory na Obl\u00edku\" src=\"http:\/\/obcanskymonitoring.cz\/wp-content\/uploads\/2016\/07\/Harvestory-na-Obl\u00edku-300x225.jpg\" width=\"300\" height=\"225\" srcset=\"https:\/\/obcanskymonitoring.cz\/wp-content\/uploads\/2016\/07\/Harvestory-na-Obl\u00edku-300x225.jpg 300w, https:\/\/obcanskymonitoring.cz\/wp-content\/uploads\/2016\/07\/Harvestory-na-Obl\u00edku-1024x768.jpg 1024w, https:\/\/obcanskymonitoring.cz\/wp-content\/uploads\/2016\/07\/Harvestory-na-Obl\u00edku.jpg 1600w\" sizes=\"(max-width: 300px) 100vw, 300px\" \/><\/a><\/p>\n<p>a viz <a href=\"http:\/\/obcanskymonitoring.cz\/?p=5567 \">kr\u00e1tk\u00fd film \u010cesk\u00e9 televize : Otev\u0159eno zav\u0159eno<\/a>. Mysl\u00edm, \u017ee oboj\u00ed je v\u00edce ne\u017e vypov\u00eddaj\u00edc\u00ed o vztahu k lesn\u00edm ekosyst\u00e9m\u016fm, ale i k lidem na \u0160umav\u011b. \u010casto se v\u0161ichni chlub\u00edme na\u0161\u00ed rezervac\u00ed <a href=\"http:\/\/www.boubinsky-prales.cz\/\">Boub\u00ednsk\u00fd prales<\/a>, co\u017e d\u011bl\u00e1 i sou\u010dasn\u00fd \u0159editel NP \u0160umava. A pr\u00e1v\u011b tady je zcela jasn\u00fd dal\u0161\u00ed d\u016fkaz o tom, \u017ee p\u0159\u00edstup jeho veden\u00ed, tedy ponech\u00e1vat holiny s vyt\u011b\u017een\u00fdm, z ekosyst\u00e9mu odvezen\u00fdm a prodan\u00fdm d\u0159\u00edv\u00edm bez zalesn\u011bn\u00ed, v\u010detn\u011b pou\u017e\u00edv\u00e1n\u00ed t\u011b\u017ek\u00e9 techniky, je naprosto v rozporu s v\u011bdeck\u00fdm pozn\u00e1n\u00edm, ale zejm\u00e9na se z\u00e1jmy p\u0159\u00edrody. Proto\u017ee jsem se d\u00edky, bohu\u017eel t\u011b\u017ek\u00e9 nemoci m\u00e9 man\u017eelky, za\u010dal s kamar\u00e1dy mykology a chemiky z Bavorska zaj\u00edmat o d\u0159evo\u017eijn\u00ed houby a st\u00e1le v\u00edce se sna\u017e\u00edm jim porozum\u011bt, dovoluji si p\u0159ilo\u017eit \u010dl\u00e1nek mykologa <a href=\"http:\/\/www.nm.cz\/Prirodovedecke-muzeum\/Novinky-PM\/Mykolog-Narodniho-muzea-Jan-Holec-zvitezil-v-soutezi-Sumavska-mozkovka.html\">Jana Holce<\/a> s n\u00e1zvem: <a href=\"https:\/\/drive.google.com\/open?id=0B2ZZNd5rGbv6c2xPdDNKdUZrOEE\">Chr\u00e1m vz\u00e1cn\u00fdch hub<\/a>. Z n\u011bj si dovoluji citovat: <em>&#8220;Citliv\u00e9 &#8220;pralesn\u00ed&#8221; druhy d\u0159evo\u017eijn\u00edch hub pot\u0159ebuj\u00ed nab\u00eddku substr\u00e1t\u016f, tedy mrtv\u00e9ho d\u0159eva v nejr\u016fzn\u011bj\u0161\u00edch st\u00e1di\u00edch tlen\u00ed, vyrovnan\u00e9 a po v\u011bt\u0161inu roku vlhk\u00e9 mikroklima pralesa a hlavn\u011b nep\u0159eru\u0161en\u00fd p\u0159irozen\u00fd v\u00fdvoj porostu. M\u00e1me pro to d\u016fkazy: o rok pozd\u011bji d\u011bl\u00e1me mykologick\u00fd pr\u016fzkum sousedn\u00ed <a href=\"https:\/\/cs.wikipedia.org\/wiki\/Z%C3%A1to%C5%88sk%C3%A1_hora_(p%C5%99%C3%ADrodn%C3%AD_rezervace)\">Z\u00e1to\u0148sk\u00e9 hory<\/a>, kde les vypad\u00e1 jako prales. Ani jeden ze 17 nejvz\u00e1cn\u011bj\u0161\u00edch druh\u016f Boub\u00ednsk\u00e9ho pralesa tu ale ne\u017eije. Aha, Z\u00e1to\u0148sk\u00e1 hora byla p\u0159ed rokem 1 700 odlesn\u011bna. NIKDO TO NEP\u0158E\u017dIL!&#8221;<\/em> Jasn\u00fd d\u016fkaz toho, \u017ee sou\u010dasn\u00e9 veden\u00ed N\u00e1rodn\u00edho parku \u0160umava, kter\u00e9 hl\u00e1s\u00ed a na sv\u00fdch str\u00e1nk\u00e1ch \u010dasopisu \u0160umava zve\u0159ej\u0148uje heslo: <em>&#8220;Pilou a sekerou k pest\u0159ej\u0161\u00edmu lesu!&#8221;<\/em>\u00a0je v tomto p\u0159\u00edpad\u011b n\u011bkde jinde ne\u017e v z\u00e1jmu p\u0159\u00edrody na \u0160umav\u011b. Dovolte mi, abych z\u00e1v\u011brem vyslovil sv\u016fj n\u00e1zor a v\u011b\u0159\u00edm, \u017ee nen\u00ed naprosto ojedin\u011bl\u00fd. Sp\u00ed\u0161e naopak: N\u00e1rodn\u00ed parky mus\u00ed b\u00fdt m\u00edstem, kde \u010dlov\u011bk t\u011b\u017e\u00ed z ekosyst\u00e9m\u016f informace, \u00a0a nikoliv d\u0159\u00edv\u00ed. Z\u00edskan\u00e9 informace lze pou\u017e\u00edt v r\u016fzn\u00fdch oblastech lidsk\u00e9ho \u017eivota. Zd\u00e1 se, \u017ee pr\u00e1v\u011b tyto znalosti n\u00e1m mohou pomoci v boji proti r\u016fzn\u00fdm z\u00e1ke\u0159n\u00fdm nemocem, v\u010detn\u011b rakoviny. <a href=\"https:\/\/drive.google.com\/open?id=0B2ZZNd5rGbv6dGlWcHI3eTVhUXc\">(Viz \u010dl\u00e1nek L\u00e9\u010div\u00e9 houby)<\/a>. \u00a0Farmaceutick\u00e9 firmy rozhodn\u011b takov\u00e9 v\u00fdzkumy nepodporuj\u00ed, v\u017edy\u0165 jde, jako v p\u0159\u00edpad\u011b \u0160umavy, pouze a pouze jen o zisk. Za\u010dn\u011bme se chovat k p\u0159\u00edrod\u011b a zejm\u00e9na v n\u00e1rodn\u00edch parc\u00edch tak, jak \u0159ekl d\u00e1vno Cicero: <em>&#8220;Jedin\u011b pod veden\u00edm p\u0159\u00edrody nem\u016f\u017eeme nikterak pochybit.&#8221;<\/em> Anebo, jak v napsal mykolog z N\u00e1rodn\u00edho muzea pan Jan Holec v r. 2014: <em>&#8220;Te\u010f v\u00edm, co je p\u0159\u00edrodn\u00edm chr\u00e1mem svat\u00e9ho V\u00edta \u010cesk\u00e9 republiky: Boub\u00ednsk\u00fd prales, b\u00e1jn\u00fd a re\u00e1ln\u00fd les, kde \u017eij\u00ed houby, co jinde ne\u017eij\u00ed. &#8220;<\/em><\/p>\n<p>&nbsp;<\/p>\n<p><a href=\"http:\/\/obcanskymonitoring.cz\/?page_id=3014\">Petr Je\u0161\u00e1tko st.<\/a>\u00a0(Autor je b\u00fdval\u00fd vrchn\u00ed lesn\u00ed inspektor N\u00e1rodn\u00edho parku \u0160umava, nyn\u00ed v d\u016fchodu).<\/p>\n<p><a href=\"http:\/\/www.ceskatelevize.cz\/ivysilani\/1129337346-pridej-se\/209562248410019\/\">Star\u0161\u00ed\u00a0po\u0159ad Petra Je\u0161\u00e1tka pro \u010ceskou televizi<\/a><\/p>\n<p>Dal\u0161\u00ed \u010dl\u00e1nky Petra Je\u0161\u00e1tka na na\u0161ich str\u00e1nk\u00e1ch jsou\u00a0<a href=\"http:\/\/obcanskymonitoring.cz\/?s=je%C5%A1%C3%A1tko&amp;x=0&amp;y=0\">zde<\/a>.<\/p>\n<div data-counters='1' data-style='square' data-size='regular' data-url='https:\/\/obcanskymonitoring.cz\/?p=5639' data-title='Petr Je\u0161\u00e1tko: \u0160umava, dnes ji\u017e zna\u010dn\u011b d\u011brav\u00e1 &#8220;Zelen\u00e1 st\u0159echa Evropy&#8221;' class='linksalpha_container linksalpha_app_3'><a href='\/\/www.linksalpha.com\/share?network='facebook' class='linksalpha_icon_facebook'><\/a><a href='\/\/www.linksalpha.com\/share?network='twitter' class='linksalpha_icon_twitter'><\/a><a href='\/\/www.linksalpha.com\/share?network='googleplus' class='linksalpha_icon_googleplus'><\/a><a href='\/\/www.linksalpha.com\/share?network='mail' class='linksalpha_icon_mail'><\/a><\/div><div data-position='' data-url='https:\/\/obcanskymonitoring.cz\/?p=5639' data-title='Petr Je\u0161\u00e1tko: \u0160umava, dnes ji\u017e zna\u010dn\u011b d\u011brav\u00e1 &#8220;Zelen\u00e1 st\u0159echa Evropy&#8221;' class='linksalpha_container linksalpha_app_7'><a href='\/\/www.linksalpha.com\/share?network='facebook' class='linksalpha_icon_facebook'><\/a><a href='\/\/www.linksalpha.com\/share?network='twitter' class='linksalpha_icon_twitter'><\/a><a href='\/\/www.linksalpha.com\/share?network='googleplus' class='linksalpha_icon_googleplus'><\/a><a href='\/\/www.linksalpha.com\/share?network='mail' class='linksalpha_icon_mail'><\/a><\/div>","protected":false},"excerpt":{"rendered":"<p>&nbsp;1,652&nbsp;total views P\u0159etiskujeme nov\u00fd p\u0159\u00edsp\u011bvek\u00a0Petra Je\u0161\u00e1tka, b\u00fdval\u00e9ho vrchn\u00edho lesn\u00edho inspektora N\u00e1rodn\u00edho parku \u0160umava.<\/p>\n","protected":false},"author":2,"featured_media":0,"comment_status":"open","ping_status":"open","sticky":true,"template":"","format":"standard","meta":[],"categories":[21],"tags":[],"_links":{"self":[{"href":"https:\/\/obcanskymonitoring.cz\/index.php?rest_route=\/wp\/v2\/posts\/5639"}],"collection":[{"href":"https:\/\/obcanskymonitoring.cz\/index.php?rest_route=\/wp\/v2\/posts"}],"about":[{"href":"https:\/\/obcanskymonitoring.cz\/index.php?rest_route=\/wp\/v2\/types\/post"}],"author":[{"embeddable":true,"href":"https:\/\/obcanskymonitoring.cz\/index.php?rest_route=\/wp\/v2\/users\/2"}],"replies":[{"embeddable":true,"href":"https:\/\/obcanskymonitoring.cz\/index.php?rest_route=%2Fwp%2Fv2%2Fcomments&post=5639"}],"version-history":[{"count":0,"href":"https:\/\/obcanskymonitoring.cz\/index.php?rest_route=\/wp\/v2\/posts\/5639\/revisions"}],"wp:attachment":[{"href":"https:\/\/obcanskymonitoring.cz\/index.php?rest_route=%2Fwp%2Fv2%2Fmedia&parent=5639"}],"wp:term":[{"taxonomy":"category","embeddable":true,"href":"https:\/\/obcanskymonitoring.cz\/index.php?rest_route=%2Fwp%2Fv2%2Fcategories&post=5639"},{"taxonomy":"post_tag","embeddable":true,"href":"https:\/\/obcanskymonitoring.cz\/index.php?rest_route=%2Fwp%2Fv2%2Ftags&post=5639"}],"curies":[{"name":"wp","href":"https:\/\/api.w.org\/{rel}","templated":true}]}}