{"id":5854,"date":"2016-08-26T21:57:14","date_gmt":"2016-08-26T21:57:14","guid":{"rendered":"http:\/\/obcanskymonitoring.cz\/?p=5854"},"modified":"2016-08-27T08:31:32","modified_gmt":"2016-08-27T08:31:32","slug":"petr-jesatko-uplynulo-pet-let-od-ostudneho-zasahu-policie-u-ptaciho-potoka","status":"publish","type":"post","link":"https:\/\/obcanskymonitoring.cz\/?p=5854","title":{"rendered":"Petr Je\u0161\u00e1tko: Uplynulo p\u011bt let od ostudn\u00e9ho z\u00e1sahu policie u Pta\u010d\u00edho potoka"},"content":{"rendered":"<div class=\"pvc_clear\"><\/div>\n<p class=\"pvc_stats total_only \" data-element-id=\"5854\" style=\"\"><i class=\"pvc-stats-icon medium\" aria-hidden=\"true\"><svg xmlns=\"http:\/\/www.w3.org\/2000\/svg\" version=\"1.0\" viewBox=\"0 0 502 315\" preserveAspectRatio=\"xMidYMid meet\"><g transform=\"translate(0,332) scale(0.1,-0.1)\" fill=\"\" stroke=\"none\"><path d=\"M2394 3279 l-29 -30 -3 -207 c-2 -182 0 -211 15 -242 39 -76 157 -76 196 0 15 31 17 60 15 243 l-3 209 -33 29 c-26 23 -41 29 -80 29 -41 0 -53 -5 -78 -31z\"\/><path d=\"M3085 3251 c-45 -19 -58 -50 -96 -229 -47 -217 -49 -260 -13 -295 52 -53 146 -42 177 20 16 31 87 366 87 410 0 70 -86 122 -155 94z\"\/><path d=\"M1751 3234 c-13 -9 -29 -31 -37 -50 -12 -29 -10 -49 21 -204 19 -94 39 -189 45 -210 14 -50 54 -80 110 -80 34 0 48 6 76 34 21 21 34 44 34 59 0 14 -18 113 -40 219 -37 178 -43 195 -70 221 -36 32 -101 37 -139 11z\"\/><path d=\"M1163 3073 c-36 -7 -73 -59 -73 -102 0 -56 133 -378 171 -413 34 -32 83 -37 129 -13 70 36 67 87 -16 290 -86 209 -89 214 -129 231 -35 14 -42 15 -82 7z\"\/><path d=\"M3689 3066 c-15 -9 -33 -30 -42 -48 -48 -103 -147 -355 -147 -375 0 -98 131 -148 192 -74 13 15 57 108 97 206 80 196 84 226 37 273 -30 30 -99 39 -137 18z\"\/><path d=\"M583 2784 c-38 -19 -67 -74 -58 -113 9 -42 211 -354 242 -373 16 -10 45 -18 66 -18 51 0 107 52 107 100 0 39 -1 41 -124 234 -80 126 -108 162 -133 173 -41 17 -61 16 -100 -3z\"\/><path d=\"M4250 2784 c-14 -9 -74 -91 -133 -183 -95 -150 -107 -173 -107 -213 0 -55 33 -94 87 -104 67 -13 90 8 211 198 130 202 137 225 78 284 -27 27 -42 34 -72 34 -22 0 -50 -8 -64 -16z\"\/><path d=\"M2275 2693 c-553 -48 -1095 -270 -1585 -649 -135 -104 -459 -423 -483 -476 -23 -49 -22 -139 2 -186 73 -142 361 -457 571 -626 285 -228 642 -407 990 -497 242 -63 336 -73 660 -74 310 0 370 5 595 52 535 111 1045 392 1455 803 122 121 250 273 275 326 19 41 19 137 0 174 -41 79 -309 363 -465 492 -447 370 -946 591 -1479 653 -113 14 -422 18 -536 8z m395 -428 c171 -34 330 -124 456 -258 112 -119 167 -219 211 -378 27 -96 24 -300 -5 -401 -72 -255 -236 -447 -474 -557 -132 -62 -201 -76 -368 -76 -167 0 -236 14 -368 76 -213 98 -373 271 -451 485 -162 444 86 934 547 1084 153 49 292 57 452 25z m909 -232 c222 -123 408 -262 593 -441 76 -74 138 -139 138 -144 0 -16 -233 -242 -330 -319 -155 -123 -309 -223 -461 -299 l-81 -41 32 46 c18 26 49 83 70 128 143 306 141 649 -6 957 -25 52 -61 116 -79 142 l-34 47 45 -20 c26 -10 76 -36 113 -56z m-2057 25 c-40 -58 -105 -190 -130 -263 -110 -324 -59 -707 132 -981 25 -35 42 -64 37 -64 -19 0 -241 119 -326 174 -188 122 -406 314 -532 468 l-58 71 108 103 c185 178 428 349 672 473 66 33 121 60 123 61 2 0 -10 -19 -26 -42z\"\/><path d=\"M2375 1950 c-198 -44 -350 -190 -395 -379 -18 -76 -8 -221 19 -290 114 -284 457 -406 731 -260 98 52 188 154 231 260 27 69 37 214 19 290 -38 163 -166 304 -326 360 -67 23 -215 33 -279 19z\"\/><\/g><\/svg><\/i> &nbsp;1,529&nbsp;total views<\/p>\n<div class=\"pvc_clear\"><\/div>\n<p><a href=\"http:\/\/obcanskymonitoring.cz\/wp-content\/uploads\/2016\/08\/P\u0159irozen\u00e1-obnova-v-bezz\u00e1sahov\u00e9m-\u00fazem\u00ed-u-Ztracen\u00e9ho-v-NP-\u0160umava.jpg\"><img loading=\"lazy\" class=\"alignnone size-medium wp-image-5855\" alt=\"P\u0159irozen\u00e1 obnova v bezz\u00e1sahov\u00e9m \u00fazem\u00ed u Ztracen\u00e9ho v NP \u0160umava\" src=\"http:\/\/obcanskymonitoring.cz\/wp-content\/uploads\/2016\/08\/P\u0159irozen\u00e1-obnova-v-bezz\u00e1sahov\u00e9m-\u00fazem\u00ed-u-Ztracen\u00e9ho-v-NP-\u0160umava-300x200.jpg\" width=\"300\" height=\"200\" srcset=\"https:\/\/obcanskymonitoring.cz\/wp-content\/uploads\/2016\/08\/P\u0159irozen\u00e1-obnova-v-bezz\u00e1sahov\u00e9m-\u00fazem\u00ed-u-Ztracen\u00e9ho-v-NP-\u0160umava-300x200.jpg 300w, https:\/\/obcanskymonitoring.cz\/wp-content\/uploads\/2016\/08\/P\u0159irozen\u00e1-obnova-v-bezz\u00e1sahov\u00e9m-\u00fazem\u00ed-u-Ztracen\u00e9ho-v-NP-\u0160umava-1024x682.jpg 1024w\" sizes=\"(max-width: 300px) 100vw, 300px\" \/><\/a><\/p>\n<p>&nbsp;<\/p>\n<p>Na sn\u00edmku je p\u0159irozen\u00e1 obnova lesa v bezz\u00e1sahov\u00e9m \u00fazem\u00ed u Ztracen\u00e9ho v N\u00e1rodn\u00edm parku \u0160umava.<\/p>\n<p>P\u0159etiskujeme nov\u00fd p\u0159\u00edsp\u011bvek\u00a0<a href=\"http:\/\/obcanskymonitoring.cz\/?page_id=3014\">Petra Je\u0161\u00e1tka<\/a>, b\u00fdval\u00e9ho vrchn\u00edho lesn\u00edho inspektora N\u00e1rodn\u00edho parku \u0160umava, kter\u00fdm si p\u0159ipom\u00edn\u00e1 v\u00fdro\u010d\u00ed protiz\u00e1konn\u00e9mu z\u00e1sahu policie proti aktivist\u016fm, kte\u0159\u00ed se sna\u017eili blokovat neleg\u00e1ln\u00ed t\u011b\u017ebu d\u0159eva v bezz\u00e1sahov\u00e9 z\u00f3n\u011b na Pta\u010d\u00edm potoce na \u0160umav\u011b.<\/p>\n<p><!--more--><\/p>\n<p>Uplynulo p\u011bt let od ostudn\u00e9ho poru\u0161ov\u00e1n\u00ed z\u00e1kona O ochran\u011b p\u0159\u00edrody a krajiny st\u00e1tn\u00edmi \u00fa\u0159edn\u00edky Spr\u00e1vy NP \u0160umava, po\u010d\u00ednaje tehdy dosazen\u00fdm \u0159editelem Janem Str\u00e1sk\u00fdm, ministrem Chalupou z ODS. Ostudn\u00fd byl i brut\u00e1ln\u00ed z\u00e1sah, kter\u00fd Policie \u010cR podnikla proti ob\u010dan\u016fm, kte\u0159\u00ed se sna\u017eili br\u00e1nit z\u00e1kon (sna\u017eili se zabr\u00e1nit neleg\u00e1ln\u00ed t\u011b\u017eb\u011b d\u0159eva v bezz\u00e1sahov\u00e9 z\u00f3n\u011b \u0160umavsk\u00e9ho n\u00e1rodn\u00edho parku.).<\/p>\n<p>M\u00edsto aby policie zabr\u00e1nila neleg\u00e1ln\u00ed t\u011b\u017eb\u011b d\u0159eva, velmi surov\u011b zbila ob\u010dany, kte\u0159\u00ed se neleg\u00e1ln\u00ed t\u011b\u017eb\u011b sna\u017eili zabr\u00e1nit.\u00a0Neleg\u00e1lnost z\u00e1sahu konstatoval soud, jak referujeme v \u010dl\u00e1nku\u00a0<a href=\"http:\/\/obcanskymonitoring.cz\/?p=3464\">Petr Je\u0161\u00e1tko: Moje vzpom\u00ednky na blok\u00e1du (na Pta\u010d\u00edm potoce na \u0160umav\u011b)<\/a>.<\/p>\n<p>Zran\u011bn\u00ed a nepr\u00e1vem polici\u00ed odvezen\u00ed aktivisti, kte\u0159\u00ed br\u00e1nili poru\u0161ov\u00e1n\u00ed z\u00e1kona, jak uznal <a href=\"http:\/\/obcanskymonitoring.cz\/wp-content\/uploads\/2014\/02\/140120_rozsudek_KS_PLzen.pdf\">soud<\/a>, dodnes \u010dekaj\u00edc\u00ed na omluvu Policie.<\/p>\n<p>V p\u0159ilo\u017een\u00e9m po\u0159adu \u010cesk\u00e9 televize se sou\u010dasn\u00fd \u0159editel N\u00e1rodn\u00edho parku \u0160umava Mgr Pavel Huben\u00fd, d\u0159\u00edv\u011bj\u0161\u00ed n\u00e1m\u011bstek \u0159editele N\u00e1rodn\u00edho parku \u0160umava Str\u00e1sk\u00e9ho a n\u00e1sledn\u011b i M\u00e1nka a M\u00e1nkem dosazen\u00fd n\u00e1m\u011bstek pro lesy Ing. Jan Kozel, vyjad\u0159uj\u00ed k sou\u010dasn\u00e9mu stavu t\u00e9to lokality. \u00a0<a href=\"http:\/\/www.ceskatelevize.cz\/porady\/1097181328-udalosti\/216411000100815\/\">Po\u0159ad \u010cesk\u00e9 televize P\u011bt let od blok\u00e1dy na \u0160umav\u011b m\u016f\u017eete zhl\u00e9dnout zde.<\/a><\/p>\n<p>Je v\u0161ak t\u0159eba se pod\u00edvat i do minulosti. Bez minulosti a pou\u010den\u00ed, z\u00e1rove\u0148 i vyvozen\u00ed osobn\u00ed odpov\u011bdnosti za poru\u0161ov\u00e1n\u00ed z\u00e1kona, nelze d\u011blat budoucnost. Bohu\u017eel, je zvykem v na\u0161\u00ed spole\u010dnosti, narozd\u00edl od spole\u010dnost\u00ed v okoln\u00edch st\u00e1tech, je zav\u00edrat o\u010di a tv\u00e1\u0159it se, \u017ee se nic nestalo.<\/p>\n<p>Proto si dovoluji p\u0159ipomenout n\u011bkolik z\u00e1sadn\u00edch skute\u010dnost\u00ed, viz \u010dl\u00e1nek <a href=\"http:\/\/obcanskymonitoring.cz\/?p=3464\">Moje vzpom\u00ednky na blok\u00e1du na Pta\u010d\u00edm potoce<\/a>, v\u010detn\u011b v\u00fd\u0161e uveden\u00e9ho po\u0159adu \u010cT.<\/p>\n<p>To, \u017ee byla zp\u016fsobena nejen \u0161koda na zdrav\u00ed p\u0159i z\u00e1sahu policie mnoha lidem, o mor\u00e1ln\u00edch \u0161kod\u00e1ch na ch\u00e1p\u00e1n\u00ed st\u00e1tu, jako pr\u00e1vn\u00edho st\u00e1tu respektuj\u00edc\u00edho z\u00e1kony, nen\u00ed pochyb, tak jako nen\u00ed pochyb, \u017ee byla zp\u016fsobena i zna\u010dn\u00e1 ekonomick\u00e1 \u0161koda viz \u010dl\u00e1nek <a href=\"http:\/\/obcanskymonitoring.cz\/?p=2575\">N\u00e1rodn\u00ed park zaplatil za neleg\u00e1ln\u00ed z\u00e1sah p\u0159es 8 mil. K\u010d<\/a>.<\/p>\n<p>Nem\u016f\u017ee se pan sou\u010dasn\u00fd ministr \u017divotn\u00edho prost\u0159ed\u00ed Brabec a j\u00edm dosazen\u00fd \u0159editel N\u00e1rodn\u00edho parku \u0160umava Huben\u00fd tv\u00e1\u0159it, \u017ee se nic nestalo a takov\u00e9to jedn\u00e1n\u00ed a \u0161kody p\u0159ehl\u00ed\u017eet: Oba by m\u011bli z toho, co se stalo (by\u0165 se tak nestalo za jejich veden\u00ed), vyvodit d\u016fsledky.<\/p>\n<p>Kde je povinnost pe\u010dovat o st\u00e1tn\u00ed majetek s p\u00e9\u010d\u00ed \u0159\u00e1dn\u00e9ho hospod\u00e1\u0159e? K tomu, aby se takov\u00e9to v\u011bci v budoucnosti ji\u017e nest\u00e1valy, je t\u0159eba se op\u00edrat p\u0159i rozhodov\u00e1n\u00ed o stanoviska odborn\u00edk\u016f, zab\u00fdvaj\u00edc\u00edch se lesn\u00edmi ekosyst\u00e9my jako celkem jako nap\u0159. viz \u010dl\u00e1nek\u00a0<a href=\"http:\/\/ekolist.cz\/cz\/publicistika\/nazory-a-komentare\/karel-matejka-posouzeni-aktualni-situace-v-oblasti-ptaciho-potoka-v-np-sumava\">Karel Mat\u011bjka: Z\u00e1sah na Pta\u010d\u00edm potoce povede k tot\u00e1ln\u00edmu rozpadu stromov\u00e9ho patra<\/a>\u00a0pop\u0159. viz \u010dl\u00e1nek\u00a0<a href=\"http:\/\/kutal.blog.idnes.cz\/c\/204462\/Ma-smysl-kacet-u-Ptaciho-potoka.html\">Miroslav Kutal: M\u00e1 smysl k\u00e1cet u Pta\u010d\u00edho potoka?<\/a><\/p>\n<p>\u010cerpat a rozhodovat z beletrie \u010di z vlastn\u00edch n\u00e1zor\u016f \u010di lid\u00ed znaj\u00edc\u00edch lesn\u00ed ekosyst\u00e9my pouze povrchn\u011b nesta\u010d\u00ed k opravdu odborn\u00fdm rozhodnut\u00edm. Zejm\u00e9na, pokud to jsou lid\u00e9, kte\u0159\u00ed sv\u00e9 n\u00e1zory jsou schopni n\u011bkolikr\u00e1t po sob\u011b v kr\u00e1tk\u00e9 dob\u011b zm\u011bnit. Bezz\u00e1sahovost si nesm\u00edme pl\u00e9st s bezz\u00e1sadovost\u00ed.<\/p>\n<p>&nbsp;<\/p>\n<p><a href=\"http:\/\/obcanskymonitoring.cz\/?page_id=3014\">Petr Je\u0161\u00e1tko st.<\/a>\u00a0(Autor je b\u00fdval\u00fd vrchn\u00ed lesn\u00ed inspektor N\u00e1rodn\u00edho parku \u0160umava, nyn\u00ed v d\u016fchodu).<\/p>\n<p><a href=\"http:\/\/www.ceskatelevize.cz\/ivysilani\/1129337346-pridej-se\/209562248410019\/\">Star\u0161\u00ed\u00a0po\u0159ad Petra Je\u0161\u00e1tka pro \u010ceskou televizi<\/a><\/p>\n<p>Dal\u0161\u00ed \u010dl\u00e1nky Petra Je\u0161\u00e1tka na na\u0161ich str\u00e1nk\u00e1ch jsou\u00a0<a href=\"http:\/\/obcanskymonitoring.cz\/?s=je%C5%A1%C3%A1tko&amp;x=0&amp;y=0\">zde<\/a>.<\/p>\n<p>Dal\u0161\u00ed \u010dl\u00e1nky na Ob\u010dansk\u00e9m monitoringu k t\u00e9matu \u0160umava si m\u016f\u017eete p\u0159e\u010d\u00edst\u00a0<a href=\"http:\/\/obcanskymonitoring.cz\/?cat=21\">zde<\/a>.<\/p>\n<div data-counters='1' data-style='square' data-size='regular' data-url='https:\/\/obcanskymonitoring.cz\/?p=5854' data-title='Petr Je\u0161\u00e1tko: Uplynulo p\u011bt let od ostudn\u00e9ho z\u00e1sahu policie u Pta\u010d\u00edho potoka' class='linksalpha_container linksalpha_app_3'><a href='\/\/www.linksalpha.com\/share?network='facebook' class='linksalpha_icon_facebook'><\/a><a href='\/\/www.linksalpha.com\/share?network='twitter' class='linksalpha_icon_twitter'><\/a><a href='\/\/www.linksalpha.com\/share?network='googleplus' class='linksalpha_icon_googleplus'><\/a><a href='\/\/www.linksalpha.com\/share?network='mail' class='linksalpha_icon_mail'><\/a><\/div><div data-position='' data-url='https:\/\/obcanskymonitoring.cz\/?p=5854' data-title='Petr Je\u0161\u00e1tko: Uplynulo p\u011bt let od ostudn\u00e9ho z\u00e1sahu policie u Pta\u010d\u00edho potoka' class='linksalpha_container linksalpha_app_7'><a href='\/\/www.linksalpha.com\/share?network='facebook' class='linksalpha_icon_facebook'><\/a><a href='\/\/www.linksalpha.com\/share?network='twitter' class='linksalpha_icon_twitter'><\/a><a href='\/\/www.linksalpha.com\/share?network='googleplus' class='linksalpha_icon_googleplus'><\/a><a href='\/\/www.linksalpha.com\/share?network='mail' class='linksalpha_icon_mail'><\/a><\/div>","protected":false},"excerpt":{"rendered":"<p>&nbsp;1,529&nbsp;total views &nbsp; Na sn\u00edmku je p\u0159irozen\u00e1 obnova lesa v bezz\u00e1sahov\u00e9m \u00fazem\u00ed u Ztracen\u00e9ho v N\u00e1rodn\u00edm parku \u0160umava. P\u0159etiskujeme nov\u00fd p\u0159\u00edsp\u011bvek\u00a0Petra Je\u0161\u00e1tka, b\u00fdval\u00e9ho vrchn\u00edho lesn\u00edho inspektora N\u00e1rodn\u00edho parku \u0160umava, kter\u00fdm si p\u0159ipom\u00edn\u00e1 v\u00fdro\u010d\u00ed protiz\u00e1konn\u00e9mu z\u00e1sahu policie proti aktivist\u016fm, kte\u0159\u00ed se sna\u017eili blokovat neleg\u00e1ln\u00ed t\u011b\u017ebu d\u0159eva v bezz\u00e1sahov\u00e9 z\u00f3n\u011b na Pta\u010d\u00edm potoce na \u0160umav\u011b.<\/p>\n","protected":false},"author":2,"featured_media":0,"comment_status":"open","ping_status":"open","sticky":true,"template":"","format":"standard","meta":[],"categories":[21,29],"tags":[],"_links":{"self":[{"href":"https:\/\/obcanskymonitoring.cz\/index.php?rest_route=\/wp\/v2\/posts\/5854"}],"collection":[{"href":"https:\/\/obcanskymonitoring.cz\/index.php?rest_route=\/wp\/v2\/posts"}],"about":[{"href":"https:\/\/obcanskymonitoring.cz\/index.php?rest_route=\/wp\/v2\/types\/post"}],"author":[{"embeddable":true,"href":"https:\/\/obcanskymonitoring.cz\/index.php?rest_route=\/wp\/v2\/users\/2"}],"replies":[{"embeddable":true,"href":"https:\/\/obcanskymonitoring.cz\/index.php?rest_route=%2Fwp%2Fv2%2Fcomments&post=5854"}],"version-history":[{"count":0,"href":"https:\/\/obcanskymonitoring.cz\/index.php?rest_route=\/wp\/v2\/posts\/5854\/revisions"}],"wp:attachment":[{"href":"https:\/\/obcanskymonitoring.cz\/index.php?rest_route=%2Fwp%2Fv2%2Fmedia&parent=5854"}],"wp:term":[{"taxonomy":"category","embeddable":true,"href":"https:\/\/obcanskymonitoring.cz\/index.php?rest_route=%2Fwp%2Fv2%2Fcategories&post=5854"},{"taxonomy":"post_tag","embeddable":true,"href":"https:\/\/obcanskymonitoring.cz\/index.php?rest_route=%2Fwp%2Fv2%2Ftags&post=5854"}],"curies":[{"name":"wp","href":"https:\/\/api.w.org\/{rel}","templated":true}]}}