{"id":5860,"date":"2016-09-04T21:31:51","date_gmt":"2016-09-04T21:31:51","guid":{"rendered":"http:\/\/obcanskymonitoring.cz\/?p=5860"},"modified":"2016-09-09T13:52:57","modified_gmt":"2016-09-09T13:52:57","slug":"5860","status":"publish","type":"post","link":"https:\/\/obcanskymonitoring.cz\/?p=5860","title":{"rendered":"Petr Je\u0161\u00e1tko: Co sou\u010dasn\u00e9 veden\u00ed NP \u0160umava nev\u011bd\u011blo, to v\u011bd\u011blo prvn\u00ed veden\u00ed ji\u017e od zalo\u017een\u00ed parku"},"content":{"rendered":"<div class=\"pvc_clear\"><\/div>\n<p class=\"pvc_stats total_only \" data-element-id=\"5860\" style=\"\"><i class=\"pvc-stats-icon medium\" aria-hidden=\"true\"><svg xmlns=\"http:\/\/www.w3.org\/2000\/svg\" version=\"1.0\" viewBox=\"0 0 502 315\" preserveAspectRatio=\"xMidYMid meet\"><g transform=\"translate(0,332) scale(0.1,-0.1)\" fill=\"\" stroke=\"none\"><path d=\"M2394 3279 l-29 -30 -3 -207 c-2 -182 0 -211 15 -242 39 -76 157 -76 196 0 15 31 17 60 15 243 l-3 209 -33 29 c-26 23 -41 29 -80 29 -41 0 -53 -5 -78 -31z\"\/><path d=\"M3085 3251 c-45 -19 -58 -50 -96 -229 -47 -217 -49 -260 -13 -295 52 -53 146 -42 177 20 16 31 87 366 87 410 0 70 -86 122 -155 94z\"\/><path d=\"M1751 3234 c-13 -9 -29 -31 -37 -50 -12 -29 -10 -49 21 -204 19 -94 39 -189 45 -210 14 -50 54 -80 110 -80 34 0 48 6 76 34 21 21 34 44 34 59 0 14 -18 113 -40 219 -37 178 -43 195 -70 221 -36 32 -101 37 -139 11z\"\/><path d=\"M1163 3073 c-36 -7 -73 -59 -73 -102 0 -56 133 -378 171 -413 34 -32 83 -37 129 -13 70 36 67 87 -16 290 -86 209 -89 214 -129 231 -35 14 -42 15 -82 7z\"\/><path d=\"M3689 3066 c-15 -9 -33 -30 -42 -48 -48 -103 -147 -355 -147 -375 0 -98 131 -148 192 -74 13 15 57 108 97 206 80 196 84 226 37 273 -30 30 -99 39 -137 18z\"\/><path d=\"M583 2784 c-38 -19 -67 -74 -58 -113 9 -42 211 -354 242 -373 16 -10 45 -18 66 -18 51 0 107 52 107 100 0 39 -1 41 -124 234 -80 126 -108 162 -133 173 -41 17 -61 16 -100 -3z\"\/><path d=\"M4250 2784 c-14 -9 -74 -91 -133 -183 -95 -150 -107 -173 -107 -213 0 -55 33 -94 87 -104 67 -13 90 8 211 198 130 202 137 225 78 284 -27 27 -42 34 -72 34 -22 0 -50 -8 -64 -16z\"\/><path d=\"M2275 2693 c-553 -48 -1095 -270 -1585 -649 -135 -104 -459 -423 -483 -476 -23 -49 -22 -139 2 -186 73 -142 361 -457 571 -626 285 -228 642 -407 990 -497 242 -63 336 -73 660 -74 310 0 370 5 595 52 535 111 1045 392 1455 803 122 121 250 273 275 326 19 41 19 137 0 174 -41 79 -309 363 -465 492 -447 370 -946 591 -1479 653 -113 14 -422 18 -536 8z m395 -428 c171 -34 330 -124 456 -258 112 -119 167 -219 211 -378 27 -96 24 -300 -5 -401 -72 -255 -236 -447 -474 -557 -132 -62 -201 -76 -368 -76 -167 0 -236 14 -368 76 -213 98 -373 271 -451 485 -162 444 86 934 547 1084 153 49 292 57 452 25z m909 -232 c222 -123 408 -262 593 -441 76 -74 138 -139 138 -144 0 -16 -233 -242 -330 -319 -155 -123 -309 -223 -461 -299 l-81 -41 32 46 c18 26 49 83 70 128 143 306 141 649 -6 957 -25 52 -61 116 -79 142 l-34 47 45 -20 c26 -10 76 -36 113 -56z m-2057 25 c-40 -58 -105 -190 -130 -263 -110 -324 -59 -707 132 -981 25 -35 42 -64 37 -64 -19 0 -241 119 -326 174 -188 122 -406 314 -532 468 l-58 71 108 103 c185 178 428 349 672 473 66 33 121 60 123 61 2 0 -10 -19 -26 -42z\"\/><path d=\"M2375 1950 c-198 -44 -350 -190 -395 -379 -18 -76 -8 -221 19 -290 114 -284 457 -406 731 -260 98 52 188 154 231 260 27 69 37 214 19 290 -38 163 -166 304 -326 360 -67 23 -215 33 -279 19z\"\/><\/g><\/svg><\/i> &nbsp;1,026&nbsp;total views<\/p>\n<div class=\"pvc_clear\"><\/div>\n<p><a href=\"http:\/\/obcanskymonitoring.cz\/wp-content\/uploads\/2014\/09\/Jesatko.jpg\"><img loading=\"lazy\" class=\"alignnone size-full wp-image-3017\" alt=\"Jesatko\" src=\"http:\/\/obcanskymonitoring.cz\/wp-content\/uploads\/2014\/09\/Jesatko.jpg\" width=\"287\" height=\"167\" \/><\/a><\/p>\n<p>P\u0159etiskujeme nov\u00fd p\u0159\u00edsp\u011bvek\u00a0<a href=\"http:\/\/obcanskymonitoring.cz\/?page_id=3014\">Petra Je\u0161\u00e1tka<\/a>, b\u00fdval\u00e9ho vrchn\u00edho lesn\u00edho inspektora N\u00e1rodn\u00edho parku \u0160umava.<\/p>\n<p><!--more--><\/p>\n<p>V sou\u010dasn\u00e9 dob\u011b vy\u0161lo dal\u0161\u00ed \u010d\u00edslo \u010dasopisu \u0160umava k 25. v\u00fdro\u010d\u00ed vyhl\u00e1\u0161en\u00ed N\u00e1rodn\u00edho parku \u0160umava. Velice hezky se v n\u011bm vyjad\u0159uje prvn\u00ed \u0159editel t\u00e9to organizace a tak\u00e9 posledn\u00ed, kter\u00fd byl jmenov\u00e1n ministrem \u017eivotn\u00edho prost\u0159ed\u00ed <a href=\"https:\/\/cs.wikipedia.org\/wiki\/Ivan_Dejmal\">Ivanem Dejmalem<\/a>\u00a0na z\u00e1klad\u011b v\u00fdb\u011brov\u00e9ho \u0159\u00edzen\u00ed. Od t\u00e9 doby, po zku\u0161enostech s t\u00edmto \u0159editelem, kter\u00fd neuposlechl p\u0159\u00edkaz nov\u00e9ho ministra Bendy (ODS) a nam\u00edsto poslu\u0161nosti ministrovi dodr\u017eel z\u00e1kon: \u00a0p\u0159evzal tenkr\u00e1t, jak mu na\u0159izoval z\u00e1kon, lesy pod n\u00e1rodn\u00ed park a n\u00e1sledn\u011b byl ministrem odvol\u00e1n&#8230; Toto t\u00e9ma je p\u0159ehledn\u011b pops\u00e1no v \u010dl\u00e1nku <a href=\"https:\/\/drive.google.com\/open?id=0B2ZZNd5rGbv6YmFDYmVDQWo3S0E\">P\u0159evod les\u016f pod Spr\u00e1vu<\/a>.<\/p>\n<p>Od t\u00e9 doby se u\u017e politici pou\u010dili a &#8220;sv\u00e9&#8221; \u0159editele dosazuj\u00ed tak, jak jim vyhovuj\u00ed. Proto je tak \u010dast\u00e9 st\u0159\u00edd\u00e1n\u00ed \u0159editel\u016f a n\u00e1zor\u016f na bezz\u00e1sahovost&#8230; \u00a0nikoliv podle odbornosti, ale podle poslu\u0161nosti.<\/p>\n<p>Ji\u017e za prvn\u00edho \u0159editele n\u00e1m bylo zcela jasn\u00e9, dle na\u0161i zku\u0161enost\u00ed jako lesn\u00edk\u016f v horsk\u00fdch les\u00edch, \u017ee horsk\u00e1 smr\u010dina je zcela n\u011bco jin\u00e9ho, ne\u017e smrkov\u00e1 monokultura v ni\u017e\u0161\u00edch vegeta\u010dn\u00edch stupn\u00edch, a \u017ee jedin\u011b rezervace a bezz\u00e1sahov\u00e1 \u00fazem\u00ed n\u00e1rodn\u00edch park\u016f \u00a0n\u00e1m dodaj\u00ed d\u016fkazy o tom, \u017ee si p\u0159\u00edroda bez z\u00e1sahu \u010dlov\u011bka porad\u00ed l\u00e9pe, ne\u017e kdy\u017e se \u010dlov\u011bk i v dobr\u00e9m \u00famyslu zde za\u010dne s motorovou pilou do p\u0159\u00edrody pl\u00e9st.<\/p>\n<p>Jezdili jsme se u\u010dit do vedlej\u0161\u00edho <a href=\"https:\/\/cs.wikipedia.org\/wiki\/N%C3%A1rodn%C3%AD_park_Bavorsk%C3%BD_les\">N\u00e1rodn\u00edho parku Bavorsk\u00fd les<\/a>, kde jeho bavorsk\u00fd \u0159editel, kter\u00fd tam byl (narozd\u00edl od \u010desk\u00e9 praxe) od vyhl\u00e1\u0161en\u00ed parku a\u017e do sv\u00e9ho d\u016fchodu m\u011bl velk\u00e9 zku\u0161enosti tak\u00e9\u00a0jako lesn\u00edk. Bavorsk\u00fd park jsme naz\u00fdvali na\u0161\u00edm star\u0161\u00edm bratrem. Ne nadarmo je to park II. kategorie <a href=\"https:\/\/cs.wikipedia.org\/wiki\/Mezin%C3%A1rodn%C3%AD_svaz_ochrany_p%C5%99%C3%ADrody\">IUCN<\/a> a nositel Diplomu Rady Evropy. Na\u0161e nasb\u00edran\u00e1 fakta jsme se sna\u017eili p\u0159edkl\u00e1dat ve\u0159ejnosti a zejm\u00e9na politik\u016fm a tedy z\u00e1konod\u00e1rc\u016fm, kte\u0159\u00ed rozhoduj\u00ed o tomto \u00fazem\u00ed s nesm\u00edrnou ekologickou hodnotou. Dovoluji si jenom p\u0159ipomenout n\u011bkolik t\u011bchto argument\u016f od roku 2009 do roku 2010, tedy do doby op\u011bt zm\u011bny veden\u00ed ministerstva a n\u00e1sledn\u00e9 zm\u011bny veden\u00ed parku i zp\u016fsobu managementu chr\u00e1n\u011bn\u00e9ho \u00fazem\u00ed. V roce 2009 to byl po\u0159ad <a href=\"http:\/\/www.ceskatelevize.cz\/ivysilani\/1129337346-pridej-se\/209562248410019\/\">\u010cesk\u00e9 televize P\u0159idej se: Zachra\u0148te \u0160umavu O horsk\u00fdch smr\u010din\u00e1ch na \u0160umav\u011b<\/a>. N\u00e1sledovalo zve\u0159ejn\u011bn\u00ed v\u00fdsledk\u016f <a href=\"http:\/\/obcanskymonitoring.cz\/wp-content\/uploads\/2014\/03\/Biomonitoring-NPS-k-rozesilani.pdf\">Biomonitoringu bezz\u00e1sahov\u00e9ho \u00fazem\u00ed v r.2010<\/a>\u00a0a \u010dasopis <a href=\"https:\/\/drive.google.com\/open?id=0B2ZZNd5rGbv6YzZ5N0tPZXhlWmM\">\u0160umava pro ve\u0159ejnost s n\u00e1zvem P\u0159\u00edrodu nechat p\u0159\u00edrod\u011b<\/a>. Spolu s kolegy, tak\u00e9 lesn\u00edky, jsem nal\u00e9tl vrtuln\u00edkem bezz\u00e1sahov\u00e1 \u00fazem\u00ed a Ing. Karel Mal\u00edk a Ing. Marek Drha zachytili kamerou a fotoapar\u00e1tem tato \u00fazem\u00ed ze vzduchu a n\u00e1sledn\u011b stejn\u00e9 lokality za pomoc\u00ed GPS i ze zem\u011b. Dokument mo\u017eno s dal\u0161\u00edmi, st\u00e1hnout zde: <a href=\"http:\/\/obcanskymonitoring.cz\/?p=4765\">Film Obnova lesa v N\u00e1rodn\u00edm parku \u0160umava<\/a>. \u010casopis \u0160umava spolu s touto dokumentac\u00ed na DVD byl v r. 2010 zasl\u00e1n v\u0161em poslanc\u016fm Poslaneck\u00e9 sn\u011bmovny. Z\u00e1rove\u0148 byla d\u00edky dne\u0161n\u00edmu p\u0159edsedovi V\u00fdboru pro \u017eivotn\u00ed prost\u0159ed\u00ed PS panu poslanci <a href=\"https:\/\/cs.wikipedia.org\/wiki\/Robin_B%C3%B6hnisch\">Dr. Robinu B\u00f6hnischovi<\/a> uspo\u0159\u00e1d\u00e1na v\u00fdstava baner\u016f v Poslaneck\u00e9 sn\u011bmovn\u011b, kter\u00e9 vysv\u011btlovaly rozd\u00edl mezi bezz\u00e1sahov\u00fdmi horsk\u00fdmi smr\u010dinami a z\u00e1sahov\u00fdm \u00fazem\u00edm ni\u017e\u0161\u00edch poloh. \u00a0P\u0159\u00edklad:<\/p>\n<p><a href=\"http:\/\/obcanskymonitoring.cz\/wp-content\/uploads\/2014\/05\/Sumava-banner-09+10.jpg\">Bannery \u010d 9+10<\/a> a <a href=\"http:\/\/obcanskymonitoring.cz\/wp-content\/uploads\/2014\/05\/Sumava-banner-11+12.jpg\">banner 11+12<\/a>. Byl i nato\u010den i velice pou\u010dn\u00fd film <a href=\"https:\/\/www.youtube.com\/watch?v=dJlsevlm1M8\">Silva Gabreta-Zelen\u00e1 \u0160umava<\/a>, kter\u00fdm div\u00e1ka prov\u00e1d\u00ed a vysv\u011btluje z\u00e1konitosti p\u0159\u00edrody b\u00fdval\u00fd ministr \u017dP pan <a href=\"https:\/\/cs.wikipedia.org\/wiki\/Ladislav_Miko\">RNDr. Ladislav Miko<\/a>.<\/p>\n<p>O to p\u0159ekvapiv\u011bj\u0161\u00ed je vyj\u00e1d\u0159en\u00ed v sou\u010dasn\u00e9m \u010dasopise \u0160umava k 25. v\u00fdro\u010d\u00ed parku, pana n\u00e1m\u011bstka Ing. Kozla, \u017ee je p\u0159ekvapen, \u017ee se p\u0159\u00edroda v bezz\u00e1sahov\u00e9m \u00fazem\u00ed um\u00ed o sebe l\u00e9pe postarat, ne\u017e se o ni star\u00e1 pan n\u00e1m\u011bstek a asi jeho n\u011bkte\u0159\u00ed sou\u010dasn\u00ed kolegov\u00e9 ve veden\u00ed. Ne\u010dekal to, co jsme ji\u017e v minulosti mnohokr\u00e1t prezentovali? P\u00ed\u0161e doslova: <em>&#8220;co jsme nev\u011bd\u011bli &#8230;.. &#8220;<\/em>.<\/p>\n<p>\u017de by t\u00edm omlouval, \u017ee sou\u010dasn\u00e9 veden\u00ed po\u017eaduje sn\u00ed\u017een\u00ed bezz\u00e1sahovosti na pouh\u00fdch 23% a z\u00e1kaz roz\u0161i\u0159ov\u00e1n\u00ed bezz\u00e1sahovosti do \u00a0r. 2030 , v p\u0159\u00edkr\u00e9m rozporu s minul\u00fdmi <a href=\"http:\/\/www.ochranaprirody.cz\/uzemni-ochrana\/planovani-pece\/\">Pl\u00e1ny p\u00e9\u010de<\/a>? \u017de by t\u00edm omlouval nasazov\u00e1n\u00ed t\u011b\u017ek\u00e9 techniky, tedy harvestor\u016f, stroj\u016f na skl\u00edzen\u00ed d\u0159\u00edv\u00ed na &#8220;v\u00fdchovn\u00e9 t\u011b\u017eby&#8221;? Bl\u00ed\u017ee viz \u010dl\u00e1nek Ing. Kozla <a href=\"https:\/\/drive.google.com\/open?id=0B2ZZNd5rGbv6SllVV2xiQXlNRW8\">Co jsme nev\u011bd\u011bli &#8211; strana 1<\/a> a\u00a0<a href=\"https:\/\/drive.google.com\/open?id=0B2ZZNd5rGbv6Tk5kNS1HRlJtdVU\">Co jsme nev\u011bd\u011bli, strana 2&#8230;<\/a><\/p>\n<p>\u017de by t\u00edm omlouval to, \u017ee prosazuj\u00ed nezales\u0148ovat rozs\u00e1hl\u00e9 holiny, kter\u00e9 vznikly po kalamit\u00e1ch p\u0159ed dlouh\u00fdmi dev\u00edti lety? \u017de by t\u00edm omlouval omezov\u00e1n\u00ed v\u00fdsadby listnat\u00fdch sazenic a jedle? Mo\u017en\u00e1 i dal\u0161\u00ed v\u011bci&#8230; Je v\u0161ak skute\u010dnost\u00ed, \u017ee \u017e\u00e1dn\u00e9 veden\u00ed N\u00e1rodn\u00edho parku \u0160umava si nedovolilo do t\u00e9 m\u00edry opustit kontinuitu dosavadn\u00edch Pl\u00e1n\u016f p\u00e9\u010de jako veden\u00ed po r. 2011, v\u010detn\u011b sou\u010dasn\u00e9ho veden\u00ed, viz <a href=\"http:\/\/obcanskymonitoring.cz\/?p=5075\">Poru\u0161ov\u00e1n\u00ed kontinuity pl\u00e1n\u016f p\u00e9\u010de v N\u00e1rodn\u00edm parku \u0160umava<\/a>.<\/p>\n<p>Poslanci budou v nejbli\u017e\u0161\u00ed dob\u011b v dal\u0161\u00edm \u010dten\u00ed projedn\u00e1vat Z\u00e1kon O ochran\u011b p\u0159\u00edrody a krajiny. Bylo by t\u0159eba, aby si uv\u011bdomili, \u017ee jak\u00fd p\u0159ijmou z\u00e1kon, t\u00fdkaj\u00edc\u00ed se tak\u00e9 n\u00e1rodn\u00edch park\u016f, takov\u00fd bude i rozvoj na\u0161eho regionu na \u0160umav\u011b a okol\u00ed, viz \u010dl\u00e1nek <a href=\"http:\/\/obcanskymonitoring.cz\/?p=5279\">Jak\u00fd bude N\u00e1rodn\u00ed park, takov\u00fd bude rozvoj regionu na \u0160umav\u011b<\/a>.<\/p>\n<p><a href=\"http:\/\/obcanskymonitoring.cz\/?page_id=3014\">Petr Je\u0161\u00e1tko st.<\/a>\u00a0(Autor je b\u00fdval\u00fd vrchn\u00ed lesn\u00ed inspektor N\u00e1rodn\u00edho parku \u0160umava, nyn\u00ed v d\u016fchodu).<\/p>\n<p><a href=\"http:\/\/www.ceskatelevize.cz\/ivysilani\/1129337346-pridej-se\/209562248410019\/\">Star\u0161\u00ed\u00a0po\u0159ad Petra Je\u0161\u00e1tka pro \u010ceskou televizi<\/a><\/p>\n<p>Dal\u0161\u00ed \u010dl\u00e1nky Petra Je\u0161\u00e1tka na na\u0161ich str\u00e1nk\u00e1ch jsou\u00a0<a href=\"http:\/\/obcanskymonitoring.cz\/?s=je%C5%A1%C3%A1tko&amp;x=0&amp;y=0\">zde<\/a>.<\/p>\n<p>Dal\u0161\u00ed \u010dl\u00e1nky na Ob\u010dansk\u00e9m monitoringu k t\u00e9matu \u0160umava si m\u016f\u017eete p\u0159e\u010d\u00edst\u00a0<a href=\"http:\/\/obcanskymonitoring.cz\/?cat=21\">zde<\/a>.<\/p>\n<div data-counters='1' data-style='square' data-size='regular' data-url='https:\/\/obcanskymonitoring.cz\/?p=5860' data-title='Petr Je\u0161\u00e1tko: Co sou\u010dasn\u00e9 veden\u00ed NP \u0160umava nev\u011bd\u011blo, to v\u011bd\u011blo prvn\u00ed veden\u00ed ji\u017e od zalo\u017een\u00ed parku' class='linksalpha_container linksalpha_app_3'><a href='\/\/www.linksalpha.com\/share?network='facebook' class='linksalpha_icon_facebook'><\/a><a href='\/\/www.linksalpha.com\/share?network='twitter' class='linksalpha_icon_twitter'><\/a><a href='\/\/www.linksalpha.com\/share?network='googleplus' class='linksalpha_icon_googleplus'><\/a><a href='\/\/www.linksalpha.com\/share?network='mail' class='linksalpha_icon_mail'><\/a><\/div><div data-position='' data-url='https:\/\/obcanskymonitoring.cz\/?p=5860' data-title='Petr Je\u0161\u00e1tko: Co sou\u010dasn\u00e9 veden\u00ed NP \u0160umava nev\u011bd\u011blo, to v\u011bd\u011blo prvn\u00ed veden\u00ed ji\u017e od zalo\u017een\u00ed parku' class='linksalpha_container linksalpha_app_7'><a href='\/\/www.linksalpha.com\/share?network='facebook' class='linksalpha_icon_facebook'><\/a><a href='\/\/www.linksalpha.com\/share?network='twitter' class='linksalpha_icon_twitter'><\/a><a href='\/\/www.linksalpha.com\/share?network='googleplus' class='linksalpha_icon_googleplus'><\/a><a href='\/\/www.linksalpha.com\/share?network='mail' class='linksalpha_icon_mail'><\/a><\/div>","protected":false},"excerpt":{"rendered":"<p>&nbsp;1,026&nbsp;total views P\u0159etiskujeme nov\u00fd p\u0159\u00edsp\u011bvek\u00a0Petra Je\u0161\u00e1tka, b\u00fdval\u00e9ho vrchn\u00edho lesn\u00edho inspektora N\u00e1rodn\u00edho parku \u0160umava.<\/p>\n","protected":false},"author":2,"featured_media":0,"comment_status":"open","ping_status":"open","sticky":true,"template":"","format":"standard","meta":[],"categories":[21,29],"tags":[],"_links":{"self":[{"href":"https:\/\/obcanskymonitoring.cz\/index.php?rest_route=\/wp\/v2\/posts\/5860"}],"collection":[{"href":"https:\/\/obcanskymonitoring.cz\/index.php?rest_route=\/wp\/v2\/posts"}],"about":[{"href":"https:\/\/obcanskymonitoring.cz\/index.php?rest_route=\/wp\/v2\/types\/post"}],"author":[{"embeddable":true,"href":"https:\/\/obcanskymonitoring.cz\/index.php?rest_route=\/wp\/v2\/users\/2"}],"replies":[{"embeddable":true,"href":"https:\/\/obcanskymonitoring.cz\/index.php?rest_route=%2Fwp%2Fv2%2Fcomments&post=5860"}],"version-history":[{"count":0,"href":"https:\/\/obcanskymonitoring.cz\/index.php?rest_route=\/wp\/v2\/posts\/5860\/revisions"}],"wp:attachment":[{"href":"https:\/\/obcanskymonitoring.cz\/index.php?rest_route=%2Fwp%2Fv2%2Fmedia&parent=5860"}],"wp:term":[{"taxonomy":"category","embeddable":true,"href":"https:\/\/obcanskymonitoring.cz\/index.php?rest_route=%2Fwp%2Fv2%2Fcategories&post=5860"},{"taxonomy":"post_tag","embeddable":true,"href":"https:\/\/obcanskymonitoring.cz\/index.php?rest_route=%2Fwp%2Fv2%2Ftags&post=5860"}],"curies":[{"name":"wp","href":"https:\/\/api.w.org\/{rel}","templated":true}]}}