{"id":5919,"date":"2016-09-23T17:31:45","date_gmt":"2016-09-23T17:31:45","guid":{"rendered":"http:\/\/obcanskymonitoring.cz\/?p=5919"},"modified":"2016-09-23T17:46:38","modified_gmt":"2016-09-23T17:46:38","slug":"petr-jesatko-ohlednuti-za-vyjezdnim-zasedani-senatu-sumava-modrava","status":"publish","type":"post","link":"https:\/\/obcanskymonitoring.cz\/?p=5919","title":{"rendered":"Petr Je\u0161\u00e1tko: Ohl\u00e9dnut\u00ed za \u00fa\u010dast\u00ed na v\u00fdjezdn\u00edm zased\u00e1n\u00ed Sen\u00e1tu \u0160umava &#8211; Modrava"},"content":{"rendered":"<div class=\"pvc_clear\"><\/div>\n<p class=\"pvc_stats total_only \" data-element-id=\"5919\" style=\"\"><i class=\"pvc-stats-icon medium\" aria-hidden=\"true\"><svg xmlns=\"http:\/\/www.w3.org\/2000\/svg\" version=\"1.0\" viewBox=\"0 0 502 315\" preserveAspectRatio=\"xMidYMid meet\"><g transform=\"translate(0,332) scale(0.1,-0.1)\" fill=\"\" stroke=\"none\"><path d=\"M2394 3279 l-29 -30 -3 -207 c-2 -182 0 -211 15 -242 39 -76 157 -76 196 0 15 31 17 60 15 243 l-3 209 -33 29 c-26 23 -41 29 -80 29 -41 0 -53 -5 -78 -31z\"\/><path d=\"M3085 3251 c-45 -19 -58 -50 -96 -229 -47 -217 -49 -260 -13 -295 52 -53 146 -42 177 20 16 31 87 366 87 410 0 70 -86 122 -155 94z\"\/><path d=\"M1751 3234 c-13 -9 -29 -31 -37 -50 -12 -29 -10 -49 21 -204 19 -94 39 -189 45 -210 14 -50 54 -80 110 -80 34 0 48 6 76 34 21 21 34 44 34 59 0 14 -18 113 -40 219 -37 178 -43 195 -70 221 -36 32 -101 37 -139 11z\"\/><path d=\"M1163 3073 c-36 -7 -73 -59 -73 -102 0 -56 133 -378 171 -413 34 -32 83 -37 129 -13 70 36 67 87 -16 290 -86 209 -89 214 -129 231 -35 14 -42 15 -82 7z\"\/><path d=\"M3689 3066 c-15 -9 -33 -30 -42 -48 -48 -103 -147 -355 -147 -375 0 -98 131 -148 192 -74 13 15 57 108 97 206 80 196 84 226 37 273 -30 30 -99 39 -137 18z\"\/><path d=\"M583 2784 c-38 -19 -67 -74 -58 -113 9 -42 211 -354 242 -373 16 -10 45 -18 66 -18 51 0 107 52 107 100 0 39 -1 41 -124 234 -80 126 -108 162 -133 173 -41 17 -61 16 -100 -3z\"\/><path d=\"M4250 2784 c-14 -9 -74 -91 -133 -183 -95 -150 -107 -173 -107 -213 0 -55 33 -94 87 -104 67 -13 90 8 211 198 130 202 137 225 78 284 -27 27 -42 34 -72 34 -22 0 -50 -8 -64 -16z\"\/><path d=\"M2275 2693 c-553 -48 -1095 -270 -1585 -649 -135 -104 -459 -423 -483 -476 -23 -49 -22 -139 2 -186 73 -142 361 -457 571 -626 285 -228 642 -407 990 -497 242 -63 336 -73 660 -74 310 0 370 5 595 52 535 111 1045 392 1455 803 122 121 250 273 275 326 19 41 19 137 0 174 -41 79 -309 363 -465 492 -447 370 -946 591 -1479 653 -113 14 -422 18 -536 8z m395 -428 c171 -34 330 -124 456 -258 112 -119 167 -219 211 -378 27 -96 24 -300 -5 -401 -72 -255 -236 -447 -474 -557 -132 -62 -201 -76 -368 -76 -167 0 -236 14 -368 76 -213 98 -373 271 -451 485 -162 444 86 934 547 1084 153 49 292 57 452 25z m909 -232 c222 -123 408 -262 593 -441 76 -74 138 -139 138 -144 0 -16 -233 -242 -330 -319 -155 -123 -309 -223 -461 -299 l-81 -41 32 46 c18 26 49 83 70 128 143 306 141 649 -6 957 -25 52 -61 116 -79 142 l-34 47 45 -20 c26 -10 76 -36 113 -56z m-2057 25 c-40 -58 -105 -190 -130 -263 -110 -324 -59 -707 132 -981 25 -35 42 -64 37 -64 -19 0 -241 119 -326 174 -188 122 -406 314 -532 468 l-58 71 108 103 c185 178 428 349 672 473 66 33 121 60 123 61 2 0 -10 -19 -26 -42z\"\/><path d=\"M2375 1950 c-198 -44 -350 -190 -395 -379 -18 -76 -8 -221 19 -290 114 -284 457 -406 731 -260 98 52 188 154 231 260 27 69 37 214 19 290 -38 163 -166 304 -326 360 -67 23 -215 33 -279 19z\"\/><\/g><\/svg><\/i> &nbsp;1,605&nbsp;total views<\/p>\n<div class=\"pvc_clear\"><\/div>\n<p><a href=\"http:\/\/obcanskymonitoring.cz\/wp-content\/uploads\/2016\/09\/Senat-Pozvanka-na-vyjezdni-zasedani-Sumava-Modrava.jpg\"><img loading=\"lazy\" class=\"alignnone size-medium wp-image-5920\" alt=\"senat-pozvanka-na-vyjezdni-zasedani-sumava-modrava\" src=\"http:\/\/obcanskymonitoring.cz\/wp-content\/uploads\/2016\/09\/Senat-Pozvanka-na-vyjezdni-zasedani-Sumava-Modrava-300x181.jpg\" width=\"300\" height=\"181\" srcset=\"https:\/\/obcanskymonitoring.cz\/wp-content\/uploads\/2016\/09\/Senat-Pozvanka-na-vyjezdni-zasedani-Sumava-Modrava-300x181.jpg 300w, https:\/\/obcanskymonitoring.cz\/wp-content\/uploads\/2016\/09\/Senat-Pozvanka-na-vyjezdni-zasedani-Sumava-Modrava.jpg 830w\" sizes=\"(max-width: 300px) 100vw, 300px\" \/><\/a><\/p>\n<p>P\u0159etiskujeme ohl\u00e9dnut\u00ed <a href=\"http:\/\/obcanskymonitoring.cz\/?page_id=3014\">Petra Je\u0161\u00e1tka<\/a>\u00a0za\u00a0v\u00fdjezdn\u00edm zased\u00e1n\u00ed Sen\u00e1tu \u0160umava Modrava. Petr Je\u0161\u00e1tko se na pozv\u00e1n\u00ed Sen\u00e1tu v\u00fdjezdn\u00edho zased\u00e1n\u00ed Sen\u00e1tu z\u00fa\u010dastnil a n\u00ed\u017ee (s jeho svolen\u00edm) p\u0159etiskujeme reakci, kterou zve\u0159ejnil na sv\u00e9m facebookov\u00e9m profilu.<\/p>\n<p>Pozv\u00e1nku na doty\u010dn\u00e9 jedn\u00e1n\u00ed si m\u016f\u017eete p\u0159e\u010d\u00edst <a href=\"https:\/\/drive.google.com\/open?id=0B2ZZNd5rGbv6alpMY1RWTWo4a2M\">zde<\/a>.<\/p>\n<p><!--more--><\/p>\n<p>V\u010dera jsem byl na pozv\u00e1n\u00ed <a href=\"http:\/\/www.senat.cz\/xqw\/xervlet\/pssenat\/web\/internet\/5\/struktura\/vybory\/vvvk\">V\u00fdboru pro vzd\u011bl\u00e1v\u00e1n\u00ed, v\u011bdu, kulturu, lidsk\u00e1 pr\u00e1va<\/a> Sen\u00e1tu \u010cesk\u00e9 republiky, \u00fa\u010dasten v\u00fdjezdn\u00edho zased\u00e1n\u00ed tohoto v\u00fdboru v N\u00e1rodn\u00edm parku \u0160umava. Cht\u011bl bych pod\u011bkovat panu p\u0159edsedovi v\u00fdboru sen\u00e1toru <a href=\"https:\/\/cs.wikipedia.org\/wiki\/Jarom%C3%ADr_Jerm%C3%A1%C5%99\">Jarom\u00edru Jerm\u00e1\u0159ovi<\/a> a zejm\u00e9na m\u00edstop\u0159edsedkyni pan\u00ed sen\u00e1torce <a href=\"https:\/\/cs.wikipedia.org\/wiki\/Eva_Sykov%C3%A1\">Ev\u011b Sykov\u00e9<\/a> za pozv\u00e1n\u00ed. Mohl jsem tak p\u0159edn\u00e9st sen\u00e1tor\u016fm i p\u0159\u00edtomn\u00fdm starost\u016fm, z\u00e1stupc\u016fm nevl\u00e1dn\u00edch organizac\u00ed, v\u011bdc\u016f, atd. nejen sv\u016fj n\u00e1zor na (negativn\u00ed) v\u00fdvoj p\u00e9\u010de o les v z\u00e1sahov\u00e9m \u00fazem\u00ed N\u00e1rodn\u00edho parku \u0160umava od r. 2011, ale i dal\u0161\u00edch ekologicky sm\u00fd\u0161lej\u00edc\u00edch lesn\u00edk\u016f, obyvatel \u0160umavy, ale i \u0159ad\u011b n\u00e1v\u0161t\u011bvn\u00edk\u016f tohoto (nezodpov\u011bdn\u00fdmi lidmi) drancovan\u00e9ho \u00fazem\u00ed. Ka\u017ed\u00fd den sou\u010dasn\u00e9 &#8220;p\u00e9\u010de&#8221; o lesn\u00ed ekosyst\u00e9my vzdaluje N\u00e1rodn\u00ed park \u0160umava od jeho posl\u00e1n\u00ed a st\u00e1v\u00e1 se tak pouze tunelem na st\u00e1tn\u00ed pen\u00edze, v\u010detn\u011b pen\u011bz z dotac\u00ed. Jsem p\u0159esv\u011bd\u010den, \u017ee mezin\u00e1rodn\u00ed kritika ze strany ochran\u00e1\u0159sk\u00fdch organizac\u00ed sv\u011bta je nejen opr\u00e1vn\u011bn\u00e1, ale vyz\u00fdv\u00e1 ty z n\u00e1s, kte\u0159\u00ed to mysl\u00edme s \u0160umavou a jej\u00ed p\u0159\u00edrodou dob\u0159e, k po\u017eadavku k politik\u016fm situaci \u0159e\u0161it. Vylou\u010den\u00ed ze seznamu n\u00e1rodn\u00edch park\u016f, tj. vlastn\u011b prohl\u00e1\u0161en\u00ed N\u00e1rodn\u00edho parku \u0160umava jako etiketn\u00ed podvodu (park se tv\u00e1\u0159\u00ed jako park, ale fakticky parkem nen\u00ed) by bylo pro region \u0160umava ekologicky i ekonomicky zni\u010duj\u00edc\u00ed.<\/p>\n<p>&nbsp;<\/p>\n<p><a href=\"http:\/\/obcanskymonitoring.cz\/?page_id=3014\">Petr Je\u0161\u00e1tko st.<\/a>\u00a0(Autor je b\u00fdval\u00fd vrchn\u00ed lesn\u00ed inspektor N\u00e1rodn\u00edho parku \u0160umava, nyn\u00ed v d\u016fchodu).<\/p>\n<p><a href=\"http:\/\/www.ceskatelevize.cz\/ivysilani\/1129337346-pridej-se\/209562248410019\/\">Star\u0161\u00ed\u00a0po\u0159ad Petra Je\u0161\u00e1tka pro \u010ceskou televizi<\/a><\/p>\n<p>Dal\u0161\u00ed \u010dl\u00e1nky Petra Je\u0161\u00e1tka na na\u0161ich str\u00e1nk\u00e1ch jsou\u00a0<a href=\"http:\/\/obcanskymonitoring.cz\/?s=je%C5%A1%C3%A1tko&amp;x=0&amp;y=0\">zde<\/a>.<\/p>\n<p>Dal\u0161\u00ed \u010dl\u00e1nky na Ob\u010dansk\u00e9m monitoringu k t\u00e9matu \u0160umava si m\u016f\u017eete p\u0159e\u010d\u00edst\u00a0<a href=\"http:\/\/obcanskymonitoring.cz\/?cat=21\">zde<\/a>.<\/p>\n<p>&nbsp;<\/p>\n<div data-counters='1' data-style='square' data-size='regular' data-url='https:\/\/obcanskymonitoring.cz\/?p=5919' data-title='Petr Je\u0161\u00e1tko: Ohl\u00e9dnut\u00ed za \u00fa\u010dast\u00ed na v\u00fdjezdn\u00edm zased\u00e1n\u00ed Sen\u00e1tu \u0160umava &#8211; Modrava' class='linksalpha_container linksalpha_app_3'><a href='\/\/www.linksalpha.com\/share?network='facebook' class='linksalpha_icon_facebook'><\/a><a href='\/\/www.linksalpha.com\/share?network='twitter' class='linksalpha_icon_twitter'><\/a><a href='\/\/www.linksalpha.com\/share?network='googleplus' class='linksalpha_icon_googleplus'><\/a><a href='\/\/www.linksalpha.com\/share?network='mail' class='linksalpha_icon_mail'><\/a><\/div><div data-position='' data-url='https:\/\/obcanskymonitoring.cz\/?p=5919' data-title='Petr Je\u0161\u00e1tko: Ohl\u00e9dnut\u00ed za \u00fa\u010dast\u00ed na v\u00fdjezdn\u00edm zased\u00e1n\u00ed Sen\u00e1tu \u0160umava &#8211; Modrava' class='linksalpha_container linksalpha_app_7'><a href='\/\/www.linksalpha.com\/share?network='facebook' class='linksalpha_icon_facebook'><\/a><a href='\/\/www.linksalpha.com\/share?network='twitter' class='linksalpha_icon_twitter'><\/a><a href='\/\/www.linksalpha.com\/share?network='googleplus' class='linksalpha_icon_googleplus'><\/a><a href='\/\/www.linksalpha.com\/share?network='mail' class='linksalpha_icon_mail'><\/a><\/div>","protected":false},"excerpt":{"rendered":"<p>&nbsp;1,605&nbsp;total views P\u0159etiskujeme ohl\u00e9dnut\u00ed Petra Je\u0161\u00e1tka\u00a0za\u00a0v\u00fdjezdn\u00edm zased\u00e1n\u00ed Sen\u00e1tu \u0160umava Modrava. Petr Je\u0161\u00e1tko se na pozv\u00e1n\u00ed Sen\u00e1tu v\u00fdjezdn\u00edho zased\u00e1n\u00ed Sen\u00e1tu z\u00fa\u010dastnil a n\u00ed\u017ee (s jeho svolen\u00edm) p\u0159etiskujeme reakci, kterou zve\u0159ejnil na sv\u00e9m facebookov\u00e9m profilu. Pozv\u00e1nku na doty\u010dn\u00e9 jedn\u00e1n\u00ed si m\u016f\u017eete p\u0159e\u010d\u00edst zde.<\/p>\n","protected":false},"author":2,"featured_media":0,"comment_status":"open","ping_status":"open","sticky":true,"template":"","format":"standard","meta":[],"categories":[9,21],"tags":[],"_links":{"self":[{"href":"https:\/\/obcanskymonitoring.cz\/index.php?rest_route=\/wp\/v2\/posts\/5919"}],"collection":[{"href":"https:\/\/obcanskymonitoring.cz\/index.php?rest_route=\/wp\/v2\/posts"}],"about":[{"href":"https:\/\/obcanskymonitoring.cz\/index.php?rest_route=\/wp\/v2\/types\/post"}],"author":[{"embeddable":true,"href":"https:\/\/obcanskymonitoring.cz\/index.php?rest_route=\/wp\/v2\/users\/2"}],"replies":[{"embeddable":true,"href":"https:\/\/obcanskymonitoring.cz\/index.php?rest_route=%2Fwp%2Fv2%2Fcomments&post=5919"}],"version-history":[{"count":0,"href":"https:\/\/obcanskymonitoring.cz\/index.php?rest_route=\/wp\/v2\/posts\/5919\/revisions"}],"wp:attachment":[{"href":"https:\/\/obcanskymonitoring.cz\/index.php?rest_route=%2Fwp%2Fv2%2Fmedia&parent=5919"}],"wp:term":[{"taxonomy":"category","embeddable":true,"href":"https:\/\/obcanskymonitoring.cz\/index.php?rest_route=%2Fwp%2Fv2%2Fcategories&post=5919"},{"taxonomy":"post_tag","embeddable":true,"href":"https:\/\/obcanskymonitoring.cz\/index.php?rest_route=%2Fwp%2Fv2%2Ftags&post=5919"}],"curies":[{"name":"wp","href":"https:\/\/api.w.org\/{rel}","templated":true}]}}