{"id":5941,"date":"2016-09-29T08:32:17","date_gmt":"2016-09-29T08:32:17","guid":{"rendered":"http:\/\/obcanskymonitoring.cz\/?p=5941"},"modified":"2016-09-29T08:33:39","modified_gmt":"2016-09-29T08:33:39","slug":"radek-novotny","status":"publish","type":"post","link":"https:\/\/obcanskymonitoring.cz\/?p=5941","title":{"rendered":"Radek Novotn\u00fd: Prob\u011bhlo p\u0159ed\u00e1n\u00ed iniciativy VODA 300 politik\u016fm Parlamentu \u010cR a Vl\u00e1d\u011b \u010cR"},"content":{"rendered":"<div class=\"pvc_clear\"><\/div>\n<p class=\"pvc_stats total_only \" data-element-id=\"5941\" style=\"\"><i class=\"pvc-stats-icon medium\" aria-hidden=\"true\"><svg xmlns=\"http:\/\/www.w3.org\/2000\/svg\" version=\"1.0\" viewBox=\"0 0 502 315\" preserveAspectRatio=\"xMidYMid meet\"><g transform=\"translate(0,332) scale(0.1,-0.1)\" fill=\"\" stroke=\"none\"><path d=\"M2394 3279 l-29 -30 -3 -207 c-2 -182 0 -211 15 -242 39 -76 157 -76 196 0 15 31 17 60 15 243 l-3 209 -33 29 c-26 23 -41 29 -80 29 -41 0 -53 -5 -78 -31z\"\/><path d=\"M3085 3251 c-45 -19 -58 -50 -96 -229 -47 -217 -49 -260 -13 -295 52 -53 146 -42 177 20 16 31 87 366 87 410 0 70 -86 122 -155 94z\"\/><path d=\"M1751 3234 c-13 -9 -29 -31 -37 -50 -12 -29 -10 -49 21 -204 19 -94 39 -189 45 -210 14 -50 54 -80 110 -80 34 0 48 6 76 34 21 21 34 44 34 59 0 14 -18 113 -40 219 -37 178 -43 195 -70 221 -36 32 -101 37 -139 11z\"\/><path d=\"M1163 3073 c-36 -7 -73 -59 -73 -102 0 -56 133 -378 171 -413 34 -32 83 -37 129 -13 70 36 67 87 -16 290 -86 209 -89 214 -129 231 -35 14 -42 15 -82 7z\"\/><path d=\"M3689 3066 c-15 -9 -33 -30 -42 -48 -48 -103 -147 -355 -147 -375 0 -98 131 -148 192 -74 13 15 57 108 97 206 80 196 84 226 37 273 -30 30 -99 39 -137 18z\"\/><path d=\"M583 2784 c-38 -19 -67 -74 -58 -113 9 -42 211 -354 242 -373 16 -10 45 -18 66 -18 51 0 107 52 107 100 0 39 -1 41 -124 234 -80 126 -108 162 -133 173 -41 17 -61 16 -100 -3z\"\/><path d=\"M4250 2784 c-14 -9 -74 -91 -133 -183 -95 -150 -107 -173 -107 -213 0 -55 33 -94 87 -104 67 -13 90 8 211 198 130 202 137 225 78 284 -27 27 -42 34 -72 34 -22 0 -50 -8 -64 -16z\"\/><path d=\"M2275 2693 c-553 -48 -1095 -270 -1585 -649 -135 -104 -459 -423 -483 -476 -23 -49 -22 -139 2 -186 73 -142 361 -457 571 -626 285 -228 642 -407 990 -497 242 -63 336 -73 660 -74 310 0 370 5 595 52 535 111 1045 392 1455 803 122 121 250 273 275 326 19 41 19 137 0 174 -41 79 -309 363 -465 492 -447 370 -946 591 -1479 653 -113 14 -422 18 -536 8z m395 -428 c171 -34 330 -124 456 -258 112 -119 167 -219 211 -378 27 -96 24 -300 -5 -401 -72 -255 -236 -447 -474 -557 -132 -62 -201 -76 -368 -76 -167 0 -236 14 -368 76 -213 98 -373 271 -451 485 -162 444 86 934 547 1084 153 49 292 57 452 25z m909 -232 c222 -123 408 -262 593 -441 76 -74 138 -139 138 -144 0 -16 -233 -242 -330 -319 -155 -123 -309 -223 -461 -299 l-81 -41 32 46 c18 26 49 83 70 128 143 306 141 649 -6 957 -25 52 -61 116 -79 142 l-34 47 45 -20 c26 -10 76 -36 113 -56z m-2057 25 c-40 -58 -105 -190 -130 -263 -110 -324 -59 -707 132 -981 25 -35 42 -64 37 -64 -19 0 -241 119 -326 174 -188 122 -406 314 -532 468 l-58 71 108 103 c185 178 428 349 672 473 66 33 121 60 123 61 2 0 -10 -19 -26 -42z\"\/><path d=\"M2375 1950 c-198 -44 -350 -190 -395 -379 -18 -76 -8 -221 19 -290 114 -284 457 -406 731 -260 98 52 188 154 231 260 27 69 37 214 19 290 -38 163 -166 304 -326 360 -67 23 -215 33 -279 19z\"\/><\/g><\/svg><\/i> &nbsp;1,696&nbsp;total views<\/p>\n<div class=\"pvc_clear\"><\/div>\n<p><a href=\"http:\/\/obcanskymonitoring.cz\/wp-content\/uploads\/2016\/09\/dvd-voda-vydelava-obal-6x4.jpg\"><img loading=\"lazy\" class=\"alignnone size-medium wp-image-5944\" alt=\"dvd-voda-vydelava-obal-6x4\" src=\"http:\/\/obcanskymonitoring.cz\/wp-content\/uploads\/2016\/09\/dvd-voda-vydelava-obal-6x4-300x200.jpg\" width=\"300\" height=\"200\" srcset=\"https:\/\/obcanskymonitoring.cz\/wp-content\/uploads\/2016\/09\/dvd-voda-vydelava-obal-6x4-300x200.jpg 300w, https:\/\/obcanskymonitoring.cz\/wp-content\/uploads\/2016\/09\/dvd-voda-vydelava-obal-6x4.jpg 600w\" sizes=\"(max-width: 300px) 100vw, 300px\" \/><\/a><\/p>\n<p>P\u0159etiskujeme tiskovou zpr\u00e1vu Radka Novotn\u00e9ho ze sdru\u017een\u00ed <a href=\"http:\/\/www.pravdaovode.cz\/\">Pravda o vod\u011b<\/a>.<\/p>\n<p><!--more--><\/p>\n<p>Materi\u00e1ly k\u00a0situaci kolem vody v\u00a0\u010cesk\u00e9 republice a francouzsk\u00fd dokument <i><a href=\"http:\/\/pravdaovode.cz\/dokument\/\">Jak korporace bohatnou na vod\u011b<\/a>?<\/i> na DVD, byly osobn\u011b p\u0159ed\u00e1ny dne 19.9.2016 poslanc\u016fm, sen\u00e1tor\u016fm a \u010dlen\u016fm vl\u00e1dy na podateln\u00e1ch sen\u00e1tu a poslaneck\u00e9 sn\u011bmovny. Nejvy\u0161\u0161\u00edmu st\u00e1tn\u00edmu z\u00e1stupci a ochr\u00e1nkyni ve\u0159ejn\u00fdch pr\u00e1v byla zasl\u00e1na. Iniciativa byla zasl\u00e1na tak\u00e9 Evropsk\u00e9 komisi, velvyslanc\u016fm n\u011bkter\u00fdch zem\u00ed, protikorup\u010dn\u00edm nadac\u00edm a Bezpe\u010dnostn\u00ed informa\u010dn\u00ed slu\u017eb\u011b.<\/p>\n<p>Vzhledem k jedn\u00e1n\u00ed politik\u016f ODS za posledn\u00edch 20 let, dostali iniciativu VODA 300 ve sn\u011bmovn\u011b jen p. Fiala a p. N\u011bmcov\u00e1 a v sen\u00e1tu p. Kubera a p. Svoboda. Je na nich, zda ostatn\u00ed \u010dleny ODS s iniciativou sezn\u00e1m\u00ed. Vzhledem ke sv\u00e9mu jedn\u00e1n\u00ed nedostali iniciativu tak\u00e9 3 \u010dlenov\u00e9 sen\u00e1tu za \u010cSSD &#8211; Milo\u0161 Mal\u00fd, Martin Tesa\u0159\u00edk a Jaroslav Palas. <strong>I v jejich p\u0159\u00edpad\u011b by \u0161lo o pl\u00fdtv\u00e1n\u00ed pen\u011bz lid\u00ed, kte\u0159\u00ed se na materi\u00e1ly a dokument slo\u017eili. <\/strong>V r\u00e1mci politick\u00fdch stran dostali v n\u011bkter\u00fdch p\u0159\u00edpadech dva politici jedno DVD.<\/p>\n<h4>Tiskov\u00e1 konference 20.9.2016<\/h4>\n<p>Po p\u0159ed\u00e1n\u00ed dokument\u016f politik\u016fm v r\u00e1mci iniciativy VODA 300 prob\u011bhla tiskov\u00e1 konference Na tiskov\u00e9 konferenci vystoupil Ing. Radek Novotn\u00fd, autor <span style=\"text-decoration: underline;\"><a href=\"http:\/\/pravdaovode.cz\/projekt-pravda-o-vode\/\">projektu Pravda o vod\u011b<\/a><\/span> a 2 z\u00e1stupci m\u011bst, kte\u0159\u00ed l\u00e9ta br\u00e1n\u00ed vod\u00e1rny proti pokoutn\u00e9mu procesu instalov\u00e1n\u00ed soukrom\u00e9ho pen\u011bzovodu mezi vod\u00e1rnu a ob\u010dany. Z\u00e1stupci m\u00e9di\u00ed a ve\u0159ejnost byli sezn\u00e1meni s iniciativou VODA 300 a t\u00edm jak\u00e9 informace obdr\u017eelo 300 politik\u016f, na tiskov\u00e9 konferenci v Bussiness centru PVA EXPO PRAHA, Praha v\u00a0r\u00e1mci veletrhu FOR ARCH. Tiskov\u00e9 konferenci byl p\u0159\u00edtomen ministr \u017eivotn\u00edho prost\u0159ed\u00ed Richard Brabec, kter\u00fd vyj\u00e1d\u0159il podporu iniciativ\u011b VODA 300 a sd\u011blil:<\/p>\n<p><em><b>&#8220;Iniciativu VODA 300 podporuji a napln\u011bn\u00ed c\u00edl\u016f iniciativy pova\u017euji za z\u00e1sadn\u00ed pro \u0159e\u0161en\u00ed v\u0161ech d\u016fle\u017eit\u00fdch ot\u00e1zek souvisej\u00edc\u00edch s vodou v \u010cesk\u00e9 republice.&#8221;<\/b><\/em><\/p>\n<h4>165 ob\u010dan\u016f se slo\u017eilo \u010d\u00e1stkou 150.450 korun na dokument pro 300 politik\u016f, kte\u0159\u00ed v \u010cR o vod\u011b rozhoduj\u00ed<\/h4>\n<h2 align=\"center\">V r\u00e1mci iniciativy VODA 300 se 165 ob\u010dan\u016f<\/h2>\n<h2 align=\"center\">slo\u017eilo \u010d\u00e1stkou:<\/h2>\n<h2 align=\"center\">150. 450 K\u010d<\/h2>\n<p align=\"center\">a spole\u010dn\u011b koupili 300 vrcholn\u00fdm politik\u016fm, kte\u0159\u00ed rozhoduj\u00ed v \u010cR o tom, jak a pro koho je nastaven syst\u00e9m hospoda\u0159en\u00ed s vodou<\/p>\n<h3 align=\"center\"><strong>177 ks dokumentu na DVD<\/strong><\/h3>\n<p>Ob\u010dan\u00e9 se slo\u017eili na dokument <em>&#8220;Jak korporace bohatnou na vod\u011b?&#8221; <\/em>a spole\u010dn\u011b politiky vyzvali k n\u00e1prav\u011b a jedn\u00e1n\u00ed v z\u00e1jmu st\u00e1tu a jejich ob\u010dan\u016f. Dolo\u017eili politik\u016fm, \u017ee jejich po\u017eadavek n\u00e1pravy je zcela legitimn\u00ed. Pokud politici pracuj\u00ed v z\u00e1jmu st\u00e1tu a jeho ob\u010dan\u016f, pak obsah iniciativy VODA 300 nemohou ignorovat.<\/p>\n<h4>Souvisej\u00edc\u00ed \u010dl\u00e1nky<\/h4>\n<ol>\n<li><span style=\"text-decoration: underline;\"><a href=\"http:\/\/pravdaovode.cz\/voda-300\/\">Iniciativa VODA 300<\/a><\/span><\/li>\n<li><span style=\"text-decoration: underline;\"><a href=\"http:\/\/pravdaovode.cz\/seminar-voda-300\/\">On-line semin\u00e1\u0159: VODA NEN\u00cd SAMOZ\u0158EJMOST<\/a><\/span><\/li>\n<li><span style=\"text-decoration: underline;\"><a href=\"http:\/\/pravdaovode.cz\/tz1-12-7-2016-voda-300\/\">PETICE: Chci vodu v rukou samospr\u00e1v nikoliv v rukou koncern\u016f<\/a><\/span><\/li>\n<li><span style=\"text-decoration: underline;\"><a href=\"http:\/\/pravdaovode.cz\/chci-vodu-v-rukou-samosprav\/\">TZ (1) 12.7.2016 Iniciativa VODA 300: Jak korporace bohatnou na vod\u011b \u2013 dokument pro vrcholov\u00e9 z\u00e1stupce st\u00e1tu<\/a><\/span><\/li>\n<\/ol>\n<p>&nbsp;<\/p>\n<p><b>Ing. Radek Novotn\u00fd<\/b><\/p>\n<p>Autor projektu <a href=\"http:\/\/pravdaovode.cz\/projekt-pravda-o-vode\/\">PRAVDA O VOD\u011a<\/a><\/p>\n<p><a href=\"http:\/\/www.pravdaovode.cz\/\">www.pravdaovode.cz<\/a><\/p>\n<p><a href=\"http:\/\/www.facebook.cz\/vodalidem\">www.facebook.cz\/vodalidem<\/a> sta\u0148te se fanou\u0161kem a \u0161i\u0159te informace o vod\u011b lidem.<\/p>\n<p>&nbsp;<\/p>\n<p>Dal\u0161\u00ed \u010dl\u00e1nky o vod\u00e1rensk\u00e9 infrastruktu\u0159e si m\u016f\u017eete p\u0159e\u010d\u00edst na str\u00e1nk\u00e1ch Ob\u010dansk\u00e9ho monitoringu <a href=\"http:\/\/obcanskymonitoring.cz\/?cat=28\">zde<\/a>.<\/p>\n<div data-counters='1' data-style='square' data-size='regular' data-url='https:\/\/obcanskymonitoring.cz\/?p=5941' data-title='Radek Novotn\u00fd: Prob\u011bhlo p\u0159ed\u00e1n\u00ed iniciativy VODA 300 politik\u016fm Parlamentu \u010cR a Vl\u00e1d\u011b \u010cR' class='linksalpha_container linksalpha_app_3'><a href='\/\/www.linksalpha.com\/share?network='facebook' class='linksalpha_icon_facebook'><\/a><a href='\/\/www.linksalpha.com\/share?network='twitter' class='linksalpha_icon_twitter'><\/a><a href='\/\/www.linksalpha.com\/share?network='googleplus' class='linksalpha_icon_googleplus'><\/a><a href='\/\/www.linksalpha.com\/share?network='mail' class='linksalpha_icon_mail'><\/a><\/div><div data-position='' data-url='https:\/\/obcanskymonitoring.cz\/?p=5941' data-title='Radek Novotn\u00fd: Prob\u011bhlo p\u0159ed\u00e1n\u00ed iniciativy VODA 300 politik\u016fm Parlamentu \u010cR a Vl\u00e1d\u011b \u010cR' class='linksalpha_container linksalpha_app_7'><a href='\/\/www.linksalpha.com\/share?network='facebook' class='linksalpha_icon_facebook'><\/a><a href='\/\/www.linksalpha.com\/share?network='twitter' class='linksalpha_icon_twitter'><\/a><a href='\/\/www.linksalpha.com\/share?network='googleplus' class='linksalpha_icon_googleplus'><\/a><a href='\/\/www.linksalpha.com\/share?network='mail' class='linksalpha_icon_mail'><\/a><\/div>","protected":false},"excerpt":{"rendered":"<p>&nbsp;1,696&nbsp;total views P\u0159etiskujeme tiskovou zpr\u00e1vu Radka Novotn\u00e9ho ze sdru\u017een\u00ed Pravda o vod\u011b.<\/p>\n","protected":false},"author":2,"featured_media":0,"comment_status":"open","ping_status":"open","sticky":true,"template":"","format":"standard","meta":[],"categories":[1],"tags":[],"_links":{"self":[{"href":"https:\/\/obcanskymonitoring.cz\/index.php?rest_route=\/wp\/v2\/posts\/5941"}],"collection":[{"href":"https:\/\/obcanskymonitoring.cz\/index.php?rest_route=\/wp\/v2\/posts"}],"about":[{"href":"https:\/\/obcanskymonitoring.cz\/index.php?rest_route=\/wp\/v2\/types\/post"}],"author":[{"embeddable":true,"href":"https:\/\/obcanskymonitoring.cz\/index.php?rest_route=\/wp\/v2\/users\/2"}],"replies":[{"embeddable":true,"href":"https:\/\/obcanskymonitoring.cz\/index.php?rest_route=%2Fwp%2Fv2%2Fcomments&post=5941"}],"version-history":[{"count":0,"href":"https:\/\/obcanskymonitoring.cz\/index.php?rest_route=\/wp\/v2\/posts\/5941\/revisions"}],"wp:attachment":[{"href":"https:\/\/obcanskymonitoring.cz\/index.php?rest_route=%2Fwp%2Fv2%2Fmedia&parent=5941"}],"wp:term":[{"taxonomy":"category","embeddable":true,"href":"https:\/\/obcanskymonitoring.cz\/index.php?rest_route=%2Fwp%2Fv2%2Fcategories&post=5941"},{"taxonomy":"post_tag","embeddable":true,"href":"https:\/\/obcanskymonitoring.cz\/index.php?rest_route=%2Fwp%2Fv2%2Ftags&post=5941"}],"curies":[{"name":"wp","href":"https:\/\/api.w.org\/{rel}","templated":true}]}}