{"id":5972,"date":"2016-10-04T15:58:48","date_gmt":"2016-10-04T15:58:48","guid":{"rendered":"http:\/\/obcanskymonitoring.cz\/?p=5972"},"modified":"2016-10-04T16:52:02","modified_gmt":"2016-10-04T16:52:02","slug":"stanislav-ransdorf-konec-rezonancniho-dreva-na-sumave","status":"publish","type":"post","link":"https:\/\/obcanskymonitoring.cz\/?p=5972","title":{"rendered":"Stanislav Ransdorf: Konec rezonan\u010dn\u00edho d\u0159eva na \u0160umav\u011b"},"content":{"rendered":"<div class=\"pvc_clear\"><\/div>\n<p class=\"pvc_stats total_only \" data-element-id=\"5972\" style=\"\"><i class=\"pvc-stats-icon medium\" aria-hidden=\"true\"><svg xmlns=\"http:\/\/www.w3.org\/2000\/svg\" version=\"1.0\" viewBox=\"0 0 502 315\" preserveAspectRatio=\"xMidYMid meet\"><g transform=\"translate(0,332) scale(0.1,-0.1)\" fill=\"\" stroke=\"none\"><path d=\"M2394 3279 l-29 -30 -3 -207 c-2 -182 0 -211 15 -242 39 -76 157 -76 196 0 15 31 17 60 15 243 l-3 209 -33 29 c-26 23 -41 29 -80 29 -41 0 -53 -5 -78 -31z\"\/><path d=\"M3085 3251 c-45 -19 -58 -50 -96 -229 -47 -217 -49 -260 -13 -295 52 -53 146 -42 177 20 16 31 87 366 87 410 0 70 -86 122 -155 94z\"\/><path d=\"M1751 3234 c-13 -9 -29 -31 -37 -50 -12 -29 -10 -49 21 -204 19 -94 39 -189 45 -210 14 -50 54 -80 110 -80 34 0 48 6 76 34 21 21 34 44 34 59 0 14 -18 113 -40 219 -37 178 -43 195 -70 221 -36 32 -101 37 -139 11z\"\/><path d=\"M1163 3073 c-36 -7 -73 -59 -73 -102 0 -56 133 -378 171 -413 34 -32 83 -37 129 -13 70 36 67 87 -16 290 -86 209 -89 214 -129 231 -35 14 -42 15 -82 7z\"\/><path d=\"M3689 3066 c-15 -9 -33 -30 -42 -48 -48 -103 -147 -355 -147 -375 0 -98 131 -148 192 -74 13 15 57 108 97 206 80 196 84 226 37 273 -30 30 -99 39 -137 18z\"\/><path d=\"M583 2784 c-38 -19 -67 -74 -58 -113 9 -42 211 -354 242 -373 16 -10 45 -18 66 -18 51 0 107 52 107 100 0 39 -1 41 -124 234 -80 126 -108 162 -133 173 -41 17 -61 16 -100 -3z\"\/><path d=\"M4250 2784 c-14 -9 -74 -91 -133 -183 -95 -150 -107 -173 -107 -213 0 -55 33 -94 87 -104 67 -13 90 8 211 198 130 202 137 225 78 284 -27 27 -42 34 -72 34 -22 0 -50 -8 -64 -16z\"\/><path d=\"M2275 2693 c-553 -48 -1095 -270 -1585 -649 -135 -104 -459 -423 -483 -476 -23 -49 -22 -139 2 -186 73 -142 361 -457 571 -626 285 -228 642 -407 990 -497 242 -63 336 -73 660 -74 310 0 370 5 595 52 535 111 1045 392 1455 803 122 121 250 273 275 326 19 41 19 137 0 174 -41 79 -309 363 -465 492 -447 370 -946 591 -1479 653 -113 14 -422 18 -536 8z m395 -428 c171 -34 330 -124 456 -258 112 -119 167 -219 211 -378 27 -96 24 -300 -5 -401 -72 -255 -236 -447 -474 -557 -132 -62 -201 -76 -368 -76 -167 0 -236 14 -368 76 -213 98 -373 271 -451 485 -162 444 86 934 547 1084 153 49 292 57 452 25z m909 -232 c222 -123 408 -262 593 -441 76 -74 138 -139 138 -144 0 -16 -233 -242 -330 -319 -155 -123 -309 -223 -461 -299 l-81 -41 32 46 c18 26 49 83 70 128 143 306 141 649 -6 957 -25 52 -61 116 -79 142 l-34 47 45 -20 c26 -10 76 -36 113 -56z m-2057 25 c-40 -58 -105 -190 -130 -263 -110 -324 -59 -707 132 -981 25 -35 42 -64 37 -64 -19 0 -241 119 -326 174 -188 122 -406 314 -532 468 l-58 71 108 103 c185 178 428 349 672 473 66 33 121 60 123 61 2 0 -10 -19 -26 -42z\"\/><path d=\"M2375 1950 c-198 -44 -350 -190 -395 -379 -18 -76 -8 -221 19 -290 114 -284 457 -406 731 -260 98 52 188 154 231 260 27 69 37 214 19 290 -38 163 -166 304 -326 360 -67 23 -215 33 -279 19z\"\/><\/g><\/svg><\/i> &nbsp;1,259&nbsp;total views<\/p>\n<div class=\"pvc_clear\"><\/div>\n<p><a href=\"http:\/\/obcanskymonitoring.cz\/wp-content\/uploads\/2016\/10\/Rezonancni-drevo.jpg\"><img loading=\"lazy\" class=\"alignnone size-full wp-image-5973\" alt=\"rezonancni-drevo\" src=\"http:\/\/obcanskymonitoring.cz\/wp-content\/uploads\/2016\/10\/Rezonancni-drevo.jpg\" width=\"226\" height=\"190\" \/><\/a><\/p>\n<p>Jako reakci na na\u0161e \u010dl\u00e1nky <a href=\"http:\/\/obcanskymonitoring.cz\/?p=5948\">Kalamity v n\u00e1rodn\u00edm parku \u0160umava, aneb, jak se dostat k \u0161umavsk\u00e9mu d\u0159evu<\/a> a p\u0159edchoz\u00ed \u010dl\u00e1nek <a href=\"http:\/\/obcanskymonitoring.cz\/?p=5765\">&#8220;V\u00fdchovn\u00e9 t\u011b\u017eby&#8221; harvestory v NP \u0160umava<\/a> a hlavn\u011b na to, co se d\u011bje v lesn\u00edch ekosyst\u00e9mech n\u00e1rodn\u00edho parku za posledn\u00edch p\u011bt let, n\u00e1s oslovil pan Stanislav Ransdorf.<\/p>\n<p>Pan Ransdorf je zku\u0161en\u00fd \u0161umavsk\u00fd lesn\u00edk z Nov\u00e9 Pece na \u0160umav\u011b , s dlouholetou zku\u0161enost\u00ed u Vojensk\u00fdch st\u00e1tn\u00edch les\u016f a n\u00e1sledn\u011b po z\u0159\u00edzen\u00ed NP \u0160umava i v t\u00e9to organizaci. Od vzniku parku pracoval ve st\u00e1tn\u00ed spr\u00e1v\u011b lesn\u00edho hospod\u00e1\u0159stv\u00ed t\u00e9to organizace a po p\u0159evzet\u00ed les\u016f pod Spr\u00e1vu NP \u0160umava od r. 1993 v Odd\u011blen\u00ed p\u00e9\u010de o les. Tedy jeho zku\u0161enosti nelze zpochyb\u0148ovat. S jeho svolen\u00edm jeho text zve\u0159ej\u0148ujeme.<\/p>\n<p><!--more-->\u00a0Pro\u010d u\u017e na \u0161umavsk\u00e9 rezonan\u010dn\u00ed d\u0159evo budeme pouze vzpom\u00ednat a na\u0161e vnou\u010data ho budou zn\u00e1t pouze z vypr\u00e1v\u011bn\u00ed?\u00a0Proto\u017ee si mysl\u00edme, \u017ee v\u0161echno nejl\u00e9pe um\u00ed \u010dlov\u011bk. Sv\u00fdmi \u201eodborn\u00fdmi\u201c z\u00e1sahy ukon\u010duje\u00a0v z\u00e1rodku p\u0159\u00edrodou zapo\u010dat\u00fd proces r\u016fstu rezonan\u010dn\u00edho d\u0159eva. Do mlad\u00fdch smrkov\u00fdch\u00a0porost\u016f, kter\u00e9 vznikly p\u0159irozenou obnovou nasad\u00ed harvestory. P\u0159itom pouze od ml\u00e1d\u00ed\u00a0zapojen\u00e9 porosty rychle v\u00fd\u0161kov\u011b rostou, ale tlou\u0161\u0165kov\u011b minim\u00e1ln\u011b. P\u0159i nedostatku\u00a0sv\u011btla spodn\u00ed slab\u00e9 v\u011btve uschnou a odpadnou. Na takto samovy\u010di\u0161t\u011bn\u00e9m kmeni p\u0159ir\u016fst\u00e1\u00a0hust\u00e1 rezonan\u010dn\u00ed vrstva. Je to jeden z mnoha faktor\u016f, ale jeden ze z\u00e1kladn\u00edch. V sou\u010dasn\u00e9\u00a0dob\u011b \u201e\u010dlov\u011bk &#8211; zachr\u00e1nce\u201c porost rozd\u011bl\u00ed linkami pro harvestory a ud\u011bl\u00e1 \u201ev\u00fdchovn\u00fd z\u00e1sah\u201c.\u00a0Nev\u00edm jestli je to z\u00e1m\u011br, ale takov\u00e9to porosty jsou odsouzeny d\u0159\u00edve \u010di pozd\u011bji k z\u00e1niku.\u00a0Toto nem\u00e1m vy\u010dten\u00e9 z kn\u00ed\u017eek ani z odborn\u00fdch \u010dasopis\u016f. Je to poznatek z v\u00edce jak \u010dty\u0159icetip\u011btilet\u00e9\u00a0praxe v lesnictv\u00ed a d\u00edky m\u00e9mu kolegovi a u\u010diteli Karlu K\u0159\u00ed\u017eovi, s kter\u00fdm jsme v roce 1971\u00a0ve Sto\u017eci vyb\u00edrali rezonan\u010dn\u00ed d\u0159evo pro hudebn\u00ed n\u00e1stroje.<\/p>\n<p>Stanislav Ransdorf st.<\/p>\n<p>&nbsp;<\/p>\n<p><strong>P\u0159\u00edlohy<\/strong><\/p>\n<p>&nbsp;<\/p>\n<p><a href=\"http:\/\/obcanskymonitoring.cz\/wp-content\/uploads\/2016\/10\/St\u00e1\u0159\u00ed-strom\u016f-I..jpeg\"><img loading=\"lazy\" class=\"alignnone size-medium wp-image-5977\" alt=\"stari-stromu-i\" src=\"http:\/\/obcanskymonitoring.cz\/wp-content\/uploads\/2016\/10\/St\u00e1\u0159\u00ed-strom\u016f-I.-216x300.jpeg\" width=\"216\" height=\"300\" srcset=\"https:\/\/obcanskymonitoring.cz\/wp-content\/uploads\/2016\/10\/St\u00e1\u0159\u00ed-strom\u016f-I.-216x300.jpeg 216w, https:\/\/obcanskymonitoring.cz\/wp-content\/uploads\/2016\/10\/St\u00e1\u0159\u00ed-strom\u016f-I.-738x1024.jpeg 738w\" sizes=\"(max-width: 216px) 100vw, 216px\" \/><\/a><\/p>\n<p>&nbsp;<\/p>\n<p><a href=\"http:\/\/obcanskymonitoring.cz\/wp-content\/uploads\/2016\/10\/Dotace-a-dod\u00e1vky-d\u0159\u00edv\u00ed-do-r.-2000.jpg\"><img loading=\"lazy\" class=\"alignnone size-medium wp-image-5978\" alt=\"dotace-a-dodavky-drivi-do-r-2000\" src=\"http:\/\/obcanskymonitoring.cz\/wp-content\/uploads\/2016\/10\/Dotace-a-dod\u00e1vky-d\u0159\u00edv\u00ed-do-r.-2000-218x300.jpg\" width=\"218\" height=\"300\" srcset=\"https:\/\/obcanskymonitoring.cz\/wp-content\/uploads\/2016\/10\/Dotace-a-dod\u00e1vky-d\u0159\u00edv\u00ed-do-r.-2000-218x300.jpg 218w, https:\/\/obcanskymonitoring.cz\/wp-content\/uploads\/2016\/10\/Dotace-a-dod\u00e1vky-d\u0159\u00edv\u00ed-do-r.-2000-744x1024.jpg 744w, https:\/\/obcanskymonitoring.cz\/wp-content\/uploads\/2016\/10\/Dotace-a-dod\u00e1vky-d\u0159\u00edv\u00ed-do-r.-2000.jpg 1700w\" sizes=\"(max-width: 218px) 100vw, 218px\" \/><\/a><\/p>\n<p>&nbsp;<\/p>\n<p><a href=\"http:\/\/obcanskymonitoring.cz\/wp-content\/uploads\/2016\/10\/Rezonan\u010dn\u00ed-d\u0159evo.jpg\"><img loading=\"lazy\" class=\"alignnone size-medium wp-image-5980\" alt=\"rezonancni-drevo\" src=\"http:\/\/obcanskymonitoring.cz\/wp-content\/uploads\/2016\/10\/Rezonan\u010dn\u00ed-d\u0159evo-218x300.jpg\" width=\"218\" height=\"300\" srcset=\"https:\/\/obcanskymonitoring.cz\/wp-content\/uploads\/2016\/10\/Rezonan\u010dn\u00ed-d\u0159evo-218x300.jpg 218w, https:\/\/obcanskymonitoring.cz\/wp-content\/uploads\/2016\/10\/Rezonan\u010dn\u00ed-d\u0159evo-744x1024.jpg 744w, https:\/\/obcanskymonitoring.cz\/wp-content\/uploads\/2016\/10\/Rezonan\u010dn\u00ed-d\u0159evo.jpg 1700w\" sizes=\"(max-width: 218px) 100vw, 218px\" \/><\/a><\/p>\n<p>Dal\u0161\u00ed \u010dl\u00e1nky Stanislava Ransdorfa na Ob\u010dansk\u00e9m monitoringu si m\u016f\u017eete p\u0159e\u010d\u00edst <a href=\"http:\/\/obcanskymonitoring.cz\/?s=Ransdorf&amp;x=0&amp;y=0\">zde<\/a>.<br \/>\nDal\u0161\u00ed \u010dl\u00e1nky k t\u00e9matu \u0160umava si m\u016f\u017eete p\u0159e\u010d\u00edst <a href=\"http:\/\/obcanskymonitoring.cz\/?cat=21\">zde<\/a>.<\/p>\n<div data-counters='1' data-style='square' data-size='regular' data-url='https:\/\/obcanskymonitoring.cz\/?p=5972' data-title='Stanislav Ransdorf: Konec rezonan\u010dn\u00edho d\u0159eva na \u0160umav\u011b' class='linksalpha_container linksalpha_app_3'><a href='\/\/www.linksalpha.com\/share?network='facebook' class='linksalpha_icon_facebook'><\/a><a href='\/\/www.linksalpha.com\/share?network='twitter' class='linksalpha_icon_twitter'><\/a><a href='\/\/www.linksalpha.com\/share?network='googleplus' class='linksalpha_icon_googleplus'><\/a><a href='\/\/www.linksalpha.com\/share?network='mail' class='linksalpha_icon_mail'><\/a><\/div><div data-position='' data-url='https:\/\/obcanskymonitoring.cz\/?p=5972' data-title='Stanislav Ransdorf: Konec rezonan\u010dn\u00edho d\u0159eva na \u0160umav\u011b' class='linksalpha_container linksalpha_app_7'><a href='\/\/www.linksalpha.com\/share?network='facebook' class='linksalpha_icon_facebook'><\/a><a href='\/\/www.linksalpha.com\/share?network='twitter' class='linksalpha_icon_twitter'><\/a><a href='\/\/www.linksalpha.com\/share?network='googleplus' class='linksalpha_icon_googleplus'><\/a><a href='\/\/www.linksalpha.com\/share?network='mail' class='linksalpha_icon_mail'><\/a><\/div>","protected":false},"excerpt":{"rendered":"<p>&nbsp;1,259&nbsp;total views Jako reakci na na\u0161e \u010dl\u00e1nky Kalamity v n\u00e1rodn\u00edm parku \u0160umava, aneb, jak se dostat k \u0161umavsk\u00e9mu d\u0159evu a p\u0159edchoz\u00ed \u010dl\u00e1nek &#8220;V\u00fdchovn\u00e9 t\u011b\u017eby&#8221; harvestory v NP \u0160umava a hlavn\u011b na to, co se d\u011bje v lesn\u00edch ekosyst\u00e9mech n\u00e1rodn\u00edho parku za posledn\u00edch p\u011bt let, n\u00e1s oslovil pan Stanislav Ransdorf. Pan Ransdorf je zku\u0161en\u00fd \u0161umavsk\u00fd lesn\u00edk [&hellip;]<\/p>\n","protected":false},"author":2,"featured_media":0,"comment_status":"open","ping_status":"open","sticky":true,"template":"","format":"standard","meta":[],"categories":[21,29],"tags":[],"_links":{"self":[{"href":"https:\/\/obcanskymonitoring.cz\/index.php?rest_route=\/wp\/v2\/posts\/5972"}],"collection":[{"href":"https:\/\/obcanskymonitoring.cz\/index.php?rest_route=\/wp\/v2\/posts"}],"about":[{"href":"https:\/\/obcanskymonitoring.cz\/index.php?rest_route=\/wp\/v2\/types\/post"}],"author":[{"embeddable":true,"href":"https:\/\/obcanskymonitoring.cz\/index.php?rest_route=\/wp\/v2\/users\/2"}],"replies":[{"embeddable":true,"href":"https:\/\/obcanskymonitoring.cz\/index.php?rest_route=%2Fwp%2Fv2%2Fcomments&post=5972"}],"version-history":[{"count":0,"href":"https:\/\/obcanskymonitoring.cz\/index.php?rest_route=\/wp\/v2\/posts\/5972\/revisions"}],"wp:attachment":[{"href":"https:\/\/obcanskymonitoring.cz\/index.php?rest_route=%2Fwp%2Fv2%2Fmedia&parent=5972"}],"wp:term":[{"taxonomy":"category","embeddable":true,"href":"https:\/\/obcanskymonitoring.cz\/index.php?rest_route=%2Fwp%2Fv2%2Fcategories&post=5972"},{"taxonomy":"post_tag","embeddable":true,"href":"https:\/\/obcanskymonitoring.cz\/index.php?rest_route=%2Fwp%2Fv2%2Ftags&post=5972"}],"curies":[{"name":"wp","href":"https:\/\/api.w.org\/{rel}","templated":true}]}}