{"id":5975,"date":"2016-10-04T16:46:12","date_gmt":"2016-10-04T16:46:12","guid":{"rendered":"http:\/\/obcanskymonitoring.cz\/?p=5975"},"modified":"2016-10-04T16:46:12","modified_gmt":"2016-10-04T16:46:12","slug":"marie-svabova-tak-nam-zrusili-marsmeloun","status":"publish","type":"post","link":"https:\/\/obcanskymonitoring.cz\/?p=5975","title":{"rendered":"Marie \u0160v\u00e1bov\u00e1: Tak n\u00e1m zru\u0161ili Mar\u0161meloun"},"content":{"rendered":"<div class=\"pvc_clear\"><\/div>\n<p class=\"pvc_stats total_only \" data-element-id=\"5975\" style=\"\"><i class=\"pvc-stats-icon medium\" aria-hidden=\"true\"><svg xmlns=\"http:\/\/www.w3.org\/2000\/svg\" version=\"1.0\" viewBox=\"0 0 502 315\" preserveAspectRatio=\"xMidYMid meet\"><g transform=\"translate(0,332) scale(0.1,-0.1)\" fill=\"\" stroke=\"none\"><path d=\"M2394 3279 l-29 -30 -3 -207 c-2 -182 0 -211 15 -242 39 -76 157 -76 196 0 15 31 17 60 15 243 l-3 209 -33 29 c-26 23 -41 29 -80 29 -41 0 -53 -5 -78 -31z\"\/><path d=\"M3085 3251 c-45 -19 -58 -50 -96 -229 -47 -217 -49 -260 -13 -295 52 -53 146 -42 177 20 16 31 87 366 87 410 0 70 -86 122 -155 94z\"\/><path d=\"M1751 3234 c-13 -9 -29 -31 -37 -50 -12 -29 -10 -49 21 -204 19 -94 39 -189 45 -210 14 -50 54 -80 110 -80 34 0 48 6 76 34 21 21 34 44 34 59 0 14 -18 113 -40 219 -37 178 -43 195 -70 221 -36 32 -101 37 -139 11z\"\/><path d=\"M1163 3073 c-36 -7 -73 -59 -73 -102 0 -56 133 -378 171 -413 34 -32 83 -37 129 -13 70 36 67 87 -16 290 -86 209 -89 214 -129 231 -35 14 -42 15 -82 7z\"\/><path d=\"M3689 3066 c-15 -9 -33 -30 -42 -48 -48 -103 -147 -355 -147 -375 0 -98 131 -148 192 -74 13 15 57 108 97 206 80 196 84 226 37 273 -30 30 -99 39 -137 18z\"\/><path d=\"M583 2784 c-38 -19 -67 -74 -58 -113 9 -42 211 -354 242 -373 16 -10 45 -18 66 -18 51 0 107 52 107 100 0 39 -1 41 -124 234 -80 126 -108 162 -133 173 -41 17 -61 16 -100 -3z\"\/><path d=\"M4250 2784 c-14 -9 -74 -91 -133 -183 -95 -150 -107 -173 -107 -213 0 -55 33 -94 87 -104 67 -13 90 8 211 198 130 202 137 225 78 284 -27 27 -42 34 -72 34 -22 0 -50 -8 -64 -16z\"\/><path d=\"M2275 2693 c-553 -48 -1095 -270 -1585 -649 -135 -104 -459 -423 -483 -476 -23 -49 -22 -139 2 -186 73 -142 361 -457 571 -626 285 -228 642 -407 990 -497 242 -63 336 -73 660 -74 310 0 370 5 595 52 535 111 1045 392 1455 803 122 121 250 273 275 326 19 41 19 137 0 174 -41 79 -309 363 -465 492 -447 370 -946 591 -1479 653 -113 14 -422 18 -536 8z m395 -428 c171 -34 330 -124 456 -258 112 -119 167 -219 211 -378 27 -96 24 -300 -5 -401 -72 -255 -236 -447 -474 -557 -132 -62 -201 -76 -368 -76 -167 0 -236 14 -368 76 -213 98 -373 271 -451 485 -162 444 86 934 547 1084 153 49 292 57 452 25z m909 -232 c222 -123 408 -262 593 -441 76 -74 138 -139 138 -144 0 -16 -233 -242 -330 -319 -155 -123 -309 -223 -461 -299 l-81 -41 32 46 c18 26 49 83 70 128 143 306 141 649 -6 957 -25 52 -61 116 -79 142 l-34 47 45 -20 c26 -10 76 -36 113 -56z m-2057 25 c-40 -58 -105 -190 -130 -263 -110 -324 -59 -707 132 -981 25 -35 42 -64 37 -64 -19 0 -241 119 -326 174 -188 122 -406 314 -532 468 l-58 71 108 103 c185 178 428 349 672 473 66 33 121 60 123 61 2 0 -10 -19 -26 -42z\"\/><path d=\"M2375 1950 c-198 -44 -350 -190 -395 -379 -18 -76 -8 -221 19 -290 114 -284 457 -406 731 -260 98 52 188 154 231 260 27 69 37 214 19 290 -38 163 -166 304 -326 360 -67 23 -215 33 -279 19z\"\/><\/g><\/svg><\/i> &nbsp;1,214&nbsp;total views<\/p>\n<div class=\"pvc_clear\"><\/div>\n<p><a href=\"http:\/\/obcanskymonitoring.cz\/wp-content\/uploads\/2016\/03\/svabova1.png\"><img loading=\"lazy\" class=\"alignnone size-medium wp-image-5303\" alt=\"svabova\" src=\"http:\/\/obcanskymonitoring.cz\/wp-content\/uploads\/2016\/03\/svabova1-250x300.png\" width=\"250\" height=\"300\" srcset=\"https:\/\/obcanskymonitoring.cz\/wp-content\/uploads\/2016\/03\/svabova1-250x300.png 250w, https:\/\/obcanskymonitoring.cz\/wp-content\/uploads\/2016\/03\/svabova1-856x1024.png 856w\" sizes=\"(max-width: 250px) 100vw, 250px\" \/><\/a><\/p>\n<p>P\u0159etiskujeme \u010dl\u00e1nek pan\u00ed architektky <a href=\"http:\/\/obcanskymonitoring.cz\/?page_id=3014\">\u0160v\u00e1bov\u00e9<\/a>, v n\u011bm\u017e pan\u00ed architektka\u00a0glosuje \u00fasp\u011bch aktivist\u016f v kauze <a href=\"http:\/\/obcanskymonitoring.cz\/?p=3699\">Mar\u0161meloun<\/a>\u00a0a z\u00e1rove\u0148 definuje dal\u0161\u00ed c\u00edle a\u00a0kroky nejen v t\u00e9to kauze.<\/p>\n<p><!--more--><\/p>\n<p>V\u0161ichni, kdo bojovali za z\u00e1chranu architektonicky i historicky velmi cenn\u00e9ho souboru kl\u00e1\u0161ter\u016f Ane\u017eky P\u0159emyslovny a sv. \u0160imona a Judy Tade\u00e1\u0161e v Praze Na Franti\u0161ku, pro\u017e\u00edvaj\u00ed mal\u00e9 v\u00edt\u011bzstv\u00ed potom, co ministerstvo kultury potvrdilo zru\u0161en\u00ed stavebn\u00edho povolen\u00ed neblaze proslul\u00e9ho Mar\u0161melounu. Po n\u011bkolika letech protest\u016f a usilovn\u00e9 pr\u00e1ce \u010dlen\u016f Sdru\u017een\u00ed U Milosrdn\u00fdch, odborn\u00edk\u016f z ve\u0159ejnosti i tzv. laik\u016f, kte\u0159\u00ed maj\u00ed sv\u00e9 m\u011bsto r\u00e1di. Ti v\u0161ichni maj\u00ed z\u00e1konn\u00e9 pr\u00e1vo participovat na rozhodov\u00e1n\u00ed o sv\u00e9m m\u011bst\u011b. Jeto jejich \u017eivotn\u00ed prost\u0159ed\u00ed, do kter\u00e9ho pam\u00e1tky p\u0159irozen\u011b pat\u0159\u00ed. V na\u0161ich pom\u011brech ve\u0159ejnost sv\u00e9 pr\u00e1vo neprosazuje snadno.<br \/>\nCel\u00fd zdlouhav\u00fd schvalovac\u00ed a zase ru\u0161\u00edc\u00ed proces \u2013 od pod\u00e1n\u00ed kontroverzn\u00edho n\u00e1vrhu, po protesty ve\u0159ejnosti, odvol\u00e1v\u00e1n\u00ed, nekone\u010dn\u00e9 hodiny pr\u00e1ce ob\u010dan\u016f zdarma a \u00fa\u0159edn\u00edk\u016f za pen\u00edze ve\u0159ejn\u00e9, a\u017e po zru\u0161en\u00ed p\u016fvodn\u00edch schv\u00e1len\u00ed a rozhodnut\u00ed \u2013 to v\u0161e se neodehr\u00e1lo podle tohoto sc\u00e9n\u00e1\u0159e po prv\u00e9. Nakonec p\u0159ich\u00e1z\u00ed nejistota, co bude d\u00e1l. Tak to prob\u011bhlo v p\u0159\u00edpad\u011b Koz\u00e1kova domu na V\u00e1clavsk\u00e9m n\u00e1m\u011bst\u00ed, podobn\u011b skon\u010dil B\u00edl\u00fd medv\u011bd na V\u00edt\u011bzn\u00e9m n\u00e1m\u011bst\u00ed v Dejvic\u00edch i novostavba v Libl\u00edn\u011b na Rokycansku p\u0159ed vstupem do z\u00e1mku \u2013 p\u0159ich\u00e1z\u00ed na \u0159adu rotunda v \u010cesk\u00e9 T\u0159ebov\u00e9 a v obdobn\u00e9m nebezpe\u010d\u00ed je sice novodob\u00e1, ale vz\u00e1cn\u00e1 Mil\u00ed\u010dova modlitebna v Rektorsk\u00e9 v Male\u0161ic\u00edch.<br \/>\nPrvn\u00ed nebezpe\u010d\u00ed je na chv\u00edli za\u017eehn\u00e1no \u2013 ale co bude d\u00e1l? P\u0159edlo\u017e\u00ed investor nov\u00fd projekt, je n\u011bjak\u00e1 nad\u011bje, \u017ee bude l\u00e9pe odpov\u00eddat sv\u00e9mu prost\u0159ed\u00ed? Dosud nikdo nic nenab\u00eddl. Projekty nepokra\u010duj\u00ed, investo\u0159i vyhro\u017euj\u00ed (i opr\u00e1vn\u011bn\u011b) soudem o n\u00e1hradu ztr\u00e1t, pam\u00e1tkov\u00e1 p\u00e9\u010de ml\u010d\u00ed.<br \/>\nTo ml\u010den\u00ed \u00fa\u0159edn\u00edk\u016f m\u00e1 svou p\u0159\u00ed\u010dinu: \u00fa\u0159edn\u00edk bez z\u00e1kona nem\u00e1 argumenty, pam\u00e1tkov\u00fd z\u00e1kon mu nepom\u016f\u017ee, plo\u0161n\u011b ochr\u00e1nit m\u011bsto neum\u00ed. Chyb\u00ed mu pam\u00e1tkov\u00fd urbanismus, kter\u00fd by ochr\u00e1nil nejen jednotliv\u00e9 pam\u00e1tky jako individu\u00e1ln\u00ed stavby, ale i jejich uplatn\u011bn\u00ed v prostoru, kter\u00fd jim n\u00e1le\u017e\u00ed. Bez z\u00e1konn\u00e9 pomoci z\u016fstal i Pra\u017esk\u00fd hrad, kdy\u017e jeho dominantn\u00edmu postaven\u00ed po\u0161kodila z\u00e1stavba Pankr\u00e1ce.<br \/>\nV\u0161echny v\u00fd\u0161e uveden\u00e9 kontroverzn\u00ed \u2013 nejprve povolen\u00e9 a po protestech p\u0159eru\u0161en\u00e9 \u2013 n\u00e1vrhy maj\u00ed jedno spole\u010dn\u00e9: t\u00fdkaj\u00ed se z\u00e1sah\u016f do nechr\u00e1n\u011bn\u00e9 z\u00e1stavby a vyu\u017e\u00edvaj\u00ed jmenovit\u011b nechr\u00e1n\u011bn\u00e9 pozemky v pam\u00e1tkov\u00fdch rezervac\u00edch nebo z\u00f3n\u00e1ch, p\u0159\u00edpadn\u011b v jejich ochrann\u00fdch p\u00e1smech. Pr\u00e1v\u011b tyto probl\u00e9my je schopna vy\u0159e\u0161it v z\u00e1kon\u011b chyb\u011bj\u00edc\u00ed ochrana prostorov\u00fdch (urbanistick\u00fdch) vztah\u016f m\u011bsta. Jedin\u011b po dopln\u011bn\u00ed pam\u00e1tkov\u00e9ho z\u00e1kona lze kone\u010dn\u011b spojit \u00fazemn\u00ed pl\u00e1nov\u00e1n\u00ed (Stavebn\u00ed z\u00e1kon) s po\u017eadavky pam\u00e1tkov\u00e9 p\u00e9\u010de (s pam\u00e1tkov\u00fdm z\u00e1konem).<br \/>\nV roce 2015 na\u0161e asociace zpracovala na v\u00fdzvu DR. \u0160pidly, vedouc\u00edho t\u00fdmu poradc\u016f premi\u00e9ra, p\u0159ipom\u00ednky k n\u00e1vrhu nov\u00e9ho pam\u00e1tkov\u00e9ho z\u00e1kona. Jejich obsahem bylo p\u0159edev\u0161\u00edm ono dopln\u011bn\u00ed chyb\u011bj\u00edc\u00ed urbanistick\u00e9 \u010d\u00e1sti. Na\u0161e p\u0159ipom\u00ednky vych\u00e1zely z dlouholet\u00fdch zku\u0161enost\u00ed v \u00fazemn\u011b pl\u00e1novac\u00ed \u010dinnosti i v rekonstrukc\u00edch jednotliv\u00fdch pam\u00e1tek, z pr\u00e1ce v projekci i na stavb\u00e1ch a v ter\u00e9nu. Ministerstvo kultury je nep\u0159ijalo, z\u00e1kon projednalo pouze s p\u0159edem vybran\u00fdmi oponenty. Od nikoho jsme nedostali odpov\u011b\u010f. Tak\u017ee pam\u00e1tkov\u00fd z\u00e1kon z\u016fst\u00e1v\u00e1 d\u00e1le v ochran\u011b m\u011bst bezzub\u00fd a stavebn\u00ed z\u00e1kon nad\u00e1le s chr\u00e1n\u011bn\u00fdm \u00fazem\u00edm zach\u00e1zet neum\u00ed. V sou\u010dasn\u00fdch podm\u00ednk\u00e1ch nad\u011bje na zm\u011bnu k lep\u0161\u00edmu moc nen\u00ed. Bude m\u00edt n\u011bkdo z p\u0159\u00edslu\u0161n\u00fdch \u201e\u010dinitel\u016f\u201c odvahu tento st\u00e1le se opakuj\u00edc\u00ed proces zastavit?<br \/>\nNejsme staromilci, Praha pot\u0159ebuje modern\u00ed architekturu, ale takovou, kter\u00e1 jej\u00ed hodnoty o\u010dist\u00ed a pos\u00edl\u00ed ve smyslu jej\u00ed st\u00e1le \u017eiv\u00e9 urbanity a nebude je likvidovat, m\u011bnit harmonii v chaos. Jde to, ale mus\u00ed se to um\u011bt. Nep\u0159ehl\u00e9dnuteln\u00fd kontrast dovede ka\u017ed\u00fd, ignorovat kontext s prost\u0159ed\u00edm je snaz\u0161\u00ed ne\u017e ho pochopit, harmonii doc\u00edl\u00ed jen skute\u010dn\u00fd architekt. Do poloviny 20t\u00e9ho stolet\u00ed m\u00e1 Praha dobr\u00fdch p\u0159\u00edklad\u016f dost, obnova m\u011bsta m\u011bla kontinu\u00e1ln\u00ed charakter. Snad se najdou kone\u010dn\u011b pokra\u010dovatel\u00e9 tohoto procesu, bude-li pro n\u011b vytvo\u0159en v sou\u010dasn\u00fdch podm\u00ednk\u00e1ch tvrd\u00e9ho byznysu prostor. Vyplatilo by se to \u2013 i v t\u011bch pen\u011bz\u00edch.<\/p>\n<p>3. 10. 2016 <a href=\"http:\/\/www.asorkd.cz\/\">ASORKD<\/a><\/p>\n<p>Ing. arch. Marie \u0160v\u00e1bov\u00e1<br \/>\nVicepresidentka asociace<\/p>\n<p>&nbsp;<\/p>\n<p>Dal\u0161\u00ed \u010dl\u00e1nky pan\u00ed architektky \u0160v\u00e1bov\u00e9 na Ob\u010dansk\u00e9m monitoringu si m\u016f\u017eete p\u0159e\u010d\u00edst <a href=\"http:\/\/obcanskymonitoring.cz\/?s=%C5%A1v%C3%A1bov%C3%A1&amp;x=0&amp;y=0\">zde<\/a>.<\/p>\n<p>Dal\u0161\u00ed \u010dl\u00e1nky na t\u00e9ma pam\u00e1tkov\u00e1 p\u00e9\u010de\u00a0na Ob\u010dansk\u00e9m monitoringu si m\u016f\u017eete p\u0159e\u010d\u00edst\u00a0<a href=\"http:\/\/obcanskymonitoring.cz\/?cat=41\">zde<\/a>.<\/p>\n<div data-counters='1' data-style='square' data-size='regular' data-url='https:\/\/obcanskymonitoring.cz\/?p=5975' data-title='Marie \u0160v\u00e1bov\u00e1: Tak n\u00e1m zru\u0161ili Mar\u0161meloun' class='linksalpha_container linksalpha_app_3'><a href='\/\/www.linksalpha.com\/share?network='facebook' class='linksalpha_icon_facebook'><\/a><a href='\/\/www.linksalpha.com\/share?network='twitter' class='linksalpha_icon_twitter'><\/a><a href='\/\/www.linksalpha.com\/share?network='googleplus' class='linksalpha_icon_googleplus'><\/a><a href='\/\/www.linksalpha.com\/share?network='mail' class='linksalpha_icon_mail'><\/a><\/div><div data-position='' data-url='https:\/\/obcanskymonitoring.cz\/?p=5975' data-title='Marie \u0160v\u00e1bov\u00e1: Tak n\u00e1m zru\u0161ili Mar\u0161meloun' class='linksalpha_container linksalpha_app_7'><a href='\/\/www.linksalpha.com\/share?network='facebook' class='linksalpha_icon_facebook'><\/a><a href='\/\/www.linksalpha.com\/share?network='twitter' class='linksalpha_icon_twitter'><\/a><a href='\/\/www.linksalpha.com\/share?network='googleplus' class='linksalpha_icon_googleplus'><\/a><a href='\/\/www.linksalpha.com\/share?network='mail' class='linksalpha_icon_mail'><\/a><\/div>","protected":false},"excerpt":{"rendered":"<p>&nbsp;1,214&nbsp;total views P\u0159etiskujeme \u010dl\u00e1nek pan\u00ed architektky \u0160v\u00e1bov\u00e9, v n\u011bm\u017e pan\u00ed architektka\u00a0glosuje \u00fasp\u011bch aktivist\u016f v kauze Mar\u0161meloun\u00a0a z\u00e1rove\u0148 definuje dal\u0161\u00ed c\u00edle a\u00a0kroky nejen v t\u00e9to kauze.<\/p>\n","protected":false},"author":2,"featured_media":0,"comment_status":"open","ping_status":"open","sticky":true,"template":"","format":"standard","meta":[],"categories":[41],"tags":[],"_links":{"self":[{"href":"https:\/\/obcanskymonitoring.cz\/index.php?rest_route=\/wp\/v2\/posts\/5975"}],"collection":[{"href":"https:\/\/obcanskymonitoring.cz\/index.php?rest_route=\/wp\/v2\/posts"}],"about":[{"href":"https:\/\/obcanskymonitoring.cz\/index.php?rest_route=\/wp\/v2\/types\/post"}],"author":[{"embeddable":true,"href":"https:\/\/obcanskymonitoring.cz\/index.php?rest_route=\/wp\/v2\/users\/2"}],"replies":[{"embeddable":true,"href":"https:\/\/obcanskymonitoring.cz\/index.php?rest_route=%2Fwp%2Fv2%2Fcomments&post=5975"}],"version-history":[{"count":0,"href":"https:\/\/obcanskymonitoring.cz\/index.php?rest_route=\/wp\/v2\/posts\/5975\/revisions"}],"wp:attachment":[{"href":"https:\/\/obcanskymonitoring.cz\/index.php?rest_route=%2Fwp%2Fv2%2Fmedia&parent=5975"}],"wp:term":[{"taxonomy":"category","embeddable":true,"href":"https:\/\/obcanskymonitoring.cz\/index.php?rest_route=%2Fwp%2Fv2%2Fcategories&post=5975"},{"taxonomy":"post_tag","embeddable":true,"href":"https:\/\/obcanskymonitoring.cz\/index.php?rest_route=%2Fwp%2Fv2%2Ftags&post=5975"}],"curies":[{"name":"wp","href":"https:\/\/api.w.org\/{rel}","templated":true}]}}