{"id":5992,"date":"2016-10-07T15:12:33","date_gmt":"2016-10-07T15:12:33","guid":{"rendered":"http:\/\/obcanskymonitoring.cz\/?p=5992"},"modified":"2016-10-07T15:12:33","modified_gmt":"2016-10-07T15:12:33","slug":"vladni-navrh-zakona-o-obcanskych-prukazech","status":"publish","type":"post","link":"https:\/\/obcanskymonitoring.cz\/?p=5992","title":{"rendered":"Vl\u00e1dn\u00ed n\u00e1vrh z\u00e1kona o ob\u010dansk\u00fdch pr\u016fkazech"},"content":{"rendered":"<div class=\"pvc_clear\"><\/div>\n<p class=\"pvc_stats total_only \" data-element-id=\"5992\" style=\"\"><i class=\"pvc-stats-icon medium\" aria-hidden=\"true\"><svg xmlns=\"http:\/\/www.w3.org\/2000\/svg\" version=\"1.0\" viewBox=\"0 0 502 315\" preserveAspectRatio=\"xMidYMid meet\"><g transform=\"translate(0,332) scale(0.1,-0.1)\" fill=\"\" stroke=\"none\"><path d=\"M2394 3279 l-29 -30 -3 -207 c-2 -182 0 -211 15 -242 39 -76 157 -76 196 0 15 31 17 60 15 243 l-3 209 -33 29 c-26 23 -41 29 -80 29 -41 0 -53 -5 -78 -31z\"\/><path d=\"M3085 3251 c-45 -19 -58 -50 -96 -229 -47 -217 -49 -260 -13 -295 52 -53 146 -42 177 20 16 31 87 366 87 410 0 70 -86 122 -155 94z\"\/><path d=\"M1751 3234 c-13 -9 -29 -31 -37 -50 -12 -29 -10 -49 21 -204 19 -94 39 -189 45 -210 14 -50 54 -80 110 -80 34 0 48 6 76 34 21 21 34 44 34 59 0 14 -18 113 -40 219 -37 178 -43 195 -70 221 -36 32 -101 37 -139 11z\"\/><path d=\"M1163 3073 c-36 -7 -73 -59 -73 -102 0 -56 133 -378 171 -413 34 -32 83 -37 129 -13 70 36 67 87 -16 290 -86 209 -89 214 -129 231 -35 14 -42 15 -82 7z\"\/><path d=\"M3689 3066 c-15 -9 -33 -30 -42 -48 -48 -103 -147 -355 -147 -375 0 -98 131 -148 192 -74 13 15 57 108 97 206 80 196 84 226 37 273 -30 30 -99 39 -137 18z\"\/><path d=\"M583 2784 c-38 -19 -67 -74 -58 -113 9 -42 211 -354 242 -373 16 -10 45 -18 66 -18 51 0 107 52 107 100 0 39 -1 41 -124 234 -80 126 -108 162 -133 173 -41 17 -61 16 -100 -3z\"\/><path d=\"M4250 2784 c-14 -9 -74 -91 -133 -183 -95 -150 -107 -173 -107 -213 0 -55 33 -94 87 -104 67 -13 90 8 211 198 130 202 137 225 78 284 -27 27 -42 34 -72 34 -22 0 -50 -8 -64 -16z\"\/><path d=\"M2275 2693 c-553 -48 -1095 -270 -1585 -649 -135 -104 -459 -423 -483 -476 -23 -49 -22 -139 2 -186 73 -142 361 -457 571 -626 285 -228 642 -407 990 -497 242 -63 336 -73 660 -74 310 0 370 5 595 52 535 111 1045 392 1455 803 122 121 250 273 275 326 19 41 19 137 0 174 -41 79 -309 363 -465 492 -447 370 -946 591 -1479 653 -113 14 -422 18 -536 8z m395 -428 c171 -34 330 -124 456 -258 112 -119 167 -219 211 -378 27 -96 24 -300 -5 -401 -72 -255 -236 -447 -474 -557 -132 -62 -201 -76 -368 -76 -167 0 -236 14 -368 76 -213 98 -373 271 -451 485 -162 444 86 934 547 1084 153 49 292 57 452 25z m909 -232 c222 -123 408 -262 593 -441 76 -74 138 -139 138 -144 0 -16 -233 -242 -330 -319 -155 -123 -309 -223 -461 -299 l-81 -41 32 46 c18 26 49 83 70 128 143 306 141 649 -6 957 -25 52 -61 116 -79 142 l-34 47 45 -20 c26 -10 76 -36 113 -56z m-2057 25 c-40 -58 -105 -190 -130 -263 -110 -324 -59 -707 132 -981 25 -35 42 -64 37 -64 -19 0 -241 119 -326 174 -188 122 -406 314 -532 468 l-58 71 108 103 c185 178 428 349 672 473 66 33 121 60 123 61 2 0 -10 -19 -26 -42z\"\/><path d=\"M2375 1950 c-198 -44 -350 -190 -395 -379 -18 -76 -8 -221 19 -290 114 -284 457 -406 731 -260 98 52 188 154 231 260 27 69 37 214 19 290 -38 163 -166 304 -326 360 -67 23 -215 33 -279 19z\"\/><\/g><\/svg><\/i> &nbsp;1,066&nbsp;total views<\/p>\n<div class=\"pvc_clear\"><\/div>\n<p><a href=\"http:\/\/obcanskymonitoring.cz\/wp-content\/uploads\/2015\/12\/Vlada-CR-logo.jpg\"><img loading=\"lazy\" class=\"alignnone size-medium wp-image-5054\" alt=\"Vlada CR logo\" src=\"http:\/\/obcanskymonitoring.cz\/wp-content\/uploads\/2015\/12\/Vlada-CR-logo-300x67.jpg\" width=\"300\" height=\"67\" srcset=\"https:\/\/obcanskymonitoring.cz\/wp-content\/uploads\/2015\/12\/Vlada-CR-logo-300x67.jpg 300w, https:\/\/obcanskymonitoring.cz\/wp-content\/uploads\/2015\/12\/Vlada-CR-logo.jpg 402w\" sizes=\"(max-width: 300px) 100vw, 300px\" \/><\/a><\/p>\n<p>&nbsp;<\/p>\n<p>&nbsp;<\/p>\n<p><!--more--><\/p>\n<p>&nbsp;<\/p>\n<p>Upozor\u0148uji na zaj\u00edmav\u00fd dokument: Vl\u00e1dn\u00ed n\u00e1vrh z\u00e1kona o ob\u010dansk\u00fdch pr\u016fkazech. Dokument si m\u016f\u016f\u017eete p\u0159e\u010d\u00edst na str\u00e1nk\u00e1ch Poslaneck\u00e9 sn\u011bmovny <a href=\"http:\/\/www.psp.cz\/sqw\/text\/tiskt.sqw?O=7&amp;CT=928&amp;CT1=0\">zde<\/a>. Z\u00e1loha na na\u0161em webu je <a href=\"https:\/\/drive.google.com\/file\/d\/0B2ZZNd5rGbv6djluUXZteFNoSEk\/view?usp=sharing\">zde<\/a>.<\/p>\n<p>Cituji \u010d\u00e1sti dokumentu z d\u016fvodov\u00e9 zpr\u00e1vy, kter\u00e9 mne zaujaly:<\/p>\n<p>&nbsp;<\/p>\n<p>Plo\u0161n\u00e9 zaveden\u00ed ob\u010dansk\u00fdch pr\u016fkaz\u016f se strojov\u011b \u010diteln\u00fdmi \u00fadaji a s kontaktn\u00edm\u00a0elektronick\u00fdm \u010dipem je d\u016fle\u017eit\u00e9 p\u0159edev\u0161\u00edm v souvislosti s vytv\u00e1\u0159en\u00edm N\u00e1rodn\u00ed identitn\u00ed<br \/>\nautority a mo\u017enosti budouc\u00edho maxim\u00e1ln\u00edho vyu\u017eit\u00ed tohoto identitn\u00edho prostoru, kdy bude st\u00e1t\u00a0garantovat sv\u00fdm ob\u010dan\u016fm vyu\u017eit\u00ed elektronick\u00e9 identifikace.<\/p>\n<p>&nbsp;<\/p>\n<p>Navrhovan\u00e1 \u00faprava ru\u0161\u00ed vyd\u00e1v\u00e1n\u00ed ob\u010dansk\u00fdch pr\u016fkaz\u016f bez kontaktn\u00edho elektronick\u00e9ho\u00a0\u010dipu, nad\u00e1le v\u0161ak bude ob\u010dansk\u00fd pr\u016fkaz povinn\u00fdm osobn\u00edm dokladem ob\u010dana bez ohledu na<br \/>\njeho pohlav\u00ed, rasu, barvu pleti atd.<\/p>\n<p>&nbsp;<\/p>\n<p>Navrhovan\u00e1 \u00faprava respektuje svobodnou volbu ob\u010dana. Ka\u017ed\u00fd ob\u010dan z\u00edsk\u00e1\u00a0elektronick\u00fd obsah s \u010dipem, je v\u0161ak pouze volbou ob\u010dana, zda tento elektronick\u00fd \u010dip aktivuje<br \/>\np\u0159i p\u0159evzet\u00ed ob\u010dansk\u00e9ho pr\u016fkazu \u010di nikoli. Ob\u010dansk\u00fd pr\u016fkaz bez aktivace elektronick\u00e9ho \u010dipu\u00a0nen\u00ed pou\u017eiteln\u00fd pro elektronick\u00e9 transakce a riziko jeho zneu\u017eit\u00ed nen\u00ed v\u011bt\u0161\u00ed ne\u017e u ob\u010dansk\u00e9ho<br \/>\npr\u016fkazu bez elektronick\u00e9ho \u010dipu. Aktivaci lze prov\u00e9st i pozd\u011bji, pouze v\u0161ak na m\u00edst\u011b, kde jsou\u00a0vyd\u00e1v\u00e1ny ob\u010dansk\u00e9 pr\u016fkazy, po ov\u011b\u0159en\u00ed identity dr\u017eitele ob\u010dansk\u00e9ho pr\u016fkazu.<\/p>\n<p>&nbsp;<\/p>\n<p>\u010cesk\u00e1 republika bude od z\u00e1\u0159\u00ed 2018 povinna rozpozn\u00e1vat elektronickou identitu\u00a0ohl\u00e1\u0161en\u00fdch identitn\u00edch syst\u00e9m\u016f ostatn\u00edch \u010dlensk\u00fdch st\u00e1t\u016f Evropsk\u00e9 unie, v t\u00e9to souvislosti<br \/>\nje vytv\u00e1\u0159ena N\u00e1rodn\u00ed identitn\u00ed autorita, tedy identitn\u00ed prostor pro ob\u010dany \u010cesk\u00e9 republiky.\u00a0Plo\u0161n\u00e9 zaveden\u00ed ob\u010dansk\u00fdch pr\u016fkaz\u016f s kontaktn\u00edm elektronick\u00fdm \u010dipem je nezbytn\u00e9 zejm\u00e9na<br \/>\nz d\u016fvodu maxim\u00e1ln\u00edho vyu\u017eit\u00ed tohoto identitn\u00edho prostoru.<\/p>\n<p>P\u0159edm\u011btu navrhovan\u00e9 pr\u00e1vn\u00ed \u00fapravy se d\u00e1le dot\u00fdkaj\u00ed:<\/p>\n<ul>\n<li>na\u0159\u00edzen\u00ed eIDAS a Prov\u00e1d\u011bc\u00ed na\u0159\u00edzen\u00ed komise (EU) 2015\/1502 ze dne 8. z\u00e1\u0159\u00ed 2015, kter\u00fdm<\/li>\n<\/ul>\n<p>se stanov\u00ed minim\u00e1ln\u00ed technick\u00e9 specifikace a postupy pro \u00farovn\u011b z\u00e1ruky prost\u0159edk\u016f pro<br \/>\nelektronickou identifikaci podle \u010dl. 8 odst. 3 na\u0159\u00edzen\u00ed eIDAS,<\/p>\n<ul>\n<li>sm\u011brnice Evropsk\u00e9ho parlamentu a Rady 95\/46\/ES ze dne 24. \u0159\u00edjna 1995 o ochran\u011b<\/li>\n<\/ul>\n<p>fyzick\u00fdch osob v souvislosti se zpracov\u00e1n\u00edm osobn\u00edch \u00fadaj\u016f a o voln\u00e9m pohybu t\u011bchto<br \/>\n\u00fadaj\u016f. (N\u00e1vrh z\u00e1kona je d\u00e1le v souladu se z\u00e1konem \u010d. 101\/2000 Sb., o ochran\u011b osobn\u00edch<br \/>\n\u00fadaj\u016f a o zm\u011bn\u011b n\u011bkter\u00fdch z\u00e1kon\u016f, ve zn\u011bn\u00ed pozd\u011bj\u0161\u00edch p\u0159edpis\u016f, jen\u017e danou sm\u011brnici<br \/>\nimplementuje do pr\u00e1vn\u00edho \u0159\u00e1du \u010cesk\u00e9 republiky.)<\/p>\n<p>&nbsp;<\/p>\n<p>Doch\u00e1z\u00ed ke kvalitativn\u00ed prom\u011bn\u011b zp\u016fsobu vyu\u017e\u00edv\u00e1n\u00ed ob\u010dansk\u00e9ho pr\u016fkazu, kter\u00e1\u00a0na jedn\u00e9 stran\u011b v\u00fdrazn\u011b zv\u00fd\u0161\u00ed u\u017eivatelskou hodnotu tohoto dokladu, na druh\u00e9 stran\u011b obn\u00e1\u0161\u00ed\u00a0nov\u00e9 druhy rizik souvisej\u00edc\u00edch s obsahem kontaktn\u00edho elektronick\u00e9ho \u010dipu.<\/p>\n<p>Obsahem elektronick\u00e9 identifikace v kontaktn\u00edm elektronick\u00e9m \u010dipu budou ve\u0161ker\u00e9\u00a0osobn\u00ed \u00fadaje dr\u017eitele zapsan\u00e9 v ob\u010dansk\u00e9m pr\u016fkazu vyjma podpisu a fotografie. D\u00e1le bude<br \/>\n(obdobn\u011b jako u dosavadn\u00edch ob\u010dansk\u00fdch pr\u016fkaz\u016f s elektronick\u00fdm \u010dipem) dr\u017eitel ob\u010dansk\u00e9ho\u00a0pr\u016fkazu opr\u00e1vn\u011bn k z\u00e1pisu kryptografick\u00fdch kl\u00ed\u010d\u016f a otev\u00edr\u00e1 se mo\u017enost z\u00e1pisu dal\u0161\u00edch<br \/>\nosobn\u00edch \u00fadaj\u016f, pokud tak stanov\u00ed zvl\u00e1\u0161tn\u00ed pr\u00e1vn\u00ed p\u0159edpis.<\/p>\n<p>N\u00e1vrh z\u00e1kona m\u00e1 p\u0159\u00edm\u00fd dopad p\u0159edev\u0161\u00edm na ob\u010dany. Roz\u0161\u00ed\u0159en\u00edm rozsahu veden\u00fdch\u00a0\u00fadaj\u016f v informa\u010dn\u00edch syst\u00e9mech evidence ob\u010dansk\u00fdch pr\u016fkaz\u016f a evidence cestovn\u00edch doklad\u016f<br \/>\nse zefektivn\u00ed v\u00fdkon st\u00e1tn\u00ed spr\u00e1vy. Na \u00faseku ob\u010dansk\u00fdch pr\u016fkaz\u016f a cestovn\u00edch doklad\u016f dojde\u00a0ke zv\u00fd\u0161en\u00ed efektivity slu\u017eeb ob\u010dan\u016fm. Elektronick\u00e1 identifikace p\u0159inese ob\u010dan\u016fm \u00fasporu \u010dasu<br \/>\nt\u00edm, \u017ee nebudou muset v\u017edy osobn\u011b na \u00fa\u0159ady, ale \u0159adu \u00fakon\u016f mohou vykonat p\u0159es internetov\u00e9\u00a0p\u0159ipojen\u00ed.<\/p>\n<p>Na tuto pr\u00e1vn\u00ed \u00fapravu by m\u011bla navazovat i osv\u011bta, ve kter\u00e9 bude ve\u0159ejnost sezn\u00e1mena\u00a0s navr\u017een\u00fdmi \u00fapravami.<\/p>\n<div data-counters='1' data-style='square' data-size='regular' data-url='https:\/\/obcanskymonitoring.cz\/?p=5992' data-title='Vl\u00e1dn\u00ed n\u00e1vrh z\u00e1kona o ob\u010dansk\u00fdch pr\u016fkazech' class='linksalpha_container linksalpha_app_3'><a href='\/\/www.linksalpha.com\/share?network='facebook' class='linksalpha_icon_facebook'><\/a><a href='\/\/www.linksalpha.com\/share?network='twitter' class='linksalpha_icon_twitter'><\/a><a href='\/\/www.linksalpha.com\/share?network='googleplus' class='linksalpha_icon_googleplus'><\/a><a href='\/\/www.linksalpha.com\/share?network='mail' class='linksalpha_icon_mail'><\/a><\/div><div data-position='' data-url='https:\/\/obcanskymonitoring.cz\/?p=5992' data-title='Vl\u00e1dn\u00ed n\u00e1vrh z\u00e1kona o ob\u010dansk\u00fdch pr\u016fkazech' class='linksalpha_container linksalpha_app_7'><a href='\/\/www.linksalpha.com\/share?network='facebook' class='linksalpha_icon_facebook'><\/a><a href='\/\/www.linksalpha.com\/share?network='twitter' class='linksalpha_icon_twitter'><\/a><a href='\/\/www.linksalpha.com\/share?network='googleplus' class='linksalpha_icon_googleplus'><\/a><a href='\/\/www.linksalpha.com\/share?network='mail' class='linksalpha_icon_mail'><\/a><\/div>","protected":false},"excerpt":{"rendered":"<p>&nbsp;1,066&nbsp;total views &nbsp; &nbsp;<\/p>\n","protected":false},"author":2,"featured_media":0,"comment_status":"open","ping_status":"open","sticky":true,"template":"","format":"standard","meta":[],"categories":[7],"tags":[],"_links":{"self":[{"href":"https:\/\/obcanskymonitoring.cz\/index.php?rest_route=\/wp\/v2\/posts\/5992"}],"collection":[{"href":"https:\/\/obcanskymonitoring.cz\/index.php?rest_route=\/wp\/v2\/posts"}],"about":[{"href":"https:\/\/obcanskymonitoring.cz\/index.php?rest_route=\/wp\/v2\/types\/post"}],"author":[{"embeddable":true,"href":"https:\/\/obcanskymonitoring.cz\/index.php?rest_route=\/wp\/v2\/users\/2"}],"replies":[{"embeddable":true,"href":"https:\/\/obcanskymonitoring.cz\/index.php?rest_route=%2Fwp%2Fv2%2Fcomments&post=5992"}],"version-history":[{"count":0,"href":"https:\/\/obcanskymonitoring.cz\/index.php?rest_route=\/wp\/v2\/posts\/5992\/revisions"}],"wp:attachment":[{"href":"https:\/\/obcanskymonitoring.cz\/index.php?rest_route=%2Fwp%2Fv2%2Fmedia&parent=5992"}],"wp:term":[{"taxonomy":"category","embeddable":true,"href":"https:\/\/obcanskymonitoring.cz\/index.php?rest_route=%2Fwp%2Fv2%2Fcategories&post=5992"},{"taxonomy":"post_tag","embeddable":true,"href":"https:\/\/obcanskymonitoring.cz\/index.php?rest_route=%2Fwp%2Fv2%2Ftags&post=5992"}],"curies":[{"name":"wp","href":"https:\/\/api.w.org\/{rel}","templated":true}]}}