{"id":6001,"date":"2016-10-13T22:33:43","date_gmt":"2016-10-13T22:33:43","guid":{"rendered":"http:\/\/obcanskymonitoring.cz\/?p=6001"},"modified":"2016-10-14T12:14:29","modified_gmt":"2016-10-14T12:14:29","slug":"petr-jesatko-v-narodnim-parku-sumava-postupuji-naopak","status":"publish","type":"post","link":"https:\/\/obcanskymonitoring.cz\/?p=6001","title":{"rendered":"Petr Je\u0161\u00e1tko: V N\u00e1rodn\u00edm parku \u0160umava postupuj\u00ed &#8211; naopak"},"content":{"rendered":"<div class=\"pvc_clear\"><\/div>\n<p class=\"pvc_stats total_only \" data-element-id=\"6001\" style=\"\"><i class=\"pvc-stats-icon medium\" aria-hidden=\"true\"><svg xmlns=\"http:\/\/www.w3.org\/2000\/svg\" version=\"1.0\" viewBox=\"0 0 502 315\" preserveAspectRatio=\"xMidYMid meet\"><g transform=\"translate(0,332) scale(0.1,-0.1)\" fill=\"\" stroke=\"none\"><path d=\"M2394 3279 l-29 -30 -3 -207 c-2 -182 0 -211 15 -242 39 -76 157 -76 196 0 15 31 17 60 15 243 l-3 209 -33 29 c-26 23 -41 29 -80 29 -41 0 -53 -5 -78 -31z\"\/><path d=\"M3085 3251 c-45 -19 -58 -50 -96 -229 -47 -217 -49 -260 -13 -295 52 -53 146 -42 177 20 16 31 87 366 87 410 0 70 -86 122 -155 94z\"\/><path d=\"M1751 3234 c-13 -9 -29 -31 -37 -50 -12 -29 -10 -49 21 -204 19 -94 39 -189 45 -210 14 -50 54 -80 110 -80 34 0 48 6 76 34 21 21 34 44 34 59 0 14 -18 113 -40 219 -37 178 -43 195 -70 221 -36 32 -101 37 -139 11z\"\/><path d=\"M1163 3073 c-36 -7 -73 -59 -73 -102 0 -56 133 -378 171 -413 34 -32 83 -37 129 -13 70 36 67 87 -16 290 -86 209 -89 214 -129 231 -35 14 -42 15 -82 7z\"\/><path d=\"M3689 3066 c-15 -9 -33 -30 -42 -48 -48 -103 -147 -355 -147 -375 0 -98 131 -148 192 -74 13 15 57 108 97 206 80 196 84 226 37 273 -30 30 -99 39 -137 18z\"\/><path d=\"M583 2784 c-38 -19 -67 -74 -58 -113 9 -42 211 -354 242 -373 16 -10 45 -18 66 -18 51 0 107 52 107 100 0 39 -1 41 -124 234 -80 126 -108 162 -133 173 -41 17 -61 16 -100 -3z\"\/><path d=\"M4250 2784 c-14 -9 -74 -91 -133 -183 -95 -150 -107 -173 -107 -213 0 -55 33 -94 87 -104 67 -13 90 8 211 198 130 202 137 225 78 284 -27 27 -42 34 -72 34 -22 0 -50 -8 -64 -16z\"\/><path d=\"M2275 2693 c-553 -48 -1095 -270 -1585 -649 -135 -104 -459 -423 -483 -476 -23 -49 -22 -139 2 -186 73 -142 361 -457 571 -626 285 -228 642 -407 990 -497 242 -63 336 -73 660 -74 310 0 370 5 595 52 535 111 1045 392 1455 803 122 121 250 273 275 326 19 41 19 137 0 174 -41 79 -309 363 -465 492 -447 370 -946 591 -1479 653 -113 14 -422 18 -536 8z m395 -428 c171 -34 330 -124 456 -258 112 -119 167 -219 211 -378 27 -96 24 -300 -5 -401 -72 -255 -236 -447 -474 -557 -132 -62 -201 -76 -368 -76 -167 0 -236 14 -368 76 -213 98 -373 271 -451 485 -162 444 86 934 547 1084 153 49 292 57 452 25z m909 -232 c222 -123 408 -262 593 -441 76 -74 138 -139 138 -144 0 -16 -233 -242 -330 -319 -155 -123 -309 -223 -461 -299 l-81 -41 32 46 c18 26 49 83 70 128 143 306 141 649 -6 957 -25 52 -61 116 -79 142 l-34 47 45 -20 c26 -10 76 -36 113 -56z m-2057 25 c-40 -58 -105 -190 -130 -263 -110 -324 -59 -707 132 -981 25 -35 42 -64 37 -64 -19 0 -241 119 -326 174 -188 122 -406 314 -532 468 l-58 71 108 103 c185 178 428 349 672 473 66 33 121 60 123 61 2 0 -10 -19 -26 -42z\"\/><path d=\"M2375 1950 c-198 -44 -350 -190 -395 -379 -18 -76 -8 -221 19 -290 114 -284 457 -406 731 -260 98 52 188 154 231 260 27 69 37 214 19 290 -38 163 -166 304 -326 360 -67 23 -215 33 -279 19z\"\/><\/g><\/svg><\/i> &nbsp;1,418&nbsp;total views<\/p>\n<div class=\"pvc_clear\"><\/div>\n<p><a href=\"http:\/\/obcanskymonitoring.cz\/wp-content\/uploads\/2016\/10\/Sumava-jedle.jpg\"><img loading=\"lazy\" class=\"alignnone size-medium wp-image-6004\" alt=\"sumava-jedle\" src=\"http:\/\/obcanskymonitoring.cz\/wp-content\/uploads\/2016\/10\/Sumava-jedle-300x225.jpg\" width=\"300\" height=\"225\" srcset=\"https:\/\/obcanskymonitoring.cz\/wp-content\/uploads\/2016\/10\/Sumava-jedle-300x225.jpg 300w, https:\/\/obcanskymonitoring.cz\/wp-content\/uploads\/2016\/10\/Sumava-jedle.jpg 640w\" sizes=\"(max-width: 300px) 100vw, 300px\" \/><\/a><\/p>\n<p>P\u0159etiskujeme nov\u00fd \u010dl\u00e1nek <a href=\"http:\/\/obcanskymonitoring.cz\/?page_id=3014\">Petra Je\u0161\u00e1tka<\/a>, kter\u00fdm reaguje na \u010dl\u00e1nek\u00a0<a href=\"http:\/\/ekolist.cz\/cz\/zpravodajstvi\/zpravy\/diky-zvetsovani-poctu-jedli-roste-odolnost-lesu-na-jihu-cech\">D\u00edky zv\u011bt\u0161ov\u00e1n\u00ed po\u010dtu jedl\u00ed roste odolnost les\u016f na jihu \u010cech<\/a>: <em>&#8220;V les\u00edch na jihu \u010cech p\u0159ib\u00fdv\u00e1 jedl\u00ed, a roste tak odolnost les\u016f proti po\u010das\u00ed i \u0161k\u016fdc\u016fm. Jedle se za\u010d\u00ednaj\u00ed na \u0160umav\u011b objevovat i ve v\u011bt\u0161\u00edch v\u00fd\u0161k\u00e1ch, kde obvykle nerostou, uvedli odborn\u00edci na v\u011bdeck\u00e9 konferenci Jedle b\u011blokor\u00e1 &#8211; p\u00e1te\u0159 evropsk\u00fdch les\u016f. V Ol\u0161in\u011b u Horn\u00ed Plan\u00e9 na Lipensku ji uspo\u0159\u00e1dalo ob\u010dansk\u00e9 sdru\u017een\u00ed \u0160umavsk\u00fd Kr\u00e1lov\u00e1ci ve spolupr\u00e1ci se st\u00e1tn\u00edm podnikem Vojensk\u00e9 lesy a statky.&#8221;<\/em><\/p>\n<p>&nbsp;<\/p>\n<p>D\u00e1le ji\u017e p\u0159etiskujeme koment\u00e1\u0159 Petra Je\u0161\u00e1tka.<\/p>\n<p>&nbsp;<\/p>\n<p><!--more--><\/p>\n<p>Paradoxem je, \u017ee Vojensk\u00e9 lesy a statky a Lesy \u010cesk\u00e9 republiky se chovaj\u00ed k biodiverzit\u011b a zejm\u00e9na ned\u00edln\u00e9 sou\u010d\u00e1sti lesn\u00edho ekosyst\u00e9mu, \u0161umavsk\u00e9 jedli, daleko l\u00e9pe a s odbornost\u00ed, narozd\u00edl od sou\u010dasn\u00e9ho veden\u00ed dosazen\u00e9ho \u0159editele Mgr Pavla Huben\u00e9ho N\u00e1rodn\u00edho parku \u0160umava. Ten naopak sni\u017euje, v rozporu s minul\u00fdmi Pl\u00e1ny p\u00e9\u010de v\u00fdsadbu jedle a listnat\u00fdch d\u0159evin a nezales\u0148uje je\u0161t\u011b stovky hektar\u016f holin po kalamit\u00e1ch od roku 2007 a chce je ponech\u00e1vat 28 let bez zalesn\u011bn\u00ed, viz <a href=\"http:\/\/www.ceskatelevize.cz\/porady\/10782831463-nedej-se-plus\/215562248410025-sumava-klid-pred-bouri\/\">\u0160umava klid p\u0159ed bou\u0159\u00ed od 11 minuty<\/a>.\u00a0Dnes tyto holiny zarostl\u00e9 travou, se siln\u00fdm drnem, m\u016f\u017ee n\u00e1v\u0161t\u011bvn\u00edk \u0160umavy zhl\u00e9dnout na mnoha m\u00edstech, kde bylo d\u0159evo vyt\u011b\u017eeno, odstran\u011bno z lesn\u00edho ekosyst\u00e9mu a prod\u00e1no, viz foto holiny u jezera Laka:<\/p>\n<p><a href=\"http:\/\/obcanskymonitoring.cz\/wp-content\/uploads\/2016\/07\/Nezalesn\u011bn\u00e9-holiny-u-jezera-Laka-po-kalamit\u00e1ch-od-r.2007.jpg\"><img loading=\"lazy\" class=\"alignnone size-medium wp-image-5645\" alt=\"Nezalesn\u011bn\u00e9 holiny u jezera Laka po kalamit\u00e1ch od r.2007\" src=\"http:\/\/obcanskymonitoring.cz\/wp-content\/uploads\/2016\/07\/Nezalesn\u011bn\u00e9-holiny-u-jezera-Laka-po-kalamit\u00e1ch-od-r.2007-300x225.jpg\" width=\"300\" height=\"225\" srcset=\"https:\/\/obcanskymonitoring.cz\/wp-content\/uploads\/2016\/07\/Nezalesn\u011bn\u00e9-holiny-u-jezera-Laka-po-kalamit\u00e1ch-od-r.2007-300x225.jpg 300w, https:\/\/obcanskymonitoring.cz\/wp-content\/uploads\/2016\/07\/Nezalesn\u011bn\u00e9-holiny-u-jezera-Laka-po-kalamit\u00e1ch-od-r.2007.jpg 640w\" sizes=\"(max-width: 300px) 100vw, 300px\" \/><\/a><\/p>\n<p>Rozs\u00e1hl\u00e9 holiny potom tvo\u0159\u00ed p\u0159irozen\u00fd biotop pro n\u011bkolikan\u00e1sobn\u011b p\u0159emno\u017eenou jelen\u00ed zv\u011b\u0159, kter\u00e1 likviduje nejen zbytky p\u0159irozen\u00e9 obnovy pod porosty \u0161umavsk\u00e9 jedle, ale i to, co jsme, jako lesn\u00edci za posledn\u00ed des\u00edtky let vys\u00e1zeli, viz i po\u0159ad \u010cesk\u00e9 televize: <a href=\"http:\/\/www.ceskatelevize.cz\/ivysilani\/1129337346-pridej-se\/209562248410021\/\">P\u0159idej se<\/a>\u00a0&#8211; od 4 minuty. V n\u011bkter\u00fdch porostech, kter\u00e9 ji\u017e dosp\u011bly do stadia, kdy je mo\u017eno je t\u011b\u017eit jako t\u011b\u017eby v\u00fdchovn\u00e9, je pan \u0159editel &#8220;vychov\u00e1v\u00e1&#8221; harvestory, tedy stroji na skl\u00edzen\u00ed d\u0159\u00edv\u00ed, viz \u010dl\u00e1nek <a href=\"http:\/\/obcanskymonitoring.cz\/?p=5765\">V\u00fdchovn\u00e9 t\u011b\u017eby v NP \u0160umava<\/a>. Ty na p\u0159ibli\u017eovac\u00edch link\u00e1ch k\u00e1c\u00ed i to, co jsme tam p\u0159ed des\u00edtkami let vys\u00e1zeli \u010di p\u0159\u00edroda dodala, v\u010detn\u011b \u0161umavsk\u00e9 jedle:<\/p>\n<p><a href=\"http:\/\/obcanskymonitoring.cz\/wp-content\/uploads\/2016\/10\/Sumava-pokacene-jedle.jpg\"><img loading=\"lazy\" alt=\"sumava-pokacene-jedle\" src=\"http:\/\/obcanskymonitoring.cz\/wp-content\/uploads\/2016\/10\/Sumava-pokacene-jedle-225x300.jpg\" width=\"225\" height=\"300\" \/><\/a><\/p>\n<p>&nbsp;<\/p>\n<p>Sni\u017euje tak ekologickou stabilitu lesn\u00edch porost\u016f a jejich biodiverzitu. Porovnejte odbornost lesn\u00edk\u016f u t\u011bchto st\u00e1tn\u00edch organizac\u00ed a \u0159editele, p\u0159\u00edrodov\u011bdce Mgr. Huben\u00e9ho. \u00dasudek a\u0165 si ud\u011bl\u00e1 ka\u017ed\u00fd s\u00e1m.<\/p>\n<p>&nbsp;<\/p>\n<p><a href=\"http:\/\/obcanskymonitoring.cz\/?page_id=3014\">Petr Je\u0161\u00e1tko st.<\/a>\u00a0(Autor je b\u00fdval\u00fd vrchn\u00ed lesn\u00ed inspektor N\u00e1rodn\u00edho parku \u0160umava, nyn\u00ed v d\u016fchodu).<\/p>\n<p><a href=\"http:\/\/www.ceskatelevize.cz\/ivysilani\/1129337346-pridej-se\/209562248410019\/\">Star\u0161\u00ed\u00a0po\u0159ad Petra Je\u0161\u00e1tka pro \u010ceskou televizi<\/a>\u00a0Dal\u0161\u00ed \u010dl\u00e1nky Petra Je\u0161\u00e1tka na na\u0161ich str\u00e1nk\u00e1ch jsou\u00a0<a href=\"http:\/\/obcanskymonitoring.cz\/?s=je%C5%A1%C3%A1tko&amp;x=0&amp;y=0\">zde<\/a>.<\/p>\n<p>Dal\u0161\u00ed \u010dl\u00e1nky na Ob\u010dansk\u00e9m monitoringu k t\u00e9matu \u0160umava si m\u016f\u017eete p\u0159e\u010d\u00edst\u00a0<a href=\"http:\/\/obcanskymonitoring.cz\/?cat=21\">zde<\/a>.<\/p>\n<div data-counters='1' data-style='square' data-size='regular' data-url='https:\/\/obcanskymonitoring.cz\/?p=6001' data-title='Petr Je\u0161\u00e1tko: V N\u00e1rodn\u00edm parku \u0160umava postupuj\u00ed &#8211; naopak' class='linksalpha_container linksalpha_app_3'><a href='\/\/www.linksalpha.com\/share?network='facebook' class='linksalpha_icon_facebook'><\/a><a href='\/\/www.linksalpha.com\/share?network='twitter' class='linksalpha_icon_twitter'><\/a><a href='\/\/www.linksalpha.com\/share?network='googleplus' class='linksalpha_icon_googleplus'><\/a><a href='\/\/www.linksalpha.com\/share?network='mail' class='linksalpha_icon_mail'><\/a><\/div><div data-position='' data-url='https:\/\/obcanskymonitoring.cz\/?p=6001' data-title='Petr Je\u0161\u00e1tko: V N\u00e1rodn\u00edm parku \u0160umava postupuj\u00ed &#8211; naopak' class='linksalpha_container linksalpha_app_7'><a href='\/\/www.linksalpha.com\/share?network='facebook' class='linksalpha_icon_facebook'><\/a><a href='\/\/www.linksalpha.com\/share?network='twitter' class='linksalpha_icon_twitter'><\/a><a href='\/\/www.linksalpha.com\/share?network='googleplus' class='linksalpha_icon_googleplus'><\/a><a href='\/\/www.linksalpha.com\/share?network='mail' class='linksalpha_icon_mail'><\/a><\/div>","protected":false},"excerpt":{"rendered":"<p>&nbsp;1,418&nbsp;total views P\u0159etiskujeme nov\u00fd \u010dl\u00e1nek Petra Je\u0161\u00e1tka, kter\u00fdm reaguje na \u010dl\u00e1nek\u00a0D\u00edky zv\u011bt\u0161ov\u00e1n\u00ed po\u010dtu jedl\u00ed roste odolnost les\u016f na jihu \u010cech: &#8220;V les\u00edch na jihu \u010cech p\u0159ib\u00fdv\u00e1 jedl\u00ed, a roste tak odolnost les\u016f proti po\u010das\u00ed i \u0161k\u016fdc\u016fm. Jedle se za\u010d\u00ednaj\u00ed na \u0160umav\u011b objevovat i ve v\u011bt\u0161\u00edch v\u00fd\u0161k\u00e1ch, kde obvykle nerostou, uvedli odborn\u00edci na v\u011bdeck\u00e9 konferenci Jedle [&hellip;]<\/p>\n","protected":false},"author":2,"featured_media":0,"comment_status":"open","ping_status":"open","sticky":true,"template":"","format":"standard","meta":[],"categories":[21,29],"tags":[],"_links":{"self":[{"href":"https:\/\/obcanskymonitoring.cz\/index.php?rest_route=\/wp\/v2\/posts\/6001"}],"collection":[{"href":"https:\/\/obcanskymonitoring.cz\/index.php?rest_route=\/wp\/v2\/posts"}],"about":[{"href":"https:\/\/obcanskymonitoring.cz\/index.php?rest_route=\/wp\/v2\/types\/post"}],"author":[{"embeddable":true,"href":"https:\/\/obcanskymonitoring.cz\/index.php?rest_route=\/wp\/v2\/users\/2"}],"replies":[{"embeddable":true,"href":"https:\/\/obcanskymonitoring.cz\/index.php?rest_route=%2Fwp%2Fv2%2Fcomments&post=6001"}],"version-history":[{"count":0,"href":"https:\/\/obcanskymonitoring.cz\/index.php?rest_route=\/wp\/v2\/posts\/6001\/revisions"}],"wp:attachment":[{"href":"https:\/\/obcanskymonitoring.cz\/index.php?rest_route=%2Fwp%2Fv2%2Fmedia&parent=6001"}],"wp:term":[{"taxonomy":"category","embeddable":true,"href":"https:\/\/obcanskymonitoring.cz\/index.php?rest_route=%2Fwp%2Fv2%2Fcategories&post=6001"},{"taxonomy":"post_tag","embeddable":true,"href":"https:\/\/obcanskymonitoring.cz\/index.php?rest_route=%2Fwp%2Fv2%2Ftags&post=6001"}],"curies":[{"name":"wp","href":"https:\/\/api.w.org\/{rel}","templated":true}]}}