{"id":6057,"date":"2016-11-17T06:09:48","date_gmt":"2016-11-17T06:09:48","guid":{"rendered":"http:\/\/obcanskymonitoring.cz\/?p=6057"},"modified":"2016-11-17T06:09:48","modified_gmt":"2016-11-17T06:09:48","slug":"arch-jiri-gebert-zprava-z-podsveti-prazske-lumpenkavarny-o-levem-brehu-a-mestu-v-okoli","status":"publish","type":"post","link":"https:\/\/obcanskymonitoring.cz\/?p=6057","title":{"rendered":"Arch. Ji\u0159\u00ed Gebert: Zpr\u00e1va z podsv\u011bt\u00ed pra\u017esk\u00e9 lumpenkav\u00e1rny o lev\u00e9m b\u0159ehu a m\u011bstu v okol\u00ed"},"content":{"rendered":"<div class=\"pvc_clear\"><\/div>\n<p class=\"pvc_stats total_only \" data-element-id=\"6057\" style=\"\"><i class=\"pvc-stats-icon medium\" aria-hidden=\"true\"><svg xmlns=\"http:\/\/www.w3.org\/2000\/svg\" version=\"1.0\" viewBox=\"0 0 502 315\" preserveAspectRatio=\"xMidYMid meet\"><g transform=\"translate(0,332) scale(0.1,-0.1)\" fill=\"\" stroke=\"none\"><path d=\"M2394 3279 l-29 -30 -3 -207 c-2 -182 0 -211 15 -242 39 -76 157 -76 196 0 15 31 17 60 15 243 l-3 209 -33 29 c-26 23 -41 29 -80 29 -41 0 -53 -5 -78 -31z\"\/><path d=\"M3085 3251 c-45 -19 -58 -50 -96 -229 -47 -217 -49 -260 -13 -295 52 -53 146 -42 177 20 16 31 87 366 87 410 0 70 -86 122 -155 94z\"\/><path d=\"M1751 3234 c-13 -9 -29 -31 -37 -50 -12 -29 -10 -49 21 -204 19 -94 39 -189 45 -210 14 -50 54 -80 110 -80 34 0 48 6 76 34 21 21 34 44 34 59 0 14 -18 113 -40 219 -37 178 -43 195 -70 221 -36 32 -101 37 -139 11z\"\/><path d=\"M1163 3073 c-36 -7 -73 -59 -73 -102 0 -56 133 -378 171 -413 34 -32 83 -37 129 -13 70 36 67 87 -16 290 -86 209 -89 214 -129 231 -35 14 -42 15 -82 7z\"\/><path d=\"M3689 3066 c-15 -9 -33 -30 -42 -48 -48 -103 -147 -355 -147 -375 0 -98 131 -148 192 -74 13 15 57 108 97 206 80 196 84 226 37 273 -30 30 -99 39 -137 18z\"\/><path d=\"M583 2784 c-38 -19 -67 -74 -58 -113 9 -42 211 -354 242 -373 16 -10 45 -18 66 -18 51 0 107 52 107 100 0 39 -1 41 -124 234 -80 126 -108 162 -133 173 -41 17 -61 16 -100 -3z\"\/><path d=\"M4250 2784 c-14 -9 -74 -91 -133 -183 -95 -150 -107 -173 -107 -213 0 -55 33 -94 87 -104 67 -13 90 8 211 198 130 202 137 225 78 284 -27 27 -42 34 -72 34 -22 0 -50 -8 -64 -16z\"\/><path d=\"M2275 2693 c-553 -48 -1095 -270 -1585 -649 -135 -104 -459 -423 -483 -476 -23 -49 -22 -139 2 -186 73 -142 361 -457 571 -626 285 -228 642 -407 990 -497 242 -63 336 -73 660 -74 310 0 370 5 595 52 535 111 1045 392 1455 803 122 121 250 273 275 326 19 41 19 137 0 174 -41 79 -309 363 -465 492 -447 370 -946 591 -1479 653 -113 14 -422 18 -536 8z m395 -428 c171 -34 330 -124 456 -258 112 -119 167 -219 211 -378 27 -96 24 -300 -5 -401 -72 -255 -236 -447 -474 -557 -132 -62 -201 -76 -368 -76 -167 0 -236 14 -368 76 -213 98 -373 271 -451 485 -162 444 86 934 547 1084 153 49 292 57 452 25z m909 -232 c222 -123 408 -262 593 -441 76 -74 138 -139 138 -144 0 -16 -233 -242 -330 -319 -155 -123 -309 -223 -461 -299 l-81 -41 32 46 c18 26 49 83 70 128 143 306 141 649 -6 957 -25 52 -61 116 -79 142 l-34 47 45 -20 c26 -10 76 -36 113 -56z m-2057 25 c-40 -58 -105 -190 -130 -263 -110 -324 -59 -707 132 -981 25 -35 42 -64 37 -64 -19 0 -241 119 -326 174 -188 122 -406 314 -532 468 l-58 71 108 103 c185 178 428 349 672 473 66 33 121 60 123 61 2 0 -10 -19 -26 -42z\"\/><path d=\"M2375 1950 c-198 -44 -350 -190 -395 -379 -18 -76 -8 -221 19 -290 114 -284 457 -406 731 -260 98 52 188 154 231 260 27 69 37 214 19 290 -38 163 -166 304 -326 360 -67 23 -215 33 -279 19z\"\/><\/g><\/svg><\/i> &nbsp;1,257&nbsp;total views<\/p>\n<div class=\"pvc_clear\"><\/div>\n<p>P\u0159etiskujeme text architekta\u00a0<a href=\"http:\/\/obcanskymonitoring.cz\/?page_id=3014\">Ji\u0159\u00edho Geberta<\/a>.<\/p>\n<p><a href=\"http:\/\/obcanskymonitoring.cz\/wp-content\/uploads\/2014\/09\/Jiri_GEBERT.jpg\"><img loading=\"lazy\" class=\"alignnone size-medium wp-image-3008\" alt=\"Jiri_GEBERT\" src=\"http:\/\/obcanskymonitoring.cz\/wp-content\/uploads\/2014\/09\/Jiri_GEBERT-205x300.jpg\" width=\"205\" height=\"300\" srcset=\"https:\/\/obcanskymonitoring.cz\/wp-content\/uploads\/2014\/09\/Jiri_GEBERT-205x300.jpg 205w, https:\/\/obcanskymonitoring.cz\/wp-content\/uploads\/2014\/09\/Jiri_GEBERT-702x1024.jpg 702w, https:\/\/obcanskymonitoring.cz\/wp-content\/uploads\/2014\/09\/Jiri_GEBERT.jpg 762w\" sizes=\"(max-width: 205px) 100vw, 205px\" \/><\/a><\/p>\n<p><!--more--><\/p>\n<p>Je dob\u0159e si p\u0159ipom\u00ednat, \u017ee ve sv\u011bt\u011b existuj\u00ed m\u011bsta, kter\u00e1 um\u00ed zm\u011bnit zpustl\u00e9 a pr\u00e1zdn\u00e9 lokality v parky, \u017eiv\u00e9 promen\u00e1dy a ve\u0159ejn\u00e9 prostory s vybavenost\u00ed a kulturn\u00edmi objekty &#8211; m\u00edsto ban\u00e1ln\u00edch a umrtvuj\u00edc\u00edc\u00edch realitn\u00edch vejvar\u016f&#8230;<br \/>\nA tak v hole\u0161ovick\u00e9m DOXu organizovala Praha 7 semin\u00e1\u0159 The City and the river \u2013 left bank. M\u011bsto a lev\u00fd b\u0159eh.<br \/>\nPra\u017esk\u00fd Institut pl\u00e1nov\u00e1n\u00ed a rozvoje p\u0159ednesl sv\u016fj zaj\u00edmav\u00fd koncept \u0159e\u0161en\u00ed. S velkorys\u00fdmi realizacemi vystoupili odborn\u00edci z Pa\u0159\u00ed\u017ee, Vidn\u011b, Barclony a Amsterdamu a Toronta. Mluvili o sob\u011b i o potenci\u00e1lu a kvalit\u00e1ch Prahy. Nen\u00ed si d\u016fvod myslet, \u017ee by to v Praze nedovedli, sp\u00ed\u0161e jsme si do toho jaksi netroufli.<br \/>\nNesm\u00edme, pro samou architekturu, p\u0159ehl\u00e9dnout to zcela z\u00e1sadn\u00ed v pozad\u00ed: kdo ty projekty p\u0159ipravuje a za jak\u00fdch podm\u00ednek vznikaj\u00ed.<br \/>\nT\u0159eba takto: V\u0161echna p\u016fda Amsterdamu je v majetku m\u011bsta.To, po zral\u00e9 vlastn\u00ed \u00favaze, parcely nab\u00eddne k pachtu developer\u016fm a dojedn\u00e1 s nimi podm\u00ednky pro podla\u017enost, n\u00e1pl\u0148 a funkci budov, plus parky a ve\u0159ejn\u00fd prostor. K tomu zaplat\u00ed investor odvod ve v\u00fd\u0161i 30-50% z n\u00e1klad\u016f stavby. A p\u0159esto se stav\u00ed osto\u0161est. I v Praze pat\u0159\u00ed rozvojov\u00e9 pozemky st\u00e1tu, tedy magistr\u00e1tu nebo firm\u00e1m v majetku st\u00e1tu jako jsou nap\u0159\u00edklad \u010cesk\u00e9 dr\u00e1hy.<br \/>\nPro klausi\u00e1ny to je eko-marxizmus, pro mne je to cesta vysp\u011bl\u00e9 demokracie. Narozd\u00edl od pra\u017esk\u00e9ho, dob\u0159e prot\u0159epan\u00e9mu koktejlu Manchestru a kultu pl\u00e1nu s aktivn\u00edmi p\u0159\u00edsadami politick\u00e9ho nepotizmu, korupce a po\u0159\u00e1dou \u0161petkou pep\u0159en\u00e9 architektonick\u00e9 ideologie..<br \/>\nMas\u00e1\u017en\u00ed \u010dl\u00e1nky jako \u201eNepostav\u00ed\u0161\u201c a \u201eMrtv\u00e1 metropole\u201c (t\u00fdden\u00edk Euro) , vin\u00ed za nepoveden\u00fd rozvoj (a skute\u010dn\u011b je\u00a0nepoveden\u00fd) pokusy o regulaci a aktivisty ob\u010dansk\u00e9 spole\u010dnosti.<br \/>\nA tak k\u00fdv\u00e1me jen, \u017ee stav\u011bt se mus\u00ed; co taky jinak, kdy\u017e v Praze chyb\u00ed ta velik\u00e1 \u201esv\u011btov\u00e1\u201c nebo \u201ekr\u00e1sn\u00e1 modern\u00ed\u201c architektura. Praha se \u201enesm\u00ed st\u00e1t skanzenem.\u201c Ani nem\u016f\u017ee, a kdo to nev\u00ed; skanzen je toti\u017e skanzen.\u00a0<a href=\"https:\/\/cs.wikipedia.org\/wiki\/Skanzen\">Viz Wikipedia<\/a>. Naopak, v\u0435 stavebn\u00edch \u0159\u00edzen\u00edch se nerespektuj\u00ed ani pam\u00e1tkov\u00e9 z\u00f3ny.<br \/>\nV\u0435 stavebn\u00edm z\u00e1kon\u011b stoj\u00ed doslova <em>\u201eStavba mus\u00ed p\u0159isp\u00edvat ke zlep\u0161en\u00ed a ne ke zhor\u0161en\u00ed dosavadn\u00edho stavu\u201c.<\/em> Pro kolik pra\u017esk\u00fdch staveb skute\u010dn\u011b plat\u00ed? Zkr\u00e1tka nem\u016f\u017eeme z\u00e1kon plnit i kdybychom cht\u011bli. Podle developera, kter\u00fd mi \u0159ekne, \u017ee m\u011bsto nejsou parky, ale domy a on to tady v\u0161ecko plat\u00ed, za v\u0161ecko m\u016f\u017eou aktivist\u00e9, ekoterorist\u00e9 , vrchn\u00ed soud, mlad\u00fd Stropnick\u00fd i Pir\u00e1ti,<br \/>\nB\u00fdval\u00e1 starostka Prahy 6 mi vysv\u011btlila na p\u0159\u00edmo na zastupitelstvu, pro\u010d se nemohou stav\u011bt nov\u00e9 parky. \u201ePark nem\u00e1 \u017e\u00e1dn\u00fd business pl\u00e1n\u201c. Te\u010dka. (A tak sem s Business Parky, ty ho maj\u00ed?).<br \/>\nNen\u00ed vtip, \u017ee b\u00fdval\u00fd \u0159editel, ten je\u0161t\u011b p\u0159ed sou\u010dasn\u00fdm, ji\u017e dal\u0161\u00edm b\u00fdval\u00fdm, \u0159editelem (arch. Hlav\u00e1\u010dkem) Institutu pl\u00e1nov\u00e1n\u00ed a rozvoje Prahy \u0159ekl, \u017ee sm\u011brujeme rozvoj tam, kde jsou nejlukrativn\u011bj\u0161\u00ed pozemky a hotov\u00e1 infrastruktura. Proto\u017ee m\u011bsto to nic nestoj\u00ed. Euro p\u00ed\u0161e \u201ezahu\u0161\u0165ovat se mus\u00ed\u201c. A to je ten \u201esek\u00e1\u010d \u010desk\u00fd\u201c, discount a v\u00fdprodej m\u011bsta&#8230;<br \/>\n\u017de nem\u00e1me a hned tak ani m\u00edt nebudeme m\u00edt \u00fazemn\u00ed pl\u00e1n, zase vad\u00ed opri\u010dnin\u011b kolem komory architekt\u016f a fakult architektury, kte\u0159\u00ed v\u011brni praxi architekt\u016fm vst\u0159\u00edcn\u00e9 totality si m\u011bsto berou za sv\u016fj legoland, Od dob blb\u00e9ho vtipu Futuristick\u00e9ho manifestu v roce 1910, k profesi pat\u0159\u00ed j\u00edzda v ideologick\u00e9m sedle. Nebo jednodu\u0161e: <em>&#8220;Architektura existuje v ka\u017ed\u00e9m re\u017eimu.&#8221;<\/em> (K.F.) D\u0159\u00edve s\u00eddli\u0161t\u011b, dnes uli\u010dn\u00ed bloky, oboj\u00ed m\u016f\u017ee b\u00fdt dob\u0159e, ale p\u0159esto, tak \u010dasto, mus\u00ed pod tlakem okolnost\u00ed a financ\u00ed dopadnout pro lidi &#8211; blb\u011b.<br \/>\nJak to chod\u00ed v Amsterdamu, je v\u00fdzva pro \u010desk\u00e9 rozvojov\u00e9 politiky, pod\u00edvat se na stav fixovan\u00fd mnoha z\u00e1kony \u010cesk\u00e9 republiky. Tedy nejen stavem kulturn\u00edho pov\u011bdom\u00ed a pravomocemi t\u011bch, kdo v\u011bd\u00ed \u201ekudy v Praze te\u010dou jabka\u201c. Metropolitn\u00edm pl\u00e1nem Prahy, novou metodikou se to nesprav\u00ed. Podle z\u00e1kona, m\u00edsto vliv\u016f cel\u00e9 pra\u017esk\u00e9 aglomerace mus\u00ed \u0159e\u0161it m\u011bsto jen uvnit\u0159 jeho spr\u00e1vn\u00edch hranic. Ostatn\u011b pro\u010d se d\u011bl\u00e1 nov\u00fd uzemn\u00ed pl\u00e1n, kdy\u017e byl jeden ji\u017e hotov v roce 2011? A tak se dnes v \u201cmezi\u010dase\u201c 10-ti let jede podle pl\u00e1nu z roku 1999?<br \/>\nArchitektura je tak\u00e9 obecn\u011b pojem pro syst\u00e9m \u0159\u00e1du v\u011bc\u00ed. Viz architektura chipu, nebo taky t\u0159eba bl\u00edzkov\u00fdchodn\u00ed politiky. A tak v roce 2011, kdy doba byla zral\u00e1 pro nov\u00e9 po\u010d\u00e1tky, se radn\u00ed pro rozvoj Hude\u010dek uk\u00e1zal jako architekt rozvoje nov\u00e9ho tis\u00edcilet\u00ed. S pomoc\u00ed architektonick\u00e9 lobby vypustil pro media reformn\u00ed pl\u00e1novac\u00ed bublinu, nad minov\u00fdm polem realitn\u00ed d\u017eungle, na ka\u017ed\u00e9m kroku smrteln\u00fdm, pro ambice politika.<br \/>\nTen geni\u00e1ln\u00ed tah p\u011b\u0161cem, lidu d\u00e1t marketing nov\u00e9ho za\u010d\u00e1tku \u201eo tom co bude potom\u201c , v podob\u011b (metodicky) revolu\u010dn\u00edho Metropolitn\u00edho pl\u00e1nu a do roku X a nechat d\u016fvody a probl\u00e9my zaost\u00e1v\u00e1n\u00ed Prahy u ledu. Pro supersamce stavebn\u00ed lobby tak mohou v\u0161echny star\u00e9, \u010dasto cinknut\u00e9, dohody v klidu dob\u00edhat. Dnes u\u017e do roku 2022&#8230;. Radnice je schvaluje jinak velmi praktickou metodou celom\u011bstsky v\u00fdznamn\u00fdch zm\u011bn. Stav\u00ed se, jak se stav\u00ed. Pr\u00e1ce je dost.<br \/>\nAle jde o kvalitu nov\u00e9ho m\u011bstsk\u00e9ho prostoru, jako ve\u0159ejn\u00e9ho statku, na kter\u00e9 z\u00e1vis\u00ed prosperita m\u011bsta. M\u011bsta si mus\u00ed b\u00fdt v\u011bdoma sv\u00e9 hodnoty, a tu mus\u00ed z\u00faro\u010dovat, pokud necht\u011bj\u00ed stagnovat.<br \/>\nZa deset &#8211; dvacet let u\u017e Praha nebude nejkr\u00e1sn\u011bj\u0161\u00edm m\u011bstem sv\u011bta, jestli ji neza\u010dnou sami Pra\u017ean\u00e9 chr\u00e1nit. Jej\u00ed sv\u011btov\u00fd prim\u00e1t potop\u00ed nuda \u201esv\u011btov\u00e9 architektury.\u201c<br \/>\n\u0160ance se z toho v\u0161eho pou\u010dit je ale bl\u00edzk\u00e1 nule. V horn\u00ed vrstv\u011b argumenty nerezonuj\u00ed.<br \/>\nOb\u010dansk\u00e9 spolky pracuj\u00ed zdarma a proti nim stoj\u00ed stamiliony namazan\u00e1 PR kampa\u0148 developer\u016f a pl\u00e1nova\u010d\u016f, kte\u0159\u00ed d\u00e1vno u\u017e z\u00edskali sv\u00e9 v\u00fdhody a prost\u0159edky nadstandardn\u00ed bl\u00edzkost\u00ed s politiky.<\/p>\n<p>Ji\u0159\u00ed Gebert<\/p>\n<p>&nbsp;<\/p>\n<p>Dal\u0161\u00ed \u010dl\u00e1nky Ji\u0159\u00edho Geberta na Ob\u010dansk\u00e9m monitoringu si m\u016f\u017eete p\u0159e\u010d\u00edst\u00a0<a href=\"http:\/\/obcanskymonitoring.cz\/?s=gebert&amp;x=0&amp;y=0\">zde<\/a>.<\/p>\n<p>Dal\u0161\u00ed \u010dl\u00e1nky ze sekce Praha si m\u016f\u017eete p\u0159e\u010d\u00edst\u00a0<a href=\"http:\/\/obcanskymonitoring.cz\/?cat=23\">zde<\/a>.<\/p>\n<div data-counters='1' data-style='square' data-size='regular' data-url='https:\/\/obcanskymonitoring.cz\/?p=6057' data-title='Arch. Ji\u0159\u00ed Gebert: Zpr\u00e1va z podsv\u011bt\u00ed pra\u017esk\u00e9 lumpenkav\u00e1rny o lev\u00e9m b\u0159ehu a m\u011bstu v okol\u00ed' class='linksalpha_container linksalpha_app_3'><a href='\/\/www.linksalpha.com\/share?network='facebook' class='linksalpha_icon_facebook'><\/a><a href='\/\/www.linksalpha.com\/share?network='twitter' class='linksalpha_icon_twitter'><\/a><a href='\/\/www.linksalpha.com\/share?network='googleplus' class='linksalpha_icon_googleplus'><\/a><a href='\/\/www.linksalpha.com\/share?network='mail' class='linksalpha_icon_mail'><\/a><\/div><div data-position='' data-url='https:\/\/obcanskymonitoring.cz\/?p=6057' data-title='Arch. Ji\u0159\u00ed Gebert: Zpr\u00e1va z podsv\u011bt\u00ed pra\u017esk\u00e9 lumpenkav\u00e1rny o lev\u00e9m b\u0159ehu a m\u011bstu v okol\u00ed' class='linksalpha_container linksalpha_app_7'><a href='\/\/www.linksalpha.com\/share?network='facebook' class='linksalpha_icon_facebook'><\/a><a href='\/\/www.linksalpha.com\/share?network='twitter' class='linksalpha_icon_twitter'><\/a><a href='\/\/www.linksalpha.com\/share?network='googleplus' class='linksalpha_icon_googleplus'><\/a><a href='\/\/www.linksalpha.com\/share?network='mail' class='linksalpha_icon_mail'><\/a><\/div>","protected":false},"excerpt":{"rendered":"<p>&nbsp;1,257&nbsp;total views P\u0159etiskujeme text architekta\u00a0Ji\u0159\u00edho Geberta.<\/p>\n","protected":false},"author":2,"featured_media":0,"comment_status":"open","ping_status":"open","sticky":true,"template":"","format":"standard","meta":[],"categories":[41,23],"tags":[],"_links":{"self":[{"href":"https:\/\/obcanskymonitoring.cz\/index.php?rest_route=\/wp\/v2\/posts\/6057"}],"collection":[{"href":"https:\/\/obcanskymonitoring.cz\/index.php?rest_route=\/wp\/v2\/posts"}],"about":[{"href":"https:\/\/obcanskymonitoring.cz\/index.php?rest_route=\/wp\/v2\/types\/post"}],"author":[{"embeddable":true,"href":"https:\/\/obcanskymonitoring.cz\/index.php?rest_route=\/wp\/v2\/users\/2"}],"replies":[{"embeddable":true,"href":"https:\/\/obcanskymonitoring.cz\/index.php?rest_route=%2Fwp%2Fv2%2Fcomments&post=6057"}],"version-history":[{"count":0,"href":"https:\/\/obcanskymonitoring.cz\/index.php?rest_route=\/wp\/v2\/posts\/6057\/revisions"}],"wp:attachment":[{"href":"https:\/\/obcanskymonitoring.cz\/index.php?rest_route=%2Fwp%2Fv2%2Fmedia&parent=6057"}],"wp:term":[{"taxonomy":"category","embeddable":true,"href":"https:\/\/obcanskymonitoring.cz\/index.php?rest_route=%2Fwp%2Fv2%2Fcategories&post=6057"},{"taxonomy":"post_tag","embeddable":true,"href":"https:\/\/obcanskymonitoring.cz\/index.php?rest_route=%2Fwp%2Fv2%2Ftags&post=6057"}],"curies":[{"name":"wp","href":"https:\/\/api.w.org\/{rel}","templated":true}]}}