{"id":6086,"date":"2017-01-11T12:02:18","date_gmt":"2017-01-11T12:02:18","guid":{"rendered":"http:\/\/obcanskymonitoring.cz\/?p=6086"},"modified":"2017-03-09T19:01:53","modified_gmt":"2017-03-09T19:01:53","slug":"petr-jesatko-vlk-do-narodniho-parku-sumava-podle-uredniku-ochrany-prirody-nepatri","status":"publish","type":"post","link":"https:\/\/obcanskymonitoring.cz\/?p=6086","title":{"rendered":"Petr Je\u0161\u00e1tko: Vlk do N\u00e1rodn\u00edho parku \u0160umava podle \u00fa\u0159edn\u00edk\u016f ochrany p\u0159\u00edrody nepat\u0159\u00ed"},"content":{"rendered":"<div class=\"pvc_clear\"><\/div>\n<p class=\"pvc_stats total_only \" data-element-id=\"6086\" style=\"\"><i class=\"pvc-stats-icon medium\" aria-hidden=\"true\"><svg xmlns=\"http:\/\/www.w3.org\/2000\/svg\" version=\"1.0\" viewBox=\"0 0 502 315\" preserveAspectRatio=\"xMidYMid meet\"><g transform=\"translate(0,332) scale(0.1,-0.1)\" fill=\"\" stroke=\"none\"><path d=\"M2394 3279 l-29 -30 -3 -207 c-2 -182 0 -211 15 -242 39 -76 157 -76 196 0 15 31 17 60 15 243 l-3 209 -33 29 c-26 23 -41 29 -80 29 -41 0 -53 -5 -78 -31z\"\/><path d=\"M3085 3251 c-45 -19 -58 -50 -96 -229 -47 -217 -49 -260 -13 -295 52 -53 146 -42 177 20 16 31 87 366 87 410 0 70 -86 122 -155 94z\"\/><path d=\"M1751 3234 c-13 -9 -29 -31 -37 -50 -12 -29 -10 -49 21 -204 19 -94 39 -189 45 -210 14 -50 54 -80 110 -80 34 0 48 6 76 34 21 21 34 44 34 59 0 14 -18 113 -40 219 -37 178 -43 195 -70 221 -36 32 -101 37 -139 11z\"\/><path d=\"M1163 3073 c-36 -7 -73 -59 -73 -102 0 -56 133 -378 171 -413 34 -32 83 -37 129 -13 70 36 67 87 -16 290 -86 209 -89 214 -129 231 -35 14 -42 15 -82 7z\"\/><path d=\"M3689 3066 c-15 -9 -33 -30 -42 -48 -48 -103 -147 -355 -147 -375 0 -98 131 -148 192 -74 13 15 57 108 97 206 80 196 84 226 37 273 -30 30 -99 39 -137 18z\"\/><path d=\"M583 2784 c-38 -19 -67 -74 -58 -113 9 -42 211 -354 242 -373 16 -10 45 -18 66 -18 51 0 107 52 107 100 0 39 -1 41 -124 234 -80 126 -108 162 -133 173 -41 17 -61 16 -100 -3z\"\/><path d=\"M4250 2784 c-14 -9 -74 -91 -133 -183 -95 -150 -107 -173 -107 -213 0 -55 33 -94 87 -104 67 -13 90 8 211 198 130 202 137 225 78 284 -27 27 -42 34 -72 34 -22 0 -50 -8 -64 -16z\"\/><path d=\"M2275 2693 c-553 -48 -1095 -270 -1585 -649 -135 -104 -459 -423 -483 -476 -23 -49 -22 -139 2 -186 73 -142 361 -457 571 -626 285 -228 642 -407 990 -497 242 -63 336 -73 660 -74 310 0 370 5 595 52 535 111 1045 392 1455 803 122 121 250 273 275 326 19 41 19 137 0 174 -41 79 -309 363 -465 492 -447 370 -946 591 -1479 653 -113 14 -422 18 -536 8z m395 -428 c171 -34 330 -124 456 -258 112 -119 167 -219 211 -378 27 -96 24 -300 -5 -401 -72 -255 -236 -447 -474 -557 -132 -62 -201 -76 -368 -76 -167 0 -236 14 -368 76 -213 98 -373 271 -451 485 -162 444 86 934 547 1084 153 49 292 57 452 25z m909 -232 c222 -123 408 -262 593 -441 76 -74 138 -139 138 -144 0 -16 -233 -242 -330 -319 -155 -123 -309 -223 -461 -299 l-81 -41 32 46 c18 26 49 83 70 128 143 306 141 649 -6 957 -25 52 -61 116 -79 142 l-34 47 45 -20 c26 -10 76 -36 113 -56z m-2057 25 c-40 -58 -105 -190 -130 -263 -110 -324 -59 -707 132 -981 25 -35 42 -64 37 -64 -19 0 -241 119 -326 174 -188 122 -406 314 -532 468 l-58 71 108 103 c185 178 428 349 672 473 66 33 121 60 123 61 2 0 -10 -19 -26 -42z\"\/><path d=\"M2375 1950 c-198 -44 -350 -190 -395 -379 -18 -76 -8 -221 19 -290 114 -284 457 -406 731 -260 98 52 188 154 231 260 27 69 37 214 19 290 -38 163 -166 304 -326 360 -67 23 -215 33 -279 19z\"\/><\/g><\/svg><\/i> &nbsp;1,389&nbsp;total views<\/p>\n<div class=\"pvc_clear\"><\/div>\n<p><a href=\"http:\/\/obcanskymonitoring.cz\/wp-content\/uploads\/2016\/08\/vlk.jpg\"><img loading=\"lazy\" class=\"alignnone size-medium wp-image-5732\" alt=\"vlk\" src=\"http:\/\/obcanskymonitoring.cz\/wp-content\/uploads\/2016\/08\/vlk-300x300.jpg\" width=\"300\" height=\"300\" srcset=\"https:\/\/obcanskymonitoring.cz\/wp-content\/uploads\/2016\/08\/vlk-300x300.jpg 300w, https:\/\/obcanskymonitoring.cz\/wp-content\/uploads\/2016\/08\/vlk-150x150.jpg 150w, https:\/\/obcanskymonitoring.cz\/wp-content\/uploads\/2016\/08\/vlk-1024x1024.jpg 1024w, https:\/\/obcanskymonitoring.cz\/wp-content\/uploads\/2016\/08\/vlk.jpg 1077w\" sizes=\"(max-width: 300px) 100vw, 300px\" \/><\/a><\/p>\n<p>&nbsp;<\/p>\n<p>P\u0159etiskujeme nov\u00fd \u010dl\u00e1nek Petra Je\u0161\u00e1tka.<\/p>\n<p><!--more--><\/p>\n<p>Vzhledem k tomu, \u017ee se mi dostalo do rukou <a href=\"https:\/\/drive.google.com\/open?id=0B2ZZNd5rGbv6T0Y2ZGhkVzd5WG8\">Stanovisko org\u00e1nu ochrany p\u0159\u00edrody N\u00e1rodn\u00edho parku \u0160umava<\/a>, posouzen\u00ed mo\u017en\u00e9ho vlivu z\u00e1m\u011bru &#8220;Pos\u00edlen\u00ed populace vlk\u016f na \u0160umav\u011b&#8221; s ohledem na soustavu <a href=\"https:\/\/cs.wikipedia.org\/wiki\/Natura_2000\">Natura 2000<\/a>, jsem se rozhodl, jako b\u00fdval\u00fd vrchn\u00ed lesn\u00ed inspektor, dnes v d\u016fchodu, reagovat.<\/p>\n<p>&nbsp;<\/p>\n<p>To, \u017ee se tato ochran\u00e1\u0159sk\u00e1, organizace \u00a0z\u0159\u00edzen\u00e1 \u00a0st\u00e1tem za \u00fa\u010delem ochrany p\u0159\u00edrody, dostala od roku 2011 do vlivu d\u0159eva\u0159sk\u00fdch firem, je n\u00e1v\u0161t\u011bvn\u00edk\u016fm \u0160umavy zn\u00e1m\u00e9. P\u0159esto fakta s vystoupen\u00edm sou\u010dasn\u00e9ho \u0159editele, Mgr. Pavla Huben\u00e9ho a jeho n\u00e1m\u011bstka pro lesy Ing. Jana Kozla, znovu p\u0159edkl\u00e1d\u00e1m v \u010dl\u00e1nku : <a href=\"http:\/\/obcanskymonitoring.cz\/?p=6046\">&#8220;Bude se p\u0159i devastaci lesn\u00edch ekosyst\u00e9m\u016f v N\u00e1rodn\u00edm parku \u0160umava i nad\u00e1le ml\u017eit?&#8221;<\/a>. Tyto skute\u010dnosti je mo\u017eno doplnit: Dnes sou\u010dasn\u00fd management N\u00e1rodn\u00edho parku \u0160umava v touze po zisku dokonce z lesa odv\u00e1\u017e\u00ed a prod\u00e1v\u00e1 d\u0159\u00edv\u00ed, kter\u00e9 bylo za p\u0159edchoz\u00edch \u0159editel\u016f, po\u010d\u00ednaje \u0159editelem Ing. \u017dl\u00e1bkem, ponechan\u00e9 k zetlen\u00ed pro obohacen\u00ed lesn\u00edch ekosyst\u00e9m\u016f o \u017eiviny. D\u0159evo bylo v minulosti \u0159\u00e1dn\u011b inventurami d\u0159\u00edv\u00ed odeps\u00e1no a i kontrola z Ministerstva financ\u00ed v r. 2010 potvrdila spr\u00e1vnost tohoto rozhodnut\u00ed. Bylo odkorn\u011bn\u00e9, dnes p\u0159\u00edrodn\u011b vyschl\u00e9, a je atraktivn\u00ed i pro vedlej\u0161\u00ed Bavor\u00e1ky, jak mi potvrdil jeden zn\u00e1m\u00fd p\u0159ekupn\u00edk d\u0159eva. U n\u00e1s je prod\u00e1v\u00e1no jako d\u0159evo pod\u0159adn\u00e9. D\u016fvodem pr\u00fd je, jak tvrd\u00ed sou\u010dasn\u00fd management, \u017ee je ho tam pr\u00fd moc. Co je moc, to v\u0161ak nedovedou odborn\u011b, jako u \u0159adu jin\u00fdch v\u011bc\u00ed, vysv\u011btlit.<\/p>\n<p>A te\u010f si dovoluji vyslovit domn\u011bnku, \u017ee vliv d\u0159eva\u0159sk\u00fdch firem nen\u00ed jedin\u00fd, ale \u017ee je tam dnes ji\u017e velk\u00fd vliv mysliveck\u00e9 lobby. N\u00e1rodn\u00ed park \u0160umava je toti\u017e nejv\u011bt\u0161\u00ed mysliveck\u00e1 honitba v \u010cesk\u00e9 republice, kde se prov\u00e1d\u00ed &#8220;myslivost&#8221; zdarma a dokonce lov za finan\u010dn\u00ed odm\u011bnu, nikoliv za poplatek. Bli\u017e\u0161\u00ed naleznete v \u010dl\u00e1nku: <a href=\"http:\/\/obcanskymonitoring.cz\/?p=5728\">Pro\u010d se v N\u00e1rodn\u00edm parku \u0160umava chod\u00edme d\u00edvat pouze na vlky ze zoologick\u00e9 zahrady<\/a>? Fakta v tomto \u010dl\u00e1nku vlastn\u011b dokladuje i v sou\u010dasn\u00e9 dob\u011b negativn\u00ed stanovisko k n\u00e1vrhu \u0161umavsk\u00fdch ochr\u00e1nc\u016f p\u0159\u00edrody (nikoliv \u00fa\u0159edn\u00edk\u016f parku) s n\u00e1zvem Pos\u00edlen\u00ed populace vlka na \u0160umav\u011b viz p\u0159\u00edloha: <a href=\"https:\/\/drive.google.com\/open?id=0B2ZZNd5rGbv6T0Y2ZGhkVzd5WG8\">Stanovisko org\u00e1nu ochrany p\u0159\u00edrody z hlediska mo\u017en\u00e9ho vlivu z\u00e1m\u011bru&#8221; Pos\u00edlen\u00ed populace vlka na \u0160umav\u011b&#8221; na soustavu NATURA 2000<\/a>.<\/p>\n<p>&nbsp;<\/p>\n<p>Cht\u011bl bych se u tohoto stanoviska \u00fa\u0159edn\u00edk\u016f st\u00e1tn\u00ed spr\u00e1vy ochrany p\u0159\u00edrody NP \u0160umava zastavit pouze v n\u011bkolika bodech. Ostatn\u00ed, a\u0165 si \u010dten\u00e1\u0159, znal\u00fd probl\u00e9m\u016f, ud\u011bl\u00e1 s\u00e1m. V prv\u00e9 \u0159ad\u011b hned v \u00favodu se \u00fa\u0159edn\u00edk pochv\u00e1lil a m\u00e1 obavu, \u017ee : &#8220;<em>nelze vylou\u010dit v\u00fdznamn\u00fd vliv na p\u0159\u00edzniv\u00fd stav p\u0159edm\u011bt\u016f ochrany, nebo celistvosti Evropsky v\u00fdznamn\u00e9 lokality \u0160umava a Pta\u010d\u00ed oblasti \u0160umava.<\/em>&#8221; Jin\u00e9ho n\u00e1zoru na &#8220;p\u0159\u00edzniv\u00fd stav&#8221; m\u00e1 ale Mezin\u00e1rodn\u00ed Unie ochrany p\u0159\u00edrody, kde t\u0159icet st\u00e1t\u016f sv\u011bta vyz\u00fdv\u00e1 k lep\u0161\u00ed ochran\u011b N\u00e1rodn\u00edho parku \u0160umava. V p\u0159\u00edloze : <a href=\"https:\/\/drive.google.com\/open?id=0B2ZZNd5rGbv6bUxyelB3NTZkUlU\">T\u0159icet st\u00e1t\u016f sv\u011bta vyz\u00fdv\u00e1 k lep\u0161\u00ed ochran\u011b N\u00e1rodn\u00edho parku <\/a>\u0160umava Sv\u011btov\u00fd kongres Mezin\u00e1rodn\u00ed Unie ochrany p\u0159\u00edrody.<\/p>\n<p>Dal\u0161\u00edm, doslova smutn\u00fdm, je sd\u011blen\u00ed, \u017ee by um\u011blou reintrodukc\u00ed do\u0161lo k negativn\u00edmu ovlivn\u011bn\u00ed st\u00e1vaj\u00edc\u00ed populace rysa, kter\u00e1 vykazuje po\u010detn\u00ed \u00fabytek a m\u016f\u017ee m\u00edt nep\u0159\u00edzniv\u00e9 d\u016fsledky potravn\u00ed. To, \u017ee od roku 1995 byl v\u00fdrazn\u011b omezen a n\u00e1sledn\u011b zak\u00e1z\u00e1n &#8220;myslivc\u016fm parku&#8221; odst\u0159el srn\u010d\u00ed zv\u011b\u0159e, a\u017e do zm\u011bny veden\u00ed v r.2011, je v\u0161em zn\u00e1m\u00e9. Po zm\u011bn\u011b veden\u00ed, v\u010detn\u011b n\u00e1stupu sou\u010dasn\u00e9ho \u0159editele, do\u0161lo k povolen\u00ed odst\u0159elu stovek srn\u010d\u00ed zv\u011b\u0159e a t\u00edm k v\u00fdrazn\u00e9mu naru\u0161en\u00ed potravn\u00edho \u0159et\u011bzce rysa. V civilizovan\u00e9 spole\u010dnosti, kter\u00e1 chr\u00e1n\u00ed v n\u00e1rodn\u00edch parc\u00edch p\u0159irozen\u00e9 procesy, by takov\u00fd \u0159editel byl na hodinu odvol\u00e1n z funkce. Tady ml\u010d\u00ed ministr, inspekce, nevl\u00e1dn\u00ed organizace i dal\u0161\u00ed. K odst\u0159elu do\u0161lo jenom proto, \u017ee si \u010d\u00e1st sou\u010dasn\u00e9ho managementu cht\u011bla st\u0159elit &#8220;sv\u00e9ho&#8221; srnce. P\u0159ehled o st\u0159elc\u00edch jsme na z\u00e1klad\u011b z\u00e1kona o svobodn\u00e9m p\u0159\u00edstupu k informac\u00edch obdr\u017eeli.<\/p>\n<p>&nbsp;<\/p>\n<p>Zcela neskute\u010dn\u00fdm bl\u00e1bolem je d\u016fvod, \u017ee mo\u017enost konkurence rysa a vlka pova\u017euje Spr\u00e1va za v\u00fdznamn\u00e9 ovlivn\u011bn\u00ed funk\u010dn\u00ed celistvosti Evropsky v\u00fdznamn\u00e9 lokality \u0160umava. Z v\u011bdeck\u00fdch studi\u00ed \/RIGG 2011,2012,2013\/ je zcela jasn\u00e9, \u017ee oba druhy \u017eij\u00ed <a href=\"https:\/\/cs.wikipedia.org\/wiki\/Sympatrie\">sympatricky<\/a> a b\u011bhem evoluce se p\u0159izp\u016fsobili sou\u017eit\u00ed. Tedy neexistuj\u00ed ov\u011b\u0159en\u00e9 relevantn\u00ed \u00fadaje o tom ,\u017ee vlk vytla\u010duje rysa z oblasti sv\u00e9ho p\u016fsoben\u00ed.<\/p>\n<p>Doslova posl\u00e1n\u00ed n\u00e1rodn\u00edho parku deklasuje zv\u011bst tohoto \u00fa\u0159edn\u00edka, \u017ee vlk se m\u016f\u017ee vyskytnout u majitel\u016f st\u00e1d, kter\u00e1 se v dot\u010den\u00e9m prostoru mohou zat\u00edm p\u00e1st bez fuk\u010dn\u00ed ochrany. Roz\u0161lapan\u00e9 b\u0159ehov\u00e9 porosty nap\u0159\u00edklad u K\u0159emeln\u00e9 dobytkem v p\u0159\u00edsn\u011b chr\u00e1n\u011bn\u00e9m \u00fazem\u00ed tohoto \u00fa\u0159edn\u00edka nech\u00e1vaj\u00ed v klidu. To, \u017ee n\u011bkolikan\u00e1sobn\u011b p\u0159emno\u017een\u00e1 jelen\u00ed zv\u011b\u0159 p\u00e1ch\u00e1 rozs\u00e1hl\u00e9 \u0161kody na lesn\u00edch ekosyst\u00e9mech, kde p\u0159ednostn\u011b po sv\u00e9m doslova vykrmov\u00e1n\u00ed v p\u0159ezimovac\u00edch obor\u00e1ch, likviduje um\u011blou i p\u0159irozenou obnovu listnat\u00fdch sazenic a jedle a zp\u016fsobuje tak mnoha milionov\u00e9 \u0161kody na biodiverzit\u011b tomuto \u00fa\u0159edn\u00edkovi tak\u00e9 nevad\u00ed.<\/p>\n<p>&nbsp;<\/p>\n<p>Z\u00e1rove\u0148 sm\u011b\u0161n\u00fd je i v\u00fdrok o omezen\u00ed ileg\u00e1ln\u00edho lovu \u0161elem na \u00fazem\u00ed n\u00e1rodn\u00edho parku. Myslivost tam toti\u017e prov\u00e1d\u011bj\u00ed \u00fa\u0159edn\u00edci ochrany p\u0159\u00edrody n\u00e1rodn\u00edho parku, ministerstva a host\u00e9, kter\u00fdm pan \u0159editel d\u00e1 povolenku k lovu. Ve vedlej\u0161\u00edm N\u00e1rodn\u00edm parku Bavorsk\u00fd les by to bylo n\u011bco nemysliteln\u00e9ho! Naprosto ignoruje skute\u010dnost, \u017ee Pl\u00e1ny p\u00e9\u010de do roku 2010 myslivost v tradi\u010dn\u00edm pojet\u00ed naprosto z \u00fazem\u00ed vylu\u010dovaly. Nevhodn\u00fd management jelen\u00ed zv\u011b\u0159e dosud uplat\u0148ovan\u00fd pod pojmem &#8220;myslivost&#8221; st\u00e1l od roku 2000 da\u0148ov\u00e9 poplatn\u00edky v\u00edce ne\u017e 100 milion\u016f korun. Jenom v\u00fdplata za odst\u0159elen\u00ed jelen\u00ed zv\u011b\u0159e a zv\u011b\u0159e &#8220;\u0161kodn\u00e9&#8221; \u010din\u00ed ro\u010dn\u011b cca 1 milion K\u010d. To v\u0161e by ob\u010danovi u\u0161et\u0159il n\u00e1vrat vlka do ekosyst\u00e9mu \u0160umavy.<br \/>\nZ\u00e1v\u011brem mi dovolte uv\u00e9st odkaz na krati\u010dk\u00fd, n\u011bkolikaminutov\u00fd film s n\u00e1zvem: <a href=\"http:\/\/videacesky.cz\/video\/jak-vlci-meni-tok-rek\">&#8220;Jak vlci m\u011bn\u00ed koryta \u0159ek&#8221;<\/a>. Tak se chov\u00e1 \u010dlov\u011bk v civilizovan\u00e9 spole\u010dnosti k n\u00e1rodn\u00edmu parku a hlavn\u011b skute\u010dn\u00ed ochr\u00e1nci p\u0159\u00edrody, placen\u00ed st\u00e1tem!? Ka\u017ed\u00fd ob\u010dan si plat\u00ed n\u00e1rodn\u00ed park a m\u011bl by sledovat, jak jeho zam\u011bstnanci, tedy zam\u011bstnanci ob\u010dana, pln\u00ed posl\u00e1n\u00ed n\u00e1rodn\u00edho parku, nikoliv, jak sleduj\u00ed sv\u00e9 osobn\u00ed v\u00fdhody.<\/p>\n<p>&nbsp;<\/p>\n<p>&nbsp;<\/p>\n<p><a href=\"http:\/\/obcanskymonitoring.cz\/?page_id=3014\">Petr Je\u0161\u00e1tko st.<\/a>\u00a0(Autor je b\u00fdval\u00fd vrchn\u00ed lesn\u00ed inspektor N\u00e1rodn\u00edho parku \u0160umava, nyn\u00ed v d\u016fchodu).<\/p>\n<p><a href=\"http:\/\/www.ceskatelevize.cz\/ivysilani\/1129337346-pridej-se\/209562248410019\/\">Star\u0161\u00ed\u00a0po\u0159ad Petra Je\u0161\u00e1tka pro \u010ceskou televizi<\/a>\u00a0Dal\u0161\u00ed \u010dl\u00e1nky Petra Je\u0161\u00e1tka na na\u0161ich str\u00e1nk\u00e1ch jsou\u00a0<a href=\"http:\/\/obcanskymonitoring.cz\/?s=je%C5%A1%C3%A1tko&amp;x=0&amp;y=0\">zde<\/a>.<\/p>\n<p>Dal\u0161\u00ed \u010dl\u00e1nky na Ob\u010dansk\u00e9m monitoringu k t\u00e9matu \u0160umava si m\u016f\u017eete p\u0159e\u010d\u00edst\u00a0<a href=\"http:\/\/obcanskymonitoring.cz\/?cat=21\">zde<\/a>.<\/p>\n<div data-counters='1' data-style='square' data-size='regular' data-url='https:\/\/obcanskymonitoring.cz\/?p=6086' data-title='Petr Je\u0161\u00e1tko: Vlk do N\u00e1rodn\u00edho parku \u0160umava podle \u00fa\u0159edn\u00edk\u016f ochrany p\u0159\u00edrody nepat\u0159\u00ed' class='linksalpha_container linksalpha_app_3'><a href='\/\/www.linksalpha.com\/share?network='facebook' class='linksalpha_icon_facebook'><\/a><a href='\/\/www.linksalpha.com\/share?network='twitter' class='linksalpha_icon_twitter'><\/a><a href='\/\/www.linksalpha.com\/share?network='googleplus' class='linksalpha_icon_googleplus'><\/a><a href='\/\/www.linksalpha.com\/share?network='mail' class='linksalpha_icon_mail'><\/a><\/div><div data-position='' data-url='https:\/\/obcanskymonitoring.cz\/?p=6086' data-title='Petr Je\u0161\u00e1tko: Vlk do N\u00e1rodn\u00edho parku \u0160umava podle \u00fa\u0159edn\u00edk\u016f ochrany p\u0159\u00edrody nepat\u0159\u00ed' class='linksalpha_container linksalpha_app_7'><a href='\/\/www.linksalpha.com\/share?network='facebook' class='linksalpha_icon_facebook'><\/a><a href='\/\/www.linksalpha.com\/share?network='twitter' class='linksalpha_icon_twitter'><\/a><a href='\/\/www.linksalpha.com\/share?network='googleplus' class='linksalpha_icon_googleplus'><\/a><a href='\/\/www.linksalpha.com\/share?network='mail' class='linksalpha_icon_mail'><\/a><\/div>","protected":false},"excerpt":{"rendered":"<p>&nbsp;1,389&nbsp;total views &nbsp; P\u0159etiskujeme nov\u00fd \u010dl\u00e1nek Petra Je\u0161\u00e1tka.<\/p>\n","protected":false},"author":2,"featured_media":0,"comment_status":"open","ping_status":"open","sticky":true,"template":"","format":"standard","meta":[],"categories":[21,29],"tags":[],"_links":{"self":[{"href":"https:\/\/obcanskymonitoring.cz\/index.php?rest_route=\/wp\/v2\/posts\/6086"}],"collection":[{"href":"https:\/\/obcanskymonitoring.cz\/index.php?rest_route=\/wp\/v2\/posts"}],"about":[{"href":"https:\/\/obcanskymonitoring.cz\/index.php?rest_route=\/wp\/v2\/types\/post"}],"author":[{"embeddable":true,"href":"https:\/\/obcanskymonitoring.cz\/index.php?rest_route=\/wp\/v2\/users\/2"}],"replies":[{"embeddable":true,"href":"https:\/\/obcanskymonitoring.cz\/index.php?rest_route=%2Fwp%2Fv2%2Fcomments&post=6086"}],"version-history":[{"count":0,"href":"https:\/\/obcanskymonitoring.cz\/index.php?rest_route=\/wp\/v2\/posts\/6086\/revisions"}],"wp:attachment":[{"href":"https:\/\/obcanskymonitoring.cz\/index.php?rest_route=%2Fwp%2Fv2%2Fmedia&parent=6086"}],"wp:term":[{"taxonomy":"category","embeddable":true,"href":"https:\/\/obcanskymonitoring.cz\/index.php?rest_route=%2Fwp%2Fv2%2Fcategories&post=6086"},{"taxonomy":"post_tag","embeddable":true,"href":"https:\/\/obcanskymonitoring.cz\/index.php?rest_route=%2Fwp%2Fv2%2Ftags&post=6086"}],"curies":[{"name":"wp","href":"https:\/\/api.w.org\/{rel}","templated":true}]}}