{"id":6114,"date":"2017-01-25T09:05:23","date_gmt":"2017-01-25T09:05:23","guid":{"rendered":"http:\/\/obcanskymonitoring.cz\/?p=6114"},"modified":"2017-01-25T09:06:07","modified_gmt":"2017-01-25T09:06:07","slug":"arch-svabova-participace-obcanske-spolecnosti-v-cechach","status":"publish","type":"post","link":"https:\/\/obcanskymonitoring.cz\/?p=6114","title":{"rendered":"Arch. \u0160v\u00e1bov\u00e1: Participace ob\u010dansk\u00e9 spole\u010dnosti v \u010cech\u00e1ch"},"content":{"rendered":"<div class=\"pvc_clear\"><\/div>\n<p class=\"pvc_stats total_only \" data-element-id=\"6114\" style=\"\"><i class=\"pvc-stats-icon medium\" aria-hidden=\"true\"><svg xmlns=\"http:\/\/www.w3.org\/2000\/svg\" version=\"1.0\" viewBox=\"0 0 502 315\" preserveAspectRatio=\"xMidYMid meet\"><g transform=\"translate(0,332) scale(0.1,-0.1)\" fill=\"\" stroke=\"none\"><path d=\"M2394 3279 l-29 -30 -3 -207 c-2 -182 0 -211 15 -242 39 -76 157 -76 196 0 15 31 17 60 15 243 l-3 209 -33 29 c-26 23 -41 29 -80 29 -41 0 -53 -5 -78 -31z\"\/><path d=\"M3085 3251 c-45 -19 -58 -50 -96 -229 -47 -217 -49 -260 -13 -295 52 -53 146 -42 177 20 16 31 87 366 87 410 0 70 -86 122 -155 94z\"\/><path d=\"M1751 3234 c-13 -9 -29 -31 -37 -50 -12 -29 -10 -49 21 -204 19 -94 39 -189 45 -210 14 -50 54 -80 110 -80 34 0 48 6 76 34 21 21 34 44 34 59 0 14 -18 113 -40 219 -37 178 -43 195 -70 221 -36 32 -101 37 -139 11z\"\/><path d=\"M1163 3073 c-36 -7 -73 -59 -73 -102 0 -56 133 -378 171 -413 34 -32 83 -37 129 -13 70 36 67 87 -16 290 -86 209 -89 214 -129 231 -35 14 -42 15 -82 7z\"\/><path d=\"M3689 3066 c-15 -9 -33 -30 -42 -48 -48 -103 -147 -355 -147 -375 0 -98 131 -148 192 -74 13 15 57 108 97 206 80 196 84 226 37 273 -30 30 -99 39 -137 18z\"\/><path d=\"M583 2784 c-38 -19 -67 -74 -58 -113 9 -42 211 -354 242 -373 16 -10 45 -18 66 -18 51 0 107 52 107 100 0 39 -1 41 -124 234 -80 126 -108 162 -133 173 -41 17 -61 16 -100 -3z\"\/><path d=\"M4250 2784 c-14 -9 -74 -91 -133 -183 -95 -150 -107 -173 -107 -213 0 -55 33 -94 87 -104 67 -13 90 8 211 198 130 202 137 225 78 284 -27 27 -42 34 -72 34 -22 0 -50 -8 -64 -16z\"\/><path d=\"M2275 2693 c-553 -48 -1095 -270 -1585 -649 -135 -104 -459 -423 -483 -476 -23 -49 -22 -139 2 -186 73 -142 361 -457 571 -626 285 -228 642 -407 990 -497 242 -63 336 -73 660 -74 310 0 370 5 595 52 535 111 1045 392 1455 803 122 121 250 273 275 326 19 41 19 137 0 174 -41 79 -309 363 -465 492 -447 370 -946 591 -1479 653 -113 14 -422 18 -536 8z m395 -428 c171 -34 330 -124 456 -258 112 -119 167 -219 211 -378 27 -96 24 -300 -5 -401 -72 -255 -236 -447 -474 -557 -132 -62 -201 -76 -368 -76 -167 0 -236 14 -368 76 -213 98 -373 271 -451 485 -162 444 86 934 547 1084 153 49 292 57 452 25z m909 -232 c222 -123 408 -262 593 -441 76 -74 138 -139 138 -144 0 -16 -233 -242 -330 -319 -155 -123 -309 -223 -461 -299 l-81 -41 32 46 c18 26 49 83 70 128 143 306 141 649 -6 957 -25 52 -61 116 -79 142 l-34 47 45 -20 c26 -10 76 -36 113 -56z m-2057 25 c-40 -58 -105 -190 -130 -263 -110 -324 -59 -707 132 -981 25 -35 42 -64 37 -64 -19 0 -241 119 -326 174 -188 122 -406 314 -532 468 l-58 71 108 103 c185 178 428 349 672 473 66 33 121 60 123 61 2 0 -10 -19 -26 -42z\"\/><path d=\"M2375 1950 c-198 -44 -350 -190 -395 -379 -18 -76 -8 -221 19 -290 114 -284 457 -406 731 -260 98 52 188 154 231 260 27 69 37 214 19 290 -38 163 -166 304 -326 360 -67 23 -215 33 -279 19z\"\/><\/g><\/svg><\/i> &nbsp;1,268&nbsp;total views<\/p>\n<div class=\"pvc_clear\"><\/div>\n<p>&nbsp;<\/p>\n<p><a href=\"http:\/\/obcanskymonitoring.cz\/wp-content\/uploads\/2016\/03\/svabova1.png\"><img loading=\"lazy\" class=\"alignnone size-medium wp-image-5303\" alt=\"svabova\" src=\"http:\/\/obcanskymonitoring.cz\/wp-content\/uploads\/2016\/03\/svabova1-250x300.png\" width=\"250\" height=\"300\" srcset=\"https:\/\/obcanskymonitoring.cz\/wp-content\/uploads\/2016\/03\/svabova1-250x300.png 250w, https:\/\/obcanskymonitoring.cz\/wp-content\/uploads\/2016\/03\/svabova1-856x1024.png 856w\" sizes=\"(max-width: 250px) 100vw, 250px\" \/><\/a><\/p>\n<p>P\u0159etiskuji \u010dl\u00e1nek pan\u00ed architektky \u0160v\u00e1bov\u00e9:<\/p>\n<p><!--more--><\/p>\n<p>&nbsp;<\/p>\n<p><b>Participace ob\u010dansk\u00e9 spole\u010dnosti v\u00a0\u010cech\u00e1ch.<\/b><\/p>\n<p>V\u00a0galerii VIPER, V\u00edtkova 2, Praha 8 se konal dne 17. 1. 2017 pohovor prof. R. \u0160v\u00e1chy a arch. Doc. R. Koutsk\u00e9ho, hlavn\u00edho architekta Metropolitn\u00edho pl\u00e1nu Prahy. T\u00e9matem byly architektura, pam\u00e1tky a Metropolitn\u00ed pl\u00e1n.<\/p>\n<p>O pr\u016fb\u011bhu jejich rozpravy k\u00a0n\u00e1m doch\u00e1zej\u00ed zpr\u00e1vy, shoduj\u00edc\u00ed se na n\u00e1sleduj\u00edc\u00edm:<\/p>\n<p><i>1.\u00a0\u00a0\u00a0\u00a0\u00a0\u00a0\u00a0 \u0158e\u010d byla o \u0161patn\u00fdch pam\u00e1tk\u00e1\u0159\u00edch a ne\u00fam\u011brn\u00e9 rozloze Pra\u017esk\u00e9 pam\u00e1tkov\u00e9 rezervace, nesmysln\u00e9 ochran\u011b, kter\u00e1 br\u00e1n\u00ed modern\u00ed architektu\u0159e, bez kter\u00e9 m\u011bsto zahyne. <\/i><\/p>\n<p><i>2.\u00a0\u00a0\u00a0\u00a0\u00a0\u00a0\u00a0 Ob\u010dansk\u00e9 aktivity byly nazv\u00e1ny akcemi proletari\u00e1tu, kter\u00e9 u\u017e tu byly. <\/i><\/p>\n<p><i>Neziskovky jsou nep\u0159\u00e1tel\u00e9 rozvoje v\u00fdstavby. Demokracie je p\u0159ek\u00e1\u017ekou kvalitn\u00ed architektury a rozvoje. Spolky, \u0159e\u0161en\u00ed nenavrhuj\u00ed. Zni\u010dily medv\u011bda, ale \u0159e\u0161en\u00ed nep\u0159inesly. <\/i><\/p>\n<p><i>3.\u00a0\u00a0\u00a0\u00a0\u00a0\u00a0\u00a0 \u017d\u00e1douc\u00ed pr\u00fd jenom m\u011bsto kr\u00e1tk\u00fdch vzd\u00e1lenost\u00ed, proto se mus\u00ed zahu\u0161\u0165ovat a budovat do v\u00fd\u0161ky.<\/i><\/p>\n<p>Architekt doc. Koutsk\u00fd je proslul\u00fd omezenou schopnost\u00ed komunikace a naprostou rezistenc\u00ed v\u016f\u010di sebel\u00e9pe m\u00edn\u011bn\u00e9 kritice. P\u0159esto m\u016f\u017eeme st\u011b\u017e\u00ed v\u011b\u0159it, \u017ee by podobn\u00e9 n\u00e1zory mohl pron\u00e1\u0161et ve\u0159ejn\u011b \u010dlov\u011bk v\u00a0jeho postaven\u00ed. Bohu\u017eel jsme nebyli na rozprav\u011b zastoupeni, z\u00e1znam galerie nem\u00e1, tak\u017ee p\u0159esn\u00e9 zn\u011bn\u00ed v\u00fd\u0161e uveden\u00fdch \u201ethes\u00ed\u201c nem\u016f\u017eeme zaru\u010dit. Proto\u017ee se v\u00a0r\u016fzn\u00e9 form\u011b opakuj\u00ed v\u00a0r\u016fzn\u00fdch emotivn\u00edch prohl\u00e1\u0161en\u00edch bez pat\u0159i\u010dn\u00e9 argumentace, pokus\u00edme se k\u00a0nim n\u011bco \u0159\u00edct.<\/p>\n<p>Ad. 1\u00a0 \u00a0\u00a0\u00a0\u00a0 Rozlohu Pra\u017esk\u00e9 pam\u00e1tkov\u00e9 rezervace stanovil Dr. Dobroslav L\u00edbal nejen vzhledem k\u00a0historick\u00fdm hranic\u00edm \u2013 hradb\u00e1m, ale p\u0159edev\u0161\u00edm kv\u016fli jedine\u010dn\u00e9 kompozici tohoto zcela v\u00fdjime\u010dn\u00e9ho historick\u00e9ho celku, dan\u00e9 ji\u017e reli\u00e9fem ter\u00e9nu. Historick\u00e1 Praha je sou\u010d\u00e1st\u00ed sv\u011btov\u00e9ho kulturn\u00edho d\u011bdictv\u00ed a pat\u0159\u00ed k\u00a0nejv\u011bt\u0161\u00edm poklad\u016fm na\u0161eho n\u00e1roda, je sou\u010d\u00e1st\u00ed jeho identity. K\u00a0jej\u00edm hodnot\u00e1m pat\u0159\u00ed i jej\u00ed kontinu\u00e1ln\u00ed \u017eivot. Ten samoz\u0159ejm\u011b pot\u0159ebuje zm\u011bnu. Ta ale mus\u00ed vych\u00e1zet z\u00a0pochopen\u00ed smyslu jej\u00ed urbanity, aby nezni\u010dila jej\u00ed identitu, jej\u00ed trval\u00e9 humanitn\u00ed hodnoty. Praha pot\u0159ebuje modern\u00ed architekturu, skute\u010dn\u011b modern\u00ed, citlivou nejen k\u00a0materi\u00e1ln\u00edm, ale i k\u00a0psychick\u00fdm pot\u0159eb\u00e1m \u00a0\u2013 trouf\u00e1m si zd\u016fraznit i fyziologick\u00fdm pot\u0159eb\u00e1m \u010dlov\u011bka. Tyto humanistick\u00e9 hodnoty historick\u00e1 Praha dosud m\u00e1 \u2013 pat\u0159\u00ed k\u00a0nim p\u0159edev\u0161\u00edm m\u011b\u0159\u00edtko\u00a0 jejich prostor\u016f i architektury.<b> Praha pot\u0159ebuje skute\u010dn\u011b modern\u00ed architekturu, kter\u00e1 dovede tyto hodnoty respektovat a d\u00e1le je rozv\u00edjet. Nepot\u0159ebuje sebest\u0159edn\u00e9 hv\u011bzdn\u00e9 architekty neuzn\u00e1vaj\u00edc\u00ed kontext s\u00a0okol\u00edm sv\u00fdch kreac\u00ed.<\/b><\/p>\n<p>Ad 2.\u00a0 \u00a0\u00a0\u00a0\u00a0\u00a0\u00a0 Ob\u010dansk\u00e9 aktivity jsou ve v\u0161ech demokratick\u00fdch zem\u00edch pova\u017eov\u00e1ny za pil\u00ed\u0159 demokracie. V\u0161echny totalitn\u00ed syst\u00e9my je potla\u010duj\u00ed, kontroluj\u00ed a ru\u0161\u00ed. <b>M\u011bsto je \u017eivotn\u00ed prost\u0159ed\u00ed spole\u010dnosti<\/b>, lid\u00e9 maj\u00ed nezadateln\u00e9 pr\u00e1vo participovat na rozhodov\u00e1n\u00ed o jeho prom\u011bn\u00e1ch. Ob\u010dan\u00e9 neodm\u00edtaj\u00ed v\u0161e nov\u00e9, jak se jim podsouv\u00e1. N\u00e1vrhy, proti kter\u00fdm se protestuje v\u00a0ulic\u00edch, maj\u00ed jedno spole\u010dn\u00e9: nerespektuj\u00ed kontext s\u00a0prost\u0159ed\u00edm a lidsk\u00e9 m\u011b\u0159\u00edtko. V\u00a0historick\u00fdch m\u011bstech, kde lidsk\u00e9 m\u011b\u0159\u00edtko a harmonie prostor\u016f je nejvy\u0161\u0161\u00edm trval\u00fdm p\u0159\u00ednosem, je jejich poru\u0161en\u00ed vn\u00edm\u00e1no intenzivn\u011bji ne\u017e v\u00a0modern\u00ed z\u00e1stavb\u011b.<\/p>\n<p>Proletari\u00e1t v\u00a0historick\u00e9m smyslu neexistuje \u2013 lid\u00e9 zastoupen\u00ed ve spolc\u00edch jsou za v\u0161ech vrstev \u2013 jsou mezi nimi lid\u00e9 s\u00a0vysoko\u0161kolsk\u00fdm vzd\u011bl\u00e1n\u00edm, kte\u0159\u00ed maj\u00ed urbanistickou praxi, ale i pr\u00e1vn\u00edci a l\u00e9ka\u0159i \u2013 tedy citliv\u00ed \u201elaici\u201c, kte\u0159\u00ed si na rozd\u00edl od na\u0161ich etablovan\u00fdch elit zachovali p\u0159irozen\u00e9 vn\u00edm\u00e1n\u00ed sv\u00e9ho okol\u00ed. Pro n\u011b nen\u00ed m\u011bsto jen seskupen\u00edm individu\u00e1ln\u00edch dom\u016f, galeri\u00ed artefakt\u016f, ale souborem prostor\u016f, v\u00a0nich\u017e se realizuje jejich \u017eivot. Tito lid\u00e9 se denn\u011b z\u00a0na\u0161eho tisku dozv\u00eddaj\u00ed o nov\u00fdch podvodech, kter\u00fdmi je v\u011bt\u0161inou vysoce postaven\u00ed \u010dinitel\u00e9 p\u0159ipravuj\u00ed o jejich ve\u0159ejn\u00e9 prost\u0159edky. Jist\u011b nar\u016fst\u00e1 hn\u011bv. Ale do ulic je vy\u017eene demolice Koz\u00e1kova domu a projekt jeho n\u00e1hrady, mar\u0161meloun (protest\u016f se z\u00fa\u010dastnili poslanci i magistr\u00e1tn\u00ed radn\u00ed), B\u00edl\u00fd medv\u011bd a podobn\u00e9 kreace. Takov\u00fd v\u00fdznam p\u0159i\u010d\u00edt\u00e1 spole\u010dnost sv\u00e9mu prost\u0159ed\u00ed. To nen\u00ed mo\u017en\u00e9 ignorovat, ale respektovat. Jen \u010dlov\u011bka s\u00a0p\u0159ebujel\u00fdm egem, egocentrick\u00e9ho do t\u00e9 m\u00edry, \u017ee nen\u00ed schopen p\u0159ij\u00edmat vn\u011bj\u0161\u00ed podn\u011bty, to nep\u0159inut\u00ed k\u00a0zamy\u0161len\u00ed.<\/p>\n<p>K\u00a0medv\u011bdovi \u2013 neprojektujeme, ale dodali jsme urbanistick\u00e9 rozbory, diskutovali jsme se z\u00e1stupci PPF. To v\u0161e d\u011bl\u00e1me zdarma, na vlastn\u00ed n\u00e1klady.<\/p>\n<p>ad 3.\u00a0\u00a0 \u00a0\u00a0\u00a0\u00a0\u00a0 K\u00a0metropolitn\u00edmu pl\u00e1nu p\u0159ich\u00e1z\u00ed cel\u00e1 \u0159ada p\u0159ipom\u00ednek. Velmi kontroverzn\u00ed je idea zahu\u0161\u0165ov\u00e1n\u00ed centra v\u00a0z\u00e1jmu idej\u00ed \u201em\u011bsta kr\u00e1tk\u00fdch vzd\u00e1lenost\u00ed\u201c.\u00a0\u00a0 Kr\u00e1tk\u00e9 vzd\u00e1lenosti nejsou jedin\u00fdm a dokonce ne rozhoduj\u00edc\u00edm faktorem v\u00a0koncepci m\u011bstsk\u00e9ho \u00fazem\u00ed. M\u011bsto m\u00e1 v\u00edc ne\u017e line\u00e1rn\u00ed dimenze \u2013 je to p\u0159edev\u0161\u00edm z\u00e1le\u017eitost prostor\u016f a architektury hum\u00e1nn\u00edho m\u011b\u0159\u00edtka pro v\u0161echny formy \u017eivota spole\u010dnosti.<\/p>\n<p>Historick\u00e9 centrum tyto hodnoty m\u00e1 ve v\u0161ech sv\u00fdch struktur\u00e1ch z\u00e1stavby. Pro\u017eitek jeho prostor\u016f je hlavn\u00edm d\u016fvodem jeho atraktivity. Proto\u017ee jenom tam- &#8211; a ne v\u00a0modern\u00edch \u010d\u00e1stech Prahy &#8211; je atmosf\u00e9ra metropole, p\u0159itahuje doslova jako magnet investory, instituce, kter<\/p>\n<p>\u00e9 zde ji\u017e s\u00eddl\u00ed, ho necht\u011bj\u00ed opustit \u2013 univerzity, fakultn\u00ed nemocnice, spr\u00e1vn\u00ed instituce, banky a nejr\u016fzn\u011bj\u0161\u00ed agentury \u2013 ti v\u0161ichni zde hledaj\u00ed presti\u017en\u00ed adresu. Prostorov\u00e9 mo\u017enosti m\u011bsta jsou omezen\u00e9, \u0159e\u0161it n\u00e1r\u016fst pot\u0159eby v\u00fd\u0161kov\u00fdmi stavbami znamen\u00e1 poru\u0161it to nejcenn\u011bj\u0161\u00ed, co historick\u00e9 m\u011bsto m\u00e1 \u2013 hum\u00e1nn\u00ed m\u011b\u0159\u00edtko. V\u00fdznam m\u011b\u0159\u00edtka ucelen\u00fdch prostor\u016f i architektury je pro vizu\u00e1ln\u00ed vjem prost\u0159ed\u00ed z\u00e1sadn\u00ed. Tak zv. \u201cmodern\u00ed\u201c architektura je velmi \u010dasto postr\u00e1d\u00e1 \u2013 proto nenavazuje emocion\u00e1ln\u00ed vztah s\u00a0\u010dlov\u011bkem\u00a0 (viz Jan Gehl: M\u011bsta pro lidi kapitola o m\u011bstu Brazilia).<\/p>\n<p>Domn\u00edv\u00e1me se, \u017ee v\u011bc je natolik z\u00e1va\u017en\u00e1, \u017ee by idea zahu\u0161\u0165ov\u00e1n\u00ed m\u011bla b\u00fdt detailn\u011b prov\u011b\u0159ena na konkr\u00e9tn\u00edch mo\u017enostech centra bez ztr\u00e1ty jeho hodnot \u2013 jsou i jin\u00e9 mo\u017enosti. Nap\u0159. vybudov\u00e1n\u00ed plnohodnotn\u00fdch urbanistick\u00fdch jednotek s\u00a0bydlen\u00edm i vybaven\u00edm s\u00a0dislokovan\u00fdmi funkcemi centra v\u00a0modern\u00ed z\u00e1stavb\u011b \u2013 v\u00a0lidsk\u00e9m m\u011b\u0159\u00edtku, schopn\u00e9 vytvo\u0159it p\u0159edpoklady pro soudr\u017enou spole\u010dnost obyvatel i p\u0159ich\u00e1zej\u00edc\u00edch \u201eklient\u016f\u201c instituc\u00ed.<\/p>\n<p>&nbsp;<\/p>\n<p>Ing. arch. Marie \u0160v\u00e1bov\u00e1<\/p>\n<p>ASORKD<\/p>\n<p><a href=\"http:\/\/www.asorkd.cz\">www.asorkd.cz<\/a><\/p>\n<p>&nbsp;<\/p>\n<p>Dal\u0161\u00ed \u010dl\u00e1nky na t\u00e9ma kauzy Mar\u0161meloun si m\u016f\u017eete p\u0159e\u010d\u00edst\u00a0<a href=\"http:\/\/obcanskymonitoring.cz\/?s=mar%C5%A1meloun&amp;x=0&amp;y=0\">zde<\/a>.<\/p>\n<p>Dal\u0161\u00ed \u010dl\u00e1nky pan\u00ed architektky \u0160v\u00e1bov\u00e9 si m\u016f\u017eete p\u0159e\u010d\u00edst\u00a0<a href=\"http:\/\/obcanskymonitoring.cz\/?s=%C5%A1v%C3%A1bov&amp;x=0&amp;y=0\">zde<\/a>.<\/p>\n<p>Dal\u0161\u00ed \u010dl\u00e1nky kategorie Pam\u00e1tky si\u00a0m\u016f\u017eete p\u0159e\u010d\u00edst\u00a0<a href=\"http:\/\/obcanskymonitoring.cz\/?cat=41\">zde<\/a>.<\/p>\n<p>&nbsp;<\/p>\n<div data-counters='1' data-style='square' data-size='regular' data-url='https:\/\/obcanskymonitoring.cz\/?p=6114' data-title='Arch. \u0160v\u00e1bov\u00e1: Participace ob\u010dansk\u00e9 spole\u010dnosti v \u010cech\u00e1ch' class='linksalpha_container linksalpha_app_3'><a href='\/\/www.linksalpha.com\/share?network='facebook' class='linksalpha_icon_facebook'><\/a><a href='\/\/www.linksalpha.com\/share?network='twitter' class='linksalpha_icon_twitter'><\/a><a href='\/\/www.linksalpha.com\/share?network='googleplus' class='linksalpha_icon_googleplus'><\/a><a href='\/\/www.linksalpha.com\/share?network='mail' class='linksalpha_icon_mail'><\/a><\/div><div data-position='' data-url='https:\/\/obcanskymonitoring.cz\/?p=6114' data-title='Arch. \u0160v\u00e1bov\u00e1: Participace ob\u010dansk\u00e9 spole\u010dnosti v \u010cech\u00e1ch' class='linksalpha_container linksalpha_app_7'><a href='\/\/www.linksalpha.com\/share?network='facebook' class='linksalpha_icon_facebook'><\/a><a href='\/\/www.linksalpha.com\/share?network='twitter' class='linksalpha_icon_twitter'><\/a><a href='\/\/www.linksalpha.com\/share?network='googleplus' class='linksalpha_icon_googleplus'><\/a><a href='\/\/www.linksalpha.com\/share?network='mail' class='linksalpha_icon_mail'><\/a><\/div>","protected":false},"excerpt":{"rendered":"<p>&nbsp;1,268&nbsp;total views &nbsp; P\u0159etiskuji \u010dl\u00e1nek pan\u00ed architektky \u0160v\u00e1bov\u00e9:<\/p>\n","protected":false},"author":2,"featured_media":0,"comment_status":"open","ping_status":"open","sticky":true,"template":"","format":"standard","meta":[],"categories":[41],"tags":[],"_links":{"self":[{"href":"https:\/\/obcanskymonitoring.cz\/index.php?rest_route=\/wp\/v2\/posts\/6114"}],"collection":[{"href":"https:\/\/obcanskymonitoring.cz\/index.php?rest_route=\/wp\/v2\/posts"}],"about":[{"href":"https:\/\/obcanskymonitoring.cz\/index.php?rest_route=\/wp\/v2\/types\/post"}],"author":[{"embeddable":true,"href":"https:\/\/obcanskymonitoring.cz\/index.php?rest_route=\/wp\/v2\/users\/2"}],"replies":[{"embeddable":true,"href":"https:\/\/obcanskymonitoring.cz\/index.php?rest_route=%2Fwp%2Fv2%2Fcomments&post=6114"}],"version-history":[{"count":0,"href":"https:\/\/obcanskymonitoring.cz\/index.php?rest_route=\/wp\/v2\/posts\/6114\/revisions"}],"wp:attachment":[{"href":"https:\/\/obcanskymonitoring.cz\/index.php?rest_route=%2Fwp%2Fv2%2Fmedia&parent=6114"}],"wp:term":[{"taxonomy":"category","embeddable":true,"href":"https:\/\/obcanskymonitoring.cz\/index.php?rest_route=%2Fwp%2Fv2%2Fcategories&post=6114"},{"taxonomy":"post_tag","embeddable":true,"href":"https:\/\/obcanskymonitoring.cz\/index.php?rest_route=%2Fwp%2Fv2%2Ftags&post=6114"}],"curies":[{"name":"wp","href":"https:\/\/api.w.org\/{rel}","templated":true}]}}