{"id":6185,"date":"2017-03-09T18:52:23","date_gmt":"2017-03-09T18:52:23","guid":{"rendered":"http:\/\/obcanskymonitoring.cz\/?p=6185"},"modified":"2017-03-09T19:06:24","modified_gmt":"2017-03-09T19:06:24","slug":"petr-jesatko-boure-na-sumave-neskoncila","status":"publish","type":"post","link":"https:\/\/obcanskymonitoring.cz\/?p=6185","title":{"rendered":"Petr Je\u0161\u00e1tko: Bou\u0159e na \u0160umav\u011b neskon\u010dila"},"content":{"rendered":"<div class=\"pvc_clear\"><\/div>\n<p class=\"pvc_stats total_only \" data-element-id=\"6185\" style=\"\"><i class=\"pvc-stats-icon medium\" aria-hidden=\"true\"><svg xmlns=\"http:\/\/www.w3.org\/2000\/svg\" version=\"1.0\" viewBox=\"0 0 502 315\" preserveAspectRatio=\"xMidYMid meet\"><g transform=\"translate(0,332) scale(0.1,-0.1)\" fill=\"\" stroke=\"none\"><path d=\"M2394 3279 l-29 -30 -3 -207 c-2 -182 0 -211 15 -242 39 -76 157 -76 196 0 15 31 17 60 15 243 l-3 209 -33 29 c-26 23 -41 29 -80 29 -41 0 -53 -5 -78 -31z\"\/><path d=\"M3085 3251 c-45 -19 -58 -50 -96 -229 -47 -217 -49 -260 -13 -295 52 -53 146 -42 177 20 16 31 87 366 87 410 0 70 -86 122 -155 94z\"\/><path d=\"M1751 3234 c-13 -9 -29 -31 -37 -50 -12 -29 -10 -49 21 -204 19 -94 39 -189 45 -210 14 -50 54 -80 110 -80 34 0 48 6 76 34 21 21 34 44 34 59 0 14 -18 113 -40 219 -37 178 -43 195 -70 221 -36 32 -101 37 -139 11z\"\/><path d=\"M1163 3073 c-36 -7 -73 -59 -73 -102 0 -56 133 -378 171 -413 34 -32 83 -37 129 -13 70 36 67 87 -16 290 -86 209 -89 214 -129 231 -35 14 -42 15 -82 7z\"\/><path d=\"M3689 3066 c-15 -9 -33 -30 -42 -48 -48 -103 -147 -355 -147 -375 0 -98 131 -148 192 -74 13 15 57 108 97 206 80 196 84 226 37 273 -30 30 -99 39 -137 18z\"\/><path d=\"M583 2784 c-38 -19 -67 -74 -58 -113 9 -42 211 -354 242 -373 16 -10 45 -18 66 -18 51 0 107 52 107 100 0 39 -1 41 -124 234 -80 126 -108 162 -133 173 -41 17 -61 16 -100 -3z\"\/><path d=\"M4250 2784 c-14 -9 -74 -91 -133 -183 -95 -150 -107 -173 -107 -213 0 -55 33 -94 87 -104 67 -13 90 8 211 198 130 202 137 225 78 284 -27 27 -42 34 -72 34 -22 0 -50 -8 -64 -16z\"\/><path d=\"M2275 2693 c-553 -48 -1095 -270 -1585 -649 -135 -104 -459 -423 -483 -476 -23 -49 -22 -139 2 -186 73 -142 361 -457 571 -626 285 -228 642 -407 990 -497 242 -63 336 -73 660 -74 310 0 370 5 595 52 535 111 1045 392 1455 803 122 121 250 273 275 326 19 41 19 137 0 174 -41 79 -309 363 -465 492 -447 370 -946 591 -1479 653 -113 14 -422 18 -536 8z m395 -428 c171 -34 330 -124 456 -258 112 -119 167 -219 211 -378 27 -96 24 -300 -5 -401 -72 -255 -236 -447 -474 -557 -132 -62 -201 -76 -368 -76 -167 0 -236 14 -368 76 -213 98 -373 271 -451 485 -162 444 86 934 547 1084 153 49 292 57 452 25z m909 -232 c222 -123 408 -262 593 -441 76 -74 138 -139 138 -144 0 -16 -233 -242 -330 -319 -155 -123 -309 -223 -461 -299 l-81 -41 32 46 c18 26 49 83 70 128 143 306 141 649 -6 957 -25 52 -61 116 -79 142 l-34 47 45 -20 c26 -10 76 -36 113 -56z m-2057 25 c-40 -58 -105 -190 -130 -263 -110 -324 -59 -707 132 -981 25 -35 42 -64 37 -64 -19 0 -241 119 -326 174 -188 122 -406 314 -532 468 l-58 71 108 103 c185 178 428 349 672 473 66 33 121 60 123 61 2 0 -10 -19 -26 -42z\"\/><path d=\"M2375 1950 c-198 -44 -350 -190 -395 -379 -18 -76 -8 -221 19 -290 114 -284 457 -406 731 -260 98 52 188 154 231 260 27 69 37 214 19 290 -38 163 -166 304 -326 360 -67 23 -215 33 -279 19z\"\/><\/g><\/svg><\/i> &nbsp;1,441&nbsp;total views<\/p>\n<div class=\"pvc_clear\"><\/div>\n<p><a href=\"http:\/\/obcanskymonitoring.cz\/wp-content\/uploads\/2017\/03\/Anal\u00fdza-UK-PrahaP\u0159\u00edrodov\u011bdeck\u00e1-fakulta.jpg\"><img loading=\"lazy\" class=\"alignnone size-medium wp-image-6186\" alt=\"Anal\u00fdza UK Praha,P\u0159\u00edrodov\u011bdeck\u00e1 fakulta\" src=\"http:\/\/obcanskymonitoring.cz\/wp-content\/uploads\/2017\/03\/Anal\u00fdza-UK-PrahaP\u0159\u00edrodov\u011bdeck\u00e1-fakulta-218x300.jpg\" width=\"218\" height=\"300\" srcset=\"https:\/\/obcanskymonitoring.cz\/wp-content\/uploads\/2017\/03\/Anal\u00fdza-UK-PrahaP\u0159\u00edrodov\u011bdeck\u00e1-fakulta-218x300.jpg 218w, https:\/\/obcanskymonitoring.cz\/wp-content\/uploads\/2017\/03\/Anal\u00fdza-UK-PrahaP\u0159\u00edrodov\u011bdeck\u00e1-fakulta-744x1024.jpg 744w, https:\/\/obcanskymonitoring.cz\/wp-content\/uploads\/2017\/03\/Anal\u00fdza-UK-PrahaP\u0159\u00edrodov\u011bdeck\u00e1-fakulta.jpg 1700w\" sizes=\"(max-width: 218px) 100vw, 218px\" \/><\/a><\/p>\n<p>&nbsp;<\/p>\n<p>P\u0159etiskujeme nov\u00fd \u010dl\u00e1nek <a href=\"http:\/\/obcanskymonitoring.cz\/?page_id=3014\">Petra Je\u0161\u00e1tka<\/a>.<\/p>\n<p><!--more--><\/p>\n<p>Poslanci n\u00e1m p\u0159ehlasovali doslova zni\u010duj\u00edc\u00ed sen\u00e1tn\u00ed n\u00e1vrh Z\u00e1kona na Ochranu p\u0159\u00edrody a krajiny. Hlavn\u00edm d\u016fvodem bylo d\u011bn\u00ed v N\u00e1rodn\u00edm parku \u0160umava. V\u011b\u0159\u00edm, \u017ee i po p\u0159\u00edpadn\u00e9m vetu prezidenta Zemana, bude poslaneck\u00e1 verze schv\u00e1lena. Je to, jak \u0159ekl b\u00fdval\u00fd ministr \u017eivotn\u00edho prost\u0159ed\u00ed Bed\u0159ich Moldan, kompromisn\u00ed verze a pouze up\u0159es\u0148uje p\u016fvodn\u00ed z\u00e1kon, schv\u00e1len\u00fd ji\u017e v r. 1992.<\/p>\n<p>Ano i minul\u00fd z\u00e1kon dostate\u010dn\u011b d\u00e1val prostor chr\u00e1nit n\u00e1rodn\u00ed parky, v\u010detn\u011b \u0161umavsk\u00e9ho. Z\u00e1le\u017eelo v\u017edy na veden\u00ed parku, tedy na jeho schopnosti a ochot\u011b prosazovat z\u00e1jmy p\u0159\u00edrody a v neposledn\u00ed \u0159ad\u011b i z\u00e1jmy ob\u010dan\u016f, v\u010detn\u011b ob\u010dan\u016f \u017eij\u00edc\u00edch na tomto \u00fazem\u00ed. Bohu\u017eel, s v\u00fdjimkou prvn\u00edho \u0159editele NP \u0160umava Ing. Ji\u0159\u00edho Kece, v\u0161ichni na \u0160umav\u011b byli dosazov\u00e1ni podle vl\u00e1dnouc\u00edho ministra, nikoliv na z\u00e1klad\u011b v\u00fdb\u011brov\u00e9ho \u0159\u00edzen\u00ed. Tak je tomu i u sou\u010dasn\u00e9ho \u0159editele. \u0158editel Kec odm\u00edtl v roce 1993 na p\u0159\u00edkaz ministra Bendy (ODS) poru\u0161it z\u00e1kon a p\u0159evzal podle \u00a7 22 lesy pod n\u00e1rodn\u00ed park. Obdobn\u011b se zachoval i \u0159editel Ing. Franti\u0161ek Krej\u010d\u00ed, kter\u00fd ke konci roku 2010 odm\u00edtl realizovat po\u017eadovan\u00e9 negativn\u00ed zm\u011bny v ochran\u011b p\u0159\u00edrody a ve\u0159ejn\u00fdch zak\u00e1zk\u00e1ch ministrem <a href=\"https:\/\/cs.wikipedia.org\/wiki\/Pavel_Drobil\">Drobilem <\/a>(op\u011bt ODS) a rezignoval.<\/p>\n<p>V roce 2000 ministr \u017eivotn\u00edho prost\u0159ed\u00ed za vl\u00e1dy premi\u00e9ra Zemana, pan <a href=\"https:\/\/cs.wikipedia.org\/wiki\/Milo%C5%A1_Ku%C5%BEvart\">RNDr Milo\u0161 Ku\u017evart<\/a>, vydal z\u00e1vazn\u00fd Pl\u00e1n p\u00e9\u010de platn\u00fd do roku 2010, kter\u00fd mimo jin\u00e9 ukl\u00e1dal dos\u00e1hnout do r. 2030 bezz\u00e1sahovost na nejm\u00e9n\u011b 50 % \u00fazem\u00ed NP \u0160umava (viz <a href=\"https:\/\/drive.google.com\/open?id=0B2ZZNd5rGbv6WU9lbWt5Q3Z1RG8\">p\u0159\u00edloha \u010d. 1<\/a>) . Z\u00e1rove\u0148 i stanovil c\u00edle, jak v p\u00e9\u010di o les c\u00edl dos\u00e1hnout (<a href=\"https:\/\/drive.google.com\/open?id=0B2ZZNd5rGbv6cmhGdFZudHpEVjA\">p\u0159\u00edloha \u010d.2<\/a>). V r. 2007 tehdej\u0161\u00ed \u0159editel Krej\u010d\u00ed si uv\u011bdomil v\u010das bl\u00ed\u017e\u00edc\u00ed se konec tohoto Pl\u00e1nu p\u00e9\u010de a objednal u Univerzity Karlovy v Praze P\u0159\u00edrodov\u011bdeck\u00e9 fakulty, tzv. <a href=\"https:\/\/drive.google.com\/open?id=0B2ZZNd5rGbv6eElyRExiRVVDOFU\">Anal\u00fdzu v\u00fdvoje N\u00e1rodn\u00edho parku \u0160umava<\/a> za uplynul\u00fdch 15 let. Byla dokon\u010dena v prosinci 2007 a pod\u00edlelo se na n\u00ed 32 autor\u016f, p\u0159ev\u00e1\u017en\u011b z t\u00e9to fakulty, ale i n\u011bkolik profesor\u016f z lesnick\u00fdch fakult. Dovolte, abych vyjmul str\u00e1nku t\u00fdkaj\u00edc\u00ed se lesn\u00edch ekosyst\u00e9m\u016f, kter\u00e9 jsou pro tento park typick\u00e9 a byly jedn\u00edm z hlavn\u00edch d\u016fvod\u016f jeho z\u0159\u00edzen\u00ed (viz <a href=\"https:\/\/drive.google.com\/open?id=0B2ZZNd5rGbv6ajlxZXk1S1FPSmM\">p\u0159\u00edloha \u010d. 4)<\/a>. Pro zkr\u00e1cen\u00ed uv\u00e1d\u00edm tyto d\u016fle\u017eit\u00e9 body, kter\u00e9 budou v n\u00e1sleduj\u00edc\u00edm obdob\u00ed doslova rozhoduj\u00edc\u00ed: zda budeme m\u00edt \u0160umavu nikoliv hn\u011bdou, \u0161edou, ale z velk\u00e9 \u010d\u00e1sti pokrytou holinami, s odvezen\u00fdm a prodan\u00fdm d\u0159\u00edv\u00edm, nezalesn\u011bn\u00e9 a ponechan\u00e9 &#8220;matce p\u0159\u00edrod\u011b&#8221;. Selsky i lesnicky se to naz\u00fdv\u00e1 vyrabov\u00e1n\u00ed&#8230;<\/p>\n<p>Jsou mo\u017enosti, \u017ee to politici, po\u010d\u00ednaje t\u011bmi region\u00e1ln\u00edmi, po krajsk\u00e9 hejtmanstv\u00ed, mohou z\u00e1sadn\u011b kladn\u011b ovlivnit, proto\u017ee ze z\u00e1kona budou zastoupeni v Rad\u011b n\u00e1rodn\u00edho parku a budou se moci vyjad\u0159ovat, op\u011bt ze z\u00e1kona, k Z\u00e1sad\u00e1m p\u00e9\u010de o n\u00e1rodn\u00ed parky. Uvid\u00edme, zda jim \u0161lo a jde skute\u010dn\u011b o p\u0159\u00edrodu a ob\u010dany, v\u010detn\u011b n\u00e1s \u0160umav\u00e1k\u016f, nebo o pozemky, jak \u0159\u00edkaj\u00ed n\u011bkter\u00e9 nevl\u00e1dn\u00ed organizace.<\/p>\n<p>Anal\u00fdza p\u0159\u00edrodov\u011bdc\u016f a lesn\u00edk\u016f obsahuje zejm\u00e9na opat\u0159en\u00ed , orientovan\u00e1 na odstran\u011bn\u00ed prim\u00e1rn\u00edch p\u0159\u00ed\u010din k\u016frovcov\u00fdch, v\u011btrn\u00fdch disturbanc\u00ed, z nich\u017e vyj\u00edm\u00e1m zejm\u00e9na:<\/p>\n<ul>\n<li>obnova p\u0159\u00edrod\u011b bl\u00edzk\u00fdch druhov\u00fdch skladeb<\/li>\n<li>soustavn\u00e1 p\u00e9\u010de o genofond v\u0161ech p\u016fvodn\u00edch \u0161umavsk\u00fdch d\u0159evin<\/li>\n<li>n\u00e1prava naru\u0161en\u00e9ho p\u016fdn\u00edho re\u017eimu biologickou meliorac\u00ed<\/li>\n<li>n\u00e1prava naru\u0161en\u00e9ho vodn\u00edho re\u017eimu<\/li>\n<li>n\u00e1prava naru\u0161en\u00fdch vazeb mezi z\u00e1kladn\u00edmi slo\u017ekami lesn\u00edch ekosyst\u00e9m\u016f (nap\u0159 lesn\u00ed porost-zv\u011b\u0159- pred\u00e1tor)<\/li>\n<\/ul>\n<p>A v z\u00e1v\u011bru d\u016fle\u017eit\u00e9: Pos\u00edlit p\u00e9\u010di o p\u0159irozenou biodiverzitu, zejm\u00e9na pod\u00edl nyn\u00ed minim\u00e1ln\u011b zastoupen\u00fdch d\u0159evin, nap\u0159. buk, klen, jilm, l\u00edpa, ale i jedle a borovice. Z\u00e1rove\u0148 snad nejd\u016fle\u017eit\u011bj\u0161\u00ed v\u011bc: \u00dazem\u00ed ponechan\u00e9 samovoln\u00e9mu v\u00fdvoji z\u00e1sadn\u011b nevyli\u0161ovat v \u00fazem\u00ed, kde dosud nedo\u0161lo k nastartov\u00e1n\u00ed autoregula\u010dn\u00edch proces\u016f!!! Je to z\u00e1klad ochrany lesn\u00edch ekosyst\u00e9m\u016f na \u0160umav\u011b a opak toho, co sou\u010dasn\u00e9 veden\u00ed NP \u0160umava prosazuje. N\u011bco tak \u0161\u00edlen\u00e9ho, jako vyk\u00e1cet les, d\u0159evo odv\u00e9zt, prodat a holiny ponechat bez zalesn\u011bn\u00ed, nep\u0159ipou\u0161t\u00ed nejen z\u00e1kon v les\u00edch hospod\u00e1\u0159sk\u00fdch, ale ani zdrav\u00fd selsk\u00fd, lesnick\u00fd a snad i ochran\u00e1\u0159sk\u00fd rozum. Velice hezky se k t\u00e9to problematice vyjad\u0159uj\u00ed i dva emeritn\u00ed lesni\u010dt\u00ed profeso\u0159i. Pan profesor Fanta v po\u0159adu \u010cT 2 s n\u00e1zvem <a href=\"http:\/\/www.ceskatelevize.cz\/porady\/1095913550-nedej-se\/216562248420024-divocina-evropana-josefa\">Divo\u010dina Evropana Josefa Fanty<\/a>, viz \u010dl\u00e1nek: <a href=\"http:\/\/obcanskymonitoring.cz\/?p=5912\">Ekologicky mysl\u00edc\u00edm lesn\u00edkem se \u010dlov\u011bk rod\u00ed i um\u00edr\u00e1<\/a>.\u00a0Druh\u00fd emeritn\u00ed pan profesor Radom\u00edr Mrkva v \u010dl\u00e1nku: <a href=\"http:\/\/www.silvarium.cz\/zpravy-z-oboru-lesnictvi-a-drevarstvi\/ekologie-nekolik-poslednich-vet-o-np-sumava-neviditelnypes-cz \">N\u011bkolik posledn\u00edch v\u011bt o N\u00e1rodn\u00edm parku \u0160umava<\/a>.<\/p>\n<p>\u017de jsme na \u0160umav\u011b od vzniku n\u00e1rodn\u00edho parku, a\u017e do roku 2010 tyto v\u011bci realizovali, shl\u00e9dnete v po\u0159adu \u010cT 2 P\u0159idej se z r. 2009 s n\u00e1zvem <a href=\"http:\/\/www.ceskatelevize.cz\/ivysilani\/1129337346-pridej-se\/209562248410021\/\">Zachra\u0148te \u0160umavu II. od 4 minuty<\/a>.<br \/>\nZ\u00e1rove\u0148 i n\u00e1zory sou\u010dasn\u00e9ho \u0159editele Mgr. Pavla Huben\u00e9ho, kter\u00fd naprosto v\u0161echny tyto z\u00e1kladn\u00ed po\u017eadavky lesn\u00edch ekosyst\u00e9m\u016f odm\u00edt\u00e1, shl\u00e9dnete na dokumentu \u010cT 2 v po\u0159adu <a href=\"http:\/\/www.ceskatelevize.cz\/porady\/10782831463-nedej-se-plus\/215562248410025-sumava-klid-pred-bouri\/\">\u0160umava p\u0159ed bou\u0159\u00ed<\/a> od 11 minuty tohoto po\u0159adu. V neposledn\u00ed \u0159ad\u011b v po\u0159adu \u010cT2 shl\u00e9dnete up\u0159ednost\u0148ov\u00e1n\u00ed \u00famysln\u00fdch z\u00e1sah\u016f t\u011b\u017ekou technikou, likvidaci \u017eivnostn\u00edk\u016f pracuj\u00edc\u00edch v lese, v\u010detn\u011b m\u00edstn\u00edch velk\u00fdmi firmami, atd \u0159editelem a jeho n\u00e1m\u011bstkem. &#8211; Op\u011bt v po\u0159adu \u010cesk\u00e9 televize s n\u00e1zvem <a href=\"http:\/\/www.ceskatelevize.cz\/porady\/10782831463-nedej-se-plus\/216562248410021-otevreno-nebo-zavreno\/\">Otev\u0159eno nebo zav\u0159eno<\/a>.<br \/>\nCo zb\u00fdv\u00e1 snad na konec? Pop\u0159\u00e1t \u0160umav\u011b, aby bou\u0159i p\u0159e\u017eila a tak, jak to v p\u0159\u00edrod\u011b, kter\u00e1 nezn\u00e1 kompromis, b\u00fdv\u00e1, odstranila to \u0161patn\u00e9, ziskuchtiv\u00e9 a na \u0160umavu nepat\u0159\u00edc\u00ed.<\/p>\n<p>&nbsp;<\/p>\n<p>&nbsp;<\/p>\n<p><a href=\"http:\/\/obcanskymonitoring.cz\/?page_id=3014\">Petr Je\u0161\u00e1tko st.<\/a>\u00a0(Autor je b\u00fdval\u00fd vrchn\u00ed lesn\u00ed inspektor N\u00e1rodn\u00edho parku \u0160umava, nyn\u00ed v d\u016fchodu).<\/p>\n<p><a href=\"http:\/\/www.ceskatelevize.cz\/ivysilani\/1129337346-pridej-se\/209562248410019\/\">Star\u0161\u00ed\u00a0po\u0159ad Petra Je\u0161\u00e1tka pro \u010ceskou televizi<\/a>\u00a0Dal\u0161\u00ed \u010dl\u00e1nky Petra Je\u0161\u00e1tka na na\u0161ich str\u00e1nk\u00e1ch jsou\u00a0<a href=\"http:\/\/obcanskymonitoring.cz\/?s=je%C5%A1%C3%A1tko&amp;x=0&amp;y=0\">zde<\/a>.<\/p>\n<p>Dal\u0161\u00ed \u010dl\u00e1nky na Ob\u010dansk\u00e9m monitoringu k t\u00e9matu \u0160umava si m\u016f\u017eete p\u0159e\u010d\u00edst\u00a0<a href=\"http:\/\/obcanskymonitoring.cz\/?cat=21\">zde<\/a>.<\/p>\n<p>&nbsp;<\/p>\n<div data-counters='1' data-style='square' data-size='regular' data-url='https:\/\/obcanskymonitoring.cz\/?p=6185' data-title='Petr Je\u0161\u00e1tko: Bou\u0159e na \u0160umav\u011b neskon\u010dila' class='linksalpha_container linksalpha_app_3'><a href='\/\/www.linksalpha.com\/share?network='facebook' class='linksalpha_icon_facebook'><\/a><a href='\/\/www.linksalpha.com\/share?network='twitter' class='linksalpha_icon_twitter'><\/a><a href='\/\/www.linksalpha.com\/share?network='googleplus' class='linksalpha_icon_googleplus'><\/a><a href='\/\/www.linksalpha.com\/share?network='mail' class='linksalpha_icon_mail'><\/a><\/div><div data-position='' data-url='https:\/\/obcanskymonitoring.cz\/?p=6185' data-title='Petr Je\u0161\u00e1tko: Bou\u0159e na \u0160umav\u011b neskon\u010dila' class='linksalpha_container linksalpha_app_7'><a href='\/\/www.linksalpha.com\/share?network='facebook' class='linksalpha_icon_facebook'><\/a><a href='\/\/www.linksalpha.com\/share?network='twitter' class='linksalpha_icon_twitter'><\/a><a href='\/\/www.linksalpha.com\/share?network='googleplus' class='linksalpha_icon_googleplus'><\/a><a href='\/\/www.linksalpha.com\/share?network='mail' class='linksalpha_icon_mail'><\/a><\/div>","protected":false},"excerpt":{"rendered":"<p>&nbsp;1,441&nbsp;total views &nbsp; P\u0159etiskujeme nov\u00fd \u010dl\u00e1nek Petra Je\u0161\u00e1tka.<\/p>\n","protected":false},"author":2,"featured_media":0,"comment_status":"open","ping_status":"open","sticky":true,"template":"","format":"standard","meta":[],"categories":[21,29],"tags":[],"_links":{"self":[{"href":"https:\/\/obcanskymonitoring.cz\/index.php?rest_route=\/wp\/v2\/posts\/6185"}],"collection":[{"href":"https:\/\/obcanskymonitoring.cz\/index.php?rest_route=\/wp\/v2\/posts"}],"about":[{"href":"https:\/\/obcanskymonitoring.cz\/index.php?rest_route=\/wp\/v2\/types\/post"}],"author":[{"embeddable":true,"href":"https:\/\/obcanskymonitoring.cz\/index.php?rest_route=\/wp\/v2\/users\/2"}],"replies":[{"embeddable":true,"href":"https:\/\/obcanskymonitoring.cz\/index.php?rest_route=%2Fwp%2Fv2%2Fcomments&post=6185"}],"version-history":[{"count":0,"href":"https:\/\/obcanskymonitoring.cz\/index.php?rest_route=\/wp\/v2\/posts\/6185\/revisions"}],"wp:attachment":[{"href":"https:\/\/obcanskymonitoring.cz\/index.php?rest_route=%2Fwp%2Fv2%2Fmedia&parent=6185"}],"wp:term":[{"taxonomy":"category","embeddable":true,"href":"https:\/\/obcanskymonitoring.cz\/index.php?rest_route=%2Fwp%2Fv2%2Fcategories&post=6185"},{"taxonomy":"post_tag","embeddable":true,"href":"https:\/\/obcanskymonitoring.cz\/index.php?rest_route=%2Fwp%2Fv2%2Ftags&post=6185"}],"curies":[{"name":"wp","href":"https:\/\/api.w.org\/{rel}","templated":true}]}}