{"id":6224,"date":"2017-04-22T10:08:57","date_gmt":"2017-04-22T10:08:57","guid":{"rendered":"http:\/\/obcanskymonitoring.cz\/?p=6224"},"modified":"2017-04-22T10:23:54","modified_gmt":"2017-04-22T10:23:54","slug":"arch-svabova-co-se-to-vlastne-s-tim-marsmelounem-deje","status":"publish","type":"post","link":"https:\/\/obcanskymonitoring.cz\/?p=6224","title":{"rendered":"Arch. \u0160v\u00e1bov\u00e1: Co se to vlastn\u011b s t\u00edm mar\u0161melounem d\u011bje?"},"content":{"rendered":"<div class=\"pvc_clear\"><\/div>\n<p class=\"pvc_stats total_only \" data-element-id=\"6224\" style=\"\"><i class=\"pvc-stats-icon medium\" aria-hidden=\"true\"><svg xmlns=\"http:\/\/www.w3.org\/2000\/svg\" version=\"1.0\" viewBox=\"0 0 502 315\" preserveAspectRatio=\"xMidYMid meet\"><g transform=\"translate(0,332) scale(0.1,-0.1)\" fill=\"\" stroke=\"none\"><path d=\"M2394 3279 l-29 -30 -3 -207 c-2 -182 0 -211 15 -242 39 -76 157 -76 196 0 15 31 17 60 15 243 l-3 209 -33 29 c-26 23 -41 29 -80 29 -41 0 -53 -5 -78 -31z\"\/><path d=\"M3085 3251 c-45 -19 -58 -50 -96 -229 -47 -217 -49 -260 -13 -295 52 -53 146 -42 177 20 16 31 87 366 87 410 0 70 -86 122 -155 94z\"\/><path d=\"M1751 3234 c-13 -9 -29 -31 -37 -50 -12 -29 -10 -49 21 -204 19 -94 39 -189 45 -210 14 -50 54 -80 110 -80 34 0 48 6 76 34 21 21 34 44 34 59 0 14 -18 113 -40 219 -37 178 -43 195 -70 221 -36 32 -101 37 -139 11z\"\/><path d=\"M1163 3073 c-36 -7 -73 -59 -73 -102 0 -56 133 -378 171 -413 34 -32 83 -37 129 -13 70 36 67 87 -16 290 -86 209 -89 214 -129 231 -35 14 -42 15 -82 7z\"\/><path d=\"M3689 3066 c-15 -9 -33 -30 -42 -48 -48 -103 -147 -355 -147 -375 0 -98 131 -148 192 -74 13 15 57 108 97 206 80 196 84 226 37 273 -30 30 -99 39 -137 18z\"\/><path d=\"M583 2784 c-38 -19 -67 -74 -58 -113 9 -42 211 -354 242 -373 16 -10 45 -18 66 -18 51 0 107 52 107 100 0 39 -1 41 -124 234 -80 126 -108 162 -133 173 -41 17 -61 16 -100 -3z\"\/><path d=\"M4250 2784 c-14 -9 -74 -91 -133 -183 -95 -150 -107 -173 -107 -213 0 -55 33 -94 87 -104 67 -13 90 8 211 198 130 202 137 225 78 284 -27 27 -42 34 -72 34 -22 0 -50 -8 -64 -16z\"\/><path d=\"M2275 2693 c-553 -48 -1095 -270 -1585 -649 -135 -104 -459 -423 -483 -476 -23 -49 -22 -139 2 -186 73 -142 361 -457 571 -626 285 -228 642 -407 990 -497 242 -63 336 -73 660 -74 310 0 370 5 595 52 535 111 1045 392 1455 803 122 121 250 273 275 326 19 41 19 137 0 174 -41 79 -309 363 -465 492 -447 370 -946 591 -1479 653 -113 14 -422 18 -536 8z m395 -428 c171 -34 330 -124 456 -258 112 -119 167 -219 211 -378 27 -96 24 -300 -5 -401 -72 -255 -236 -447 -474 -557 -132 -62 -201 -76 -368 -76 -167 0 -236 14 -368 76 -213 98 -373 271 -451 485 -162 444 86 934 547 1084 153 49 292 57 452 25z m909 -232 c222 -123 408 -262 593 -441 76 -74 138 -139 138 -144 0 -16 -233 -242 -330 -319 -155 -123 -309 -223 -461 -299 l-81 -41 32 46 c18 26 49 83 70 128 143 306 141 649 -6 957 -25 52 -61 116 -79 142 l-34 47 45 -20 c26 -10 76 -36 113 -56z m-2057 25 c-40 -58 -105 -190 -130 -263 -110 -324 -59 -707 132 -981 25 -35 42 -64 37 -64 -19 0 -241 119 -326 174 -188 122 -406 314 -532 468 l-58 71 108 103 c185 178 428 349 672 473 66 33 121 60 123 61 2 0 -10 -19 -26 -42z\"\/><path d=\"M2375 1950 c-198 -44 -350 -190 -395 -379 -18 -76 -8 -221 19 -290 114 -284 457 -406 731 -260 98 52 188 154 231 260 27 69 37 214 19 290 -38 163 -166 304 -326 360 -67 23 -215 33 -279 19z\"\/><\/g><\/svg><\/i> &nbsp;1,180&nbsp;total views<\/p>\n<div class=\"pvc_clear\"><\/div>\n<p><a href=\"http:\/\/obcanskymonitoring.cz\/wp-content\/uploads\/2016\/03\/svabova1.png\"><img loading=\"lazy\" class=\"alignnone size-medium wp-image-5303\" alt=\"svabova\" src=\"http:\/\/obcanskymonitoring.cz\/wp-content\/uploads\/2016\/03\/svabova1-250x300.png\" width=\"250\" height=\"300\" srcset=\"https:\/\/obcanskymonitoring.cz\/wp-content\/uploads\/2016\/03\/svabova1-250x300.png 250w, https:\/\/obcanskymonitoring.cz\/wp-content\/uploads\/2016\/03\/svabova1-856x1024.png 856w\" sizes=\"(max-width: 250px) 100vw, 250px\" \/><\/a><\/p>\n<p>P\u0159etiskuji nov\u00fd \u010dl\u00e1nek pan\u00ed architektky \u0160v\u00e1bov\u00e9.<\/p>\n<p><!--more--><\/p>\n<p>V\u00a0m\u00e9di\u00edch jsou protich\u016fdn\u00e9 zpr\u00e1vy \u2013 jednou, \u017ee u\u017e dostal stavebn\u00ed povolen\u00ed, potom zase, \u017ee m\u011bn\u00ed majitele, a \u017ee nikdo nev\u00ed, co bude. Z\u0159ejm\u011b je to nejist\u00e9. Jedno ale jist\u00e9 je \u2013 my, z\u00e1stupci ve\u0159ejnosti ve spolc\u00edch i mimo n\u011b \u2013 sv\u016fj n\u00e1zor na nevhodnou stavbu nezm\u011bn\u00edme.<\/p>\n<p>Ti, kte\u0159\u00ed zaplnili Vodi\u010dkovu ulici od Novom\u011bstsk\u00e9 radnice po pas\u00e1\u017e U Nov\u00e1k\u016f, spolek U Milosrdn\u00fdch, ASDORKD, Ob\u010dansk\u00fd monitoring a v\u0161ichni ti lid\u00e9, s\u00a0krabicemi \u2013 maskami z\u00a0mar\u0161melounu na hlav\u00e1ch i bez nich, nezn\u00e1m\u00ed ob\u010dan\u00e9 i zn\u00e1m\u00ed aktivist\u00e9, poslanci i zastupitel\u00e9 z\u00a0Magistr\u00e1tu, pam\u00e1tk\u00e1\u0159i i laici jist\u011b v\u011bd\u011bli a st\u00e1le v\u011bd\u00ed, co jim vad\u00ed a co cht\u011bj\u00ed.<\/p>\n<p>&nbsp;<\/p>\n<p><a href=\"http:\/\/obcanskymonitoring.cz\/wp-content\/uploads\/2017\/04\/marsmeloun-demonstrace.jpg\"><img loading=\"lazy\" class=\"alignnone size-medium wp-image-6226\" alt=\"marsmeloun demonstrace\" src=\"http:\/\/obcanskymonitoring.cz\/wp-content\/uploads\/2017\/04\/marsmeloun-demonstrace-300x224.jpg\" width=\"300\" height=\"224\" srcset=\"https:\/\/obcanskymonitoring.cz\/wp-content\/uploads\/2017\/04\/marsmeloun-demonstrace-300x224.jpg 300w, https:\/\/obcanskymonitoring.cz\/wp-content\/uploads\/2017\/04\/marsmeloun-demonstrace.jpg 726w\" sizes=\"(max-width: 300px) 100vw, 300px\" \/><\/a><\/p>\n<p>Demonstrace p\u0159ed \u00da\u0159adem m\u011bstsk\u00e9 \u010d\u00e1sti Prahy 1<\/p>\n<p>&nbsp;<\/p>\n<p>Media i autor projektu vysv\u011btluj\u00ed nespokojenost ve\u0159ejnosti velmi jednodu\u0161e: Nel\u00edb\u00ed se jim r\u016f\u017eov\u00e1 a \u0161ed\u00e1, ti pros\u0165\u00e1\u010dkov\u00e9 nev\u011bd\u00ed, \u017ee jsme tam tyto barvy ani d\u00e1t necht\u011bli \u2013 tak o\u010d vlastn\u011b jde? Etablovan\u00e9 elity h\u00e1j\u00ed mar\u0161meloun: \u201ePraha pot\u0159ebuje v\u00fdst\u0159edn\u00ed stavby, stavba mus\u00ed budit emoce, je jedno jak\u00e9, na modern\u00ed architekturu si mus\u00edte zvykat\u201c. Podobn\u00fdmi nepodlo\u017een\u00fdmi argumenty ne\u0161et\u0159\u00ed. Pam\u00e1tk\u00e1\u0159i ud\u011blili souhlas. Co n\u00e1m \u201elaik\u016fm z ulice\u201c tedy vad\u00ed? Roztomil\u00e9 barvy z\u00a0\u00fazemn\u00edho \u0159\u00edzen\u00ed opravdu podstatn\u00e9 nejsou.<\/p>\n<p><b>Vad\u00ed n\u00e1m<\/b>, \u017ee mar\u0161meloun p\u0159evy\u0161uje fas\u00e1dy kostela sv. Franti\u0161ka i Salv\u00e1tora v\u00a0kl\u00e1\u0161te\u0159e sv. Ane\u017eky \u010cesk\u00e9 o 5,6 m, \u0161pit\u00e1l sv. \u0160imona a Judy Tade\u00e1\u0161e o 3,65m a fas\u00e1dy barokn\u00ed z\u00e1stavby ulice u Milosrdn\u00fdch, na kterou t\u011bsn\u011b navazuje, o ne\u00fanosn\u00fdch 12m! Auto\u0159i jsou si sv\u00e9 viny asi pon\u011bkud v\u011bdomi, proto\u017ee pon\u011bkud zfal\u0161ovali vizualizaci od rohu Obecn\u00edho dvora. Moc to stejn\u011b nepomohlo. \u00da\u010dinn\u011bj\u0161\u00ed byly z\u00e1b\u011bry z\u00a0pta\u010d\u00ed perspektivy \u2013 to je ov\u011b\u0159en\u00e1 pomoc, zkracuj\u00ed v\u00fd\u0161ky a tedy i rozd\u00edly mezi nimi.<\/p>\n<p><b>Vad\u00ed n\u00e1m<\/b>, \u017ee mohutn\u00e1 hmota mar\u0161melounu a jeho utilit\u00e1rn\u00ed funkce degraduje n\u00e1rodn\u00ed kulturn\u00ed pam\u00e1tku prvo\u0159ad\u00e9ho historick\u00e9ho v\u00fdznamu. Pam\u00e1tk\u00e1\u0159i souhlas\u00ed, a\u010dkoliv n\u00e1\u0161 st\u00e1t ji\u017e v\u00a0r. 1964 podepsali Ben\u00e1tskou chartu, jej\u00ed\u017e \u010dl\u00e1nek 6. zn\u00ed: \u201eKonzervace pam\u00e1tky v\u00a0sob\u011b zahrnuje uchov\u00e1n\u00ed jej\u00edho prost\u0159ed\u00ed v\u00a0odpov\u00eddaj\u00edc\u00edm m\u011b\u0159\u00edtku. Ka\u017edou novostavbu, demolici \u010di \u00fapravu, kter\u00e1 by zm\u011bnila vztahy objem\u016f a barev, je t\u0159eba zam\u00edtnout.\u201c<\/p>\n<p>Oba kl\u00e1\u0161tery, mezi kter\u00e9 se mar\u0161meloun tla\u010d\u00ed, jsou s\u00a0kostelem sv. Ha\u0161tala v\u00fdznamn\u00fdmi dominantami historick\u00e9ho \u00fazem\u00ed, kter\u00e9 sice rozru\u0161ila asanace, ale jeho dominanty a historick\u00e1 uli\u010dn\u00ed s\u00ed\u0165 st\u00e1le udr\u017euj\u00ed kontinuitu s\u00a0d\u00e1vnou p\u0159edm\u011bstskou z\u00e1stavbou a stmeluj\u00ed v\u0161e do\u00a0charakteristick\u00e9ho celku.<\/p>\n<p><b>Vad\u00ed n\u00e1m<\/b>, \u017ee mar\u0161meloun je koncipov\u00e1n jako solit\u00e9r \u2013 dokonce s\u00a0jak\u00fdmsi n\u00e1znakem \u010destn\u00e9ho dvora. T\u00edm ru\u0161\u00ed identitu zdej\u0161\u00edch ulic, kter\u00e1 je d\u00e1na pevn\u00fdm vymezen\u00edm \u0159adovou z\u00e1stavbou.<\/p>\n<p>Panorama t\u00e9to oblasti je d\u00e1no p\u0159eva\u017euj\u00edc\u00edmi keramick\u00fdmi st\u0159echami \u2013 m\u011b\u0159\u00edtko jejich struktury ur\u010duj\u00ed je\u0161t\u011b naprostou v\u011bt\u0161inou gotick\u00e9 parcely dom\u016f, kter\u00e9 zast\u0159e\u0161uj\u00ed. <b>Vad\u00ed n\u00e1m<\/b>, \u017ee to v\u0161e ni\u010d\u00ed mar\u0161meloun mohutnou plochou st\u0159echou s\u00a0technick\u00fdmi prvky. Po\u0161kozuje tak nejen sv\u00e9 okol\u00ed, ale celom\u011bstsk\u00e9 panorama.<\/p>\n<p>Mohli bychom pokra\u010dovat d\u00e1le, ale ji\u017e popsan\u00e9 rozpory s\u00a0prost\u0159ed\u00edm sta\u010d\u00ed, aby bylo jasn\u00e9, \u017ee je n\u00e1vrh t\u00e9to novostavby nep\u0159ijateln\u00fd.<\/p>\n<p><b>\u017d\u00e1d\u00e1me <\/b>p\u0159epracov\u00e1n\u00ed n\u00e1zoru na citliv\u00e9 \u00fazem\u00ed mezi ob\u011bma kl\u00e1\u0161tery studi\u00ed \u0161ir\u0161\u00edho \u00fazem\u00ed, vych\u00e1zej\u00edc\u00ed z\u00a0jeho urbanistick\u00fdch a architektonick\u00fdch hodnot, v\u010detn\u011b nov\u00e9ho zv\u00e1\u017een\u00ed jeho funk\u010dn\u00edho vyu\u017eit\u00ed, odpov\u00eddaj\u00edc\u00edmu limitovan\u00e9mu objemu.<\/p>\n<p><b>\u017d\u00e1d\u00e1me<\/b> koncep\u010dn\u00ed ochranu na\u0161ich historick\u00fdch m\u011bst. Pot\u0159ebuj\u00ed sou\u010dasnou architekturu, ale ne za cenu ztr\u00e1ty sv\u00fdch nenahraditeln\u00fdch hodnot. Proto jsme zaplnili Vodi\u010dkovu ulici.<\/p>\n<p>&nbsp;<\/p>\n<p>&nbsp;<\/p>\n<p>Ing. arch. Marie \u0160v\u00e1bov\u00e1<\/p>\n<p>ASORKD<\/p>\n<p><a href=\"http:\/\/www.asorkd\/\">www.asorkd<\/a>.cz<\/p>\n<p>&nbsp;<\/p>\n<p>Spolek U Milosrdn\u00fdch<\/p>\n<p>Marie Form\u00e1nkov\u00e1<\/p>\n<p>&nbsp;<\/p>\n<p>Ob\u010dansk\u00fd monitoring<\/p>\n<p>V\u00edt\u011bzslav Praks<\/p>\n<p>&nbsp;<\/p>\n<p>&nbsp;<\/p>\n<p>Dal\u0161\u00ed \u010dl\u00e1nky na t\u00e9ma kauzy Mar\u0161meloun si m\u016f\u017eete p\u0159e\u010d\u00edst\u00a0<a href=\"http:\/\/obcanskymonitoring.cz\/?s=mar%C5%A1meloun&amp;x=0&amp;y=0\">zde<\/a>.<\/p>\n<p>Dal\u0161\u00ed \u010dl\u00e1nky pan\u00ed architektky \u0160v\u00e1bov\u00e9 si m\u016f\u017eete p\u0159e\u010d\u00edst\u00a0<a href=\"http:\/\/obcanskymonitoring.cz\/?s=%C5%A1v%C3%A1bov&amp;x=0&amp;y=0\">zde<\/a>.<\/p>\n<p>Dal\u0161\u00ed \u010dl\u00e1nky kategorie Pam\u00e1tky si\u00a0m\u016f\u017eete p\u0159e\u010d\u00edst\u00a0<a href=\"http:\/\/obcanskymonitoring.cz\/?cat=41\">zde<\/a>.<\/p>\n<div data-counters='1' data-style='square' data-size='regular' data-url='https:\/\/obcanskymonitoring.cz\/?p=6224' data-title='Arch. \u0160v\u00e1bov\u00e1: Co se to vlastn\u011b s t\u00edm mar\u0161melounem d\u011bje?' class='linksalpha_container linksalpha_app_3'><a href='\/\/www.linksalpha.com\/share?network='facebook' class='linksalpha_icon_facebook'><\/a><a href='\/\/www.linksalpha.com\/share?network='twitter' class='linksalpha_icon_twitter'><\/a><a href='\/\/www.linksalpha.com\/share?network='googleplus' class='linksalpha_icon_googleplus'><\/a><a href='\/\/www.linksalpha.com\/share?network='mail' class='linksalpha_icon_mail'><\/a><\/div><div data-position='' data-url='https:\/\/obcanskymonitoring.cz\/?p=6224' data-title='Arch. \u0160v\u00e1bov\u00e1: Co se to vlastn\u011b s t\u00edm mar\u0161melounem d\u011bje?' class='linksalpha_container linksalpha_app_7'><a href='\/\/www.linksalpha.com\/share?network='facebook' class='linksalpha_icon_facebook'><\/a><a href='\/\/www.linksalpha.com\/share?network='twitter' class='linksalpha_icon_twitter'><\/a><a href='\/\/www.linksalpha.com\/share?network='googleplus' class='linksalpha_icon_googleplus'><\/a><a href='\/\/www.linksalpha.com\/share?network='mail' class='linksalpha_icon_mail'><\/a><\/div>","protected":false},"excerpt":{"rendered":"<p>&nbsp;1,180&nbsp;total views P\u0159etiskuji nov\u00fd \u010dl\u00e1nek pan\u00ed architektky \u0160v\u00e1bov\u00e9.<\/p>\n","protected":false},"author":2,"featured_media":0,"comment_status":"open","ping_status":"open","sticky":true,"template":"","format":"standard","meta":[],"categories":[41],"tags":[],"_links":{"self":[{"href":"https:\/\/obcanskymonitoring.cz\/index.php?rest_route=\/wp\/v2\/posts\/6224"}],"collection":[{"href":"https:\/\/obcanskymonitoring.cz\/index.php?rest_route=\/wp\/v2\/posts"}],"about":[{"href":"https:\/\/obcanskymonitoring.cz\/index.php?rest_route=\/wp\/v2\/types\/post"}],"author":[{"embeddable":true,"href":"https:\/\/obcanskymonitoring.cz\/index.php?rest_route=\/wp\/v2\/users\/2"}],"replies":[{"embeddable":true,"href":"https:\/\/obcanskymonitoring.cz\/index.php?rest_route=%2Fwp%2Fv2%2Fcomments&post=6224"}],"version-history":[{"count":0,"href":"https:\/\/obcanskymonitoring.cz\/index.php?rest_route=\/wp\/v2\/posts\/6224\/revisions"}],"wp:attachment":[{"href":"https:\/\/obcanskymonitoring.cz\/index.php?rest_route=%2Fwp%2Fv2%2Fmedia&parent=6224"}],"wp:term":[{"taxonomy":"category","embeddable":true,"href":"https:\/\/obcanskymonitoring.cz\/index.php?rest_route=%2Fwp%2Fv2%2Fcategories&post=6224"},{"taxonomy":"post_tag","embeddable":true,"href":"https:\/\/obcanskymonitoring.cz\/index.php?rest_route=%2Fwp%2Fv2%2Ftags&post=6224"}],"curies":[{"name":"wp","href":"https:\/\/api.w.org\/{rel}","templated":true}]}}