{"id":6235,"date":"2017-04-25T17:42:37","date_gmt":"2017-04-25T17:42:37","guid":{"rendered":"http:\/\/obcanskymonitoring.cz\/?p=6235"},"modified":"2017-04-26T12:47:05","modified_gmt":"2017-04-26T12:47:05","slug":"arch-svabova-divoka-privatizace-pokracuje","status":"publish","type":"post","link":"https:\/\/obcanskymonitoring.cz\/?p=6235","title":{"rendered":"Arch. \u0160v\u00e1bov\u00e1: Divok\u00e1 privatizace pokra\u010duje"},"content":{"rendered":"<div class=\"pvc_clear\"><\/div>\n<p class=\"pvc_stats total_only \" data-element-id=\"6235\" style=\"\"><i class=\"pvc-stats-icon medium\" aria-hidden=\"true\"><svg xmlns=\"http:\/\/www.w3.org\/2000\/svg\" version=\"1.0\" viewBox=\"0 0 502 315\" preserveAspectRatio=\"xMidYMid meet\"><g transform=\"translate(0,332) scale(0.1,-0.1)\" fill=\"\" stroke=\"none\"><path d=\"M2394 3279 l-29 -30 -3 -207 c-2 -182 0 -211 15 -242 39 -76 157 -76 196 0 15 31 17 60 15 243 l-3 209 -33 29 c-26 23 -41 29 -80 29 -41 0 -53 -5 -78 -31z\"\/><path d=\"M3085 3251 c-45 -19 -58 -50 -96 -229 -47 -217 -49 -260 -13 -295 52 -53 146 -42 177 20 16 31 87 366 87 410 0 70 -86 122 -155 94z\"\/><path d=\"M1751 3234 c-13 -9 -29 -31 -37 -50 -12 -29 -10 -49 21 -204 19 -94 39 -189 45 -210 14 -50 54 -80 110 -80 34 0 48 6 76 34 21 21 34 44 34 59 0 14 -18 113 -40 219 -37 178 -43 195 -70 221 -36 32 -101 37 -139 11z\"\/><path d=\"M1163 3073 c-36 -7 -73 -59 -73 -102 0 -56 133 -378 171 -413 34 -32 83 -37 129 -13 70 36 67 87 -16 290 -86 209 -89 214 -129 231 -35 14 -42 15 -82 7z\"\/><path d=\"M3689 3066 c-15 -9 -33 -30 -42 -48 -48 -103 -147 -355 -147 -375 0 -98 131 -148 192 -74 13 15 57 108 97 206 80 196 84 226 37 273 -30 30 -99 39 -137 18z\"\/><path d=\"M583 2784 c-38 -19 -67 -74 -58 -113 9 -42 211 -354 242 -373 16 -10 45 -18 66 -18 51 0 107 52 107 100 0 39 -1 41 -124 234 -80 126 -108 162 -133 173 -41 17 -61 16 -100 -3z\"\/><path d=\"M4250 2784 c-14 -9 -74 -91 -133 -183 -95 -150 -107 -173 -107 -213 0 -55 33 -94 87 -104 67 -13 90 8 211 198 130 202 137 225 78 284 -27 27 -42 34 -72 34 -22 0 -50 -8 -64 -16z\"\/><path d=\"M2275 2693 c-553 -48 -1095 -270 -1585 -649 -135 -104 -459 -423 -483 -476 -23 -49 -22 -139 2 -186 73 -142 361 -457 571 -626 285 -228 642 -407 990 -497 242 -63 336 -73 660 -74 310 0 370 5 595 52 535 111 1045 392 1455 803 122 121 250 273 275 326 19 41 19 137 0 174 -41 79 -309 363 -465 492 -447 370 -946 591 -1479 653 -113 14 -422 18 -536 8z m395 -428 c171 -34 330 -124 456 -258 112 -119 167 -219 211 -378 27 -96 24 -300 -5 -401 -72 -255 -236 -447 -474 -557 -132 -62 -201 -76 -368 -76 -167 0 -236 14 -368 76 -213 98 -373 271 -451 485 -162 444 86 934 547 1084 153 49 292 57 452 25z m909 -232 c222 -123 408 -262 593 -441 76 -74 138 -139 138 -144 0 -16 -233 -242 -330 -319 -155 -123 -309 -223 -461 -299 l-81 -41 32 46 c18 26 49 83 70 128 143 306 141 649 -6 957 -25 52 -61 116 -79 142 l-34 47 45 -20 c26 -10 76 -36 113 -56z m-2057 25 c-40 -58 -105 -190 -130 -263 -110 -324 -59 -707 132 -981 25 -35 42 -64 37 -64 -19 0 -241 119 -326 174 -188 122 -406 314 -532 468 l-58 71 108 103 c185 178 428 349 672 473 66 33 121 60 123 61 2 0 -10 -19 -26 -42z\"\/><path d=\"M2375 1950 c-198 -44 -350 -190 -395 -379 -18 -76 -8 -221 19 -290 114 -284 457 -406 731 -260 98 52 188 154 231 260 27 69 37 214 19 290 -38 163 -166 304 -326 360 -67 23 -215 33 -279 19z\"\/><\/g><\/svg><\/i> &nbsp;1,257&nbsp;total views<\/p>\n<div class=\"pvc_clear\"><\/div>\n<p><a href=\"http:\/\/obcanskymonitoring.cz\/wp-content\/uploads\/2016\/03\/svabova1.png\"><img loading=\"lazy\" class=\"alignnone size-medium wp-image-5303\" alt=\"svabova\" src=\"http:\/\/obcanskymonitoring.cz\/wp-content\/uploads\/2016\/03\/svabova1-250x300.png\" width=\"250\" height=\"300\" srcset=\"https:\/\/obcanskymonitoring.cz\/wp-content\/uploads\/2016\/03\/svabova1-250x300.png 250w, https:\/\/obcanskymonitoring.cz\/wp-content\/uploads\/2016\/03\/svabova1-856x1024.png 856w\" sizes=\"(max-width: 250px) 100vw, 250px\" \/><\/a><\/p>\n<p>P\u0159etiskuji nov\u00fd \u010dl\u00e1nek pan\u00ed architektky \u0160v\u00e1bov\u00e9.<\/p>\n<p><!--more--><\/p>\n<p>&nbsp;<\/p>\n<p>Divok\u00e1 privatizace v\u00a090. letech zni\u010dila majetek na\u0161eho st\u00e1tu. Druh\u00e1 vlna \u2013 privatizace na\u0161\u00ed kultury, na\u0161ich pam\u00e1tek \u2013 ni\u010d\u00ed nav\u00edc identitu n\u00e1roda, jeho du\u0161i. V\u00a0dne\u0161n\u00edch dnech ude\u0159ila demolic\u00ed tzv. Koz\u00e1kova domu na rohu Opletalovy a V\u00e1clavsk\u00e9ho n\u00e1m\u011bst\u00ed. Nejde tu jen o jeden d\u016fm, ale o cel\u00e9 n\u00e1m\u011bst\u00ed.<\/p>\n<p>Koz\u00e1k\u016fv d\u016fm nen\u00ed kulturn\u00ed pam\u00e1tkou, ale spoluvytv\u00e1\u0159\u00ed urbanistick\u00e9 prost\u0159ed\u00ed Muzea a svatov\u00e1clavsk\u00e9ho souso\u0161\u00ed, horn\u00ed \u010d\u00e1st V\u00e1clavsk\u00e9ho n\u00e1m\u011bst\u00ed &#8211; kultovn\u00ed prostor n\u00e1roda. Pod\u00edl\u00ed se na st\u0159\u00eddmosti architektury horn\u00ed \u010d\u00e1sti n\u00e1m\u011bst\u00ed zv\u00fdraz\u0148uj\u00edc\u00ed dominantn\u00ed postaven\u00ed Musea a svatov\u00e1clavsk\u00e9ho souso\u0161\u00ed, na monumentalit\u011b cel\u00e9ho prostoru. \u201eKv\u011btinov\u00fd d\u016fm\u201c, kter\u00fd m\u00e1 Koz\u00e1k\u016fv d\u016fm nahradit, rozhodn\u011b nen\u00ed p\u0159ipraven jeho \u00falohu plnit. Jako typick\u00fd representant developersk\u00e9 architektury se sna\u017e\u00ed ve sv\u016fj prosp\u011bch zm\u011bnit \u0159\u00e1d prostoru, do kter\u00e9ho vstupuje. Upout\u00e1v\u00e1 pozornost na \u00fakor sv\u00e9ho okol\u00ed. Poru\u0161uje integritu prostoru ne\u00fam\u011brn\u00fdm akcentem n\u00e1ro\u017e\u00ed, odli\u0161n\u00fdm m\u011b\u0159\u00edtkem, odli\u0161n\u00fdm materi\u00e1lem. Prolomen\u00edm svisl\u00e9 roviny fas\u00e1dy pou\u017e\u00edv\u00e1 architektonick\u00e9 prost\u0159edky solit\u00e9ru, kter\u00fdm v\u00a0\u0159adov\u00e9 z\u00e1stavb\u011b nen\u00ed. To v\u0161e oslabuje dominantn\u00ed postaven\u00ed Musea a poru\u0161uje \u0159\u00e1d cel\u00e9ho n\u00e1m\u011bst\u00ed. Koz\u00e1k\u016fv d\u016fm nen\u00ed registrovanou kulturn\u00ed pam\u00e1tkou, ale jeho urbanistick\u00e1 hodnota a kvalita jeho fas\u00e1dy reprezentuj\u00edc\u00ed architekturu sv\u00e9 doby a kontinuitu m\u00edsta, jsou pro hlavn\u00ed n\u00e1m\u011bst\u00ed na\u0161\u00ed metropole nenahraditeln\u00e9.<\/p>\n<p>V\u00e1clavsk\u00e9 n\u00e1m\u011bst\u00ed m\u00e1 dosud 2 \u010d\u00e1sti: hlu\u010dn\u00fd, r\u016fznorod\u00fd bulv\u00e1r s\u00a0variabiln\u00ed siluetou do poloviny bloku mezi Opletalovou a Jind\u0159i\u0161skou, na prot\u011bj\u0161\u00ed stran\u011b k\u00a0ulici \u0160t\u011bp\u00e1nsk\u00e9, a horn\u00ed \u010d\u00e1st, charakteristickou sjednocenou siluetou bez akcent\u016f a ploch\u00fdmi fas\u00e1dami s\u00a0v\u00fdrazn\u00fdm pod\u00edlem om\u00edtan\u00fdch ploch. Odli\u0161nost t\u011bchto dvou \u010d\u00e1st\u00ed vytv\u00e1\u0159\u00ed celek n\u00e1m\u011bst\u00ed, jeho identitu. Postoup\u00ed-li \u017eivost siluety a v\u00fdrazn\u00e1 r\u016fznorodost architektonick\u00fdch prost\u0159edk\u016f bl\u00ed\u017ee k\u00a0Museu, stane se z\u00a0n\u00e1m\u011bst\u00ed pouh\u00fd bulv\u00e1r, nahodile uzav\u0159en\u00fd fas\u00e1dou Musea. Nejde jen o Koz\u00e1k\u016fv d\u016fm, jde o cel\u00e9 V\u00e1clavsk\u00e9 n\u00e1m\u011bst\u00ed.<\/p>\n<p><a href=\"http:\/\/obcanskymonitoring.cz\/wp-content\/uploads\/2017\/04\/flow-1.png\"><img loading=\"lazy\" class=\"alignnone size-medium wp-image-6236\" alt=\"flow 1\" src=\"http:\/\/obcanskymonitoring.cz\/wp-content\/uploads\/2017\/04\/flow-1-300x174.png\" width=\"300\" height=\"174\" srcset=\"https:\/\/obcanskymonitoring.cz\/wp-content\/uploads\/2017\/04\/flow-1-300x174.png 300w, https:\/\/obcanskymonitoring.cz\/wp-content\/uploads\/2017\/04\/flow-1-1024x594.png 1024w, https:\/\/obcanskymonitoring.cz\/wp-content\/uploads\/2017\/04\/flow-1.png 1277w\" sizes=\"(max-width: 300px) 100vw, 300px\" \/><\/a><\/p>\n<p>&nbsp;<\/p>\n<p>V\u00e1clavsk\u00e9 n\u00e1m\u011bst\u00ed s \u201ckv\u011btinov\u00fdm domem\u201c- na vizualizac\u00edch developera je akcent n\u00e1ro\u017e\u00ed z\u00e1m\u011brn\u011b potla\u010dov\u00e1n.<\/p>\n<p>Prost\u0159ed\u00ed pam\u00e1tek je v\u017edy atraktivn\u00ed; developer v\u00a0jejich bl\u00edzkosti vid\u00ed p\u0159edev\u0161\u00edm pen\u00edze. Proto\u017ee na\u0161e pam\u00e1tkov\u00e1 p\u00e9\u010de m\u00e1 pouze koncepci ochrany jednotliv\u00fdch pam\u00e1tek a nechr\u00e1n\u00ed urbanistick\u00e9 hodnoty m\u011bst, proto\u017ee nem\u00e1me regula\u010dn\u00ed pl\u00e1n historick\u00e9ho centra, rozhoduj\u00ed o podob\u011b m\u011bsta develope\u0159i a \u00fa\u0159edn\u00edci. Ti maj\u00ed neomezenou moc nad rozhodov\u00e1n\u00edm o ka\u017ed\u00e9m p\u0159\u00edpadu jednotliv\u011b, neexistuje jednotn\u00e1 koncepce ochrany historick\u00fdch m\u011bst. Jmenovit\u011b nechr\u00e1n\u011bn\u00e9 objekty, kter\u00e9 vytv\u00e1\u0159ej\u00ed urbanistickou hodnotu pam\u00e1tek a jsou ned\u00edlnou sou\u010d\u00e1st\u00ed identity m\u011bsta, jsou bez ochrany. \u00da\u0159edn\u00edk\u016fm nic nebr\u00e1n\u00ed v\u00a0divok\u00e9 privatizaci toho, co jim nepat\u0159\u00ed, kulturn\u00edho d\u011bdictv\u00ed n\u00e1roda, do kter\u00e9ho i nechr\u00e1n\u011bn\u00e1 z\u00e1stavba pat\u0159\u00ed. Byrokratick\u00e1 rozhodnut\u00ed jsou anonymn\u00ed \u2013 rozhoduje \u00fa\u0159ad. Maj\u00ed ti, kdo rozhodli o po\u0161kozen\u00ed V\u00e1clavsk\u00e9ho n\u00e1m\u011bst\u00ed, odvahu se p\u0159edstavit a sv\u00e9 rozhodnut\u00ed vysv\u011btlit?<\/p>\n<p>Jedin\u00e1 protiv\u00e1ha upev\u0148uj\u00edc\u00ed se moci instituc\u00ed je participace ve\u0159ejnosti na rozhodov\u00e1n\u00ed \u2013 nejen v\u00a0pam\u00e1tk\u00e1ch. Ob\u010dan\u00e9 svou v\u016fli d\u016fm zachr\u00e1nit d\u016frazn\u011b vyj\u00e1d\u0159ili. Demolice Koz\u00e1kova domu je v\u00fdrazem arogantn\u00edho pohrd\u00e1n\u00ed ob\u010danskou spole\u010dnost\u00ed a jej\u00edmi pr\u00e1vy k vlastn\u00edmu \u017eivotn\u00edmu prost\u0159ed\u00ed \u2013 k m\u011bstu. V\u00a0sou\u010dasnosti jsme sv\u011bdky snahy pr\u00e1va ve\u0159ejnosti v\u00fdrazn\u011b omezovat ve v\u0161ech oblastech. D\u016frazn\u011b p\u0159ipom\u00edn\u00e1me, \u017ee bez zastoupen\u00ed p\u0159\u00edm\u00e9 demokracie jej\u00ed zastupitelsk\u00e1 forma degeneruje na autoritativn\u00ed a korup\u010dn\u00ed byrokratick\u00fd syst\u00e9m.<\/p>\n<p>&nbsp;<\/p>\n<p><a href=\"http:\/\/obcanskymonitoring.cz\/wp-content\/uploads\/2017\/04\/kozakuv-dum.png\"><img loading=\"lazy\" class=\"alignnone size-medium wp-image-6237\" alt=\"kozakuv dum\" src=\"http:\/\/obcanskymonitoring.cz\/wp-content\/uploads\/2017\/04\/kozakuv-dum-280x300.png\" width=\"280\" height=\"300\" srcset=\"https:\/\/obcanskymonitoring.cz\/wp-content\/uploads\/2017\/04\/kozakuv-dum-280x300.png 280w, https:\/\/obcanskymonitoring.cz\/wp-content\/uploads\/2017\/04\/kozakuv-dum-958x1024.png 958w, https:\/\/obcanskymonitoring.cz\/wp-content\/uploads\/2017\/04\/kozakuv-dum.png 1398w\" sizes=\"(max-width: 280px) 100vw, 280px\" \/><\/a><\/p>\n<p>&nbsp;<\/p>\n<p>Harmonick\u00fd vztah se sousedn\u00ed Jaltou (kulturn\u00ed pam\u00e1tka) je dal\u0161\u00ed p\u0159ednost\u00ed Koz\u00e1kova domu<\/p>\n<p>V\u00a0roce 1964 p\u0159istoupil n\u00e1\u0161 st\u00e1t k<b>\u00a0Ben\u00e1tsk\u00e9 chart\u011b. <\/b>T\u00edm jsme se zav\u00e1zali, \u017ee zachov\u00e1me pam\u00e1tk\u00e1m jejich prost\u0159ed\u00ed v\u00a0odpov\u00eddaj\u00edc\u00edm m\u011b\u0159\u00edtku. Ani 53 let nesta\u010dilo, aby na\u0161e pam\u00e1tkov\u00e1 p\u00e9\u010de pochopila v\u00fdznam tohoto z\u00e1vazku a za\u010dala ho napl\u0148ovat.<\/p>\n<p>Pr\u00e1v\u011b se intenzivn\u011b zpracov\u00e1v\u00e1 Metropolitn\u00ed pl\u00e1n \u2013 dokon\u010den\u00ed se \u010dek\u00e1 v\u00a0r. 2020. Zat\u00edm se ale zd\u00e1, \u017ee koncepci budouc\u00ed Prahy vy\u0159e\u0161\u00ed p\u0159edev\u0161\u00edm develope\u0159i. Divok\u00e1 privatizace jim to umo\u017e\u0148uje. Co zbude k\u00a0\u0159e\u0161en\u00ed Metropolitn\u00edmu pl\u00e1nu, p\u0159estav\u00ed-li historick\u00e9 centrum i jeho okol\u00ed se souhlasem pam\u00e1tkov\u00e9 p\u00e9\u010de, prosad\u00ed-li se nehor\u00e1zn\u00fd developersk\u00fd projekt z\u00e1stavby uvoln\u011bn\u00fdch ploch po n\u00e1dra\u017e\u00ed Bubny a \u010d\u00e1sti koleji\u0161t\u011b n\u00e1dra\u017e\u00ed Masarykova a jin\u00e9 hroz\u00edc\u00ed akce? Jak je mo\u017en\u00e9, \u017ee se uva\u017euje o projektu tak obrovsk\u00e9ho rozsahu bez jak\u00e9koli koordinace s celkovou koncepci metropole a bez projedn\u00e1n\u00ed s\u00a0ob\u010dany m\u011bsta? Nebo je to za\u010dlen\u011bn\u00ed do MP tajn\u00e9 a s\u00a0ve\u0159ejnost\u00ed se u n\u00e1s nepo\u010d\u00edt\u00e1?<\/p>\n<p>M\u00e1 v\u016fbec smysl v\u00a0takov\u00e9m prost\u0159ed\u00ed zpracov\u00e1vat \u00fazemn\u00ed pl\u00e1n?<\/p>\n<p>&nbsp;<\/p>\n<p>16.04.2017\u00a0\u00a0\u00a0\u00a0\u00a0\u00a0\u00a0\u00a0\u00a0\u00a0\u00a0\u00a0\u00a0 <b>\u00a0\u00a0\u00a0\u00a0\u00a0\u00a0\u00a0\u00a0\u00a0\u00a0\u00a0\u00a0\u00a0\u00a0\u00a0\u00a0\u00a0\u00a0\u00a0\u00a0\u00a0\u00a0\u00a0\u00a0\u00a0\u00a0\u00a0\u00a0\u00a0\u00a0\u00a0\u00a0\u00a0\u00a0\u00a0\u00a0\u00a0\u00a0\u00a0\u00a0\u00a0\u00a0\u00a0\u00a0\u00a0\u00a0\u00a0\u00a0\u00a0\u00a0\u00a0\u00a0\u00a0\u00a0\u00a0\u00a0\u00a0\u00a0\u00a0\u00a0\u00a0\u00a0\u00a0<\/b>Ing. arch. Marie \u0160v\u00e1bov\u00e1<\/p>\n<p>vicepresidentka ASORKD<\/p>\n<p><a href=\"http:\/\/www.asord.cz\/\">www.asorkd.cz<\/a><\/p>\n<p>&nbsp;<\/p>\n<p>Dal\u0161\u00ed \u010dl\u00e1nky o kauze Koz\u00e1kova domu na V\u00e1clavsk\u00e9m n\u00e1m\u011bst\u00ed na str\u00e1nk\u00e1ch Ob\u010dansk\u00e9ho monitoringu si m\u016f\u017eete p\u0159e\u010d\u00edst\u00a0<a href=\"http:\/\/obcanskymonitoring.cz\/?s=koz%C3%A1kova+domu&amp;x=0&amp;y=0\">zde<\/a>.<\/p>\n<p>Dal\u0161\u00ed \u010dl\u00e1nky pan\u00ed architektky \u0160v\u00e1bov\u00e9 si m\u016f\u017eete p\u0159e\u010d\u00edst\u00a0<a href=\"http:\/\/obcanskymonitoring.cz\/?s=%C5%A1v%C3%A1bov&amp;x=0&amp;y=0\">zde<\/a>.<\/p>\n<p>Dal\u0161\u00ed \u010dl\u00e1nky kategorie Pam\u00e1tky si\u00a0m\u016f\u017eete p\u0159e\u010d\u00edst\u00a0<a href=\"http:\/\/obcanskymonitoring.cz\/?cat=41\">zde<\/a>.<\/p>\n<div data-counters='1' data-style='square' data-size='regular' data-url='https:\/\/obcanskymonitoring.cz\/?p=6235' data-title='Arch. \u0160v\u00e1bov\u00e1: Divok\u00e1 privatizace pokra\u010duje' class='linksalpha_container linksalpha_app_3'><a href='\/\/www.linksalpha.com\/share?network='facebook' class='linksalpha_icon_facebook'><\/a><a href='\/\/www.linksalpha.com\/share?network='twitter' class='linksalpha_icon_twitter'><\/a><a href='\/\/www.linksalpha.com\/share?network='googleplus' class='linksalpha_icon_googleplus'><\/a><a href='\/\/www.linksalpha.com\/share?network='mail' class='linksalpha_icon_mail'><\/a><\/div><div data-position='' data-url='https:\/\/obcanskymonitoring.cz\/?p=6235' data-title='Arch. \u0160v\u00e1bov\u00e1: Divok\u00e1 privatizace pokra\u010duje' class='linksalpha_container linksalpha_app_7'><a href='\/\/www.linksalpha.com\/share?network='facebook' class='linksalpha_icon_facebook'><\/a><a href='\/\/www.linksalpha.com\/share?network='twitter' class='linksalpha_icon_twitter'><\/a><a href='\/\/www.linksalpha.com\/share?network='googleplus' class='linksalpha_icon_googleplus'><\/a><a href='\/\/www.linksalpha.com\/share?network='mail' class='linksalpha_icon_mail'><\/a><\/div>","protected":false},"excerpt":{"rendered":"<p>&nbsp;1,257&nbsp;total views P\u0159etiskuji nov\u00fd \u010dl\u00e1nek pan\u00ed architektky \u0160v\u00e1bov\u00e9.<\/p>\n","protected":false},"author":2,"featured_media":0,"comment_status":"open","ping_status":"open","sticky":true,"template":"","format":"standard","meta":[],"categories":[41,23,10],"tags":[],"_links":{"self":[{"href":"https:\/\/obcanskymonitoring.cz\/index.php?rest_route=\/wp\/v2\/posts\/6235"}],"collection":[{"href":"https:\/\/obcanskymonitoring.cz\/index.php?rest_route=\/wp\/v2\/posts"}],"about":[{"href":"https:\/\/obcanskymonitoring.cz\/index.php?rest_route=\/wp\/v2\/types\/post"}],"author":[{"embeddable":true,"href":"https:\/\/obcanskymonitoring.cz\/index.php?rest_route=\/wp\/v2\/users\/2"}],"replies":[{"embeddable":true,"href":"https:\/\/obcanskymonitoring.cz\/index.php?rest_route=%2Fwp%2Fv2%2Fcomments&post=6235"}],"version-history":[{"count":0,"href":"https:\/\/obcanskymonitoring.cz\/index.php?rest_route=\/wp\/v2\/posts\/6235\/revisions"}],"wp:attachment":[{"href":"https:\/\/obcanskymonitoring.cz\/index.php?rest_route=%2Fwp%2Fv2%2Fmedia&parent=6235"}],"wp:term":[{"taxonomy":"category","embeddable":true,"href":"https:\/\/obcanskymonitoring.cz\/index.php?rest_route=%2Fwp%2Fv2%2Fcategories&post=6235"},{"taxonomy":"post_tag","embeddable":true,"href":"https:\/\/obcanskymonitoring.cz\/index.php?rest_route=%2Fwp%2Fv2%2Ftags&post=6235"}],"curies":[{"name":"wp","href":"https:\/\/api.w.org\/{rel}","templated":true}]}}