{"id":6256,"date":"2017-05-12T06:21:53","date_gmt":"2017-05-12T06:21:53","guid":{"rendered":"http:\/\/obcanskymonitoring.cz\/?p=6256"},"modified":"2017-05-12T06:22:20","modified_gmt":"2017-05-12T06:22:20","slug":"arch-svabova-otevreny-dopis-ministru-kultury-v-kauze-bourani-kozakova-domu-na-vaclavskem-namesti","status":"publish","type":"post","link":"https:\/\/obcanskymonitoring.cz\/?p=6256","title":{"rendered":"Arch. \u0160v\u00e1bov\u00e1: Otev\u0159en\u00fd dopis ministru kultury v kauze bour\u00e1n\u00ed Koz\u00e1kova domu na V\u00e1clavsk\u00e9m n\u00e1m\u011bst\u00ed"},"content":{"rendered":"<div class=\"pvc_clear\"><\/div>\n<p class=\"pvc_stats total_only \" data-element-id=\"6256\" style=\"\"><i class=\"pvc-stats-icon medium\" aria-hidden=\"true\"><svg xmlns=\"http:\/\/www.w3.org\/2000\/svg\" version=\"1.0\" viewBox=\"0 0 502 315\" preserveAspectRatio=\"xMidYMid meet\"><g transform=\"translate(0,332) scale(0.1,-0.1)\" fill=\"\" stroke=\"none\"><path d=\"M2394 3279 l-29 -30 -3 -207 c-2 -182 0 -211 15 -242 39 -76 157 -76 196 0 15 31 17 60 15 243 l-3 209 -33 29 c-26 23 -41 29 -80 29 -41 0 -53 -5 -78 -31z\"\/><path d=\"M3085 3251 c-45 -19 -58 -50 -96 -229 -47 -217 -49 -260 -13 -295 52 -53 146 -42 177 20 16 31 87 366 87 410 0 70 -86 122 -155 94z\"\/><path d=\"M1751 3234 c-13 -9 -29 -31 -37 -50 -12 -29 -10 -49 21 -204 19 -94 39 -189 45 -210 14 -50 54 -80 110 -80 34 0 48 6 76 34 21 21 34 44 34 59 0 14 -18 113 -40 219 -37 178 -43 195 -70 221 -36 32 -101 37 -139 11z\"\/><path d=\"M1163 3073 c-36 -7 -73 -59 -73 -102 0 -56 133 -378 171 -413 34 -32 83 -37 129 -13 70 36 67 87 -16 290 -86 209 -89 214 -129 231 -35 14 -42 15 -82 7z\"\/><path d=\"M3689 3066 c-15 -9 -33 -30 -42 -48 -48 -103 -147 -355 -147 -375 0 -98 131 -148 192 -74 13 15 57 108 97 206 80 196 84 226 37 273 -30 30 -99 39 -137 18z\"\/><path d=\"M583 2784 c-38 -19 -67 -74 -58 -113 9 -42 211 -354 242 -373 16 -10 45 -18 66 -18 51 0 107 52 107 100 0 39 -1 41 -124 234 -80 126 -108 162 -133 173 -41 17 -61 16 -100 -3z\"\/><path d=\"M4250 2784 c-14 -9 -74 -91 -133 -183 -95 -150 -107 -173 -107 -213 0 -55 33 -94 87 -104 67 -13 90 8 211 198 130 202 137 225 78 284 -27 27 -42 34 -72 34 -22 0 -50 -8 -64 -16z\"\/><path d=\"M2275 2693 c-553 -48 -1095 -270 -1585 -649 -135 -104 -459 -423 -483 -476 -23 -49 -22 -139 2 -186 73 -142 361 -457 571 -626 285 -228 642 -407 990 -497 242 -63 336 -73 660 -74 310 0 370 5 595 52 535 111 1045 392 1455 803 122 121 250 273 275 326 19 41 19 137 0 174 -41 79 -309 363 -465 492 -447 370 -946 591 -1479 653 -113 14 -422 18 -536 8z m395 -428 c171 -34 330 -124 456 -258 112 -119 167 -219 211 -378 27 -96 24 -300 -5 -401 -72 -255 -236 -447 -474 -557 -132 -62 -201 -76 -368 -76 -167 0 -236 14 -368 76 -213 98 -373 271 -451 485 -162 444 86 934 547 1084 153 49 292 57 452 25z m909 -232 c222 -123 408 -262 593 -441 76 -74 138 -139 138 -144 0 -16 -233 -242 -330 -319 -155 -123 -309 -223 -461 -299 l-81 -41 32 46 c18 26 49 83 70 128 143 306 141 649 -6 957 -25 52 -61 116 -79 142 l-34 47 45 -20 c26 -10 76 -36 113 -56z m-2057 25 c-40 -58 -105 -190 -130 -263 -110 -324 -59 -707 132 -981 25 -35 42 -64 37 -64 -19 0 -241 119 -326 174 -188 122 -406 314 -532 468 l-58 71 108 103 c185 178 428 349 672 473 66 33 121 60 123 61 2 0 -10 -19 -26 -42z\"\/><path d=\"M2375 1950 c-198 -44 -350 -190 -395 -379 -18 -76 -8 -221 19 -290 114 -284 457 -406 731 -260 98 52 188 154 231 260 27 69 37 214 19 290 -38 163 -166 304 -326 360 -67 23 -215 33 -279 19z\"\/><\/g><\/svg><\/i> &nbsp;1,101&nbsp;total views<\/p>\n<div class=\"pvc_clear\"><\/div>\n<p><a href=\"http:\/\/obcanskymonitoring.cz\/wp-content\/uploads\/2016\/03\/svabova1.png\"><img loading=\"lazy\" class=\"alignnone size-medium wp-image-5303\" alt=\"svabova\" src=\"http:\/\/obcanskymonitoring.cz\/wp-content\/uploads\/2016\/03\/svabova1-250x300.png\" width=\"250\" height=\"300\" srcset=\"https:\/\/obcanskymonitoring.cz\/wp-content\/uploads\/2016\/03\/svabova1-250x300.png 250w, https:\/\/obcanskymonitoring.cz\/wp-content\/uploads\/2016\/03\/svabova1-856x1024.png 856w\" sizes=\"(max-width: 250px) 100vw, 250px\" \/><\/a><\/p>\n<p>&nbsp;<\/p>\n<p>P\u0159etiskuji \u010dl\u00e1nek pan\u00ed architektky \u0160v\u00e1bov\u00e9 a p\u0159ipojuji sv\u016fj podpis.<\/p>\n<p><!--more--><\/p>\n<p>&nbsp;<\/p>\n<p>Ministerstvo kultury<\/p>\n<p>ministr Daniel Herman<\/p>\n<p>Malt\u00e9zsk\u00e9 n\u00e1m\u011bst\u00ed 471\/1<\/p>\n<p>118 00 Praha 1 \u2013 Mal\u00e1 Strana<\/p>\n<p>V\u011bc: Kv\u011btinov\u00fd d\u016fm\u00a0\u00a0\u00a0\u00a0\u00a0\u00a0\u00a0\u00a0\u00a0\u00a0\u00a0\u00a0\u00a0\u00a0\u00a0\u00a0\u00a0\u00a0\u00a0\u00a0\u00a0\u00a0\u00a0\u00a0\u00a0\u00a0\u00a0\u00a0\u00a0\u00a0\u00a0\u00a0\u00a0\u00a0\u00a0\u00a0\u00a0\u00a0\u00a0\u00a0\u00a0\u00a0\u00a0\u00a0\u00a0\u00a0\u00a0\u00a0\u00a0\u00a0\u00a0\u00a0\u00a0\u00a0\u00a0\u00a0\u00a0\u00a0\u00a0\u00a0\u00a0\u00a0\u00a0\u00a0\u00a0\u00a0\u00a0\u00a0 V\u00a0Praze, 7. kv\u011btna 2017<\/p>\n<p>V\u00e1\u017een\u00fd pane minist\u0159e,<\/p>\n<p>Obrac\u00edme se na V\u00e1s s\u00a0nal\u00e9havou \u017e\u00e1dost\u00ed o revizi architektonick\u00e9ho ztv\u00e1rn\u011bn\u00ed novostavby, kter\u00e1 m\u00e1 nahradit demolovan\u00fd d\u016fm \u010d.p. 1601 na rohu Opletalovy a V\u00e1clavsk\u00e9ho n\u00e1m\u011bst\u00ed.<\/p>\n<p>Zd\u016fvodn\u011bn\u00ed na\u0161\u00ed \u017e\u00e1dosti:<\/p>\n<p>Tak zvan\u00fd Koz\u00e1k\u016fv d\u016fm m\u011bl nenahraditeln\u00e9 urbanistick\u00e9, architektonick\u00e9 i historick\u00e9 hodnoty v\u00a0koncepci horn\u00ed \u010d\u00e1sti V\u00e1clavsk\u00e9ho n\u00e1m\u011bst\u00ed, dnes kultovn\u00edho prostoru n\u00e1roda. Sou\u010dasn\u00e9 V\u00e1clavsk\u00e9 n\u00e1m\u011bst\u00ed je v\u00fdsledkem postupn\u00e9ho uskute\u010d\u0148ov\u00e1n\u00ed regulativu arch. Josefa Hl\u00e1vky. Architekt Hl\u00e1vka prosadil um\u00edst\u011bn\u00ed Myslbekova souso\u0161\u00ed do prostoru p\u0159ed Museum (v\u00a0p\u016fvodn\u00edm n\u00e1vrhu byla jezdeck\u00e1 socha na ramp\u011b Musea) a postupn\u00e9 zklid\u0148ov\u00e1n\u00ed siluety i architektonick\u00e9ho v\u00fdrazu z\u00e1stavby po obou stran\u00e1ch n\u00e1m\u011bst\u00ed po ulici \u0160t\u011bp\u00e1nskou. T\u00edm byla podpo\u0159ena dominantn\u00ed s\u00edla Musea a z\u00a0heterogenn\u00ed \u0161irok\u00e9 ulice vzniklo n\u00e1m\u011bst\u00ed odpov\u00eddaj\u00edc\u00ed sou\u010dasn\u00e9 evropsk\u00e9 metropoli. Hl\u00e1vk\u016fv z\u00e1m\u011br respektovaly i p\u0159estavby v\u00a0dob\u011b p\u0159ed rokem 1989 \u2013 D\u016fm potravin, D\u016fm m\u00f3dy a dnes pam\u00e1tkov\u011b chr\u00e1n\u011bn\u00fd hotel Jalta.<\/p>\n<p>Kv\u011btinov\u00fd d\u016fm tuto koncepci ru\u0161\u00ed \u2013 svou v\u00fd\u0161kou, n\u00e1ro\u017en\u00ed v\u011b\u017e\u00ed, lomenou rovinou fas\u00e1dy i jej\u00edm materi\u00e1lem \u2013 prosklenou plochou, kter\u00e1 obzvl\u00e1\u0161\u0165 p\u0159i ve\u010dern\u00edm prosv\u00edcen\u00ed zm\u011bn\u00ed vn\u00edm\u00e1n\u00ed cel\u00e9ho prostoru. P\u0159izp\u016fsobit sousedn\u00ed z\u00e1stavb\u011b by se m\u011bla i v\u00fd\u0161ka parteru. T\u00edm v\u0161\u00edm by oslabovala novostavba sjednocuj\u00edc\u00ed s\u00edlu horn\u00ed \u010d\u00e1sti n\u00e1m\u011bst\u00ed, jeho dominanci cel\u00e9mu prostoru. Vrac\u00edme se t\u00edm k\u00a0heterogenn\u00ed ulici, jakoby nahodile p\u0159ehrazen\u00e9 budovou Musea.<\/p>\n<p>Domn\u00edv\u00e1me se, \u017ee je je\u0161t\u011b \u010das, aby aspo\u0148 t\u00e9to \u0161kod\u011b bylo zabr\u00e1n\u011bno. Koz\u00e1k\u016fv d\u016fm je nenahraditeln\u00fd \u2013 pro kultovn\u00ed prostor, kter\u00fdm horn\u00ed \u010d\u00e1st n\u00e1m\u011bst\u00ed bezesporu je, je nesm\u00edrn\u011b cenn\u00e1 i kontinuita jeho trv\u00e1n\u00ed.<\/p>\n<p>V\u011b\u0159\u00edme, \u017ee n\u00e1m pom\u016f\u017eete zachr\u00e1nit, co se je\u0161t\u011b d\u00e1, a d\u011bkujeme za pochopen\u00ed a pomoc.<\/p>\n<p>&nbsp;<\/p>\n<p>Pavel Ries \u00a0 \u00a0 \u00a0 \u00a0 \u00a0 \u00a0 \u00a0 \u00a0 \u00a0 \u00a0 \u00a0 \u00a0 \u00a0 \u00a0 V\u00edt\u011bzslav Praks<\/p>\n<p>ASORKD\u00a0\u00a0\u00a0\u00a0\u00a0\u00a0\u00a0\u00a0\u00a0\u00a0\u00a0\u00a0\u00a0\u00a0\u00a0\u00a0\u00a0\u00a0\u00a0\u00a0\u00a0\u00a0\u00a0\u00a0\u00a0\u00a0\u00a0\u00a0\u00a0 Ob\u010dansk\u00fd monitoring<\/p>\n<p>&nbsp;<\/p>\n<p>Dal\u0161\u00ed \u010dl\u00e1nky o kauze Koz\u00e1kova domu na V\u00e1clavsk\u00e9m n\u00e1m\u011bst\u00ed na str\u00e1nk\u00e1ch Ob\u010dansk\u00e9ho monitoringu si m\u016f\u017eete p\u0159e\u010d\u00edst\u00a0<a href=\"http:\/\/obcanskymonitoring.cz\/?s=koz%C3%A1kova+domu&amp;x=0&amp;y=0\">zde<\/a>.<\/p>\n<p>Dal\u0161\u00ed \u010dl\u00e1nky pan\u00ed architektky \u0160v\u00e1bov\u00e9 si m\u016f\u017eete p\u0159e\u010d\u00edst\u00a0<a href=\"http:\/\/obcanskymonitoring.cz\/?s=%C5%A1v%C3%A1bov&amp;x=0&amp;y=0\">zde<\/a>.<\/p>\n<p>Dal\u0161\u00ed \u010dl\u00e1nky kategorie Pam\u00e1tky si\u00a0m\u016f\u017eete p\u0159e\u010d\u00edst\u00a0<a href=\"http:\/\/obcanskymonitoring.cz\/?cat=41\">zde<\/a>.<\/p>\n<div data-counters='1' data-style='square' data-size='regular' data-url='https:\/\/obcanskymonitoring.cz\/?p=6256' data-title='Arch. \u0160v\u00e1bov\u00e1: Otev\u0159en\u00fd dopis ministru kultury v kauze bour\u00e1n\u00ed Koz\u00e1kova domu na V\u00e1clavsk\u00e9m n\u00e1m\u011bst\u00ed' class='linksalpha_container linksalpha_app_3'><a href='\/\/www.linksalpha.com\/share?network='facebook' class='linksalpha_icon_facebook'><\/a><a href='\/\/www.linksalpha.com\/share?network='twitter' class='linksalpha_icon_twitter'><\/a><a href='\/\/www.linksalpha.com\/share?network='googleplus' class='linksalpha_icon_googleplus'><\/a><a href='\/\/www.linksalpha.com\/share?network='mail' class='linksalpha_icon_mail'><\/a><\/div><div data-position='' data-url='https:\/\/obcanskymonitoring.cz\/?p=6256' data-title='Arch. \u0160v\u00e1bov\u00e1: Otev\u0159en\u00fd dopis ministru kultury v kauze bour\u00e1n\u00ed Koz\u00e1kova domu na V\u00e1clavsk\u00e9m n\u00e1m\u011bst\u00ed' class='linksalpha_container linksalpha_app_7'><a href='\/\/www.linksalpha.com\/share?network='facebook' class='linksalpha_icon_facebook'><\/a><a href='\/\/www.linksalpha.com\/share?network='twitter' class='linksalpha_icon_twitter'><\/a><a href='\/\/www.linksalpha.com\/share?network='googleplus' class='linksalpha_icon_googleplus'><\/a><a href='\/\/www.linksalpha.com\/share?network='mail' class='linksalpha_icon_mail'><\/a><\/div>","protected":false},"excerpt":{"rendered":"<p>&nbsp;1,101&nbsp;total views &nbsp; P\u0159etiskuji \u010dl\u00e1nek pan\u00ed architektky \u0160v\u00e1bov\u00e9 a p\u0159ipojuji sv\u016fj podpis.<\/p>\n","protected":false},"author":2,"featured_media":0,"comment_status":"open","ping_status":"open","sticky":true,"template":"","format":"standard","meta":[],"categories":[41,23,10],"tags":[],"_links":{"self":[{"href":"https:\/\/obcanskymonitoring.cz\/index.php?rest_route=\/wp\/v2\/posts\/6256"}],"collection":[{"href":"https:\/\/obcanskymonitoring.cz\/index.php?rest_route=\/wp\/v2\/posts"}],"about":[{"href":"https:\/\/obcanskymonitoring.cz\/index.php?rest_route=\/wp\/v2\/types\/post"}],"author":[{"embeddable":true,"href":"https:\/\/obcanskymonitoring.cz\/index.php?rest_route=\/wp\/v2\/users\/2"}],"replies":[{"embeddable":true,"href":"https:\/\/obcanskymonitoring.cz\/index.php?rest_route=%2Fwp%2Fv2%2Fcomments&post=6256"}],"version-history":[{"count":0,"href":"https:\/\/obcanskymonitoring.cz\/index.php?rest_route=\/wp\/v2\/posts\/6256\/revisions"}],"wp:attachment":[{"href":"https:\/\/obcanskymonitoring.cz\/index.php?rest_route=%2Fwp%2Fv2%2Fmedia&parent=6256"}],"wp:term":[{"taxonomy":"category","embeddable":true,"href":"https:\/\/obcanskymonitoring.cz\/index.php?rest_route=%2Fwp%2Fv2%2Fcategories&post=6256"},{"taxonomy":"post_tag","embeddable":true,"href":"https:\/\/obcanskymonitoring.cz\/index.php?rest_route=%2Fwp%2Fv2%2Ftags&post=6256"}],"curies":[{"name":"wp","href":"https:\/\/api.w.org\/{rel}","templated":true}]}}