{"id":6261,"date":"2017-05-14T15:22:28","date_gmt":"2017-05-14T15:22:28","guid":{"rendered":"http:\/\/obcanskymonitoring.cz\/?p=6261"},"modified":"2017-05-14T16:33:31","modified_gmt":"2017-05-14T16:33:31","slug":"arch-gebert-budova-filharmonie-kde-jinde-nez-na-smichove","status":"publish","type":"post","link":"https:\/\/obcanskymonitoring.cz\/?p=6261","title":{"rendered":"Arch. Gebert: Budova filharmonie &#8211; kde jinde ne\u017e na Sm\u00edchov\u011b"},"content":{"rendered":"<div class=\"pvc_clear\"><\/div>\n<p class=\"pvc_stats total_only \" data-element-id=\"6261\" style=\"\"><i class=\"pvc-stats-icon medium\" aria-hidden=\"true\"><svg xmlns=\"http:\/\/www.w3.org\/2000\/svg\" version=\"1.0\" viewBox=\"0 0 502 315\" preserveAspectRatio=\"xMidYMid meet\"><g transform=\"translate(0,332) scale(0.1,-0.1)\" fill=\"\" stroke=\"none\"><path d=\"M2394 3279 l-29 -30 -3 -207 c-2 -182 0 -211 15 -242 39 -76 157 -76 196 0 15 31 17 60 15 243 l-3 209 -33 29 c-26 23 -41 29 -80 29 -41 0 -53 -5 -78 -31z\"\/><path d=\"M3085 3251 c-45 -19 -58 -50 -96 -229 -47 -217 -49 -260 -13 -295 52 -53 146 -42 177 20 16 31 87 366 87 410 0 70 -86 122 -155 94z\"\/><path d=\"M1751 3234 c-13 -9 -29 -31 -37 -50 -12 -29 -10 -49 21 -204 19 -94 39 -189 45 -210 14 -50 54 -80 110 -80 34 0 48 6 76 34 21 21 34 44 34 59 0 14 -18 113 -40 219 -37 178 -43 195 -70 221 -36 32 -101 37 -139 11z\"\/><path d=\"M1163 3073 c-36 -7 -73 -59 -73 -102 0 -56 133 -378 171 -413 34 -32 83 -37 129 -13 70 36 67 87 -16 290 -86 209 -89 214 -129 231 -35 14 -42 15 -82 7z\"\/><path d=\"M3689 3066 c-15 -9 -33 -30 -42 -48 -48 -103 -147 -355 -147 -375 0 -98 131 -148 192 -74 13 15 57 108 97 206 80 196 84 226 37 273 -30 30 -99 39 -137 18z\"\/><path d=\"M583 2784 c-38 -19 -67 -74 -58 -113 9 -42 211 -354 242 -373 16 -10 45 -18 66 -18 51 0 107 52 107 100 0 39 -1 41 -124 234 -80 126 -108 162 -133 173 -41 17 -61 16 -100 -3z\"\/><path d=\"M4250 2784 c-14 -9 -74 -91 -133 -183 -95 -150 -107 -173 -107 -213 0 -55 33 -94 87 -104 67 -13 90 8 211 198 130 202 137 225 78 284 -27 27 -42 34 -72 34 -22 0 -50 -8 -64 -16z\"\/><path d=\"M2275 2693 c-553 -48 -1095 -270 -1585 -649 -135 -104 -459 -423 -483 -476 -23 -49 -22 -139 2 -186 73 -142 361 -457 571 -626 285 -228 642 -407 990 -497 242 -63 336 -73 660 -74 310 0 370 5 595 52 535 111 1045 392 1455 803 122 121 250 273 275 326 19 41 19 137 0 174 -41 79 -309 363 -465 492 -447 370 -946 591 -1479 653 -113 14 -422 18 -536 8z m395 -428 c171 -34 330 -124 456 -258 112 -119 167 -219 211 -378 27 -96 24 -300 -5 -401 -72 -255 -236 -447 -474 -557 -132 -62 -201 -76 -368 -76 -167 0 -236 14 -368 76 -213 98 -373 271 -451 485 -162 444 86 934 547 1084 153 49 292 57 452 25z m909 -232 c222 -123 408 -262 593 -441 76 -74 138 -139 138 -144 0 -16 -233 -242 -330 -319 -155 -123 -309 -223 -461 -299 l-81 -41 32 46 c18 26 49 83 70 128 143 306 141 649 -6 957 -25 52 -61 116 -79 142 l-34 47 45 -20 c26 -10 76 -36 113 -56z m-2057 25 c-40 -58 -105 -190 -130 -263 -110 -324 -59 -707 132 -981 25 -35 42 -64 37 -64 -19 0 -241 119 -326 174 -188 122 -406 314 -532 468 l-58 71 108 103 c185 178 428 349 672 473 66 33 121 60 123 61 2 0 -10 -19 -26 -42z\"\/><path d=\"M2375 1950 c-198 -44 -350 -190 -395 -379 -18 -76 -8 -221 19 -290 114 -284 457 -406 731 -260 98 52 188 154 231 260 27 69 37 214 19 290 -38 163 -166 304 -326 360 -67 23 -215 33 -279 19z\"\/><\/g><\/svg><\/i> &nbsp;1,112&nbsp;total views<\/p>\n<div class=\"pvc_clear\"><\/div>\n<p><a href=\"http:\/\/obcanskymonitoring.cz\/wp-content\/uploads\/2014\/09\/Jiri_GEBERT.jpg\"><img loading=\"lazy\" class=\"alignnone size-medium wp-image-3008\" alt=\"Jiri_GEBERT\" src=\"http:\/\/obcanskymonitoring.cz\/wp-content\/uploads\/2014\/09\/Jiri_GEBERT-205x300.jpg\" width=\"205\" height=\"300\" srcset=\"https:\/\/obcanskymonitoring.cz\/wp-content\/uploads\/2014\/09\/Jiri_GEBERT-205x300.jpg 205w, https:\/\/obcanskymonitoring.cz\/wp-content\/uploads\/2014\/09\/Jiri_GEBERT-702x1024.jpg 702w, https:\/\/obcanskymonitoring.cz\/wp-content\/uploads\/2014\/09\/Jiri_GEBERT.jpg 762w\" sizes=\"(max-width: 205px) 100vw, 205px\" \/><\/a><\/p>\n<p>P\u0159etiskuji \u010dl\u00e1nek pana architekta Geberta.<\/p>\n<p><!--more--><\/p>\n<p>Ausgerchnet v m\u00e1ji n\u00e1m to z politiky nelib\u011b von\u00ed. P\u0159\u00edroda na alergiky nasadila b\u0159\u00edzu, ale kone\u010dn\u011b von\u00ed i bezy a jaro si br\u00e1t ned\u00e1me. V pra\u017esk\u00fdch klubech a hospod\u00e1ch se muzic\u00edruje jako m\u00e1lokde v Evrop\u011b. Ne pro turisty, ale pro radost. Praha je fantasticky \u017eiv\u00fd dvorek evropsk\u00e9 kultury.<\/p>\n<p>Jinak je to s v\u00e1\u017enou hudbou. Nemus\u00edm opakovat, \u017ee Rudolfinum nem\u00e1 kapacitu, kr\u00e1sn\u00fd Obecn\u00ed d\u016fm zase koncertn\u00ed kvalitu a kapacitou nesta\u010d\u00ed na finan\u010dn\u00ed kryt\u00ed, \u010d\u00e1sti honor\u00e1\u0159e \u0161pi\u010dkov\u00fdch t\u011bles.<\/p>\n<p>Za\u010dalo i Pra\u017esk\u00e9 Jaro. Daniel Barenboim s Wiener Fiharmoniker mus\u00ed 12.5. na Kamp\u011b zariskovat m\u00e1jov\u00fd de\u0161t\u00edk, pl\u00e1\u0161t\u011bnku a de\u0161tn\u00edk.<\/p>\n<p>Pro \u0161pi\u010dkov\u00e9 orchestry, jako je V\u00edde\u0148sk\u00e1 filharmonie, nem\u00e1 Praha kvalitn\u00ed koncertn\u00ed s\u00e1l a i kdy\u017e Kampa je, jak v\u00edme, samotn\u00fd \u201eSt\u0159ed sv\u011bta\u201c. Mnoh\u00e9 orchestry z nejvy\u0161\u0161\u00edch p\u0159\u00ed\u010dek pomysln\u00e9ho sv\u011btov\u00e9ho \u017eeb\u0159\u00ed\u010dku, Kampu nedocen\u00ed a na Pra\u017esk\u00e9 nikdy nep\u0159ijedou, dokud Praha budovu filharmonie nepostav\u00ed. Jen\u017ee kam s takovou Filharmoni\u00ed?<\/p>\n<p>Budeme tedy d\u011blat, jako\u017ee je to nejen v po\u0159\u00e1dku, a dokonce trendy, kone\u010dn\u011b i v Mnichov\u011b na dob\u0159e ohra\u017een\u00e9m Karlsplatzu zmoklo mnoho koncert\u016f. Mnichov nen\u00ed dokonce spokojen s akustikou Filharmonick\u00e9ho s\u00e1lu na Gasteigu a p\u0159estavuje. Berl\u00edn m\u00e1 Scharounovu modern\u00ed, dnes ji\u017e trochu kapesn\u00ed filharmonii s b\u00e1jnou akustikou, ale chce stav\u011bt v\u011bt\u0161\u00ed pal\u00e1c. P\u0159\u00edklad\u016f, jak d\u00e1t stavbou koncertn\u00ed haly, m\u011bstu kulturn\u00ed top-rating je ve sv\u011bt\u011b nespo\u010det. V Lond\u00fdn\u011b je koncertn\u00ed um\u011bn\u00ed v Royal kategorii, stoj\u00ed tu Royal Albert Hall a Qeen Elisabeth Hall z d\u00e1vn\u00fdch, \u0161\u0165astn\u00fdch dob bohat\u00fdch ve\u0159ejn\u00fdch investic.<\/p>\n<p>U\u017e dlouho se mluv\u00ed o d\u016fvodech, pro\u010d by m\u011bla v Praze st\u00e1t budova filharmonie a ml\u010d\u00ed se o d\u016fvodech, pro\u010d st\u00e1t nem\u016f\u017ee &#8211; a nejsp\u00ed\u0161e nikdy nebude. M\u00edsta, kde by se mohla postavit, jsou v pl\u00e1nu Prahy rozparcelov\u00e1na, do &#8211; dnes architekty op\u011bt objeven\u00fdch, kompaktn\u00edch stavebn\u00edch blok\u016f &#8211; ne ale u\u017e tradi\u010dn\u00edho m\u011bsta, ale \u201eoffice park\u016f\u201c a \u201erezidenc\u00ed\u201c.<\/p>\n<p>M\u00edsta, kde by z hn\u011bd\u00fdch pol\u00ed-brownfield\u016f mohly vzniknout p\u0159edpol\u00ed v\u00fdjime\u010dn\u00fdch kulturn\u00edch staveb, jsou d\u00e1vno rozdan\u00e1 a p\u0159i sv\u00e1tosti soukrom\u00e9ho podnik\u00e1n\u00ed m\u00e1lem nedotknuteln\u00e1.<\/p>\n<p>Z m\u00edst dob\u0159e dostupn\u00fdch metrem je posledn\u00ed jen Sm\u00edchov, a m\u00e9n\u011b vhodn\u00e9 N\u00e1dra\u017e\u00ed Hole\u0161ovice. Ob\u011b lokality jsou zat\u00edm nepravomocn\u011b rozpl\u00e1novan\u00e9 do uli\u010dn\u00edch \u010dar civiln\u00ed z\u00e1stavby. Na \u0159e\u0161en\u00ed dopravy v rondelu na V\u00edt\u011bzn\u00e9m n\u00e1m\u011bst\u00ed se chyst\u00e1 mezin\u00e1rodn\u00ed sout\u011b\u017e, o kompaktn\u00ed z\u00e1stavb\u011b kolem n\u00e1m\u011bst\u00ed je ji\u017e ale\u00a0rozhodnuto p\u0159edem. P\u0159i hled\u00e1n\u00ed m\u00edsta pro kulturn\u00ed stavbu, je tu obava, \u017ee man\u00e9vry politik\u016f, plus ambice architekt\u016f se nezastav\u00ed ani p\u0159ed ikonami Prahy jako je Kampa nebo Letensk\u00e1 pl\u00e1\u0148. Za takovou \u0161kodu by ale nest\u00e1la \u017e\u00e1dn\u00e1 stavba.<\/p>\n<p>Sm\u00edchovem pr\u00e1v\u011b pro\u0161li p\u0159espoln\u00ed tazatel\u00e9 ankety- jak by m\u011bl nov\u00fd Sm\u00edchov vypadat.<\/p>\n<p>S mapkou velkou jako dla\u0148 m\u011bli p\u0159ipraveno na 120 ot\u00e1zek typu: Chcete m\u00edsto pro setk\u00e1n\u00ed ob\u010dan\u016f, kade\u0159nictv\u00ed, kv\u011btin\u00e1\u0159stv\u00ed, lavi\u010dky, jak\u00fd park si p\u0159ejete, chcete bulv\u00e1r \u201etakov\u00fd nebo makov\u00fd\u201c? Tento druh pr\u016fzkumu, je u\u017e jen dopln\u011bk pra\u017esk\u00e9 koncep\u010dn\u00ed malosti a developersk\u00e9 slu\u017eby.<\/p>\n<p>Bylo by p\u0159esn\u011bj\u0161\u00ed, ne\u0159\u00edkat bulv\u00e1r b\u011b\u017en\u00e9 ulici se stromy, ale navrhnout na Sm\u00edchov\u011b opravdov\u00fd \u0161irok\u00fd bulv\u00e1r, kter\u00fd povede k modern\u00ed budov\u011b filharmonie.<\/p>\n<p>\u010cteme tolik st\u00ed\u017enost\u00ed v medi\u00edch, \u017ee Praze chyb\u00ed sv\u011btov\u00e1 architektura. V z\u00e1padn\u00edm sv\u011bt\u011b jsou to kulturn\u00ed stavby, maj\u00ed to u n\u00e1s b\u00fdt snad ot\u00e1\u010div\u00e9 mrakodrapy?<\/p>\n<p>Je\u0161t\u011b nen\u00ed pozd\u011b, pl\u00e1ny lze m\u011bnit, dokud nejsou betonovou realitou. Je v\u011bru na\u010dase ud\u011blat z kr\u00e1sn\u00e9 Prahy, v\u00fdznamnou evropskou kulturn\u00ed metropoli.<\/p>\n<p>&nbsp;<\/p>\n<p><a href=\"http:\/\/obcanskymonitoring.cz\/?page_id=3014\">Ji\u0159\u00ed Gebert, architekt<\/a><\/p>\n<p>&nbsp;<\/p>\n<p>Dal\u0161\u00ed \u010dl\u00e1nky pana architekta Geberta na Ob\u010dansk\u00e9m monitoringu si m\u016f\u017eete p\u0159e\u010d\u00edst\u00a0<a href=\"http:\/\/obcanskymonitoring.cz\/?s=gebert&amp;x=0&amp;y=0\">zde<\/a>.<\/p>\n<p>Dal\u0161\u00ed \u010dl\u00e1nky za t\u00e9ma Praha\u00a0si m\u016f\u017eete p\u0159e\u010d\u00edst\u00a0<a href=\"http:\/\/obcanskymonitoring.cz\/?cat=23\">zde<\/a>.<\/p>\n<div data-counters='1' data-style='square' data-size='regular' data-url='https:\/\/obcanskymonitoring.cz\/?p=6261' data-title='Arch. Gebert: Budova filharmonie &#8211; kde jinde ne\u017e na Sm\u00edchov\u011b' class='linksalpha_container linksalpha_app_3'><a href='\/\/www.linksalpha.com\/share?network='facebook' class='linksalpha_icon_facebook'><\/a><a href='\/\/www.linksalpha.com\/share?network='twitter' class='linksalpha_icon_twitter'><\/a><a href='\/\/www.linksalpha.com\/share?network='googleplus' class='linksalpha_icon_googleplus'><\/a><a href='\/\/www.linksalpha.com\/share?network='mail' class='linksalpha_icon_mail'><\/a><\/div><div data-position='' data-url='https:\/\/obcanskymonitoring.cz\/?p=6261' data-title='Arch. Gebert: Budova filharmonie &#8211; kde jinde ne\u017e na Sm\u00edchov\u011b' class='linksalpha_container linksalpha_app_7'><a href='\/\/www.linksalpha.com\/share?network='facebook' class='linksalpha_icon_facebook'><\/a><a href='\/\/www.linksalpha.com\/share?network='twitter' class='linksalpha_icon_twitter'><\/a><a href='\/\/www.linksalpha.com\/share?network='googleplus' class='linksalpha_icon_googleplus'><\/a><a href='\/\/www.linksalpha.com\/share?network='mail' class='linksalpha_icon_mail'><\/a><\/div>","protected":false},"excerpt":{"rendered":"<p>&nbsp;1,112&nbsp;total views P\u0159etiskuji \u010dl\u00e1nek pana architekta Geberta.<\/p>\n","protected":false},"author":2,"featured_media":0,"comment_status":"open","ping_status":"open","sticky":true,"template":"","format":"standard","meta":[],"categories":[23],"tags":[],"_links":{"self":[{"href":"https:\/\/obcanskymonitoring.cz\/index.php?rest_route=\/wp\/v2\/posts\/6261"}],"collection":[{"href":"https:\/\/obcanskymonitoring.cz\/index.php?rest_route=\/wp\/v2\/posts"}],"about":[{"href":"https:\/\/obcanskymonitoring.cz\/index.php?rest_route=\/wp\/v2\/types\/post"}],"author":[{"embeddable":true,"href":"https:\/\/obcanskymonitoring.cz\/index.php?rest_route=\/wp\/v2\/users\/2"}],"replies":[{"embeddable":true,"href":"https:\/\/obcanskymonitoring.cz\/index.php?rest_route=%2Fwp%2Fv2%2Fcomments&post=6261"}],"version-history":[{"count":0,"href":"https:\/\/obcanskymonitoring.cz\/index.php?rest_route=\/wp\/v2\/posts\/6261\/revisions"}],"wp:attachment":[{"href":"https:\/\/obcanskymonitoring.cz\/index.php?rest_route=%2Fwp%2Fv2%2Fmedia&parent=6261"}],"wp:term":[{"taxonomy":"category","embeddable":true,"href":"https:\/\/obcanskymonitoring.cz\/index.php?rest_route=%2Fwp%2Fv2%2Fcategories&post=6261"},{"taxonomy":"post_tag","embeddable":true,"href":"https:\/\/obcanskymonitoring.cz\/index.php?rest_route=%2Fwp%2Fv2%2Ftags&post=6261"}],"curies":[{"name":"wp","href":"https:\/\/api.w.org\/{rel}","templated":true}]}}