{"id":6299,"date":"2017-06-21T15:34:04","date_gmt":"2017-06-21T15:34:04","guid":{"rendered":"http:\/\/obcanskymonitoring.cz\/?p=6299"},"modified":"2017-06-21T15:38:29","modified_gmt":"2017-06-21T15:38:29","slug":"arch-svabova-argumenty-magistratu-hlavniho-mesta-prahy","status":"publish","type":"post","link":"https:\/\/obcanskymonitoring.cz\/?p=6299","title":{"rendered":"Arch. \u0160v\u00e1bov\u00e1: Argumenty magistr\u00e1tu Hlavn\u00edho m\u011bsta Prahy"},"content":{"rendered":"<div class=\"pvc_clear\"><\/div>\n<p class=\"pvc_stats total_only \" data-element-id=\"6299\" style=\"\"><i class=\"pvc-stats-icon medium\" aria-hidden=\"true\"><svg xmlns=\"http:\/\/www.w3.org\/2000\/svg\" version=\"1.0\" viewBox=\"0 0 502 315\" preserveAspectRatio=\"xMidYMid meet\"><g transform=\"translate(0,332) scale(0.1,-0.1)\" fill=\"\" stroke=\"none\"><path d=\"M2394 3279 l-29 -30 -3 -207 c-2 -182 0 -211 15 -242 39 -76 157 -76 196 0 15 31 17 60 15 243 l-3 209 -33 29 c-26 23 -41 29 -80 29 -41 0 -53 -5 -78 -31z\"\/><path d=\"M3085 3251 c-45 -19 -58 -50 -96 -229 -47 -217 -49 -260 -13 -295 52 -53 146 -42 177 20 16 31 87 366 87 410 0 70 -86 122 -155 94z\"\/><path d=\"M1751 3234 c-13 -9 -29 -31 -37 -50 -12 -29 -10 -49 21 -204 19 -94 39 -189 45 -210 14 -50 54 -80 110 -80 34 0 48 6 76 34 21 21 34 44 34 59 0 14 -18 113 -40 219 -37 178 -43 195 -70 221 -36 32 -101 37 -139 11z\"\/><path d=\"M1163 3073 c-36 -7 -73 -59 -73 -102 0 -56 133 -378 171 -413 34 -32 83 -37 129 -13 70 36 67 87 -16 290 -86 209 -89 214 -129 231 -35 14 -42 15 -82 7z\"\/><path d=\"M3689 3066 c-15 -9 -33 -30 -42 -48 -48 -103 -147 -355 -147 -375 0 -98 131 -148 192 -74 13 15 57 108 97 206 80 196 84 226 37 273 -30 30 -99 39 -137 18z\"\/><path d=\"M583 2784 c-38 -19 -67 -74 -58 -113 9 -42 211 -354 242 -373 16 -10 45 -18 66 -18 51 0 107 52 107 100 0 39 -1 41 -124 234 -80 126 -108 162 -133 173 -41 17 -61 16 -100 -3z\"\/><path d=\"M4250 2784 c-14 -9 -74 -91 -133 -183 -95 -150 -107 -173 -107 -213 0 -55 33 -94 87 -104 67 -13 90 8 211 198 130 202 137 225 78 284 -27 27 -42 34 -72 34 -22 0 -50 -8 -64 -16z\"\/><path d=\"M2275 2693 c-553 -48 -1095 -270 -1585 -649 -135 -104 -459 -423 -483 -476 -23 -49 -22 -139 2 -186 73 -142 361 -457 571 -626 285 -228 642 -407 990 -497 242 -63 336 -73 660 -74 310 0 370 5 595 52 535 111 1045 392 1455 803 122 121 250 273 275 326 19 41 19 137 0 174 -41 79 -309 363 -465 492 -447 370 -946 591 -1479 653 -113 14 -422 18 -536 8z m395 -428 c171 -34 330 -124 456 -258 112 -119 167 -219 211 -378 27 -96 24 -300 -5 -401 -72 -255 -236 -447 -474 -557 -132 -62 -201 -76 -368 -76 -167 0 -236 14 -368 76 -213 98 -373 271 -451 485 -162 444 86 934 547 1084 153 49 292 57 452 25z m909 -232 c222 -123 408 -262 593 -441 76 -74 138 -139 138 -144 0 -16 -233 -242 -330 -319 -155 -123 -309 -223 -461 -299 l-81 -41 32 46 c18 26 49 83 70 128 143 306 141 649 -6 957 -25 52 -61 116 -79 142 l-34 47 45 -20 c26 -10 76 -36 113 -56z m-2057 25 c-40 -58 -105 -190 -130 -263 -110 -324 -59 -707 132 -981 25 -35 42 -64 37 -64 -19 0 -241 119 -326 174 -188 122 -406 314 -532 468 l-58 71 108 103 c185 178 428 349 672 473 66 33 121 60 123 61 2 0 -10 -19 -26 -42z\"\/><path d=\"M2375 1950 c-198 -44 -350 -190 -395 -379 -18 -76 -8 -221 19 -290 114 -284 457 -406 731 -260 98 52 188 154 231 260 27 69 37 214 19 290 -38 163 -166 304 -326 360 -67 23 -215 33 -279 19z\"\/><\/g><\/svg><\/i> &nbsp;1,349&nbsp;total views<\/p>\n<div class=\"pvc_clear\"><\/div>\n<p><a href=\"http:\/\/obcanskymonitoring.cz\/?attachment_id=5303\" rel=\"attachment wp-att-5303\"><img loading=\"lazy\" class=\"alignnone size-medium wp-image-5303\" src=\"http:\/\/obcanskymonitoring.cz\/wp-content\/uploads\/2016\/03\/svabova1-250x300.png\" alt=\"\" width=\"250\" height=\"300\" srcset=\"https:\/\/obcanskymonitoring.cz\/wp-content\/uploads\/2016\/03\/svabova1-250x300.png 250w, https:\/\/obcanskymonitoring.cz\/wp-content\/uploads\/2016\/03\/svabova1-856x1024.png 856w\" sizes=\"(max-width: 250px) 100vw, 250px\" \/><\/a><\/p>\n<p>&nbsp;<\/p>\n<p>P\u0159etiskuji \u010dl\u00e1nek pan\u00ed architektky \u0160v\u00e1bov\u00e9 ke kauze Mar\u0161meloun.<\/p>\n<p><!--more--><\/p>\n<p>&nbsp;<\/p>\n<p><strong>ARGUMENTY MAGISTR\u00c1TU HLAVN\u00cdHO M\u011aSTA PRAHY<\/strong><\/p>\n<p><em>Motto:\u00a0 V\u011bcn\u00fd argument je v\u00a0dne\u0161n\u00ed \u201epostpravdiv\u00e9\u201c dob\u011b vz\u00e1cn\u00fd. Obecn\u011b uzn\u00e1van\u00e9 hodnoty jsme zpochybnili, na co se tedy m\u016f\u017eeme ve sv\u00fdch argumentech odvol\u00e1vat? Uct\u00edv\u00e1me pluralitu n\u00e1zor\u016f bez hranic, jak m\u016f\u017eeme doj\u00edt k\u00a0z\u00e1v\u011bru, kter\u00fd z\u00a0nich je lep\u0161\u00ed, kdy\u017e obecn\u011b p\u0159ijat\u00e1 hodnota (krit\u00e9rium) chyb\u00ed? Jedin\u00e9, co jsme dosud nezpochybnili, jsou pen\u00edze a moc \u2013 ty nahrad\u00ed ka\u017ed\u00fd argument.<\/em><\/p>\n<p>O n\u00e1vrh bytov\u00e9ho domu mezi Kl\u00e1\u0161terem sv. Ane\u017eky \u010cesk\u00e9 (n\u00e1rodn\u00ed kulturn\u00ed pam\u00e1tka) a kl\u00e1\u0161terem sv. \u0160imona a Judy Tade\u00e1\u0161e (kulturn\u00ed pam\u00e1tka) na rohu Koz\u00ed a U Milosrdn\u00fdch se vedou spory dobr\u00fdch 20 let.\u00a0 P\u0159ibli\u017en\u011b v\u00a0roce 1999 bylo ve vyj\u00e1d\u0159en\u00ed N\u00e1rodn\u00edho pam\u00e1tkov\u00e9ho \u00fastavu stanoveno, \u017ee novostavba polyfunk\u010dn\u00edho domu v\u00a0t\u011bchto m\u00edstech bude m\u00edt 5 nadzemn\u00edch podla\u017e\u00ed, p\u016fdorys obd\u00e9ln\u00fd o rozm\u011brech cca 12x21m, st\u0159echu sedlovou s\u00a0v\u00fd\u0161kou h\u0159ebene +17,85m, korunn\u00ed (podokapn\u00ed) \u0159\u00edmsu +13m a krytinu z\u00a0klasick\u00fdch p\u00e1len\u00fdch ta\u0161ek bobrovek. Dne\u0161n\u00ed podoba n\u00e1vrhu, kter\u00e9mu dal magistr\u00e1t hl. m\u011bsta Prahy \u2013 odbor pam\u00e1tkov\u00e9 p\u00e9\u010de \u2013 zelenou v\u00a0prosinci 2016, se od p\u016fvodn\u00ed p\u0159edstavy pam\u00e1tkov\u00e9ho \u00fastavu \u00a0v\u00fdrazn\u011b li\u0161\u00ed. Na vizualizaci z\u00a0dokumentace k\u00a0\u00fazemn\u00edmu \u0159\u00edzen\u00ed vid\u00edme na podstatn\u011b v\u011bt\u0161\u00edm p\u016fdorysu 20&#215;49,8 m m\u00edsto sedlov\u00e9 st\u0159echy s\u00a0bobrovkami\u00a0 plochou st\u0159echu krytou plastovou f\u00f3li\u00ed, na fas\u00e1d\u011b \u00a0rozhodn\u011b \u017e\u00e1dn\u00e1 \u0159\u00edmsa nen\u00ed.<\/p>\n<p>&nbsp;<\/p>\n<p><a href=\"http:\/\/obcanskymonitoring.cz\/?attachment_id=6300\" rel=\"attachment wp-att-6300\"><img loading=\"lazy\" class=\"alignnone size-medium wp-image-6300\" src=\"http:\/\/obcanskymonitoring.cz\/wp-content\/uploads\/2017\/06\/marsmeloun-rimsa-300x120.jpg\" alt=\"\" width=\"300\" height=\"120\" srcset=\"https:\/\/obcanskymonitoring.cz\/wp-content\/uploads\/2017\/06\/marsmeloun-rimsa-300x120.jpg 300w, https:\/\/obcanskymonitoring.cz\/wp-content\/uploads\/2017\/06\/marsmeloun-rimsa.jpg 466w\" sizes=\"(max-width: 300px) 100vw, 300px\" \/><\/a><\/p>\n<p>&nbsp;<\/p>\n<p>Na prv\u00fd pohled vid\u00edme, \u017ee magistr\u00e1t schv\u00e1lil zcela odli\u0161n\u00fd d\u016fm, nav\u00edc zastav\u011bn\u00e1 plocha i objem stavby se zv\u011bt\u0161ily v\u00edce ne\u017e dvojn\u00e1sobn\u011b. Novostavba bytov\u00e9ho domu zab\u00edr\u00e1 i p. \u010d. 110\/2 p\u0159ipojenou za nejasn\u00fdch okolnost\u00ed z\u00a0majetku kl\u00e1\u0161tera sv. Ane\u017eky \u010cesk\u00e9 a p\u0159ibli\u017euje se tak\u0159ka na doraz k\u00a0dvoupodla\u017en\u00edm barokn\u00edm dom\u016fm v\u00a0ulici.\u00a0 Zaj\u00edmav\u00e9 ale je, \u017ee v z\u00e1vazn\u00e9m stanovisku z\u00a0r. 2016 p\u0159esto z\u016fstaly p\u016fvodn\u00ed po\u017eadavky z\u00a0vyj\u00e1d\u0159en\u00ed N\u00e1rodn\u00edho pam\u00e1tkov\u00e9ho \u00fastavu cca z\u00a0r. 1999 \u2013 k\u00f3ta h\u0159ebene st\u0159echy i korunn\u00ed \u0159\u00edmsy. Zastav\u011bn\u00e1 plocha a materi\u00e1l st\u0159e\u0161n\u00ed krytiny se bez vysv\u011btlen\u00ed zm\u011bnily.<\/p>\n<p>Odbor pam\u00e1tkov\u00e9 p\u00e9\u010de Magistr\u00e1tu HMP na dot\u011brn\u00fd dotaz oponent\u016f, kter\u00e9 tyto nesrovnalosti zaj\u00edmaly, podal n\u00e1sleduj\u00edc\u00ed \u201evysv\u011btlen\u00ed\u201c: [\u2026\u2026] \u201c<em>P\u0159edm\u011bt \u017e\u00e1dosti<\/em><em>, o n\u011bm\u017e ASORKD hovo\u0159\u00ed, <strong>se nezm\u011bnil<\/strong>, popis z\u00e1m\u011bru dle dokumentace je shodn\u00fd, proto\u017ee nebyla p\u0159edlo\u017eena nov\u00e1 dokumentace.\u00a0 \u2026<\/em><em>\u00a0Jedn\u00e1 se o popis projektu, kde je ve vyj\u00e1d\u0159en\u00ed NP\u00da i v z\u00e1vazn\u00e9m stanovisku MHMP OPP citov\u00e1n z\u00e1m\u011br architekta. V dan\u00e9m p\u0159\u00edpad\u011b se jedn\u00e1 o autorsk\u00fd z\u00e1m\u011br Prof. Ing. arch. Zde\u0148ka Fr\u00e1nka, <\/em><em>d\u011bkana <\/em><a href=\"https:\/\/cs.wikipedia.org\/wiki\/Fakulta_um%C4%9Bn%C3%AD_a_architektury_Technick%C3%A9_univerzity_v_Liberci#_blank\"><em>Fakulty um\u011bn\u00ed a architektury<\/em><\/a> <a href=\"https:\/\/cs.wikipedia.org\/wiki\/Technick%C3%A1_univerzita_v_Liberci#_blank\"><em>Technick\u00e9 univerzity v Liberci<\/em><\/a><em>\u2026..<\/em><em> kter\u00e9 je nutno posuzovat zcela individu\u00e1ln\u011b.\u201c<\/em><\/p>\n<p>Pro\u010d by autor n\u00e1vrhu popsal plochou st\u0159echu jako st\u0159e\u0161n\u00ed h\u0159eben a uvedl v\u00a0popisu fas\u00e1dy, kter\u00e1 \u0159\u00edmsy nem\u00e1, \u0159\u00edmsu korunn\u00ed, si t\u011b\u017eko m\u016f\u017eeme p\u0159edstavit. Na ot\u00e1zku, pro\u010d odbor pam\u00e1tkov\u00e9 p\u00e9\u010de magistr\u00e1tu v\u00a0Z\u00e1vazn\u00e9m vyj\u00e1d\u0159en\u00ed z r. 2016 uvedl v\u00a0popisu sou\u010dasn\u00e9ho n\u00e1vrhu po\u017eadavky N\u00e1rodn\u00edho pam\u00e1tkov\u00e9ho \u00fastavu z\u00a0r. cca 1999, kter\u00e9 odpov\u00eddaj\u00ed stavb\u011b polovi\u010dn\u00edho objemu a zcela odli\u0161n\u00e9ho vzhledu, jsme odpov\u011b\u010f nena\u0161li, ani kdy\u017e jsme se sna\u017eili o co nejindividu\u00e1ln\u011bj\u0161\u00ed p\u0159\u00edstup. \u201eArgumenty\u201c magistr\u00e1tu zrovna p\u0159esv\u011bd\u010div\u00e9 nejsou.<\/p>\n<p>&nbsp;<\/p>\n<p><strong>Z\u00e1v\u011br<\/strong><\/p>\n<p>Snad by bylo mo\u017en\u00e9 pro z\u00e1m\u011bnu h\u0159ebene sedlov\u00e9 st\u0159echy za st\u0159echu plochou,\u00a0 z\u00e1m\u011bnu podokapn\u00ed \u0159\u00edmsy za sp\u00e1ru na fas\u00e1d\u011b \u00a0a dvojn\u00e1sobn\u00fd objem vz\u00edt v\u00a0\u00favahu n\u00e1sleduj\u00edc\u00ed d\u016fvod: kouzlem z\u00e1m\u011bny v\u00fdznamu slov z\u00edskal n\u00e1vrh novostavby \u00a02 dal\u0161\u00ed podla\u017e\u00ed s\u00a0bytov\u00fdmi jednotkami \u2013 to znamen\u00e1 vy\u0161\u0161\u00ed v\u00fdnos objektu, v\u00edce pen\u011bz. Co na tom, \u017ee ob\u011b p\u0159ilehl\u00e9 pam\u00e1tky budou doslova zavaleny ne\u00fam\u011brnou hmotou novostavby. P\u016fvodn\u00ed z\u00e1vazn\u00e9 vyj\u00e1d\u0159en\u00ed NP\u00da, citovan\u00e9 v\u00a0posledn\u00edm z\u00e1vazn\u00e9m stanovisku magistr\u00e1tu z\u00a0r. 2016, se ani m\u011bnit nemuselo, Slova z\u016fstala, jen jejich obsah se zm\u011bnil. <em>&#8220;Vlk se na\u017eral a koza z\u016fstala cel\u00e1.&#8221;<\/em> O pen\u00edze jde v\u017edy a\u017e na prvn\u00edm m\u00edst\u011b, jsou zat\u00edm jedinou nezpochybn\u011bnou hodnotou. Tady ale jde o v\u00edc ne\u017e o pen\u00edze. Je tu v\u00a0s\u00e1zce nejen znehodnocen\u00ed n\u00e1rodn\u00ed kulturn\u00ed pam\u00e1tky, ale i obecn\u011b p\u0159ijat\u00e9ho v\u00fdznamu slov. Kdybychom 100kr\u00e1t nazvali sp\u00e1ru na fas\u00e1d\u011b korunn\u00ed \u0159\u00edmsou, funkci korunn\u00ed (podokapn\u00ed) \u0159\u00edmsy \u2013 ukon\u010dit fas\u00e1du a n\u00e9st okap &#8211; nespln\u00ed. Rovn\u011b\u017e h\u0159eben na ploch\u00e9 st\u0159e\u0161e nikdo neuvid\u00ed, proto\u017ee tam prost\u011b nen\u00ed. Argumentovat v\u00a0tomto p\u0159\u00edpad\u011b nezbytnost\u00ed zcela individu\u00e1ln\u00edho p\u0159\u00edstupu k\u00a0n\u00e1vrhu prof. Fr\u00e1nka je drz\u00fd nesmysl.<strong> M\u011bnit na z\u00e1klad\u011b \u201eindividu\u00e1ln\u00edho p\u0159\u00edstupu\u201c k\u00a0\u010demukoli sv\u00e9voln\u011b v\u00fdznam slov je nebezpe\u010dn\u00e9 \u2013 nedorozum\u00edme se mezi sebou. Bezpe\u010dn\u011b tak ukon\u010d\u00edme civilizaci.<\/strong><\/p>\n<p>Sled st\u00e1le objemn\u011bj\u0161\u00edch n\u00e1vrh\u016f schv\u00e1len\u00fdch MHMP od r. 1999 do sou\u010dasnosti, v\u00a0nich\u017e se st\u00e1le opakuj\u00ed \u00a0stejn\u00e9 objemov\u00e9 limity N\u00e1rodn\u00edho pam\u00e1tkov\u00e9ho \u00fastavu z\u00a0r. cca 1999, dokl\u00e1d\u00e1 postupn\u00fd n\u00e1r\u016fst hmoty novostavby &#8211; z\u0159ejm\u011b pod tlakem developera.<\/p>\n<p>Pod\u00e1v\u00e1 z\u00e1rove\u0148 n\u00e1zorn\u00fd <strong>p\u0159\u00edklad kontraproduktivity dvojkolejnosti pam\u00e1tkov\u00e9 p\u00e9\u010de, kdy mamut\u00ed pam\u00e1tkov\u00fd \u00fastav vyd\u00e1v\u00e1 pouze odborn\u00e1 doporu\u010den\u00ed, kter\u00e1 nejsou pro magistr\u00e1t z\u00e1vazn\u00e1.<\/strong><\/p>\n<p>Dal\u0161\u00ed koment\u00e1\u0159 je zbyte\u010dn\u00fd \u2013 s\u00edla \u201eargument\u016f\u201c pam\u00e1tkov\u00e9ho odboru MHMP mluv\u00ed sama za sebe \u2013 i kdy\u017e to v\u00a0prav\u00e9m toho slova smyslu \u017e\u00e1dn\u00e9 argumenty nejsou \u2013 pouze tvrzen\u00ed op\u0159en\u00e1 o \u00a0postaven\u00ed \u201eargumentuj\u00edc\u00edho\u201c na pomysln\u00e9m \u017eeb\u0159\u00ed\u010dku vlivu a moci bez n\u00e1vaznosti na realitu kolem n\u00e1s.<\/p>\n<p>&nbsp;<\/p>\n<ol start=\"20\">\n<li style=\"text-align: left;\">6. 2017 <a href=\"http:\/\/www.asorkd.cz\/\">ASORKD<\/a><\/li>\n<\/ol>\n<p>Ing. arch. Marie \u0160v\u00e1bov\u00e1- vicepresidentka asociace<\/p>\n<p>&nbsp;<\/p>\n<p><strong>Pozn\u00e1mka<\/strong><\/p>\n<p>Uv\u00e1d\u00edme zde pouze podstatn\u00e9 \u010d\u00e1sti argumentace magistr\u00e1tu ze z\u00e1vazn\u00fdch stanovisek z\u00a06. 12. 2016, 4. 10. 1999 a\u00a0 25. 4. 12 \u2013 cel\u00fd text je pro z\u00e1plavu \u010d\u00edsel jednac\u00edch a dat dal\u0161\u00edch citovan\u00fdch dokument\u016f\u00a0 t\u011b\u017eko srozumiteln\u00fd. Na po\u017e\u00e1d\u00e1n\u00ed ho pro p\u0159\u00edpadn\u00e9 z\u00e1jemce samoz\u0159ejm\u011b\u00a0 zve\u0159ejn\u00edme.<\/p>\n<p>&nbsp;<\/p>\n<p>Dal\u0161\u00ed \u010dl\u00e1nky o kauze Mar\u0161meloun na V\u00e1clavsk\u00e9m n\u00e1m\u011bst\u00ed na str\u00e1nk\u00e1ch Ob\u010dansk\u00e9ho monitoringu si m\u016f\u017eete p\u0159e\u010d\u00edst\u00a0<a href=\"http:\/\/obcanskymonitoring.cz\/?s=koz%C3%A1kova+domu&amp;x=0&amp;y=0\">zde<\/a>.<\/p>\n<p>Dal\u0161\u00ed \u010dl\u00e1nky pan\u00ed architektky \u0160v\u00e1bov\u00e9 si m\u016f\u017eete p\u0159e\u010d\u00edst\u00a0<a href=\"http:\/\/obcanskymonitoring.cz\/?s=%C5%A1v%C3%A1bov&amp;x=0&amp;y=0\">zde<\/a>.<\/p>\n<p>Dal\u0161\u00ed \u010dl\u00e1nky kategorie Pam\u00e1tky si\u00a0m\u016f\u017eete p\u0159e\u010d\u00edst\u00a0<a href=\"http:\/\/obcanskymonitoring.cz\/?cat=41\">zde<\/a>.<\/p>\n<div data-counters='1' data-style='square' data-size='regular' data-url='https:\/\/obcanskymonitoring.cz\/?p=6299' data-title='Arch. \u0160v\u00e1bov\u00e1: Argumenty magistr\u00e1tu Hlavn\u00edho m\u011bsta Prahy' class='linksalpha_container linksalpha_app_3'><a href='\/\/www.linksalpha.com\/share?network='facebook' class='linksalpha_icon_facebook'><\/a><a href='\/\/www.linksalpha.com\/share?network='twitter' class='linksalpha_icon_twitter'><\/a><a href='\/\/www.linksalpha.com\/share?network='googleplus' class='linksalpha_icon_googleplus'><\/a><a href='\/\/www.linksalpha.com\/share?network='mail' class='linksalpha_icon_mail'><\/a><\/div><div data-position='' data-url='https:\/\/obcanskymonitoring.cz\/?p=6299' data-title='Arch. \u0160v\u00e1bov\u00e1: Argumenty magistr\u00e1tu Hlavn\u00edho m\u011bsta Prahy' class='linksalpha_container linksalpha_app_7'><a href='\/\/www.linksalpha.com\/share?network='facebook' class='linksalpha_icon_facebook'><\/a><a href='\/\/www.linksalpha.com\/share?network='twitter' class='linksalpha_icon_twitter'><\/a><a href='\/\/www.linksalpha.com\/share?network='googleplus' class='linksalpha_icon_googleplus'><\/a><a href='\/\/www.linksalpha.com\/share?network='mail' class='linksalpha_icon_mail'><\/a><\/div>","protected":false},"excerpt":{"rendered":"<p>&nbsp;1,349&nbsp;total views &nbsp; P\u0159etiskuji \u010dl\u00e1nek pan\u00ed architektky \u0160v\u00e1bov\u00e9 ke kauze Mar\u0161meloun.<\/p>\n","protected":false},"author":2,"featured_media":0,"comment_status":"open","ping_status":"open","sticky":true,"template":"","format":"standard","meta":[],"categories":[8,23],"tags":[],"_links":{"self":[{"href":"https:\/\/obcanskymonitoring.cz\/index.php?rest_route=\/wp\/v2\/posts\/6299"}],"collection":[{"href":"https:\/\/obcanskymonitoring.cz\/index.php?rest_route=\/wp\/v2\/posts"}],"about":[{"href":"https:\/\/obcanskymonitoring.cz\/index.php?rest_route=\/wp\/v2\/types\/post"}],"author":[{"embeddable":true,"href":"https:\/\/obcanskymonitoring.cz\/index.php?rest_route=\/wp\/v2\/users\/2"}],"replies":[{"embeddable":true,"href":"https:\/\/obcanskymonitoring.cz\/index.php?rest_route=%2Fwp%2Fv2%2Fcomments&post=6299"}],"version-history":[{"count":3,"href":"https:\/\/obcanskymonitoring.cz\/index.php?rest_route=\/wp\/v2\/posts\/6299\/revisions"}],"predecessor-version":[{"id":6303,"href":"https:\/\/obcanskymonitoring.cz\/index.php?rest_route=\/wp\/v2\/posts\/6299\/revisions\/6303"}],"wp:attachment":[{"href":"https:\/\/obcanskymonitoring.cz\/index.php?rest_route=%2Fwp%2Fv2%2Fmedia&parent=6299"}],"wp:term":[{"taxonomy":"category","embeddable":true,"href":"https:\/\/obcanskymonitoring.cz\/index.php?rest_route=%2Fwp%2Fv2%2Fcategories&post=6299"},{"taxonomy":"post_tag","embeddable":true,"href":"https:\/\/obcanskymonitoring.cz\/index.php?rest_route=%2Fwp%2Fv2%2Ftags&post=6299"}],"curies":[{"name":"wp","href":"https:\/\/api.w.org\/{rel}","templated":true}]}}