{"id":6346,"date":"2017-11-23T10:17:08","date_gmt":"2017-11-23T10:17:08","guid":{"rendered":"http:\/\/obcanskymonitoring.cz\/?p=6346"},"modified":"2017-11-23T10:17:08","modified_gmt":"2017-11-23T10:17:08","slug":"arch-svabova-uhajime-sv-anezku-premyslovnu-pred-predimenzovanym-bytovym-domem","status":"publish","type":"post","link":"https:\/\/obcanskymonitoring.cz\/?p=6346","title":{"rendered":"Arch. \u0160v\u00e1bov\u00e1: Uh\u00e1j\u00edme sv. Ane\u017eku P\u0159emyslovnu p\u0159ed p\u0159edimenzovan\u00fdm bytov\u00fdm domem?"},"content":{"rendered":"<div class=\"pvc_clear\"><\/div>\n<p class=\"pvc_stats total_only \" data-element-id=\"6346\" style=\"\"><i class=\"pvc-stats-icon medium\" aria-hidden=\"true\"><svg xmlns=\"http:\/\/www.w3.org\/2000\/svg\" version=\"1.0\" viewBox=\"0 0 502 315\" preserveAspectRatio=\"xMidYMid meet\"><g transform=\"translate(0,332) scale(0.1,-0.1)\" fill=\"\" stroke=\"none\"><path d=\"M2394 3279 l-29 -30 -3 -207 c-2 -182 0 -211 15 -242 39 -76 157 -76 196 0 15 31 17 60 15 243 l-3 209 -33 29 c-26 23 -41 29 -80 29 -41 0 -53 -5 -78 -31z\"\/><path d=\"M3085 3251 c-45 -19 -58 -50 -96 -229 -47 -217 -49 -260 -13 -295 52 -53 146 -42 177 20 16 31 87 366 87 410 0 70 -86 122 -155 94z\"\/><path d=\"M1751 3234 c-13 -9 -29 -31 -37 -50 -12 -29 -10 -49 21 -204 19 -94 39 -189 45 -210 14 -50 54 -80 110 -80 34 0 48 6 76 34 21 21 34 44 34 59 0 14 -18 113 -40 219 -37 178 -43 195 -70 221 -36 32 -101 37 -139 11z\"\/><path d=\"M1163 3073 c-36 -7 -73 -59 -73 -102 0 -56 133 -378 171 -413 34 -32 83 -37 129 -13 70 36 67 87 -16 290 -86 209 -89 214 -129 231 -35 14 -42 15 -82 7z\"\/><path d=\"M3689 3066 c-15 -9 -33 -30 -42 -48 -48 -103 -147 -355 -147 -375 0 -98 131 -148 192 -74 13 15 57 108 97 206 80 196 84 226 37 273 -30 30 -99 39 -137 18z\"\/><path d=\"M583 2784 c-38 -19 -67 -74 -58 -113 9 -42 211 -354 242 -373 16 -10 45 -18 66 -18 51 0 107 52 107 100 0 39 -1 41 -124 234 -80 126 -108 162 -133 173 -41 17 -61 16 -100 -3z\"\/><path d=\"M4250 2784 c-14 -9 -74 -91 -133 -183 -95 -150 -107 -173 -107 -213 0 -55 33 -94 87 -104 67 -13 90 8 211 198 130 202 137 225 78 284 -27 27 -42 34 -72 34 -22 0 -50 -8 -64 -16z\"\/><path d=\"M2275 2693 c-553 -48 -1095 -270 -1585 -649 -135 -104 -459 -423 -483 -476 -23 -49 -22 -139 2 -186 73 -142 361 -457 571 -626 285 -228 642 -407 990 -497 242 -63 336 -73 660 -74 310 0 370 5 595 52 535 111 1045 392 1455 803 122 121 250 273 275 326 19 41 19 137 0 174 -41 79 -309 363 -465 492 -447 370 -946 591 -1479 653 -113 14 -422 18 -536 8z m395 -428 c171 -34 330 -124 456 -258 112 -119 167 -219 211 -378 27 -96 24 -300 -5 -401 -72 -255 -236 -447 -474 -557 -132 -62 -201 -76 -368 -76 -167 0 -236 14 -368 76 -213 98 -373 271 -451 485 -162 444 86 934 547 1084 153 49 292 57 452 25z m909 -232 c222 -123 408 -262 593 -441 76 -74 138 -139 138 -144 0 -16 -233 -242 -330 -319 -155 -123 -309 -223 -461 -299 l-81 -41 32 46 c18 26 49 83 70 128 143 306 141 649 -6 957 -25 52 -61 116 -79 142 l-34 47 45 -20 c26 -10 76 -36 113 -56z m-2057 25 c-40 -58 -105 -190 -130 -263 -110 -324 -59 -707 132 -981 25 -35 42 -64 37 -64 -19 0 -241 119 -326 174 -188 122 -406 314 -532 468 l-58 71 108 103 c185 178 428 349 672 473 66 33 121 60 123 61 2 0 -10 -19 -26 -42z\"\/><path d=\"M2375 1950 c-198 -44 -350 -190 -395 -379 -18 -76 -8 -221 19 -290 114 -284 457 -406 731 -260 98 52 188 154 231 260 27 69 37 214 19 290 -38 163 -166 304 -326 360 -67 23 -215 33 -279 19z\"\/><\/g><\/svg><\/i> &nbsp;1,567&nbsp;total views<\/p>\n<div class=\"pvc_clear\"><\/div>\n<p><a href=\"http:\/\/obcanskymonitoring.cz\/?attachment_id=3671\" rel=\"attachment wp-att-3671\"><img loading=\"lazy\" class=\"alignnone size-medium wp-image-3671\" src=\"http:\/\/obcanskymonitoring.cz\/wp-content\/uploads\/2015\/03\/kolaz-300x110.jpg\" alt=\"\" width=\"300\" height=\"110\" srcset=\"https:\/\/obcanskymonitoring.cz\/wp-content\/uploads\/2015\/03\/kolaz-300x110.jpg 300w, https:\/\/obcanskymonitoring.cz\/wp-content\/uploads\/2015\/03\/kolaz.jpg 845w\" sizes=\"(max-width: 300px) 100vw, 300px\" \/><\/a><\/p>\n<p>&nbsp;<\/p>\n<p>P\u0159etiskujeme \u010dl\u00e1nek pan\u00ed architektky \u0160v\u00e1bov\u00e9.<\/p>\n<p><!--more--><\/p>\n<p>Prostor mezi kl\u00e1\u0161tery sv. Ane\u017eky \u010cesk\u00e9 a sv. Tade\u00e1\u0161e a \u0160imona Judy m\u00e1 zaplnit mohutn\u00e1 novostavba bytov\u00e9ho domu, zn\u00e1m\u00e1 jako <a href=\"http:\/\/obcanskymonitoring.cz\/?p=3699\">mar\u0161meloun<\/a>. Pra\u017ean\u016fm ani p\u0159espoln\u00edm se nel\u00edb\u00ed \u2013 protestuj\u00ed proti jej\u00ed realizaci. Tak\u00e9 kritizuj\u00ed pro m\u011bsto velmi nev\u00fdhodnou cenu, za kterou se magistr\u00e1t zav\u00e1zal developerovi pozemek prodat. Demonstrace p\u0159ed \u00fa\u0159adem Prahy 1 v\u00a0r. 2015:<\/p>\n<p><a href=\"http:\/\/obcanskymonitoring.cz\/?attachment_id=6226\" rel=\"attachment wp-att-6226\"><img loading=\"lazy\" class=\"alignnone size-medium wp-image-6226\" src=\"http:\/\/obcanskymonitoring.cz\/wp-content\/uploads\/2017\/04\/marsmeloun-demonstrace-300x224.jpg\" alt=\"\" width=\"300\" height=\"224\" srcset=\"https:\/\/obcanskymonitoring.cz\/wp-content\/uploads\/2017\/04\/marsmeloun-demonstrace-300x224.jpg 300w, https:\/\/obcanskymonitoring.cz\/wp-content\/uploads\/2017\/04\/marsmeloun-demonstrace.jpg 726w\" sizes=\"(max-width: 300px) 100vw, 300px\" \/><\/a><\/p>\n<p>V\u00a0davu jsou pam\u00e1tk\u00e1\u0159i z\u00a0NP\u00da, odborn\u00e1 ve\u0159ejnost i laici, zastupitel\u00e9 z\u00a0magistr\u00e1tu, Lid\u00e9 s\u00a0maskami z\u00a0fas\u00e1dy n\u00e1vrhu a hudebn\u00edmi n\u00e1stroji.<\/p>\n<p><a href=\"http:\/\/www.asorkd.cz\/\">ASORKD<\/a> se mohl vyj\u00e1d\u0159it a\u017e k\u00a0\u00fazemn\u00edmu \u0159\u00edzen\u00ed v\u00a0r. 2013. Na\u0161e p\u0159ipom\u00ednky se t\u00fdkaly:<\/p>\n<ol>\n<li>celkov\u00e9ho objemu budovy \u2013 <strong>p\u0159evy\u0161uje barokn\u00ed z\u00e1stavbu v\u00a0ul. U Milosrdn\u00fdch o 11,9m <\/strong>(!), z\u00a0druh\u00e9 strany p\u0159il\u00e9haj\u00edc\u00ed barokn\u00ed \u0161pit\u00e1l o 3,65m. Kostely sv. Franti\u0161ka a Salv\u00e1tora o 5,6m. Tak\u017ee<strong> po\u0161kozuje urbanistick\u00e9 postaven\u00ed do t\u00e9 doby dominantn\u00edch kulturn\u00edch pam\u00e1tek.<\/strong><\/li>\n<li>\u010clen\u011bn\u00ed mohutn\u00e9 budovy svou brutalitou doslova drt\u00ed jemn\u00e9 gotick\u00e9 kru\u017eby a barokn\u00ed profily \u2013<strong> novostavba poru\u0161uje m\u011b\u0159\u00edtko historick\u00e9ho souboru staveb<\/strong> i v\u00a0t\u00e9to rovin\u011b.<\/li>\n<li>V\u00a0panoramatu prav\u00e9ho b\u0159eh <strong>rozkl\u00e1d\u00e1 charakteristickou strukturu \u0161ikm\u00fdch st\u0159ech<\/strong> nad st\u0159edov\u011bk\u00fdmi parcelami plochou st\u0159echou pokr\u00fdvaj\u00edc\u00ed <strong>plochu 8 p\u016fvodn\u00edch parcel.<\/strong><\/li>\n<li><strong>Poru\u0161uje souvisl\u00e9 obestav\u011bn\u00ed uli\u010dn\u00edho prostoru, charakteristick\u00e9 pro Petrskou oblast.<\/strong> Uli\u010dn\u00ed s\u00ed\u0165 je nejcenn\u011bj\u0161\u00ed historick\u00e1 stopa, kter\u00e1 integruje cel\u00e9 toto dnes heterogenn\u00ed \u00fazem\u00ed ji\u017e od doby st\u0159edov\u011bk\u00e9 vesnick\u00e9 z\u00e1stavby a d\u00e1v\u00e1 mu nezam\u011bniteln\u00fd p\u016fvab. Bytovka \u2013 solit\u00e9r dokonce s\u00a0\u010destn\u00fdm dvorkem, i kdy\u017e jsou v\u00a0n\u00ed superluxusn\u00ed byty pro horn\u00edch p\u00e1r stovek, je hrub\u00fdm pochyben\u00edm z\u00a0hlediska pam\u00e1tkov\u00e9 p\u00e9\u010de. Zanedbateln\u00e9 nen\u00ed ani <strong>poko\u0159en\u00ed symbolu st\u00e1tnosti utilit\u00e1rn\u00edm, komer\u010dn\u011b orientovan\u00fdm objektem.<\/strong><\/li>\n<\/ol>\n<p>Shrnuto: Novostavba ni\u010d\u00ed kv\u016fli komer\u010dn\u00edmu vyu\u017eit\u00ed pozemku developerem kulturn\u00ed d\u011bdictv\u00ed, kter\u00e9 pat\u0159\u00ed n\u00e1m v\u0161em.<\/p>\n<p>Stavebn\u00ed \u00fa\u0159ad na\u0161e p\u0159ipom\u00ednky zam\u00edtnul vzhledem ke kladn\u00e9mu vyj\u00e1d\u0159en\u00ed NP\u00da i Magistr\u00e1tu. Ve\u0159ejnost toti\u017e prakticky m\u016f\u017ee uplat\u0148ovat p\u0159ipom\u00ednky pouze k\u00a0legislativn\u00edm a technick\u00fdm pochyben\u00edm v\u00a0projedn\u00e1v\u00e1n\u00ed projektu. Oblast ochrany pam\u00e1tkov\u00fdch hodnot je prakticky pro ni za st\u00e1vaj\u00edc\u00ed legislativy nep\u0159\u00edstupn\u00e1.<\/p>\n<p>Obr\u00e1tili jsme se proto na pam\u00e1tkovou inspekci. Ze z\u00e1vazn\u00e9ho vyj\u00e1d\u0159en\u00ed magistr\u00e1tu z\u00a0r. 2016 vypl\u00fdv\u00e1, \u017ee n\u00e1vrh schv\u00e1len\u00fd v r. 1999 m\u011bl zastav\u011bnou plochu ve srovn\u00e1n\u00ed s\u00a0tou sou\u010dasnou 3x men\u0161\u00ed, tomu odpov\u00eddal i nov\u00fd objem stavby. <strong>Skokov\u00fd n\u00e1r\u016fst objemu i zastav\u011bn\u00e9 plochy<\/strong> (tlak developera je o\u010dividn\u00fd) magistr\u00e1t od\u016fvodnil \u201cnov\u00fdm autorsk\u00fdm projektem\u201c (?), do kter\u00e9ho nelze zasahovat. S\u00a0d\u016fsledky takov\u00e9ho projektu pro okol\u00ed je nutn\u00e9 po\u010d\u00edtat. Opravdu prazvl\u00e1\u0161tn\u00ed ochrana pam\u00e1tkov\u00e9ho \u00fazem\u00ed \u2013 p\u016fjde-li o \u201eautorsk\u00fd projekt\u201c (nedefinovan\u00fd term\u00edn), pam\u00e1tkov\u00e1 ochrana nekon\u00e1. Magistr\u00e1t jednozna\u010dn\u011b up\u0159ednostnil \u201eautorskou\u201c novostavbu bytovky p\u0159ed n\u00e1rodn\u00ed kulturn\u00ed pam\u00e1tkou, s\u00a0d\u016fsledky jej\u00ed realizace se mus\u00ed n\u00e1rodn\u00ed kulturn\u00ed pam\u00e1tka vyrovnat.<\/p>\n<p><a href=\"https:\/\/drive.google.com\/open?id=0B2ZZNd5rGbv6eUlKN3U3SlphUXc\">Pam\u00e1tkov\u00e1 inspekce na na\u0161e stru\u010dn\u00e9 pod\u00e1n\u00ed odpov\u011bd\u011bla na 25 str\u00e1nk\u00e1ch.<\/a> V\u011bt\u0161ina textu byly odvol\u00e1vky na paragrafy a z\u00e1vazn\u00e1 vyj\u00e1d\u0159en\u00ed nebo stanoviska, n\u011bkter\u00e9 dlouh\u00e9 pas\u00e1\u017ee se opakovaly dvakr\u00e1t. Nicm\u00e9n\u011b PI pochyben\u00ed p\u0159iznala, sice ne z\u00a0hlediska pam\u00e1tkov\u00e9 ochrany, ale kv\u016fli<strong> nedostate\u010dn\u00e9mu vysv\u011btlen\u00ed tak v\u00fdrazn\u00e9ho n\u00e1r\u016fstu objemu stavby. <\/strong>N\u00e1pravu ale zjednat odm\u00edtla. Novela stavebn\u00edho z\u00e1kona toti\u017e pro zm\u011bnu vylu\u010duje prakticky ve\u0159ejnost ze stavebn\u00edho \u0159\u00edzen\u00ed. Pam\u00e1tkov\u00e1 inspekce p\u0159edpokl\u00e1d\u00e1, \u017ee by proto p\u0159\u00edpadn\u00e1 n\u00e1prava byla stejn\u011b zru\u0161en\u00e1. Ot\u00e1zku retroaktivity novely z\u00e1kona ponechala stranou.<\/p>\n<p>Obr\u00e1tili jsme se p\u00edsemnou interpelac\u00ed (1A4 s\u00a0konkr\u00e9tn\u00edmi dotazy) na ministra Hermana. Odpov\u011bd\u011bl d\u016fkladn\u00fdm elabor\u00e1tem na 20 str\u00e1nk\u00e1ch, n\u011bkter\u00e9 pas\u00e1\u017ee se opakovaly 2x, ale na dotazy t\u00fdkaj\u00edc\u00ed se pam\u00e1tkov\u00e9 ochrany a retroaktivity novely stavebn\u00edho z\u00e1kona, op\u011bt neodpov\u011bd\u011bl. <strong>Rozhoduj\u00edc\u00ed jsou legislativn\u00ed postupy \u2013 o \u010dem rozhoduj\u00ed, je vedlej\u0161\u00ed.<\/strong><\/p>\n<p>Ani po n\u011bkolika letech protest\u016f proti hrub\u00fdm chyb\u00e1m pam\u00e1tkov\u00e9 ochrany se n\u00e1m nepoda\u0159ilo p\u0159im\u011bt p\u0159\u00edslu\u0161n\u00e9 instituce k\u00a0v\u011bcn\u00e9mu jedn\u00e1n\u00ed. Rozhoduj\u00edc\u00ed jsou paragrafy, z\u00e1vazn\u00e1 vyj\u00e1d\u0159en\u00ed a stanoviska \u2013 vlastn\u00ed ochrana pam\u00e1tky je z\u0159ejm\u011b nepodstatn\u00e1. Je p\u0159\u00ed\u010dinou nez\u00e1jem, nedostatek odborn\u00e9 kvalifikace \u2013 mezery v\u00a0z\u00e1konech nebo snad dokonce je\u0161t\u011b n\u011bco jin\u00e9ho? P\u0159\u00edpad nen\u00ed na na\u0161ich \u00fa\u0159adech z\u0159ejm\u011b ojedin\u011bl\u00fd. Ot\u00e1zka je cui bonum? <strong>Kdo z\u00a0toho m\u00e1 prosp\u011bch?<\/strong><\/p>\n<p>Tato kresba nebyla vytvo\u0159ena pro tento \u010dl\u00e1nek, jej\u00ed uplatn\u011bn\u00ed je z\u0159ejm\u011b t\u00e9m\u011b\u0159 univerz\u00e1ln\u00ed.<\/p>\n<p><a href=\"http:\/\/obcanskymonitoring.cz\/?attachment_id=6347\" rel=\"attachment wp-att-6347\"><img loading=\"lazy\" class=\"alignnone size-medium wp-image-6347\" src=\"http:\/\/obcanskymonitoring.cz\/wp-content\/uploads\/2017\/11\/Svabova_vtip-300x218.png\" alt=\"\" width=\"300\" height=\"218\" srcset=\"https:\/\/obcanskymonitoring.cz\/wp-content\/uploads\/2017\/11\/Svabova_vtip-300x218.png 300w, https:\/\/obcanskymonitoring.cz\/wp-content\/uploads\/2017\/11\/Svabova_vtip-768x558.png 768w, https:\/\/obcanskymonitoring.cz\/wp-content\/uploads\/2017\/11\/Svabova_vtip-1024x744.png 1024w\" sizes=\"(max-width: 300px) 100vw, 300px\" \/><\/a><\/p>\n<p>&nbsp;<\/p>\n<ol start=\"19\">\n<li>11. 2017,\u00a0Ing. arch. Marie \u0160v\u00e1bov\u00e1, ASORKD (<a href=\"http:\/\/www.asorkd.cz\">www.asorkd.cz<\/a>)<\/li>\n<\/ol>\n<p>&nbsp;<\/p>\n<p>&nbsp;<\/p>\n<p>Dal\u0161\u00ed \u010dl\u00e1nky o kauze Mar\u0161meloun na V\u00e1clavsk\u00e9m n\u00e1m\u011bst\u00ed na str\u00e1nk\u00e1ch Ob\u010dansk\u00e9ho monitoringu si m\u016f\u017eete p\u0159e\u010d\u00edst\u00a0<a href=\"http:\/\/obcanskymonitoring.cz\/?s=koz%C3%A1kova+domu&amp;x=0&amp;y=0\">zde<\/a>.<\/p>\n<p>Dal\u0161\u00ed \u010dl\u00e1nky pan\u00ed architektky \u0160v\u00e1bov\u00e9 si m\u016f\u017eete p\u0159e\u010d\u00edst\u00a0<a href=\"http:\/\/obcanskymonitoring.cz\/?s=%C5%A1v%C3%A1bov&amp;x=0&amp;y=0\">zde<\/a>.<\/p>\n<p>Dal\u0161\u00ed \u010dl\u00e1nky kategorie Pam\u00e1tky si\u00a0m\u016f\u017eete p\u0159e\u010d\u00edst\u00a0<a href=\"http:\/\/obcanskymonitoring.cz\/?cat=41\">zde<\/a>.<\/p>\n<div data-counters='1' data-style='square' data-size='regular' data-url='https:\/\/obcanskymonitoring.cz\/?p=6346' data-title='Arch. \u0160v\u00e1bov\u00e1: Uh\u00e1j\u00edme sv. Ane\u017eku P\u0159emyslovnu p\u0159ed p\u0159edimenzovan\u00fdm bytov\u00fdm domem?' class='linksalpha_container linksalpha_app_3'><a href='\/\/www.linksalpha.com\/share?network='facebook' class='linksalpha_icon_facebook'><\/a><a href='\/\/www.linksalpha.com\/share?network='twitter' class='linksalpha_icon_twitter'><\/a><a href='\/\/www.linksalpha.com\/share?network='googleplus' class='linksalpha_icon_googleplus'><\/a><a href='\/\/www.linksalpha.com\/share?network='mail' class='linksalpha_icon_mail'><\/a><\/div><div data-position='' data-url='https:\/\/obcanskymonitoring.cz\/?p=6346' data-title='Arch. \u0160v\u00e1bov\u00e1: Uh\u00e1j\u00edme sv. Ane\u017eku P\u0159emyslovnu p\u0159ed p\u0159edimenzovan\u00fdm bytov\u00fdm domem?' class='linksalpha_container linksalpha_app_7'><a href='\/\/www.linksalpha.com\/share?network='facebook' class='linksalpha_icon_facebook'><\/a><a href='\/\/www.linksalpha.com\/share?network='twitter' class='linksalpha_icon_twitter'><\/a><a href='\/\/www.linksalpha.com\/share?network='googleplus' class='linksalpha_icon_googleplus'><\/a><a href='\/\/www.linksalpha.com\/share?network='mail' class='linksalpha_icon_mail'><\/a><\/div>","protected":false},"excerpt":{"rendered":"<p>&nbsp;1,567&nbsp;total views &nbsp; P\u0159etiskujeme \u010dl\u00e1nek pan\u00ed architektky \u0160v\u00e1bov\u00e9.<\/p>\n","protected":false},"author":2,"featured_media":0,"comment_status":"open","ping_status":"open","sticky":true,"template":"","format":"standard","meta":[],"categories":[41,23],"tags":[],"_links":{"self":[{"href":"https:\/\/obcanskymonitoring.cz\/index.php?rest_route=\/wp\/v2\/posts\/6346"}],"collection":[{"href":"https:\/\/obcanskymonitoring.cz\/index.php?rest_route=\/wp\/v2\/posts"}],"about":[{"href":"https:\/\/obcanskymonitoring.cz\/index.php?rest_route=\/wp\/v2\/types\/post"}],"author":[{"embeddable":true,"href":"https:\/\/obcanskymonitoring.cz\/index.php?rest_route=\/wp\/v2\/users\/2"}],"replies":[{"embeddable":true,"href":"https:\/\/obcanskymonitoring.cz\/index.php?rest_route=%2Fwp%2Fv2%2Fcomments&post=6346"}],"version-history":[{"count":1,"href":"https:\/\/obcanskymonitoring.cz\/index.php?rest_route=\/wp\/v2\/posts\/6346\/revisions"}],"predecessor-version":[{"id":6348,"href":"https:\/\/obcanskymonitoring.cz\/index.php?rest_route=\/wp\/v2\/posts\/6346\/revisions\/6348"}],"wp:attachment":[{"href":"https:\/\/obcanskymonitoring.cz\/index.php?rest_route=%2Fwp%2Fv2%2Fmedia&parent=6346"}],"wp:term":[{"taxonomy":"category","embeddable":true,"href":"https:\/\/obcanskymonitoring.cz\/index.php?rest_route=%2Fwp%2Fv2%2Fcategories&post=6346"},{"taxonomy":"post_tag","embeddable":true,"href":"https:\/\/obcanskymonitoring.cz\/index.php?rest_route=%2Fwp%2Fv2%2Ftags&post=6346"}],"curies":[{"name":"wp","href":"https:\/\/api.w.org\/{rel}","templated":true}]}}