{"id":6367,"date":"2018-03-18T16:50:44","date_gmt":"2018-03-18T16:50:44","guid":{"rendered":"http:\/\/obcanskymonitoring.cz\/?p=6367"},"modified":"2018-04-02T16:52:05","modified_gmt":"2018-04-02T16:52:05","slug":"nedelejme-z-sumavy-lunapark-a-zoo-vlk-patri-do-divociny","status":"publish","type":"post","link":"https:\/\/obcanskymonitoring.cz\/?p=6367","title":{"rendered":"Ned\u011blejme z \u0160umavy lunapark a ZOO, vlk pat\u0159\u00ed do divo\u010diny"},"content":{"rendered":"<div class=\"pvc_clear\"><\/div>\n<p class=\"pvc_stats total_only \" data-element-id=\"6367\" style=\"\"><i class=\"pvc-stats-icon medium\" aria-hidden=\"true\"><svg xmlns=\"http:\/\/www.w3.org\/2000\/svg\" version=\"1.0\" viewBox=\"0 0 502 315\" preserveAspectRatio=\"xMidYMid meet\"><g transform=\"translate(0,332) scale(0.1,-0.1)\" fill=\"\" stroke=\"none\"><path d=\"M2394 3279 l-29 -30 -3 -207 c-2 -182 0 -211 15 -242 39 -76 157 -76 196 0 15 31 17 60 15 243 l-3 209 -33 29 c-26 23 -41 29 -80 29 -41 0 -53 -5 -78 -31z\"\/><path d=\"M3085 3251 c-45 -19 -58 -50 -96 -229 -47 -217 -49 -260 -13 -295 52 -53 146 -42 177 20 16 31 87 366 87 410 0 70 -86 122 -155 94z\"\/><path d=\"M1751 3234 c-13 -9 -29 -31 -37 -50 -12 -29 -10 -49 21 -204 19 -94 39 -189 45 -210 14 -50 54 -80 110 -80 34 0 48 6 76 34 21 21 34 44 34 59 0 14 -18 113 -40 219 -37 178 -43 195 -70 221 -36 32 -101 37 -139 11z\"\/><path d=\"M1163 3073 c-36 -7 -73 -59 -73 -102 0 -56 133 -378 171 -413 34 -32 83 -37 129 -13 70 36 67 87 -16 290 -86 209 -89 214 -129 231 -35 14 -42 15 -82 7z\"\/><path d=\"M3689 3066 c-15 -9 -33 -30 -42 -48 -48 -103 -147 -355 -147 -375 0 -98 131 -148 192 -74 13 15 57 108 97 206 80 196 84 226 37 273 -30 30 -99 39 -137 18z\"\/><path d=\"M583 2784 c-38 -19 -67 -74 -58 -113 9 -42 211 -354 242 -373 16 -10 45 -18 66 -18 51 0 107 52 107 100 0 39 -1 41 -124 234 -80 126 -108 162 -133 173 -41 17 -61 16 -100 -3z\"\/><path d=\"M4250 2784 c-14 -9 -74 -91 -133 -183 -95 -150 -107 -173 -107 -213 0 -55 33 -94 87 -104 67 -13 90 8 211 198 130 202 137 225 78 284 -27 27 -42 34 -72 34 -22 0 -50 -8 -64 -16z\"\/><path d=\"M2275 2693 c-553 -48 -1095 -270 -1585 -649 -135 -104 -459 -423 -483 -476 -23 -49 -22 -139 2 -186 73 -142 361 -457 571 -626 285 -228 642 -407 990 -497 242 -63 336 -73 660 -74 310 0 370 5 595 52 535 111 1045 392 1455 803 122 121 250 273 275 326 19 41 19 137 0 174 -41 79 -309 363 -465 492 -447 370 -946 591 -1479 653 -113 14 -422 18 -536 8z m395 -428 c171 -34 330 -124 456 -258 112 -119 167 -219 211 -378 27 -96 24 -300 -5 -401 -72 -255 -236 -447 -474 -557 -132 -62 -201 -76 -368 -76 -167 0 -236 14 -368 76 -213 98 -373 271 -451 485 -162 444 86 934 547 1084 153 49 292 57 452 25z m909 -232 c222 -123 408 -262 593 -441 76 -74 138 -139 138 -144 0 -16 -233 -242 -330 -319 -155 -123 -309 -223 -461 -299 l-81 -41 32 46 c18 26 49 83 70 128 143 306 141 649 -6 957 -25 52 -61 116 -79 142 l-34 47 45 -20 c26 -10 76 -36 113 -56z m-2057 25 c-40 -58 -105 -190 -130 -263 -110 -324 -59 -707 132 -981 25 -35 42 -64 37 -64 -19 0 -241 119 -326 174 -188 122 -406 314 -532 468 l-58 71 108 103 c185 178 428 349 672 473 66 33 121 60 123 61 2 0 -10 -19 -26 -42z\"\/><path d=\"M2375 1950 c-198 -44 -350 -190 -395 -379 -18 -76 -8 -221 19 -290 114 -284 457 -406 731 -260 98 52 188 154 231 260 27 69 37 214 19 290 -38 163 -166 304 -326 360 -67 23 -215 33 -279 19z\"\/><\/g><\/svg><\/i> &nbsp;1,145&nbsp;total views<\/p>\n<div class=\"pvc_clear\"><\/div>\n<p><a href=\"http:\/\/obcanskymonitoring.cz\/?attachment_id=5732\" rel=\"attachment wp-att-5732\"><img loading=\"lazy\" class=\"alignnone size-medium wp-image-5732\" src=\"http:\/\/obcanskymonitoring.cz\/wp-content\/uploads\/2016\/08\/vlk-300x300.jpg\" alt=\"\" width=\"300\" height=\"300\" srcset=\"https:\/\/obcanskymonitoring.cz\/wp-content\/uploads\/2016\/08\/vlk-300x300.jpg 300w, https:\/\/obcanskymonitoring.cz\/wp-content\/uploads\/2016\/08\/vlk-150x150.jpg 150w, https:\/\/obcanskymonitoring.cz\/wp-content\/uploads\/2016\/08\/vlk-1024x1024.jpg 1024w, https:\/\/obcanskymonitoring.cz\/wp-content\/uploads\/2016\/08\/vlk.jpg 1077w\" sizes=\"(max-width: 300px) 100vw, 300px\" \/><\/a><\/p>\n<p>&nbsp;<\/p>\n<p><!--more--><\/p>\n<p>&nbsp;<\/p>\n<p>Upozor\u0148uji na \u010dl\u00e1nek\u00a0<a href=\"https:\/\/plzen.rozhlas.cz\/omezeni-chovu-vlku-a-nove-ploty-sumavsky-park-meni-pravidla-v-navstevnickych-6936122\">Omezen\u00ed chovu vlk\u016f a nov\u00e9 ploty, \u0161umavsk\u00fd park m\u011bn\u00ed pravidla v n\u00e1v\u0161t\u011bvnick\u00fdch centrech<\/a>.<\/p>\n<p>Cituji z \u010dl\u00e1nku: <em>\u201eSe n\u00e1m stalo, \u017ee z p\u011bti narozen\u00fdch byla odchov\u00e1na t\u0159i vl\u010data. To bych \u0159ekl, \u017ee je \u00fapln\u011b norm\u00e1ln\u00ed v\u00fdvoj, ale bohu\u017eel t\u0159i vlci se neza\u010dlenili \u00fapln\u011b do sme\u010dky a sme\u010dka si to s nima vy\u0159\u00eddila. Jednoho jsme na\u0161li uhynul\u00e9ho ve v\u00fdb\u011bhu a dva jsme museli n\u011bjak\u00fdm zp\u016fsobem \u0159e\u0161it ve spolupr\u00e1ci s veterin\u00e1\u0159em, proto\u017ee ti byli zran\u011bni neslu\u010diteln\u011b se \u017eivotem,&#8221; popsal situaci vedouc\u00ed n\u00e1v\u0161t\u011bvnick\u00e9ho centra v Srn\u00ed Ji\u0159\u00ed Kec s t\u00edm, \u017ee vlci ve sme\u010dce jsou k t\u011bm, kte\u0159\u00ed se nepod\u0159\u00edd\u00ed pravidl\u016fm sme\u010dky, velice krut\u00ed. Na rozd\u00edl od voln\u00e9 p\u0159\u00edrody tady nem\u00e1 odm\u00edtnut\u00e9 zv\u00ed\u0159e mo\u017enost od sme\u010dky odej\u00edt.&#8221;<\/em><\/p>\n<p>a d\u00e1le cituji z \u010dl\u00e1nku: <em>&#8220;Spr\u00e1va parku vlk\u016fm nasad\u00ed antikoncepci, \u0159e\u0161en\u00edm je i kastrace.&#8221;<\/em><\/p>\n<p>Co je toto za absurditu?\u00a0V \u010dl\u00e1nc\u00edch na tomto <a href=\"http:\/\/www.obcanskymonitoring.cz\">serveru<\/a> dlouhodob\u011b podporujeme n\u00e1vrat vlka do divok\u00e9 p\u0159\u00edrody, viz nap\u0159\u00edklad \u010dl\u00e1nek <a href=\"http:\/\/obcanskymonitoring.cz\/?p=5728\">Petra Je\u0161\u00e1tka\u00a0Pro\u010d se v N\u00e1rodn\u00edm parku \u0160umava chod\u00edme d\u00edvat pouze na vlky ze zoologick\u00e9 zahrady?<\/a><\/p>\n<p>P\u0159ipojuji koment\u00e1\u0159 <a href=\"http:\/\/www.sumavanet.cz\/oumodrava\/\">Anton\u00edna Schuberta, starostu Modravy:<\/a><\/p>\n<p><a href=\"http:\/\/obcanskymonitoring.cz\/?attachment_id=6368\" rel=\"attachment wp-att-6368\"><img loading=\"lazy\" class=\"alignnone size-medium wp-image-6368\" src=\"http:\/\/obcanskymonitoring.cz\/wp-content\/uploads\/2018\/03\/Modrava-streleni-vlka-300x207.jpg\" alt=\"\" width=\"300\" height=\"207\" srcset=\"https:\/\/obcanskymonitoring.cz\/wp-content\/uploads\/2018\/03\/Modrava-streleni-vlka-300x207.jpg 300w, https:\/\/obcanskymonitoring.cz\/wp-content\/uploads\/2018\/03\/Modrava-streleni-vlka-768x530.jpg 768w, https:\/\/obcanskymonitoring.cz\/wp-content\/uploads\/2018\/03\/Modrava-streleni-vlka.jpg 960w\" sizes=\"(max-width: 300px) 100vw, 300px\" \/><\/a><\/p>\n<p>&#8220;<em>Foto &#8211; Modrava l\u00e9to 1983<\/em><br \/>\n<em>Vlevo Ing. Josef Strand z Ministerstva lesn\u00edho a vodn\u00edho hospod\u00e1\u0159stv\u00ed, vpravo m\u016fj otec Vladim\u00edr Schubert a nesou vlka, kter\u00e9ho ing. Strnad zast\u0159elil pod Modravou nad Hradlov\u00fdm mostem. <\/em><br \/>\n<em>Tehdy jsem si \u0159ekl, \u017ee spole\u010dnost by m\u011bla b\u00fdt natolik vysp\u011bl\u00e1, \u017ee by m\u011bla ud\u011blat v\u0161echno proto, aby nebylo t\u011bmto zv\u00ed\u0159at\u016fm ubli\u017eov\u00e1no. Tehdej\u0161\u00ed \u010desk\u00e9 ani feder\u00e1ln\u00ed z\u00e1kony ale na vlka v \u010desk\u00fdch zem\u00edch nepamatovaly, tak\u017ee se vlastn\u011b podle z\u00e1kona nic nestalo. To jsem pova\u017eoval za chybu v\u010detn\u011b toho, \u017ee pan Strnad nemohl b\u00fdt nijak potrest\u00e1n. <\/em><br \/>\n<em>Dnes je vlk podle z\u00e1kona chr\u00e1n\u011bn\u00e9 zv\u00ed\u0159e! <\/em><br \/>\n<em>Pokud jsem po 35 letech od t\u00e9to ud\u00e1losti sv\u011bdkem toho, \u017ee ten, kdo se vyd\u00e1v\u00e1 za nejprofesion\u00e1ln\u011bj\u0161\u00edho odborn\u00edka na ochranu p\u0159\u00edrody (Spr\u00e1va NP \u0160umava) obhajuje vz\u00e1jemn\u00e9 zab\u00edjen\u00ed se vlk\u016f za p\u0159\u00edrodn\u00ed proces, proto\u017ee ti zabit\u00ed nemohli nikam ut\u00e9ct ani se nikam shovat, tak k \u010demu je vlku ta ochrana podle z\u00e1kona? Dal\u0161\u00ed z d\u016fvod\u016f, pro\u010d to vid\u00edm s ochranou p\u0159\u00edrody velmi \u0161patn\u011b!<\/em><br \/>\n<em>A na\u0161i jinak velmi v\u0161\u00edmav\u00ed aktivist\u00e9? Ti op\u011bt jist\u011b p\u0159isp\u011bchaj\u00ed s b\u00e1chorkou, \u017ee o ni\u010dem nev\u011bd\u011bli. Hlavn\u011b \u017ee si mast\u00ed kapsy na projektech Vl\u010d\u00edch hl\u00eddek! <\/em><br \/>\n<em>A abych p\u0159ede\u0161el hloup\u00fdm ot\u00e1zk\u00e1m nebo \u00favaze, \u017ee po boji je ka\u017ed\u00fd gener\u00e1l, tak sd\u011bluji, \u017ee jsem se od sam\u00e9ho po\u010d\u00e1tku tvorby pl\u00e1nu vl\u010dince u Srn\u00ed ptal, jak\u00fd osud potk\u00e1 narozen\u00e1 vl\u010data. V\u017edycky jsem dostal odpov\u011b\u010f, \u017ee to je vy\u0159e\u0161eno na profesion\u00e1ln\u00ed \u00farovni. HEUR\u00c9KA! Te\u010f u\u017e v\u00edm, co je to profesion\u00e1ln\u00ed \u0159e\u0161en\u00ed! <\/em><br \/>\n<em>Tak\u017ee, z\u00e1kon d\u017eungle anebo nepoveden\u00fd v\u00fdplod?<\/em>&#8221;<\/p>\n<p>Dal\u0161\u00ed \u010dl\u00e1nky o vlc\u00edch na str\u00e1nk\u00e1ch Ob\u010dansk\u00e9ho monitoringu si m\u016f\u017eete p\u0159e\u010d\u00edst <a href=\"http:\/\/obcanskymonitoring.cz\/?s=vlk&amp;x=0&amp;y=0\">zde<\/a>.<\/p>\n<p>Dal\u0161\u00ed \u010dl\u00e1nky na t\u00e9ma \u0160umava si m\u016f\u017eete p\u0159e\u010d\u00edst <a href=\"http:\/\/obcanskymonitoring.cz\/?cat=21\">zde<\/a>.<\/p>\n<div data-counters='1' data-style='square' data-size='regular' data-url='https:\/\/obcanskymonitoring.cz\/?p=6367' data-title='Ned\u011blejme z \u0160umavy lunapark a ZOO, vlk pat\u0159\u00ed do divo\u010diny' class='linksalpha_container linksalpha_app_3'><a href='\/\/www.linksalpha.com\/share?network='facebook' class='linksalpha_icon_facebook'><\/a><a href='\/\/www.linksalpha.com\/share?network='twitter' class='linksalpha_icon_twitter'><\/a><a href='\/\/www.linksalpha.com\/share?network='googleplus' class='linksalpha_icon_googleplus'><\/a><a href='\/\/www.linksalpha.com\/share?network='mail' class='linksalpha_icon_mail'><\/a><\/div><div data-position='' data-url='https:\/\/obcanskymonitoring.cz\/?p=6367' data-title='Ned\u011blejme z \u0160umavy lunapark a ZOO, vlk pat\u0159\u00ed do divo\u010diny' class='linksalpha_container linksalpha_app_7'><a href='\/\/www.linksalpha.com\/share?network='facebook' class='linksalpha_icon_facebook'><\/a><a href='\/\/www.linksalpha.com\/share?network='twitter' class='linksalpha_icon_twitter'><\/a><a href='\/\/www.linksalpha.com\/share?network='googleplus' class='linksalpha_icon_googleplus'><\/a><a href='\/\/www.linksalpha.com\/share?network='mail' class='linksalpha_icon_mail'><\/a><\/div>","protected":false},"excerpt":{"rendered":"<p>&nbsp;1,145&nbsp;total views &nbsp;<\/p>\n","protected":false},"author":2,"featured_media":0,"comment_status":"open","ping_status":"open","sticky":true,"template":"","format":"standard","meta":[],"categories":[21,29],"tags":[],"_links":{"self":[{"href":"https:\/\/obcanskymonitoring.cz\/index.php?rest_route=\/wp\/v2\/posts\/6367"}],"collection":[{"href":"https:\/\/obcanskymonitoring.cz\/index.php?rest_route=\/wp\/v2\/posts"}],"about":[{"href":"https:\/\/obcanskymonitoring.cz\/index.php?rest_route=\/wp\/v2\/types\/post"}],"author":[{"embeddable":true,"href":"https:\/\/obcanskymonitoring.cz\/index.php?rest_route=\/wp\/v2\/users\/2"}],"replies":[{"embeddable":true,"href":"https:\/\/obcanskymonitoring.cz\/index.php?rest_route=%2Fwp%2Fv2%2Fcomments&post=6367"}],"version-history":[{"count":2,"href":"https:\/\/obcanskymonitoring.cz\/index.php?rest_route=\/wp\/v2\/posts\/6367\/revisions"}],"predecessor-version":[{"id":6374,"href":"https:\/\/obcanskymonitoring.cz\/index.php?rest_route=\/wp\/v2\/posts\/6367\/revisions\/6374"}],"wp:attachment":[{"href":"https:\/\/obcanskymonitoring.cz\/index.php?rest_route=%2Fwp%2Fv2%2Fmedia&parent=6367"}],"wp:term":[{"taxonomy":"category","embeddable":true,"href":"https:\/\/obcanskymonitoring.cz\/index.php?rest_route=%2Fwp%2Fv2%2Fcategories&post=6367"},{"taxonomy":"post_tag","embeddable":true,"href":"https:\/\/obcanskymonitoring.cz\/index.php?rest_route=%2Fwp%2Fv2%2Ftags&post=6367"}],"curies":[{"name":"wp","href":"https:\/\/api.w.org\/{rel}","templated":true}]}}