{"id":6370,"date":"2018-03-18T17:49:51","date_gmt":"2018-03-18T17:49:51","guid":{"rendered":"http:\/\/obcanskymonitoring.cz\/?p=6370"},"modified":"2019-03-06T07:42:48","modified_gmt":"2019-03-06T07:42:48","slug":"marsmeloun-otevreny-dopis-ministru-kultury","status":"publish","type":"post","link":"https:\/\/obcanskymonitoring.cz\/?p=6370","title":{"rendered":"Mar\u0161meloun: Otev\u0159en\u00fd dopis ministru kultury"},"content":{"rendered":"<div class=\"pvc_clear\"><\/div>\n<p class=\"pvc_stats total_only \" data-element-id=\"6370\" style=\"\"><i class=\"pvc-stats-icon medium\" aria-hidden=\"true\"><svg xmlns=\"http:\/\/www.w3.org\/2000\/svg\" version=\"1.0\" viewBox=\"0 0 502 315\" preserveAspectRatio=\"xMidYMid meet\"><g transform=\"translate(0,332) scale(0.1,-0.1)\" fill=\"\" stroke=\"none\"><path d=\"M2394 3279 l-29 -30 -3 -207 c-2 -182 0 -211 15 -242 39 -76 157 -76 196 0 15 31 17 60 15 243 l-3 209 -33 29 c-26 23 -41 29 -80 29 -41 0 -53 -5 -78 -31z\"\/><path d=\"M3085 3251 c-45 -19 -58 -50 -96 -229 -47 -217 -49 -260 -13 -295 52 -53 146 -42 177 20 16 31 87 366 87 410 0 70 -86 122 -155 94z\"\/><path d=\"M1751 3234 c-13 -9 -29 -31 -37 -50 -12 -29 -10 -49 21 -204 19 -94 39 -189 45 -210 14 -50 54 -80 110 -80 34 0 48 6 76 34 21 21 34 44 34 59 0 14 -18 113 -40 219 -37 178 -43 195 -70 221 -36 32 -101 37 -139 11z\"\/><path d=\"M1163 3073 c-36 -7 -73 -59 -73 -102 0 -56 133 -378 171 -413 34 -32 83 -37 129 -13 70 36 67 87 -16 290 -86 209 -89 214 -129 231 -35 14 -42 15 -82 7z\"\/><path d=\"M3689 3066 c-15 -9 -33 -30 -42 -48 -48 -103 -147 -355 -147 -375 0 -98 131 -148 192 -74 13 15 57 108 97 206 80 196 84 226 37 273 -30 30 -99 39 -137 18z\"\/><path d=\"M583 2784 c-38 -19 -67 -74 -58 -113 9 -42 211 -354 242 -373 16 -10 45 -18 66 -18 51 0 107 52 107 100 0 39 -1 41 -124 234 -80 126 -108 162 -133 173 -41 17 -61 16 -100 -3z\"\/><path d=\"M4250 2784 c-14 -9 -74 -91 -133 -183 -95 -150 -107 -173 -107 -213 0 -55 33 -94 87 -104 67 -13 90 8 211 198 130 202 137 225 78 284 -27 27 -42 34 -72 34 -22 0 -50 -8 -64 -16z\"\/><path d=\"M2275 2693 c-553 -48 -1095 -270 -1585 -649 -135 -104 -459 -423 -483 -476 -23 -49 -22 -139 2 -186 73 -142 361 -457 571 -626 285 -228 642 -407 990 -497 242 -63 336 -73 660 -74 310 0 370 5 595 52 535 111 1045 392 1455 803 122 121 250 273 275 326 19 41 19 137 0 174 -41 79 -309 363 -465 492 -447 370 -946 591 -1479 653 -113 14 -422 18 -536 8z m395 -428 c171 -34 330 -124 456 -258 112 -119 167 -219 211 -378 27 -96 24 -300 -5 -401 -72 -255 -236 -447 -474 -557 -132 -62 -201 -76 -368 -76 -167 0 -236 14 -368 76 -213 98 -373 271 -451 485 -162 444 86 934 547 1084 153 49 292 57 452 25z m909 -232 c222 -123 408 -262 593 -441 76 -74 138 -139 138 -144 0 -16 -233 -242 -330 -319 -155 -123 -309 -223 -461 -299 l-81 -41 32 46 c18 26 49 83 70 128 143 306 141 649 -6 957 -25 52 -61 116 -79 142 l-34 47 45 -20 c26 -10 76 -36 113 -56z m-2057 25 c-40 -58 -105 -190 -130 -263 -110 -324 -59 -707 132 -981 25 -35 42 -64 37 -64 -19 0 -241 119 -326 174 -188 122 -406 314 -532 468 l-58 71 108 103 c185 178 428 349 672 473 66 33 121 60 123 61 2 0 -10 -19 -26 -42z\"\/><path d=\"M2375 1950 c-198 -44 -350 -190 -395 -379 -18 -76 -8 -221 19 -290 114 -284 457 -406 731 -260 98 52 188 154 231 260 27 69 37 214 19 290 -38 163 -166 304 -326 360 -67 23 -215 33 -279 19z\"\/><\/g><\/svg><\/i> &nbsp;1,227&nbsp;total views<\/p>\n<div class=\"pvc_clear\"><\/div>\n<p><a href=\"http:\/\/obcanskymonitoring.cz\/?attachment_id=3671\" rel=\"attachment wp-att-3671\"><img loading=\"lazy\" class=\"alignnone size-medium wp-image-3671\" src=\"http:\/\/obcanskymonitoring.cz\/wp-content\/uploads\/2015\/03\/kolaz-300x110.jpg\" alt=\"\" width=\"300\" height=\"110\" srcset=\"https:\/\/obcanskymonitoring.cz\/wp-content\/uploads\/2015\/03\/kolaz-300x110.jpg 300w, https:\/\/obcanskymonitoring.cz\/wp-content\/uploads\/2015\/03\/kolaz.jpg 845w\" sizes=\"(max-width: 300px) 100vw, 300px\" \/><\/a><\/p>\n<p><!--more--><\/p>\n<p>Ministerstvo kultury \u010cR<\/p>\n<p>PhDr. Ilja \u0160m\u00edd<\/p>\n<p>ministr kultury<\/p>\n<p>Malt\u00e9zsk\u00e9 n\u00e1m\u011bst\u00ed 1<\/p>\n<p>118 11 Praha 1<\/p>\n<p>&nbsp;<\/p>\n<p style=\"text-align: right;\">V\u00a0Praze dne 18.3.2018<\/p>\n<p>&nbsp;<\/p>\n<p>V\u011bc:\u00a0\u00a0\u00a0 Otev\u0159en\u00fd dopis ministrovi<\/p>\n<p>N\u00e1vrh novostavby bytov\u00e9ho domu U Milosrdn\u00fdch<\/p>\n<p>&nbsp;<\/p>\n<p>V\u00e1\u017een\u00fd pane minist\u0159e,<\/p>\n<p>&nbsp;<\/p>\n<p>Od r. 2013 se sna\u017e\u00edme upozornit na ohro\u017een\u00ed urbanistick\u00e9ho postaven\u00ed n\u00e1rodn\u00ed kulturn\u00ed pam\u00e1tky \u2013 kl\u00e1\u0161tera sv. Ane\u017eky \u010cesk\u00e9 &#8211;\u00a0 p\u0159edimenzovan\u00fdm n\u00e1vrhem novostavby bytov\u00e9ho domu v\u00a0ul. U Milosrdn\u00fdch &#8211; zat\u00edm bezv\u00fdsledn\u011b. V\u00a0p\u0159\u00edloze p\u0159ipojujeme text na\u0161ich p\u0159ipom\u00ednek k\u00a0\u00fazemn\u00edmu \u0159\u00edzen\u00ed &#8211; <a href=\"https:\/\/drive.google.com\/open?id=16xzy6l2EB7zR5rIBz8v-iHTLW3FWXN5r\">zde<\/a> a <a href=\"https:\/\/drive.google.com\/open?id=16YjHx3Sm05o2-D3JWAZYPm1o4ZXPHM0B\">zde<\/a>. Nedostatky v p\u0159\u00edstupu pam\u00e1tkov\u00e9 p\u00e9\u010de, kter\u00e9 jsme zde uvedli, opakujeme ve v\u0161ech dal\u0161\u00edch dopisech dot\u010den\u00fdm instituc\u00edm.<\/p>\n<p>V\u00a0lo\u0148sk\u00e9m roce, po prostudov\u00e1n\u00ed z\u00e1vazn\u00e9ho stanoviska MHMP z\u00a06. 12. 2016 jsme po\u017e\u00e1dali pam\u00e1tkovou inspekci MK o vysv\u011btlen\u00ed skokov\u00e9ho <strong>\u010dty\u0159n\u00e1sobn\u00e9ho<\/strong> n\u00e1r\u016fstu objemu v\u00a0r. 2012. NP\u00da toti\u017e na \u017e\u00e1dost OPP magistr\u00e1tu zm\u011bnil ze dne na den sv\u00e9 z\u00e1vazn\u00e9 vyj\u00e1d\u0159en\u00ed z\u00a0r. 1999, kter\u00e9 limitovalo mo\u017en\u00fd objem novostavby na rohu ulic Koz\u00ed a U Milosrdn\u00fdch: <strong>zastav\u011bn\u00e1 plocha se po vstupu developera Augusta Razetta a architekta Z. Fr\u00e1nka b\u011bhem jedin\u00e9ho dne zm\u011bnila z\u00a012mx21m na 21mx 50m a <\/strong>p\u0159ibl\u00ed\u017eila se s\u00a0odstupem 2 m t\u011bsn\u011b k\u00a0n\u00e1rodn\u00ed kulturn\u00ed pam\u00e1tce \u2013 p\u0159esn\u011bji p\u0159ekro\u010dila o 10m p\u016fvodn\u00ed hranici pam\u00e1tkov\u00e9ho are\u00e1lu<strong> po z\u00e1boru \u010d\u00e1sti jeho \u00fazem\u00ed<\/strong>. K\u00f3ta h\u0159ebene st\u0159echy se stala k\u00f3tou \u00farovn\u011b ploch\u00e9 st\u0159echy, tak\u017ee fas\u00e1dy bytovky p\u0159evy\u0161uj\u00ed fas\u00e1dy obou kostel\u016f kl\u00e1\u0161tera o 5,6m, p\u0159il\u00e9haj\u00edc\u00ed barokn\u00ed fas\u00e1dy obytn\u00fdch dom\u016f o cel\u00fdch 12,85 m..<\/p>\n<p>Pam\u00e1tkov\u00e1 inspekce pochyben\u00ed p\u0159iznala, ale odm\u00edtla zajistit n\u00e1pravu s\u00a0odvol\u00e1n\u00edm na nov\u00fd stavebn\u00ed z\u00e1kon.<\/p>\n<p>Z\u00a0tisku jsme se dozv\u011bd\u011bli, \u017ee Augusto Razetto prod\u00e1v\u00e1 projekt i s\u00a0drobnou parcelou, kterou zat\u00edm vlastn\u00ed pod\u00e9l ulice Koz\u00ed. O prodeji zb\u00fdvaj\u00edc\u00edch\u00a0 pozemk\u016f z\u00a0vlastnictv\u00ed MHMP developerovi je uzav\u0159ena pro m\u011bsto velmi nev\u00fdhodn\u00e1 smlouva o smlouv\u011b budouc\u00ed.<\/p>\n<p>Vzhledem k\u00a0tomu, \u017ee dosud nebylo podle zve\u0159ejn\u011bn\u00fdch informac\u00ed vyd\u00e1no stavebn\u00ed povolen\u00ed, \u017e\u00e1d\u00e1me V\u00e1s o prov\u011b\u0159en\u00ed\u00a0 z\u00e1vazn\u00e9ho \u00a0vyj\u00e1d\u0159en\u00ed NP\u00da, kter\u00e9 umo\u017enilo n\u00e1r\u016fst objemu, z\u00a0hlediska pam\u00e1tkov\u00e9 p\u00e9\u010de &#8211; s\u00a0ohledem na zachov\u00e1n\u00ed urbanistick\u00e9 hodnoty kl\u00e1\u0161tera.\u00a0 Odvol\u00e1v\u00e1me se na text \u010dl. 6 Ben\u00e1tsk\u00e9 Charty, jej\u00ed\u017e je \u010cesk\u00e1 republika signat\u00e1\u0159em:<\/p>\n<p><strong>\u010cl. 6. <\/strong><em>Konzervace pam\u00e1tky v sob\u011b zahrnuje <strong>uchov\u00e1n\u00ed jej\u00edho prost\u0159ed\u00ed v odpov\u00eddaj\u00edc\u00edm m\u011b\u0159\u00edtku.<\/strong> Pokud tradi\u010dn\u00ed prost\u0159ed\u00ed existuje, je nutn\u00e9 ho udr\u017eet. Ka\u017edou novostavbu, demolici \u010di \u00fapravu, kter\u00e1 by zm\u011bnila vztahy objem\u016f a barev, je t\u0159eba zam\u00edtnout.<\/em><\/p>\n<p>V\u011b\u0159\u00edme, \u017ee pochop\u00edte z\u00e1va\u017enost hroz\u00edc\u00ed kulturn\u00ed ztr\u00e1ty a \u00a0zabr\u00e1n\u00edte degradaci urbanistick\u00e9ho postaven\u00ed jedn\u00e9 z\u00a0na\u0161ich nejv\u00fdznamn\u011bj\u0161\u00edch pam\u00e1tek a symbolu po\u010d\u00e1tku na\u0161\u00ed st\u00e1tnosti p\u0159edimenzovanou bytovkou.<\/p>\n<p>&nbsp;<\/p>\n<p>Dal\u0161\u00ed \u010dl\u00e1nky o kauze Mar\u0161meloun na V\u00e1clavsk\u00e9m n\u00e1m\u011bst\u00ed na str\u00e1nk\u00e1ch Ob\u010dansk\u00e9ho monitoringu si m\u016f\u017eete p\u0159e\u010d\u00edst\u00a0<a href=\"http:\/\/obcanskymonitoring.cz\/?s=koz%C3%A1kova+domu&amp;x=0&amp;y=0\">zde<\/a>.<\/p>\n<p>Dal\u0161\u00ed \u010dl\u00e1nky kategorie Pam\u00e1tky si\u00a0m\u016f\u017eete p\u0159e\u010d\u00edst\u00a0<a href=\"http:\/\/obcanskymonitoring.cz\/?cat=41\">zde<\/a>.<\/p>\n<div data-counters='1' data-style='square' data-size='regular' data-url='https:\/\/obcanskymonitoring.cz\/?p=6370' data-title='Mar\u0161meloun: Otev\u0159en\u00fd dopis ministru kultury' class='linksalpha_container linksalpha_app_3'><a href='\/\/www.linksalpha.com\/share?network='facebook' class='linksalpha_icon_facebook'><\/a><a href='\/\/www.linksalpha.com\/share?network='twitter' class='linksalpha_icon_twitter'><\/a><a href='\/\/www.linksalpha.com\/share?network='googleplus' class='linksalpha_icon_googleplus'><\/a><a href='\/\/www.linksalpha.com\/share?network='mail' class='linksalpha_icon_mail'><\/a><\/div><div data-position='' data-url='https:\/\/obcanskymonitoring.cz\/?p=6370' data-title='Mar\u0161meloun: Otev\u0159en\u00fd dopis ministru kultury' class='linksalpha_container linksalpha_app_7'><a href='\/\/www.linksalpha.com\/share?network='facebook' class='linksalpha_icon_facebook'><\/a><a href='\/\/www.linksalpha.com\/share?network='twitter' class='linksalpha_icon_twitter'><\/a><a href='\/\/www.linksalpha.com\/share?network='googleplus' class='linksalpha_icon_googleplus'><\/a><a href='\/\/www.linksalpha.com\/share?network='mail' class='linksalpha_icon_mail'><\/a><\/div>","protected":false},"excerpt":{"rendered":"<p>&nbsp;1,227&nbsp;total views<\/p>\n","protected":false},"author":2,"featured_media":0,"comment_status":"open","ping_status":"open","sticky":true,"template":"","format":"standard","meta":[],"categories":[41,23,10],"tags":[],"_links":{"self":[{"href":"https:\/\/obcanskymonitoring.cz\/index.php?rest_route=\/wp\/v2\/posts\/6370"}],"collection":[{"href":"https:\/\/obcanskymonitoring.cz\/index.php?rest_route=\/wp\/v2\/posts"}],"about":[{"href":"https:\/\/obcanskymonitoring.cz\/index.php?rest_route=\/wp\/v2\/types\/post"}],"author":[{"embeddable":true,"href":"https:\/\/obcanskymonitoring.cz\/index.php?rest_route=\/wp\/v2\/users\/2"}],"replies":[{"embeddable":true,"href":"https:\/\/obcanskymonitoring.cz\/index.php?rest_route=%2Fwp%2Fv2%2Fcomments&post=6370"}],"version-history":[{"count":5,"href":"https:\/\/obcanskymonitoring.cz\/index.php?rest_route=\/wp\/v2\/posts\/6370\/revisions"}],"predecessor-version":[{"id":6519,"href":"https:\/\/obcanskymonitoring.cz\/index.php?rest_route=\/wp\/v2\/posts\/6370\/revisions\/6519"}],"wp:attachment":[{"href":"https:\/\/obcanskymonitoring.cz\/index.php?rest_route=%2Fwp%2Fv2%2Fmedia&parent=6370"}],"wp:term":[{"taxonomy":"category","embeddable":true,"href":"https:\/\/obcanskymonitoring.cz\/index.php?rest_route=%2Fwp%2Fv2%2Fcategories&post=6370"},{"taxonomy":"post_tag","embeddable":true,"href":"https:\/\/obcanskymonitoring.cz\/index.php?rest_route=%2Fwp%2Fv2%2Ftags&post=6370"}],"curies":[{"name":"wp","href":"https:\/\/api.w.org\/{rel}","templated":true}]}}