{"id":6462,"date":"2018-08-29T07:50:22","date_gmt":"2018-08-29T07:50:22","guid":{"rendered":"http:\/\/obcanskymonitoring.cz\/?p=6462"},"modified":"2018-08-29T07:50:22","modified_gmt":"2018-08-29T07:50:22","slug":"zprava-o-situaci-v-oblasti-migrace-a-integrace-cizincu-na-uzemi-ceske-republiky-v-roce-2017","status":"publish","type":"post","link":"https:\/\/obcanskymonitoring.cz\/?p=6462","title":{"rendered":"Zpr\u00e1va o situaci v oblasti migrace a integrace cizinc\u016f na \u00fazem\u00ed \u010cesk\u00e9 republiky v roce 2017"},"content":{"rendered":"<div class=\"pvc_clear\"><\/div>\n<p class=\"pvc_stats total_only \" data-element-id=\"6462\" style=\"\"><i class=\"pvc-stats-icon medium\" aria-hidden=\"true\"><svg xmlns=\"http:\/\/www.w3.org\/2000\/svg\" version=\"1.0\" viewBox=\"0 0 502 315\" preserveAspectRatio=\"xMidYMid meet\"><g transform=\"translate(0,332) scale(0.1,-0.1)\" fill=\"\" stroke=\"none\"><path d=\"M2394 3279 l-29 -30 -3 -207 c-2 -182 0 -211 15 -242 39 -76 157 -76 196 0 15 31 17 60 15 243 l-3 209 -33 29 c-26 23 -41 29 -80 29 -41 0 -53 -5 -78 -31z\"\/><path d=\"M3085 3251 c-45 -19 -58 -50 -96 -229 -47 -217 -49 -260 -13 -295 52 -53 146 -42 177 20 16 31 87 366 87 410 0 70 -86 122 -155 94z\"\/><path d=\"M1751 3234 c-13 -9 -29 -31 -37 -50 -12 -29 -10 -49 21 -204 19 -94 39 -189 45 -210 14 -50 54 -80 110 -80 34 0 48 6 76 34 21 21 34 44 34 59 0 14 -18 113 -40 219 -37 178 -43 195 -70 221 -36 32 -101 37 -139 11z\"\/><path d=\"M1163 3073 c-36 -7 -73 -59 -73 -102 0 -56 133 -378 171 -413 34 -32 83 -37 129 -13 70 36 67 87 -16 290 -86 209 -89 214 -129 231 -35 14 -42 15 -82 7z\"\/><path d=\"M3689 3066 c-15 -9 -33 -30 -42 -48 -48 -103 -147 -355 -147 -375 0 -98 131 -148 192 -74 13 15 57 108 97 206 80 196 84 226 37 273 -30 30 -99 39 -137 18z\"\/><path d=\"M583 2784 c-38 -19 -67 -74 -58 -113 9 -42 211 -354 242 -373 16 -10 45 -18 66 -18 51 0 107 52 107 100 0 39 -1 41 -124 234 -80 126 -108 162 -133 173 -41 17 -61 16 -100 -3z\"\/><path d=\"M4250 2784 c-14 -9 -74 -91 -133 -183 -95 -150 -107 -173 -107 -213 0 -55 33 -94 87 -104 67 -13 90 8 211 198 130 202 137 225 78 284 -27 27 -42 34 -72 34 -22 0 -50 -8 -64 -16z\"\/><path d=\"M2275 2693 c-553 -48 -1095 -270 -1585 -649 -135 -104 -459 -423 -483 -476 -23 -49 -22 -139 2 -186 73 -142 361 -457 571 -626 285 -228 642 -407 990 -497 242 -63 336 -73 660 -74 310 0 370 5 595 52 535 111 1045 392 1455 803 122 121 250 273 275 326 19 41 19 137 0 174 -41 79 -309 363 -465 492 -447 370 -946 591 -1479 653 -113 14 -422 18 -536 8z m395 -428 c171 -34 330 -124 456 -258 112 -119 167 -219 211 -378 27 -96 24 -300 -5 -401 -72 -255 -236 -447 -474 -557 -132 -62 -201 -76 -368 -76 -167 0 -236 14 -368 76 -213 98 -373 271 -451 485 -162 444 86 934 547 1084 153 49 292 57 452 25z m909 -232 c222 -123 408 -262 593 -441 76 -74 138 -139 138 -144 0 -16 -233 -242 -330 -319 -155 -123 -309 -223 -461 -299 l-81 -41 32 46 c18 26 49 83 70 128 143 306 141 649 -6 957 -25 52 -61 116 -79 142 l-34 47 45 -20 c26 -10 76 -36 113 -56z m-2057 25 c-40 -58 -105 -190 -130 -263 -110 -324 -59 -707 132 -981 25 -35 42 -64 37 -64 -19 0 -241 119 -326 174 -188 122 -406 314 -532 468 l-58 71 108 103 c185 178 428 349 672 473 66 33 121 60 123 61 2 0 -10 -19 -26 -42z\"\/><path d=\"M2375 1950 c-198 -44 -350 -190 -395 -379 -18 -76 -8 -221 19 -290 114 -284 457 -406 731 -260 98 52 188 154 231 260 27 69 37 214 19 290 -38 163 -166 304 -326 360 -67 23 -215 33 -279 19z\"\/><\/g><\/svg><\/i> &nbsp;1,276&nbsp;total views<\/p>\n<div class=\"pvc_clear\"><\/div>\n<p><a href=\"http:\/\/obcanskymonitoring.cz\/?attachment_id=4948\" rel=\"attachment wp-att-4948\"><img loading=\"lazy\" class=\"alignnone size-medium wp-image-4948\" src=\"http:\/\/obcanskymonitoring.cz\/wp-content\/uploads\/2015\/11\/Poslanecka-snemovna-300x105.png\" alt=\"\" width=\"300\" height=\"105\" srcset=\"https:\/\/obcanskymonitoring.cz\/wp-content\/uploads\/2015\/11\/Poslanecka-snemovna-300x105.png 300w, https:\/\/obcanskymonitoring.cz\/wp-content\/uploads\/2015\/11\/Poslanecka-snemovna.png 307w\" sizes=\"(max-width: 300px) 100vw, 300px\" \/><\/a><\/p>\n<p>Upozor\u0148ujeme na dokument\u00a0<a href=\"http:\/\/www.psp.cz\/sqw\/text\/tiskt.sqw?O=8&amp;CT=249&amp;CT1=0\">Zpr\u00e1va o situaci v oblasti migrace a integrace cizinc\u016f na \u00fazem\u00ed \u010cesk\u00e9 republiky v roce 2017\u00a0<\/a><\/p>\n<p>&#8230;a cituji pas\u00e1\u017ee z dokumentu, kter\u00e9 mne zaujaly.<\/p>\n<p><!--more--><\/p>\n<p>&nbsp;<\/p>\n<p>&#8220;Zpr\u00e1va m\u00e1 informativn\u00ed charakter a vzhledem ke sv\u00e9mu obsahu je vyu\u017eiteln\u00e1 jako<br \/>\nv\u00fdchoz\u00ed podklad pro specifikaci pot\u0159eb \u010cesk\u00e9 republiky v oblasti migrace. Pod\u00e1v\u00e1 informaci<br \/>\no situaci v oblasti leg\u00e1ln\u00ed a neleg\u00e1ln\u00ed migrace, mezin\u00e1rodn\u00ed ochrany a integrace cizinc\u016f<br \/>\nna \u00fazem\u00ed \u010cesk\u00e9 republiky v roce 2017 s porovn\u00e1n\u00edm n\u011bkter\u00fdch profilov\u00fdch ukazatel\u016f<br \/>\ns \u00farovn\u00ed roku 2016, p\u0159\u00edpadn\u011b let p\u0159edch\u00e1zej\u00edc\u00edch a p\u0159in\u00e1\u0161\u00ed z\u00e1kladn\u00ed anal\u00fdzu migra\u010dn\u00edch<br \/>\ntrend\u016f.&#8221;<\/p>\n<p>&nbsp;<\/p>\n<p>&#8220;Ke dni 31. 12. 2017 pob\u00fdvalo na \u00fazem\u00ed \u010cesk\u00e9 republiky leg\u00e1ln\u011b (po dobu del\u0161\u00ed ne\u017e 90 dn\u016f) celkem 526 811<br \/>\ncizinc\u016f1, co\u017e je o 6,1 % vy\u0161\u0161\u00ed po\u010det ne\u017e na konci roku 2016. Cizinci tvo\u0159ili zhruba 4,9 % populace \u010cesk\u00e9 republiky.<br \/>\nPo odezn\u011bn\u00ed d\u016fsledk\u016f ekonomick\u00e9 krize od roku 2011 doch\u00e1z\u00ed k pravideln\u00e9mu n\u00e1r\u016fstu po\u010dtu cizinc\u016f. Nejv\u011bt\u0161\u00ed<br \/>\nzastoupen\u00ed m\u011bli st\u00e1tn\u00ed p\u0159\u00edslu\u0161n\u00edci Ukrajiny (117 480 osob), Slovenska (111 804 osob) a Vietnamu (59 808 osob). Tato<br \/>\nskute\u010dnost se odr\u00e1\u017e\u00ed i ve statistik\u00e1ch ekonomick\u00fdch aktivit cizinc\u016f na \u00fazem\u00ed \u010cesk\u00e9 republiky.&#8221;<\/p>\n<p>&nbsp;<\/p>\n<p>&#8220;V roce 2017 v \u010cesk\u00e9 republice po\u017e\u00e1dalo o ud\u011blen\u00ed mezin\u00e1rodn\u00ed ochrany celkem 1 450 osob, tj. o 28 \u017e\u00e1dost\u00ed m\u00e9n\u011b<br \/>\nne\u017e v p\u0159edchoz\u00edm obdob\u00ed. Hlavn\u00edmi zdrojov\u00fdmi zem\u011bmi \u017eadatel\u016f o mezin\u00e1rodn\u00ed ochranu v roce 2017 byly Ukrajina<br \/>\n(435 \u017eadatel\u016f), Arm\u00e9nie (129), Gruzie (129), \u00c1zerb\u00e1jd\u017e\u00e1n (127), Vietnam (82), S\u00fdrie (76), Kuba (68), Rusko (57), Ir\u00e1k<br \/>\n(52), Kazachst\u00e1n (38), Turecko (32).&#8221;<\/p>\n<p>&nbsp;<\/p>\n<p>&#8220;V roce 2017 nabylo celkem st\u00e1tn\u00ed ob\u010danstv\u00ed \u010cesk\u00e9 republiky 6 522 cizinc\u016f, z toho 5 006 bylo ud\u011bleno<br \/>\n(ve 43 p\u0159\u00edpadech se jednalo o osoby, kter\u00fdm byla v \u010cesk\u00e9 republice ud\u011blena mezin\u00e1rodn\u00ed ochrana formou azylu),<br \/>\ncelkem 1 467 osob ho nabylo prohl\u00e1\u0161en\u00edm, d\u00e1le se jednalo o nezletil\u00e9 d\u011bti (49).<br \/>\nSt\u00e1tn\u00ed ob\u010danstv\u00ed \u010cesk\u00e9 republiky bylo ud\u011bleno nejv\u00edce st\u00e1tn\u00edm p\u0159\u00edslu\u0161n\u00edk\u016fm Ukrajiny (1 906 osob), Ruska<br \/>\n(758 osob), Slovenska (629 osob), Vietnamu (224 osob) a B\u011bloruska (222 osob).&#8221;<\/p>\n<p>&nbsp;<\/p>\n<p>&#8220;V roce 2017 bylo celkem odhaleno p\u0159i neleg\u00e1ln\u00ed migraci na \u00fazem\u00ed \u010cesk\u00e9 republiky 4 738 osob, co\u017e je oproti<br \/>\nroku 2016 pokles o 9,9 %. Z uveden\u00e9ho po\u010dtu bylo 250 osob zji\u0161t\u011bno p\u0159i neleg\u00e1ln\u00ed migraci p\u0159es vn\u011bj\u0161\u00ed schengenskou<br \/>\nhranici \u010cesk\u00e9 republiky a 4 488 osob p\u0159i neleg\u00e1ln\u00edm pobytu.&#8221;<\/p>\n<p>&#8220;V souvislosti s neleg\u00e1ln\u00ed migrac\u00ed p\u0159es vn\u011bj\u0161\u00ed schengenskou hranici bylo nejv\u00edce zadr\u017eeno st\u00e1tn\u00edch p\u0159\u00edslu\u0161n\u00edk\u016f<br \/>\nAlb\u00e1nie (42), d\u00e1le uprchl\u00edk\u016f dle Konvence 1951 (35 osob), st\u00e1tn\u00edch p\u0159\u00edslu\u0161n\u00edk\u016f Ruska (21 osob), Ukrajiny (17 osob)<br \/>\na \u010c\u00edny (14). P\u0159i neleg\u00e1ln\u00edm pobytu bylo zji\u0161t\u011bno nejv\u00edce st\u00e1tn\u00edch p\u0159\u00edslu\u0161n\u00edk\u016f Ukrajiny (1 510 osob), n\u00e1sledovali st\u00e1tn\u00ed<br \/>\np\u0159\u00edslu\u0161n\u00edci Ruska (312 osob), Vietnamu (291), Uzbekist\u00e1nu (263) a Moldavska (262).&#8221;<\/p>\n<p>&nbsp;<\/p>\n<p>&#8220;Podle \u00fadaj\u016f Ministerstva spravedlnosti bylo v pr\u016fb\u011bhu roku 2017 pravomocn\u011b odsouzeno celkem 5 050 cizinc\u016f<br \/>\n(jedn\u00e1 se o sn\u00ed\u017een\u00ed po\u010dtu o 46 osob, tj. o 0,9 %). Jejich pod\u00edl na celkov\u00e9m po\u010dtu osob odsouzen\u00fdch v \u010cesk\u00e9 republice<br \/>\ndos\u00e1hl hodnoty 9,1 %.&#8221;<\/p>\n<p>&nbsp;<\/p>\n<p>&#8220;Do\u010dasn\u00e9 zaveden\u00ed ochrany vnit\u0159n\u00edch hranic<br \/>\nV souvislosti se st\u00e1le neuspokojivou bezpe\u010dnostn\u00ed situac\u00ed v Evrop\u011b ovlivn\u011bnou migra\u010dn\u00ed<br \/>\nkriz\u00ed a teroristick\u00fdmi \u00fatoky pokra\u010dovaly v roce 2017 n\u011bkter\u00e9 st\u00e1ty v prov\u00e1d\u011bn\u00ed do\u010dasn\u00fdch kontrol<br \/>\nna vnit\u0159n\u00edch hranic\u00edch. N\u011bmecko, Rakousko, D\u00e1nsko, \u0160v\u00e9dsko a Norsko pokra\u010dovaly<br \/>\nve znovuzaveden\u00ed ochrany sv\u00fdch vnit\u0159n\u00edch hranic na z\u00e1klad\u011b doporu\u010den\u00ed Rady podle \u010dl. 29<br \/>\nSchengensk\u00e9ho hrani\u010dn\u00edho kodexu (p\u016fvodn\u00ed doporu\u010den\u00ed Rady z 12. kv\u011btna 2016 bylo postupn\u011b<br \/>\nt\u0159ikr\u00e1t prodlou\u017eeno, naposledy do 11. listopadu 2017). Po tomto term\u00ednu ji\u017e prodlou\u017een\u00ed<br \/>\nznovuzaveden\u00ed podle \u010dl. 29 Schengensk\u00e9ho hrani\u010dn\u00edho kodexu nebylo mo\u017en\u00e9, uveden\u00e9 st\u00e1ty na<br \/>\np\u0159edchoz\u00ed znovuzaveden\u00ed nicm\u00e9n\u011b nav\u00e1zaly znovuzaveden\u00edm podle \u010dl. 25 Schengensk\u00e9ho<br \/>\nhrani\u010dn\u00edho kodexu. Ve Francii prob\u00edhaly v r\u00e1mci stavu nouze vyhl\u00e1\u0161en\u00e9ho po teroristick\u00fdch \u00fatoc\u00edch<br \/>\nv listopadu 2015 kontroly na vnit\u0159n\u00edch hranic\u00edch a\u017e do 31. \u0159\u00edjna 2017. Po skon\u010den\u00ed stavu nouze<br \/>\nFrancie pokra\u010duje v kontrol\u00e1ch na vnit\u0159n\u00edch hranic\u00edch podle \u010dl. 25 Schengensk\u00e9ho hrani\u010dn\u00edho<br \/>\nkodexu s odkazem na p\u0159etrv\u00e1vaj\u00edc\u00ed hrozbu terorismu.&#8221;<\/p>\n<p>&nbsp;<\/p>\n<p>&#8220;Po\u010det p\u0159\u00edpad\u016f neleg\u00e1ln\u00edho p\u0159ekro\u010den\u00ed hranic se meziro\u010dn\u011b sn\u00ed\u017eil z 504 tis\u00edc<br \/>\nna 204 tis\u00edc (-59,5 %) p\u0159\u00edpad\u016f. Nicm\u00e9n\u011b st\u00e1le se nejedn\u00e1 o pokles na \u00farove\u0148 statistik p\u0159ed rokem<br \/>\n2014, kdy se tato \u010d\u00edsla pohybovala na \u00farovni mezi 72 tis\u00edc a\u017e 141 tis\u00edci neleg\u00e1ln\u00edch p\u0159ekro\u010den\u00ed.<br \/>\nK postupn\u00e9mu uvol\u0148ov\u00e1n\u00ed tlaku na vn\u011bj\u0161\u00edch hranic\u00edch doch\u00e1zelo ji\u017e od \u0159\u00edjna 2015. V\u00fdrazn\u00fd<br \/>\ntrend poklesu byl d\u00e1n v b\u0159eznu roku 2016 p\u0159ijet\u00edm opat\u0159en\u00ed na hran\u00edc\u00edch Makedonie s \u0158eckem<br \/>\na dohodou EU \u2013 Turecko, kdy n\u00e1sledn\u011b doch\u00e1zelo k poklesu po\u010dtu zji\u0161t\u011bn\u00fdch p\u0159\u00edpad\u016f b\u011bhem cel\u00e9ho<br \/>\nroku. B\u011bhem roku 2017 sou\u010dasn\u011b klesaly po\u010dty zji\u0161t\u011bn\u00fdch p\u0159\u00edpad\u016f na centr\u00e1ln\u00ed st\u0159edomo\u0159sk\u00e9 trase<br \/>\ni v\u00fdchodn\u00ed st\u0159edomo\u0159sk\u00e9 trase (z\u00e1padobalk\u00e1nsk\u00e9 trase). V absolutn\u00edch \u010d\u00edslech je st\u00e1le nejv\u00edce<br \/>\nvyu\u017e\u00edvanou cestou migrant\u016f do Evropy centr\u00e1ln\u00ed st\u0159edomo\u0159sk\u00e1 trasa.&#8221;<\/p>\n<p>&nbsp;<\/p>\n<p>&nbsp;<\/p>\n<p>&#8220;roce 2017 byl zaznamen\u00e1n zv\u00fd\u0161en\u00fd po\u010det p\u0159\u00edpad\u016f neleg\u00e1ln\u00edho p\u0159ekro\u010den\u00ed hranic<br \/>\nna z\u00e1padn\u00ed st\u0159edomo\u0159sk\u00e9 trase, a to zejm\u00e9na od \u010dervence. Po\u010det p\u0159\u00edpad\u016f neleg\u00e1ln\u00edho p\u0159ekro\u010den\u00ed<br \/>\nse na t\u00e9to trase oproti roku 2016 v\u00edce ne\u017e zdvojn\u00e1sobil (celkem 23 tis\u00edc p\u0159\u00edpad\u016f). A\u010dkoliv<br \/>\nse ve srovn\u00e1n\u00ed s centr\u00e1ln\u00ed st\u0159edomo\u0159skou trasou do Evropy jedn\u00e1 o n\u00edzk\u00e9 po\u010dty, je patrn\u00e9,<br \/>\n\u017ee migra\u010dn\u00ed tlak na vn\u011bj\u0161\u00edch hranic\u00edch EU nad\u00e1le trv\u00e1.<br \/>\nV souvislosti se zm\u011bnami na migra\u010dn\u00edch tras\u00e1ch se v roce 2017 zv\u00fd\u0161il po\u010det migrant\u016f<br \/>\nze subsaharsk\u00e9 Afriky a v druh\u00e9 polovin\u011b roku pak tak\u00e9 z Maroka, Al\u017e\u00edrska a Tuniska. Ob\u010dan\u00e9<br \/>\nafrick\u00fdch zem\u00ed tak v roce 2017 tvo\u0159ili t\u00e9m\u011b\u0159 dv\u011b t\u0159etiny neleg\u00e1ln\u00edch migrant\u016f p\u0159ich\u00e1zej\u00edc\u00edch<br \/>\ndo Evropy.<\/p>\n<p>V r\u00e1mci celkov\u00e9ho po\u010dtu neleg\u00e1ln\u011b p\u0159\u00edchoz\u00edch migrant\u016f do Evropy jich nejv\u00edce<br \/>\npoch\u00e1zelo ze S\u00fdrie (9,5 %), jejich pod\u00edl se v\u0161ak oproti roku 2016 sn\u00ed\u017eil o 8 procentn\u00edch bod\u016f.<br \/>\nNa druh\u00e9m m\u00edst\u011b to byli st\u00e1tn\u00ed p\u0159\u00edslu\u0161n\u00edci Nig\u00e9rie (8,9 %). D\u00e1le n\u00e1sleduj\u00ed st\u00e1tn\u00ed p\u0159\u00edslu\u0161n\u00edci Pob\u0159e\u017e\u00ed<br \/>\nSlonoviny (6,3 %), Guiney (6,3 %) a Maroka (5,6 %). St\u00e1tn\u00ed p\u0159\u00edslu\u0161n\u00edci Ir\u00e1ku, kte\u0159\u00ed se v roce<br \/>\n2016 um\u00edstili na t\u0159et\u00edm m\u00edst\u011b, v roce 2017 zauj\u00edmaj\u00ed pozici \u0161estou s pod\u00edlem 4,9 %. N\u00e1sleduje<br \/>\nP\u00e1kist\u00e1n (4,9 %), Banglad\u00e9\u0161 (4,6 %), Gambie (4,1 %) a Afgh\u00e1nist\u00e1n (3,7 %), kter\u00fd byl<br \/>\nv p\u0159edchoz\u00edm roce na druh\u00e9m m\u00edst\u011b (tehdy 11 %).<br \/>\nV roce 2017 \u010dlensk\u00e9 st\u00e1ty evidovaly v\u00edce ne\u017e 6 700 osob ze t\u0159et\u00edch zem\u00ed, kter\u00e9 p\u0159i vstupu<br \/>\nna jejich \u00fazem\u00ed pou\u017eily pad\u011blan\u00e9 nebo pozm\u011bn\u011bn\u00e9 doklady. Zat\u00edmco po\u010dty neleg\u00e1ln\u00edch vstup\u016f<br \/>\nna vn\u011bj\u0161\u00edch hranic\u00edch EU poklesly, vyu\u017e\u00edv\u00e1n\u00ed neregul\u00e9rn\u00edch dokument\u016f v r\u00e1mci sekund\u00e1rn\u00edch<br \/>\npohyb\u016f po EU vzrostlo ve srovn\u00e1n\u00ed s rokem 2016 o v\u00edce ne\u017e 10 % a tento po\u010det dos\u00e1hl sv\u00e9 nejvy\u0161\u0161\u00ed<br \/>\nhodnoty od roku 2013.<\/p>\n<p>Lze o\u010dek\u00e1vat, \u017ee i v roce 2018 bude migrace po st\u0159edomo\u0159sk\u00fdch tras\u00e1ch hlavn\u00edm zp\u016fsobem<br \/>\nneleg\u00e1ln\u00edho p\u0159ekro\u010den\u00ed hranic EU, z\u00e1rove\u0148 v\u0161ak tak\u00e9 jedn\u00edm z nejnebezpe\u010dn\u011bj\u0161\u00edch zp\u016fsob\u016f<br \/>\np\u0159evad\u011b\u010dstv\u00ed pro samotn\u00e9 migranty. Frontex nad\u00e1le roz\u0161i\u0159uje spolupr\u00e1ci mezi r\u016fzn\u00fdmi org\u00e1ny, tak<br \/>\naby bylo mo\u017eno p\u0159isp\u011bt k boji proti neleg\u00e1ln\u00ed migraci a dal\u0161\u00edm p\u0159eshrani\u010dn\u00edm trestn\u00fdm \u010din\u016fm,<br \/>\nstejn\u011b jako k dal\u0161\u00ed koordinaci z\u00e1chrann\u00fdch akc\u00ed.<\/p>\n<p>Z\u00e1padobalk\u00e1nsk\u00e1 trasa<br \/>\nJi\u017e v roce 2016 do\u0161lo v souvislosti s uzav\u0159en\u00edm \u0159ecko-makedonsk\u00e9 hranice a dohod\u011b EUTurecko<br \/>\nk v\u00fdznamn\u00e9mu omezen\u00ed pohybu na t\u00e9to trase. V roce 2017 tento pokles nad\u00e1le pokra\u010doval.<br \/>\nZat\u00edmco v roce 2016 bylo evidov\u00e1no celkem 130 tis\u00edc p\u0159\u00edpad\u016f neleg\u00e1ln\u00edho p\u0159ekro\u010den\u00ed hranic, v roce<br \/>\n2017 to bylo 22 tis\u00edc., jedn\u00e1 se tedy o meziro\u010dn\u00ed pokles o 83 %. Maxim\u00e1ln\u00ed m\u011bs\u00ed\u010dn\u00ed po\u010dty \u017e\u00e1dost\u00ed se<br \/>\npohybovaly na \u00farovni kolem 1 500 osob. V\u011bt\u0161ina p\u0159\u00edpad\u016f neleg\u00e1ln\u00edho p\u0159ekro\u010den\u00ed hranic byla<br \/>\nzaznamen\u00e1na na srbsk\u00fdch hranic\u00edch.<\/p>\n<p>Centr\u00e1ln\u00ed st\u0159edomo\u0159sk\u00e1 trasa<br \/>\nCelkov\u011b bylo na centr\u00e1ln\u00ed st\u0159edomo\u0159sk\u00e9 trase v roce 2017 detekov\u00e1no t\u00e9m\u011b\u0159 119 tis\u00edc osob,<br \/>\nco\u017e ve srovn\u00e1n\u00ed s rokem 2016, kdy bylo zaznamen\u00e1no 181 tis\u00edc p\u0159\u00edpad\u016f, znamen\u00e1 pokles o 34,4 %.<br \/>\nNa po\u010d\u00e1tku roku 2017 v\u00fdvoj na t\u00e9to trase odpov\u00eddal v\u00fdvoji v roce 2016 s v\u00fdkyvy dan\u00fdmi<br \/>\npodm\u00ednkami po\u010das\u00ed. Od \u00fanora doch\u00e1zelo v meziro\u010dn\u00edm srovn\u00e1n\u00ed k m\u00edrn\u011b zv\u00fd\u0161en\u00fdm po\u010dt\u016fm<br \/>\nzachycen\u00fdch p\u0159\u00edpad\u016f v d\u016fsledku vy\u0161\u0161\u00edho migra\u010dn\u00edho tlaku z Libye, nicm\u00e9n\u011b a\u017e do \u010dervna lze<br \/>\npozorovat podobn\u00fd trend jako ve stejn\u00fdch m\u011bs\u00edc\u00edch minul\u00e9ho roku. V \u010dervenci n\u00e1hle do\u0161lo<br \/>\nk v\u00fdrazn\u00e9mu poklesu po\u010dtu p\u0159\u00edpad\u016f, a to na polovi\u010dn\u00ed \u00farove\u0148 p\u0159edchoz\u00edho m\u011bs\u00edce (\u010derven \u2013 23 461,<br \/>\n\u010dervenec \u2013 11 460), n\u00e1sledovan\u00fdm dal\u0161\u00edm poklesem na je\u0161t\u011b ni\u017e\u0161\u00ed \u00farove\u0148 v srpnu (3 914)<br \/>\na do konce roku se m\u011bs\u00ed\u010dn\u00ed po\u010dty pohybovaly mezi cca 6 a\u017e 2 tis\u00edc osob. Tento pokles byl zp\u016fsoben<br \/>\nopat\u0159en\u00edmi ze strany ofici\u00e1ln\u00ed libyjsk\u00e9 vl\u00e1dy, p\u0159esto Libye z\u016fstala pro migranty hlavn\u00edm<br \/>\nodjezdov\u00fdm m\u00edstem do Evropy. Zv\u00fd\u0161il se v\u0161ak po\u010det migrant\u016f z Tuniska a Al\u017e\u00edrska, kte\u0159\u00ed vyu\u017e\u00edvali<br \/>\nk cest\u011b do Evropy \u010dluny a sm\u011b\u0159ovali na Sic\u00edlii a Sardinii.<br \/>\nI p\u0159es celkov\u00fd pokles p\u0159\u00edpad\u016f neleg\u00e1ln\u00edho p\u0159ekro\u010den\u00ed hranic, nad\u00e1le centr\u00e1ln\u00ed st\u0159edomo\u0159sk\u00e1<br \/>\ntrasa z\u016fst\u00e1v\u00e1 nej\u010dast\u011bji vyu\u017e\u00edvanou trasou do Evropy.<\/p>\n<p>&nbsp;<\/p>\n<p>Z\u00e1padn\u00ed st\u0159edomo\u0159sk\u00e1 trasa<br \/>\nPo\u010det p\u0159\u00edpad\u016f neleg\u00e1ln\u00edho p\u0159ekro\u010den\u00ed hranic na z\u00e1padn\u00ed st\u0159edomo\u0159sk\u00e9 trase dos\u00e1hl v roce<br \/>\n2017 po\u010dtu 23 tis\u00edc, co\u017e v meziro\u010dn\u00edm srovn\u00e1n\u00ed znamen\u00e1 v\u00edce ne\u017e dvojn\u00e1sobn\u00fd n\u00e1r\u016fst (o 131,7 %).<br \/>\nZat\u00edmco v prvn\u00ed polovin\u011b roku m\u011bs\u00ed\u010dn\u00ed po\u010dty zachycen\u00fdch p\u0159\u00edpad\u016f dosahovaly obdobn\u00e9 \u00farovn\u011b<br \/>\njako v posledn\u00edch m\u011bs\u00edc\u00edch roku 2016, tak od \u010dervna 2017 do\u0161lo k v\u00fdrazn\u00fdm n\u00e1r\u016fst\u016fm, zejm\u00e9na<br \/>\npak v posledn\u00edch m\u011bs\u00edc\u00edch roku 2017. V tomto obdob\u00ed se zv\u00fd\u0161ila aktivita p\u0159evad\u011b\u010dsk\u00fdch s\u00edt\u00ed<br \/>\nv bl\u00edzkosti Gibraltarsk\u00e9ho pr\u016flivu, spo\u010d\u00edvaj\u00edc\u00ed v n\u00e1r\u016fstu subsaharsk\u00e9 migrace za vyu\u017eit\u00ed gumov\u00fdch<br \/>\n\u010dlun\u016f.<\/p>\n<p><a href=\"http:\/\/obcanskymonitoring.cz\/?attachment_id=6463\" rel=\"attachment wp-att-6463\"><img loading=\"lazy\" class=\"alignnone size-medium wp-image-6463\" src=\"http:\/\/obcanskymonitoring.cz\/wp-content\/uploads\/2018\/08\/trestne-stihani-cizinci-300x120.jpg\" alt=\"\" width=\"300\" height=\"120\" srcset=\"https:\/\/obcanskymonitoring.cz\/wp-content\/uploads\/2018\/08\/trestne-stihani-cizinci-300x120.jpg 300w, https:\/\/obcanskymonitoring.cz\/wp-content\/uploads\/2018\/08\/trestne-stihani-cizinci-768x308.jpg 768w, https:\/\/obcanskymonitoring.cz\/wp-content\/uploads\/2018\/08\/trestne-stihani-cizinci.jpg 994w\" sizes=\"(max-width: 300px) 100vw, 300px\" \/><\/a><\/p>\n<p>&nbsp;<\/p>\n<div data-counters='1' data-style='square' data-size='regular' data-url='https:\/\/obcanskymonitoring.cz\/?p=6462' data-title='Zpr\u00e1va o situaci v oblasti migrace a integrace cizinc\u016f na \u00fazem\u00ed \u010cesk\u00e9 republiky v roce 2017' class='linksalpha_container linksalpha_app_3'><a href='\/\/www.linksalpha.com\/share?network='facebook' class='linksalpha_icon_facebook'><\/a><a href='\/\/www.linksalpha.com\/share?network='twitter' class='linksalpha_icon_twitter'><\/a><a href='\/\/www.linksalpha.com\/share?network='googleplus' class='linksalpha_icon_googleplus'><\/a><a href='\/\/www.linksalpha.com\/share?network='mail' class='linksalpha_icon_mail'><\/a><\/div><div data-position='' data-url='https:\/\/obcanskymonitoring.cz\/?p=6462' data-title='Zpr\u00e1va o situaci v oblasti migrace a integrace cizinc\u016f na \u00fazem\u00ed \u010cesk\u00e9 republiky v roce 2017' class='linksalpha_container linksalpha_app_7'><a href='\/\/www.linksalpha.com\/share?network='facebook' class='linksalpha_icon_facebook'><\/a><a href='\/\/www.linksalpha.com\/share?network='twitter' class='linksalpha_icon_twitter'><\/a><a href='\/\/www.linksalpha.com\/share?network='googleplus' class='linksalpha_icon_googleplus'><\/a><a href='\/\/www.linksalpha.com\/share?network='mail' class='linksalpha_icon_mail'><\/a><\/div>","protected":false},"excerpt":{"rendered":"<p>&nbsp;1,276&nbsp;total views Upozor\u0148ujeme na dokument\u00a0Zpr\u00e1va o situaci v oblasti migrace a integrace cizinc\u016f na \u00fazem\u00ed \u010cesk\u00e9 republiky v roce 2017\u00a0 &#8230;a cituji pas\u00e1\u017ee z dokumentu, kter\u00e9 mne zaujaly.<\/p>\n","protected":false},"author":2,"featured_media":0,"comment_status":"open","ping_status":"open","sticky":true,"template":"","format":"standard","meta":[],"categories":[34,19],"tags":[],"_links":{"self":[{"href":"https:\/\/obcanskymonitoring.cz\/index.php?rest_route=\/wp\/v2\/posts\/6462"}],"collection":[{"href":"https:\/\/obcanskymonitoring.cz\/index.php?rest_route=\/wp\/v2\/posts"}],"about":[{"href":"https:\/\/obcanskymonitoring.cz\/index.php?rest_route=\/wp\/v2\/types\/post"}],"author":[{"embeddable":true,"href":"https:\/\/obcanskymonitoring.cz\/index.php?rest_route=\/wp\/v2\/users\/2"}],"replies":[{"embeddable":true,"href":"https:\/\/obcanskymonitoring.cz\/index.php?rest_route=%2Fwp%2Fv2%2Fcomments&post=6462"}],"version-history":[{"count":1,"href":"https:\/\/obcanskymonitoring.cz\/index.php?rest_route=\/wp\/v2\/posts\/6462\/revisions"}],"predecessor-version":[{"id":6464,"href":"https:\/\/obcanskymonitoring.cz\/index.php?rest_route=\/wp\/v2\/posts\/6462\/revisions\/6464"}],"wp:attachment":[{"href":"https:\/\/obcanskymonitoring.cz\/index.php?rest_route=%2Fwp%2Fv2%2Fmedia&parent=6462"}],"wp:term":[{"taxonomy":"category","embeddable":true,"href":"https:\/\/obcanskymonitoring.cz\/index.php?rest_route=%2Fwp%2Fv2%2Fcategories&post=6462"},{"taxonomy":"post_tag","embeddable":true,"href":"https:\/\/obcanskymonitoring.cz\/index.php?rest_route=%2Fwp%2Fv2%2Ftags&post=6462"}],"curies":[{"name":"wp","href":"https:\/\/api.w.org\/{rel}","templated":true}]}}