{"id":6511,"date":"2019-02-17T09:50:00","date_gmt":"2019-02-17T09:50:00","guid":{"rendered":"http:\/\/obcanskymonitoring.cz\/?p=6511"},"modified":"2019-03-09T07:21:33","modified_gmt":"2019-03-09T07:21:33","slug":"petr-jesatko-2","status":"publish","type":"post","link":"https:\/\/obcanskymonitoring.cz\/?p=6511","title":{"rendered":"Petr Je\u0161\u00e1tko: Jak je to se z\u00e1sahov\u00fdm \u00fazem\u00edm okolo jezera Laka v N\u00e1rodn\u00edm parku \u0160umava"},"content":{"rendered":"<div class=\"pvc_clear\"><\/div>\n<p class=\"pvc_stats total_only \" data-element-id=\"6511\" style=\"\"><i class=\"pvc-stats-icon medium\" aria-hidden=\"true\"><svg xmlns=\"http:\/\/www.w3.org\/2000\/svg\" version=\"1.0\" viewBox=\"0 0 502 315\" preserveAspectRatio=\"xMidYMid meet\"><g transform=\"translate(0,332) scale(0.1,-0.1)\" fill=\"\" stroke=\"none\"><path d=\"M2394 3279 l-29 -30 -3 -207 c-2 -182 0 -211 15 -242 39 -76 157 -76 196 0 15 31 17 60 15 243 l-3 209 -33 29 c-26 23 -41 29 -80 29 -41 0 -53 -5 -78 -31z\"\/><path d=\"M3085 3251 c-45 -19 -58 -50 -96 -229 -47 -217 -49 -260 -13 -295 52 -53 146 -42 177 20 16 31 87 366 87 410 0 70 -86 122 -155 94z\"\/><path d=\"M1751 3234 c-13 -9 -29 -31 -37 -50 -12 -29 -10 -49 21 -204 19 -94 39 -189 45 -210 14 -50 54 -80 110 -80 34 0 48 6 76 34 21 21 34 44 34 59 0 14 -18 113 -40 219 -37 178 -43 195 -70 221 -36 32 -101 37 -139 11z\"\/><path d=\"M1163 3073 c-36 -7 -73 -59 -73 -102 0 -56 133 -378 171 -413 34 -32 83 -37 129 -13 70 36 67 87 -16 290 -86 209 -89 214 -129 231 -35 14 -42 15 -82 7z\"\/><path d=\"M3689 3066 c-15 -9 -33 -30 -42 -48 -48 -103 -147 -355 -147 -375 0 -98 131 -148 192 -74 13 15 57 108 97 206 80 196 84 226 37 273 -30 30 -99 39 -137 18z\"\/><path d=\"M583 2784 c-38 -19 -67 -74 -58 -113 9 -42 211 -354 242 -373 16 -10 45 -18 66 -18 51 0 107 52 107 100 0 39 -1 41 -124 234 -80 126 -108 162 -133 173 -41 17 -61 16 -100 -3z\"\/><path d=\"M4250 2784 c-14 -9 -74 -91 -133 -183 -95 -150 -107 -173 -107 -213 0 -55 33 -94 87 -104 67 -13 90 8 211 198 130 202 137 225 78 284 -27 27 -42 34 -72 34 -22 0 -50 -8 -64 -16z\"\/><path d=\"M2275 2693 c-553 -48 -1095 -270 -1585 -649 -135 -104 -459 -423 -483 -476 -23 -49 -22 -139 2 -186 73 -142 361 -457 571 -626 285 -228 642 -407 990 -497 242 -63 336 -73 660 -74 310 0 370 5 595 52 535 111 1045 392 1455 803 122 121 250 273 275 326 19 41 19 137 0 174 -41 79 -309 363 -465 492 -447 370 -946 591 -1479 653 -113 14 -422 18 -536 8z m395 -428 c171 -34 330 -124 456 -258 112 -119 167 -219 211 -378 27 -96 24 -300 -5 -401 -72 -255 -236 -447 -474 -557 -132 -62 -201 -76 -368 -76 -167 0 -236 14 -368 76 -213 98 -373 271 -451 485 -162 444 86 934 547 1084 153 49 292 57 452 25z m909 -232 c222 -123 408 -262 593 -441 76 -74 138 -139 138 -144 0 -16 -233 -242 -330 -319 -155 -123 -309 -223 -461 -299 l-81 -41 32 46 c18 26 49 83 70 128 143 306 141 649 -6 957 -25 52 -61 116 -79 142 l-34 47 45 -20 c26 -10 76 -36 113 -56z m-2057 25 c-40 -58 -105 -190 -130 -263 -110 -324 -59 -707 132 -981 25 -35 42 -64 37 -64 -19 0 -241 119 -326 174 -188 122 -406 314 -532 468 l-58 71 108 103 c185 178 428 349 672 473 66 33 121 60 123 61 2 0 -10 -19 -26 -42z\"\/><path d=\"M2375 1950 c-198 -44 -350 -190 -395 -379 -18 -76 -8 -221 19 -290 114 -284 457 -406 731 -260 98 52 188 154 231 260 27 69 37 214 19 290 -38 163 -166 304 -326 360 -67 23 -215 33 -279 19z\"\/><\/g><\/svg><\/i> &nbsp;1,850&nbsp;total views<\/p>\n<div class=\"pvc_clear\"><\/div>\n<p><a href=\"http:\/\/obcanskymonitoring.cz\/?attachment_id=3017\" rel=\"attachment wp-att-3017\"><img loading=\"lazy\" class=\"alignnone size-full wp-image-3017\" src=\"http:\/\/obcanskymonitoring.cz\/wp-content\/uploads\/2014\/09\/Jesatko.jpg\" alt=\"\" width=\"287\" height=\"167\" \/><\/a><\/p>\n<p>P\u0159etiskujeme \u010dl\u00e1nek Petra Je\u0161\u00e1tka.<\/p>\n<p><!--more--><\/p>\n<p>Spr\u00e1va NP \u0160umava, \u010dasto informuje ve\u0159ejnost o tom, co se povedlo a nechce hovo\u0159it o n\u011b\u010dem opa\u010dn\u00e9m. Ov\u0161em i o tom, co se nepovedlo, se d\u00e1 ve ve\u0159ejnosti vyvolat n\u00e1zor, \u017ee je to dob\u0159e, \u017ee se to nepovedlo. \u0158\u00edk\u00e1 se tomu ml\u017een\u00ed. O ml\u017een\u00ed t\u00e9to organizace, v\u016f\u010di ve\u0159ejnosti, jsme v\u00e1s ji\u017e informovali v \u010dl\u00e1nc\u00edch: <a href=\"http:\/\/obcanskymonitoring.cz\/?p=6046\">Bude se p\u0159i devastaci lesn\u00edch ekosyst\u00e9m\u016f v N\u00e1rodn\u00edm parku \u0160umava nad\u00e1le ml\u017eit<\/a>\u00a0nebo pozd\u011bji v \u010dl\u00e1nku: <a href=\"http:\/\/obcanskymonitoring.cz\/?p=6376\">Na \u0160umav\u011b se ml\u017eilo a ml\u017eit bude<\/a>.<\/p>\n<p>Tentokr\u00e1t n\u00e1s zaujal <a href=\"https:\/\/drive.google.com\/open?id=1PxJC3ZhmzP8Kk2U5URNu7xdnKCWgip9t\">\u010dl\u00e1nek ze zimn\u00edho \u010d\u00edsla \u010dasopisu \u0160umava k holin\u00e1m u jezera Laka<\/a>, a tak se pokus\u00edm k n\u011bmu vyj\u00e1d\u0159it:<\/p>\n<p>Autorka, pan\u00ed Pavla \u010c\u00ed\u017ekov\u00e1, dru\u017eka pana \u0159editele Huben\u00e9ho, se v \u010dl\u00e1nku na konci vyj\u00e1d\u0159ila, ve smyslu: ONO SE N\u00c1M TO NEPOVEDLO!!! Jako lesn\u00edka s v\u00edce ne\u017e pades\u00e1tiletou prax\u00ed a zam\u011bstnance parku od jeho zalo\u017een\u00ed a\u017e do m\u00e9ho odchodu do d\u016fchodu v r.2011, mne donutilo k reakci. Nedovedu si p\u0159edstavit, \u017ee by n\u011bkdo v minulosti nazval takov\u00e9to zanedb\u00e1v\u00e1n\u00ed p\u00e9\u010de o les v z\u00e1sahov\u00e9m \u00fazem\u00ed, kdy bylo d\u0159evo vyt\u011b\u017eeno, odvezeno a prod\u00e1no, takto le\u017e\u00e9rn\u011b. Z\u00e1rove\u0148, proto\u017ee tuto lokalitu n\u011bkolik des\u00edtek let dob\u0159e zn\u00e1m a jako lesn\u00edci jsme o les \u0159\u00e1dn\u011b pe\u010dovali, jsem zd\u011b\u0161en, s jakou doslova neomalenost\u00ed dok\u00e1zala zatajit na\u0161i pr\u00e1ci v minulosti, tedy p\u0159ekr\u00e1sn\u011b odrostl\u00e9 jedle na t\u00e9to lokalit\u011b v oplocence, kter\u00e1 je ochr\u00e1nila p\u0159ed p\u0159emno\u017eenou jelen\u00ed zv\u011b\u0159\u00ed. Tedy d\u016fkaz, \u017ee jedle a buk sem pat\u0159\u00ed, proto\u017ee se podle p\u0159\u00edrodn\u00edho stanovi\u0161t\u011b jedn\u00e1 o vlhkou bukovou smr\u010dinu, co\u017e asi t\u00e9 pan\u00ed nic ne\u0159\u00edk\u00e1. Pokud &#8220;v\u011bdecky&#8221; diskutuje o p\u016fvodn\u00edm slo\u017een\u00ed d\u0159evin, tak p\u0159\u00edrodn\u00ed stanovi\u0161t\u011b jsou v\u011bdecky jasn\u011b definov\u00e1na a uzn\u00e1v\u00e1na. Paradoxem je, \u017ee v \u00favodu \u010dl\u00e1nku p\u0159izn\u00e1v\u00e1, \u017ee p\u0159\u00edmo v t\u011bchto m\u00edstech, pobl\u00ed\u017e potoka, st\u00e1vala skl\u00e1rna Abel\u016f. Z\u0159ejm\u011b tedy zdej\u0161\u00ed skl\u00e1\u0159i nepot\u0159ebovali d\u0159evo buk\u016f a jedl\u00ed a historikov\u00e9 si vym\u00fd\u0161lej\u00ed. Ano, tak se d\u00e1 vym\u00fdvat mozek lidem neznal\u00fdm a zap\u00e1len\u00fdm pro ochranu p\u0159\u00edrody.<\/p>\n<p>A v \u010dem spo\u010d\u00edv\u00e1, \u017ee se to &#8220;NEPOVEDLO &#8221; ??? Panem Brabcem dosazen\u00fd \u0159editel, po sv\u00e9m n\u00e1stupu ihned omezil prov\u00e1d\u011bnou ochranu lesn\u00edch kultur proti p\u0159emno\u017een\u00e9 sp\u00e1rkat\u00e9 zv\u011b\u0159i na 60% toho, co lesn\u00edci projektovali. Z\u00e1rove\u0148 i v\u00fdstavbu oplocenek proti t\u011bmto \u0161kod\u00e1m, op\u011bt na 60% p\u016fvodn\u00edho po\u017eadavku. A to v\u0161e i p\u0159es skute\u010dnost, \u017ee ve vyhodnocen\u00ed Pl\u00e1nu p\u00e9\u010de za minul\u00e9 roky sama Spr\u00e1va NP konstatovala, \u017ee za sou\u010dasn\u00e9 situace je obnova v\u011bt\u0161iny d\u0159evin, krom\u011b smrku, nedostate\u010dn\u00e1! Z\u00e1rove\u0148 i parkem objednan\u00e1, zaplacen\u00e1 a v\u00fdsti\u017en\u00e1 dokumentace stavu lesa, zpracovan\u00e1 organizac\u00ed IFER, konstatuje, \u017ee druhov\u00e1 skladba je nep\u0159irozen\u00e1, s nedostate\u010dn\u00fdm zastoupen\u00edm buku a jedle!!! Jedn\u00edm z posl\u00e1n\u00ed n\u00e1rodn\u00edch park\u016f je i ochrana genofondu, tedy i genofondu \u0161umavsk\u00e9 jedle. Ji\u017e posledn\u00ed Pl\u00e1n p\u00e9\u010de platn\u00fd, po prodlou\u017een\u00ed do r. 2012, uv\u00e1d\u00ed: Zastoupen\u00ed jedle je soust\u0159ed\u011bno do star\u00fdch porost\u016f, jejich\u017e \u017eivotnost je \u010dasov\u011b omezena. V horizontu 50 let hroz\u00ed riziko ub\u00fdv\u00e1n\u00ed reproduk\u010dn\u00edch zdroj\u016f p\u0159i bezz\u00e1sahov\u00e9m re\u017eimu a soub\u011bhu ru\u0161iv\u00fdch antropick\u00fdch vliv\u016f! Pokud se t\u00fdk\u00e1 finan\u010dn\u00edch prost\u0159edk\u016f, tak park od n\u00e1stupu sou\u010dasn\u00e9ho \u0159editele z\u00edskal za posledn\u00ed t\u0159i roky, do r. 2017 v\u00edce ne\u017e 3\/4 miliardy K\u010d za prodej d\u0159\u00edv\u00ed bez DPH a za lo\u0148sk\u00fd rok to bude zase okolo \u010dtvrt miliardy K\u010d. Pen\u00edze za d\u0159\u00edv\u00ed maj\u00ed j\u00edt v prv\u00e9 \u0159ad\u011b zp\u011bt do lesa. Tak se chov\u00e1 odpov\u011bdn\u00fd hospod\u00e1\u0159.<\/p>\n<p>Z\u00e1v\u011brem k autorce. Posledn\u00ed obr\u00e1zek &#8220;krn\u00edc\u00ed&#8221; vysazen\u00e9 jedle na podm\u00e1\u010den\u00e9m stanovi\u0161ti\u00a0 (jako uk\u00e1zka lesnick\u00e9 snahy) jenom ukazuje jej\u00ed neznalost n\u00e1rok\u016f jednotliv\u00fdch d\u0159evin na lesn\u00ed prost\u0159ed\u00ed, tedy i lesn\u00ed p\u016fdu, ale i o odborn\u00e9 negramotnosti toho, kdo do tohoto podm\u00e1\u010den\u00e9ho ra\u0161elinn\u00e9ho m\u00edsta ji napl\u00e1noval zasadit a tak odsoudil k \u017eivo\u0159en\u00ed a z\u00e1niku. V p\u0159\u00edloze fotografie jedl\u00ed, kter\u00e9 byly \u0159\u00e1dn\u011b na vybran\u00e9m m\u00edst\u011b vysazeny, ov\u0161em n\u00e1sledn\u011b neochr\u00e1n\u011bny p\u0159ed jelen\u00ed zv\u011b\u0159\u00ed. Na druh\u00e9 fotografii &#8220;zatajen\u00e1 &#8221; oplocenka s jedl\u00ed vysazenou a ochr\u00e1n\u011bnou v minulosti na t\u00e9to lokalit\u011b, kdy lesn\u00edk byl je\u0161t\u011b lesn\u00edkem, nikoliv onuc\u00ed politiky dosazen\u00fdch.<\/p>\n<p><a href=\"http:\/\/obcanskymonitoring.cz\/?attachment_id=6512\" rel=\"attachment wp-att-6512\"><img loading=\"lazy\" class=\"alignnone size-medium wp-image-6512\" src=\"http:\/\/obcanskymonitoring.cz\/wp-content\/uploads\/2019\/02\/Vys\u00e1zen\u00e9-jedle-zni\u010den\u00e9-jelen\u00ed-zv\u011b\u0159\u00ed-u-Laka-300x225.jpg\" alt=\"\" width=\"300\" height=\"225\" srcset=\"https:\/\/obcanskymonitoring.cz\/wp-content\/uploads\/2019\/02\/Vys\u00e1zen\u00e9-jedle-zni\u010den\u00e9-jelen\u00ed-zv\u011b\u0159\u00ed-u-Laka-300x225.jpg 300w, https:\/\/obcanskymonitoring.cz\/wp-content\/uploads\/2019\/02\/Vys\u00e1zen\u00e9-jedle-zni\u010den\u00e9-jelen\u00ed-zv\u011b\u0159\u00ed-u-Laka-768x576.jpg 768w, https:\/\/obcanskymonitoring.cz\/wp-content\/uploads\/2019\/02\/Vys\u00e1zen\u00e9-jedle-zni\u010den\u00e9-jelen\u00ed-zv\u011b\u0159\u00ed-u-Laka-1024x768.jpg 1024w, https:\/\/obcanskymonitoring.cz\/wp-content\/uploads\/2019\/02\/Vys\u00e1zen\u00e9-jedle-zni\u010den\u00e9-jelen\u00ed-zv\u011b\u0159\u00ed-u-Laka.jpg 1181w\" sizes=\"(max-width: 300px) 100vw, 300px\" \/><\/a><\/p>\n<p>&nbsp;<\/p>\n<p><a href=\"http:\/\/obcanskymonitoring.cz\/?attachment_id=5381\" rel=\"attachment wp-att-5381\"><img loading=\"lazy\" class=\"alignnone size-medium wp-image-5381\" src=\"http:\/\/obcanskymonitoring.cz\/wp-content\/uploads\/2016\/04\/Zalesneni-v-oplocence-300x225.jpg\" alt=\"\" width=\"300\" height=\"225\" srcset=\"https:\/\/obcanskymonitoring.cz\/wp-content\/uploads\/2016\/04\/Zalesneni-v-oplocence-300x225.jpg 300w, https:\/\/obcanskymonitoring.cz\/wp-content\/uploads\/2016\/04\/Zalesneni-v-oplocence.jpg 640w\" sizes=\"(max-width: 300px) 100vw, 300px\" \/><\/a><\/p>\n<p><!--more--><\/p>\n<p>&nbsp;<\/p>\n<p><a href=\"http:\/\/obcanskymonitoring.cz\/?page_id=3014\">Petr Je\u0161\u00e1tko st.<\/a>\u00a0(Autor je b\u00fdval\u00fd vrchn\u00ed lesn\u00ed inspektor N\u00e1rodn\u00edho parku \u0160umava, nyn\u00ed v d\u016fchodu).<\/p>\n<p><a href=\"http:\/\/www.ceskatelevize.cz\/ivysilani\/1129337346-pridej-se\/209562248410019\/\">Star\u0161\u00ed\u00a0po\u0159ad Petra Je\u0161\u00e1tka pro \u010ceskou televizi<\/a>\u00a0Dal\u0161\u00ed \u010dl\u00e1nky Petra Je\u0161\u00e1tka na na\u0161ich str\u00e1nk\u00e1ch jsou\u00a0<a href=\"http:\/\/obcanskymonitoring.cz\/?s=je%C5%A1%C3%A1tko&amp;x=0&amp;y=0\">zde<\/a>.<\/p>\n<p>Dal\u0161\u00ed \u010dl\u00e1nky na Ob\u010dansk\u00e9m monitoringu k t\u00e9matu \u0160umava si m\u016f\u017eete p\u0159e\u010d\u00edst\u00a0<a href=\"http:\/\/obcanskymonitoring.cz\/?cat=21\">zde<\/a>.<\/p>\n<div data-counters='1' data-style='square' data-size='regular' data-url='https:\/\/obcanskymonitoring.cz\/?p=6511' data-title='Petr Je\u0161\u00e1tko: Jak je to se z\u00e1sahov\u00fdm \u00fazem\u00edm okolo jezera Laka v N\u00e1rodn\u00edm parku \u0160umava' class='linksalpha_container linksalpha_app_3'><a href='\/\/www.linksalpha.com\/share?network='facebook' class='linksalpha_icon_facebook'><\/a><a href='\/\/www.linksalpha.com\/share?network='twitter' class='linksalpha_icon_twitter'><\/a><a href='\/\/www.linksalpha.com\/share?network='googleplus' class='linksalpha_icon_googleplus'><\/a><a href='\/\/www.linksalpha.com\/share?network='mail' class='linksalpha_icon_mail'><\/a><\/div><div data-position='' data-url='https:\/\/obcanskymonitoring.cz\/?p=6511' data-title='Petr Je\u0161\u00e1tko: Jak je to se z\u00e1sahov\u00fdm \u00fazem\u00edm okolo jezera Laka v N\u00e1rodn\u00edm parku \u0160umava' class='linksalpha_container linksalpha_app_7'><a href='\/\/www.linksalpha.com\/share?network='facebook' class='linksalpha_icon_facebook'><\/a><a href='\/\/www.linksalpha.com\/share?network='twitter' class='linksalpha_icon_twitter'><\/a><a href='\/\/www.linksalpha.com\/share?network='googleplus' class='linksalpha_icon_googleplus'><\/a><a href='\/\/www.linksalpha.com\/share?network='mail' class='linksalpha_icon_mail'><\/a><\/div>","protected":false},"excerpt":{"rendered":"<p>&nbsp;1,850&nbsp;total views P\u0159etiskujeme \u010dl\u00e1nek Petra Je\u0161\u00e1tka.<\/p>\n","protected":false},"author":2,"featured_media":0,"comment_status":"open","ping_status":"open","sticky":true,"template":"","format":"standard","meta":[],"categories":[19,21,29],"tags":[],"_links":{"self":[{"href":"https:\/\/obcanskymonitoring.cz\/index.php?rest_route=\/wp\/v2\/posts\/6511"}],"collection":[{"href":"https:\/\/obcanskymonitoring.cz\/index.php?rest_route=\/wp\/v2\/posts"}],"about":[{"href":"https:\/\/obcanskymonitoring.cz\/index.php?rest_route=\/wp\/v2\/types\/post"}],"author":[{"embeddable":true,"href":"https:\/\/obcanskymonitoring.cz\/index.php?rest_route=\/wp\/v2\/users\/2"}],"replies":[{"embeddable":true,"href":"https:\/\/obcanskymonitoring.cz\/index.php?rest_route=%2Fwp%2Fv2%2Fcomments&post=6511"}],"version-history":[{"count":5,"href":"https:\/\/obcanskymonitoring.cz\/index.php?rest_route=\/wp\/v2\/posts\/6511\/revisions"}],"predecessor-version":[{"id":6524,"href":"https:\/\/obcanskymonitoring.cz\/index.php?rest_route=\/wp\/v2\/posts\/6511\/revisions\/6524"}],"wp:attachment":[{"href":"https:\/\/obcanskymonitoring.cz\/index.php?rest_route=%2Fwp%2Fv2%2Fmedia&parent=6511"}],"wp:term":[{"taxonomy":"category","embeddable":true,"href":"https:\/\/obcanskymonitoring.cz\/index.php?rest_route=%2Fwp%2Fv2%2Fcategories&post=6511"},{"taxonomy":"post_tag","embeddable":true,"href":"https:\/\/obcanskymonitoring.cz\/index.php?rest_route=%2Fwp%2Fv2%2Ftags&post=6511"}],"curies":[{"name":"wp","href":"https:\/\/api.w.org\/{rel}","templated":true}]}}