{"id":6560,"date":"2019-05-08T11:35:47","date_gmt":"2019-05-08T11:35:47","guid":{"rendered":"http:\/\/obcanskymonitoring.cz\/?p=6560"},"modified":"2019-05-08T11:35:47","modified_gmt":"2019-05-08T11:35:47","slug":"arch-svabova-vyjadreni-asociace-spolku-pro-ochranu-a-rozvoj-kulturniho-dedictvi-ceske-republiky-k-pristavbe-muzea-umeni-v-denisove-ulici-v-olomouci","status":"publish","type":"post","link":"https:\/\/obcanskymonitoring.cz\/?p=6560","title":{"rendered":"Arch. \u0160v\u00e1bov\u00e1: Vyj\u00e1d\u0159en\u00ed Asociace spolk\u016f pro ochranu a rozvoj kulturn\u00edho d\u011bdictv\u00ed \u010cesk\u00e9 republiky k p\u0159\u00edstavb\u011b Muzea um\u011bn\u00ed v Denisov\u011b ulici v Olomouci"},"content":{"rendered":"<div class=\"pvc_clear\"><\/div>\n<p class=\"pvc_stats total_only \" data-element-id=\"6560\" style=\"\"><i class=\"pvc-stats-icon medium\" aria-hidden=\"true\"><svg xmlns=\"http:\/\/www.w3.org\/2000\/svg\" version=\"1.0\" viewBox=\"0 0 502 315\" preserveAspectRatio=\"xMidYMid meet\"><g transform=\"translate(0,332) scale(0.1,-0.1)\" fill=\"\" stroke=\"none\"><path d=\"M2394 3279 l-29 -30 -3 -207 c-2 -182 0 -211 15 -242 39 -76 157 -76 196 0 15 31 17 60 15 243 l-3 209 -33 29 c-26 23 -41 29 -80 29 -41 0 -53 -5 -78 -31z\"\/><path d=\"M3085 3251 c-45 -19 -58 -50 -96 -229 -47 -217 -49 -260 -13 -295 52 -53 146 -42 177 20 16 31 87 366 87 410 0 70 -86 122 -155 94z\"\/><path d=\"M1751 3234 c-13 -9 -29 -31 -37 -50 -12 -29 -10 -49 21 -204 19 -94 39 -189 45 -210 14 -50 54 -80 110 -80 34 0 48 6 76 34 21 21 34 44 34 59 0 14 -18 113 -40 219 -37 178 -43 195 -70 221 -36 32 -101 37 -139 11z\"\/><path d=\"M1163 3073 c-36 -7 -73 -59 -73 -102 0 -56 133 -378 171 -413 34 -32 83 -37 129 -13 70 36 67 87 -16 290 -86 209 -89 214 -129 231 -35 14 -42 15 -82 7z\"\/><path d=\"M3689 3066 c-15 -9 -33 -30 -42 -48 -48 -103 -147 -355 -147 -375 0 -98 131 -148 192 -74 13 15 57 108 97 206 80 196 84 226 37 273 -30 30 -99 39 -137 18z\"\/><path d=\"M583 2784 c-38 -19 -67 -74 -58 -113 9 -42 211 -354 242 -373 16 -10 45 -18 66 -18 51 0 107 52 107 100 0 39 -1 41 -124 234 -80 126 -108 162 -133 173 -41 17 -61 16 -100 -3z\"\/><path d=\"M4250 2784 c-14 -9 -74 -91 -133 -183 -95 -150 -107 -173 -107 -213 0 -55 33 -94 87 -104 67 -13 90 8 211 198 130 202 137 225 78 284 -27 27 -42 34 -72 34 -22 0 -50 -8 -64 -16z\"\/><path d=\"M2275 2693 c-553 -48 -1095 -270 -1585 -649 -135 -104 -459 -423 -483 -476 -23 -49 -22 -139 2 -186 73 -142 361 -457 571 -626 285 -228 642 -407 990 -497 242 -63 336 -73 660 -74 310 0 370 5 595 52 535 111 1045 392 1455 803 122 121 250 273 275 326 19 41 19 137 0 174 -41 79 -309 363 -465 492 -447 370 -946 591 -1479 653 -113 14 -422 18 -536 8z m395 -428 c171 -34 330 -124 456 -258 112 -119 167 -219 211 -378 27 -96 24 -300 -5 -401 -72 -255 -236 -447 -474 -557 -132 -62 -201 -76 -368 -76 -167 0 -236 14 -368 76 -213 98 -373 271 -451 485 -162 444 86 934 547 1084 153 49 292 57 452 25z m909 -232 c222 -123 408 -262 593 -441 76 -74 138 -139 138 -144 0 -16 -233 -242 -330 -319 -155 -123 -309 -223 -461 -299 l-81 -41 32 46 c18 26 49 83 70 128 143 306 141 649 -6 957 -25 52 -61 116 -79 142 l-34 47 45 -20 c26 -10 76 -36 113 -56z m-2057 25 c-40 -58 -105 -190 -130 -263 -110 -324 -59 -707 132 -981 25 -35 42 -64 37 -64 -19 0 -241 119 -326 174 -188 122 -406 314 -532 468 l-58 71 108 103 c185 178 428 349 672 473 66 33 121 60 123 61 2 0 -10 -19 -26 -42z\"\/><path d=\"M2375 1950 c-198 -44 -350 -190 -395 -379 -18 -76 -8 -221 19 -290 114 -284 457 -406 731 -260 98 52 188 154 231 260 27 69 37 214 19 290 -38 163 -166 304 -326 360 -67 23 -215 33 -279 19z\"\/><\/g><\/svg><\/i> &nbsp;1,415&nbsp;total views<\/p>\n<div class=\"pvc_clear\"><\/div>\n<p><a href=\"http:\/\/obcanskymonitoring.cz\/?attachment_id=5303\" rel=\"attachment wp-att-5303\"><img loading=\"lazy\" class=\"alignnone size-medium wp-image-5303\" src=\"http:\/\/obcanskymonitoring.cz\/wp-content\/uploads\/2016\/03\/svabova1-250x300.png\" alt=\"\" width=\"250\" height=\"300\" srcset=\"https:\/\/obcanskymonitoring.cz\/wp-content\/uploads\/2016\/03\/svabova1-250x300.png 250w, https:\/\/obcanskymonitoring.cz\/wp-content\/uploads\/2016\/03\/svabova1-856x1024.png 856w\" sizes=\"(max-width: 250px) 100vw, 250px\" \/><\/a><\/p>\n<p>P\u0159etiskuji nov\u00fd \u010dl\u00e1nek pan\u00ed architektky \u0160v\u00e1bov\u00e9.<\/p>\n<p><!--more--><\/p>\n<p>V\u00a0republice m\u00e1me dal\u0161\u00ed kontroverzn\u00ed projekt, d\u011bl\u00edc\u00ed n\u00e1rod na stoupence a odp\u016frce \u2013 tentokr\u00e1t v\u00a0Olomouci. V\u00a0Denisov\u011b ulici, v\u00a0historick\u00e9m j\u00e1dru, m\u00e1 b\u00fdt roz\u0161\u00ed\u0159eno Museum um\u011bn\u00ed do prostoru proluky, vznikl\u00e9 po zbo\u0159en\u00ed p\u011bti dom\u016f v\u00a0sousedstv\u00ed st\u00e1vaj\u00edc\u00ed budovy Musea. Nejprve vizualizaci n\u00e1vrhu:<\/p>\n<p><a href=\"http:\/\/obcanskymonitoring.cz\/?attachment_id=6561\" rel=\"attachment wp-att-6561\"><img loading=\"lazy\" class=\"alignnone size-medium wp-image-6561\" src=\"http:\/\/obcanskymonitoring.cz\/wp-content\/uploads\/2019\/05\/Olomouc-300x188.jpg\" alt=\"\" width=\"300\" height=\"188\" srcset=\"https:\/\/obcanskymonitoring.cz\/wp-content\/uploads\/2019\/05\/Olomouc-300x188.jpg 300w, https:\/\/obcanskymonitoring.cz\/wp-content\/uploads\/2019\/05\/Olomouc.jpg 488w\" sizes=\"(max-width: 300px) 100vw, 300px\" \/><\/a><\/p>\n<p>Zast\u00e1nci n\u00e1vrhu argumentuj\u00ed pot\u0159ebou p\u0159\u00edstavby, kontinuitou smlouvy s projektantem, v\u00fdjime\u010dnou kvalitou projektu, kter\u00e9mu dali zelenou i pam\u00e1tk\u00e1\u0159i. Z \u0159ad odp\u016frc\u016f je sly\u0161et nejsiln\u011bji: Nehod\u00ed se to tam. Spory podobn\u00e9ho charakteru maj\u00ed st\u00e1le stejn\u00fd pr\u016fb\u011bh \u2013 vzpome\u0148me na pra\u017esk\u00e9 kauzy: &#8220;Chobotnici&#8221;, &#8220;B\u00edl\u00e9ho medv\u011bda&#8221; vyst\u0159\u00eddal medv\u011bd v kleci, ne\u0161\u0165astn\u00e9 &#8220;V\u00e9\u010dko&#8221; na pankr\u00e1ck\u00e9 pl\u00e1ni, nekone\u010dn\u00fd spor o Mar\u0161meloun p\u0159ilepen\u00fd na are\u00e1l sv. Ane\u017eky \u010cesk\u00e9, doutnaj\u00edc\u00ed exploze kolem n\u00e1vrhu Zahy Hadid u pra\u017esk\u00e9ho Masarykova n\u00e1dra\u017e\u00ed, v\u011b\u017e \u0160antovka v Olomouci, pon\u011bkud stranou, ale nikoli bezv\u00fdznamn\u011b \u010dn\u00ed dnes ji\u017e pomn\u00edk provozn\u00edho objektu t\u011bsn\u011b p\u0159ed z\u00e1mkem v Libl\u00edn\u011b u Rokycan. N\u011bkolik drobn\u00fdch obr\u00e1zk\u016f pro osv\u011b\u017een\u00ed pam\u011bti:\u00a0Mar\u0161meloun si sv\u00e9 dimenze i po korekci ponechal \u0160antovka by degradovala dominanty Olomouce.<\/p>\n<p><a href=\"http:\/\/obcanskymonitoring.cz\/?attachment_id=6562\" rel=\"attachment wp-att-6562\"><img loading=\"lazy\" class=\"alignnone size-full wp-image-6562\" src=\"http:\/\/obcanskymonitoring.cz\/wp-content\/uploads\/2019\/05\/marsmeloun.jpg\" alt=\"\" width=\"225\" height=\"156\" \/><\/a><\/p>\n<p><a href=\"http:\/\/obcanskymonitoring.cz\/?attachment_id=6563\" rel=\"attachment wp-att-6563\"><img loading=\"lazy\" class=\"alignnone size-full wp-image-6563\" src=\"http:\/\/obcanskymonitoring.cz\/wp-content\/uploads\/2019\/05\/1.jpg\" alt=\"\" width=\"187\" height=\"185\" \/><\/a><\/p>\n<p>&nbsp;<\/p>\n<p>Medv\u011bd v\u00a0kleci Praha 6 V\u00edt\u011bzn\u00e9 n\u00e1m\u011bst\u00ed B\u00edl\u00fd medv\u011bd:<\/p>\n<p>&nbsp;<\/p>\n<p><a href=\"http:\/\/obcanskymonitoring.cz\/?attachment_id=6564\" rel=\"attachment wp-att-6564\"><img loading=\"lazy\" class=\"alignnone size-full wp-image-6564\" src=\"http:\/\/obcanskymonitoring.cz\/wp-content\/uploads\/2019\/05\/Medved-v-kleci.jpg\" alt=\"\" width=\"264\" height=\"163\" \/><\/a><\/p>\n<p><a href=\"http:\/\/obcanskymonitoring.cz\/?attachment_id=6565\" rel=\"attachment wp-att-6565\"><img loading=\"lazy\" class=\"alignnone size-full wp-image-6565\" src=\"http:\/\/obcanskymonitoring.cz\/wp-content\/uploads\/2019\/05\/Medved-v-kleci2.jpg\" alt=\"\" width=\"232\" height=\"161\" \/><\/a><\/p>\n<p>&nbsp;<\/p>\n<p>N\u00e1vrh Zahy Hadid u Masarykova n\u00e1dra\u017e\u00ed<\/p>\n<p><a href=\"http:\/\/obcanskymonitoring.cz\/?attachment_id=6566\" rel=\"attachment wp-att-6566\"><img loading=\"lazy\" class=\"alignnone size-medium wp-image-6566\" src=\"http:\/\/obcanskymonitoring.cz\/wp-content\/uploads\/2019\/05\/Zahid-Chobotnice-300x105.jpg\" alt=\"\" width=\"300\" height=\"105\" srcset=\"https:\/\/obcanskymonitoring.cz\/wp-content\/uploads\/2019\/05\/Zahid-Chobotnice-300x105.jpg 300w, https:\/\/obcanskymonitoring.cz\/wp-content\/uploads\/2019\/05\/Zahid-Chobotnice-768x270.jpg 768w, https:\/\/obcanskymonitoring.cz\/wp-content\/uploads\/2019\/05\/Zahid-Chobotnice.jpg 923w\" sizes=\"(max-width: 300px) 100vw, 300px\" \/><\/a><\/p>\n<p>&nbsp;<\/p>\n<p>Chobotnice na Letn\u00e9<\/p>\n<p>Pra\u017esk\u00e1 pam\u00e1tkov\u00e1 rezervace<\/p>\n<p>Co maj\u00ed v\u0161echny tyto \u201ekontroverzn\u00ed\u201c projekty spole\u010dn\u00e9ho?<br \/>\n1. V\u0161echny poru\u0161uj\u00ed prioritu prostoru, kontext v z\u00e1stavb\u011b.<br \/>\n2. V\u0161echny byly schv\u00e1leny pam\u00e1tkov\u00fdmi institucemi<\/p>\n<p>Vzhledem ke skute\u010dnosti, \u017ee se spory etablovan\u00fdch elit pam\u00e1tkov\u00e9 p\u00e9\u010de a odborn\u00e9 i laick\u00e9 ve\u0159ejnosti st\u00e1le opakuj\u00ed podle stejn\u00e9 \u0161ablony, je z\u0159ejm\u011b nezbytn\u00e9 se jejich podstatou zab\u00fdvat hloub\u011bji.Kl\u00ed\u010dem k probl\u00e9mu je vysv\u011btlen\u00ed co je to priorita prostoru, v \u010dem je jej\u00ed v\u00fdznam a pro\u010d ji n\u011bkter\u00e9 elity v pam\u00e1tkov\u00e9 p\u00e9\u010di nevn\u00edmaj\u00ed a ve\u0159ejnost se j\u00ed st\u00e1le do\u017eaduje.<br \/>\nPriorita prostoru je z\u00e1kladem, podstatou urbanismu p\u0159ibli\u017en\u011b do konce 19. stolet\u00ed. Byla do t\u00e9 m\u00edry samoz\u0159ejm\u00e1, \u017ee nebyla nikdy specifikov\u00e1na.Je v\u00fdrazem hodnotov\u00e9ho konsenzu, kter\u00fd prov\u00e1zel spole\u010dnost po stalet\u00ed a vytv\u00e1\u0159el harmonii slohov\u00fdch obdob\u00ed, kterou jsou na\u0161e m\u011bsta proslul\u00e1.<br \/>\nD\u016fsledkem priority prostoru je kontext v z\u00e1stavb\u011b, kter\u00e1 prostory vytv\u00e1\u0159\u00ed. Kontext obecn\u011b znamen\u00e1 souvislost, n\u00e1vaznost. Jednotliv\u00e9 domy v kontextu\u00e1ln\u00ed z\u00e1stavb\u011b maj\u00ed vlastn\u00ed osobitost, ale sd\u00edlej\u00ed stejn\u00fd vztah k prostoru, kter\u00fd vymezuj\u00ed. Respektuj\u00ed stejn\u00e9 m\u011b\u0159\u00edtko vnit\u0159n\u00edho \u010dlen\u011bn\u00ed, stejn\u00fd vztah k m\u00edstu, kter\u00e9 sd\u00edlej\u00ed, maj\u00ed stejnou identitu.<br \/>\nIdentitu architektury ur\u010duje vztah jej\u00edho zast\u0159e\u0161en\u00ed i \u010dlen\u011bn\u00ed fas\u00e1d k prostoru, kter\u00fd ji obklopuje. Li\u0161\u00ed se stupn\u011bm vz\u00e1jemn\u00e9ho prol\u00edn\u00e1n\u00ed, transcendence prostoru a hmoty. Ploch\u00e1 st\u0159echa vytv\u00e1\u0159\u00ed jasnou hranici mezi jej\u00ed vodorovnou plochou a prostorem nad n\u00ed, podobn\u011b hladk\u00e1 fas\u00e1da se jednozna\u010dn\u011b vymezuje v\u016f\u010di prostoru, kter\u00fd ji obklopuje. \u0160ikm\u00e9 a hrotit\u00e9 st\u0159echy do prostoru nad nimi pronikaj\u00ed, jehlan na v\u011b\u017ei sm\u011b\u0159uje vysoko nad sv\u016fj hrot k nebi. \u010clenit\u00e1 fas\u00e1da st\u00edr\u00e1 jednozna\u010dnou hranici mezi hmotou domu a prostorem nikami i vystupuj\u00edc\u00edmi architektonick\u00fdmi \u010dl\u00e1nky. Situov\u00e1n\u00ed objekt\u016f s rozd\u00edln\u00fdm vztahem k okoln\u00edmu prostoru do jednoho m\u00edsta p\u016fsob\u00ed chaoticky. V\u00fdsledek je podobn\u00fd, jako by vyvol\u00e1vala sou\u010dasn\u00e1 hra r\u016fzn\u00fdch skladeb v jedn\u00e9 koncertn\u00ed s\u00edni.<br \/>\nKontextu\u00e1ln\u00ed obvodov\u00e1 \u0159adov\u00e1 z\u00e1stavba historick\u00fdch n\u00e1m\u011bst\u00ed a ulic p\u016fsob\u00ed na prv\u00fd pohled jednotn\u00fdm dojmem, podporuje celistvost prostoru. Opticky uzav\u0159en\u00fd prostor (ulice, n\u00e1m\u011bst\u00ed) vymezen\u00fd pevn\u011b kontextu\u00e1ln\u00ed z\u00e1stavbou vn\u00edm\u00e1me jako celek,okam\u017eit\u011b se orientujeme, uv\u011bdomujeme si svou polohu. Poci\u0165ujeme bezpe\u010d\u00ed, podporu sv\u00e9ho prost\u0159ed\u00ed pro ka\u017edodenn\u00ed \u017eivot.N\u00e1m\u011bst\u00ed v \u010cesk\u00fdch Bud\u011bjovic\u00edch i v Tel\u010di jsou jasn\u011b vymezena kontextu\u00e1ln\u00ed z\u00e1stavbou, i kdy\u017e vztah jednotliv\u00fdch dom\u016f k prostoru je v Tel\u010di jin\u00fd ne\u017e v Bud\u011bjovic\u00edch.<\/p>\n<p><a href=\"http:\/\/obcanskymonitoring.cz\/?attachment_id=6567\" rel=\"attachment wp-att-6567\"><img loading=\"lazy\" class=\"alignnone size-full wp-image-6567\" src=\"http:\/\/obcanskymonitoring.cz\/wp-content\/uploads\/2019\/05\/Budejovice.jpg\" alt=\"\" width=\"248\" height=\"169\" \/><\/a><\/p>\n<p>&nbsp;<\/p>\n<p><a href=\"http:\/\/obcanskymonitoring.cz\/?attachment_id=6568\" rel=\"attachment wp-att-6568\"><img loading=\"lazy\" class=\"alignnone size-full wp-image-6568\" src=\"http:\/\/obcanskymonitoring.cz\/wp-content\/uploads\/2019\/05\/Telc.jpg\" alt=\"\" width=\"231\" height=\"164\" \/><\/a><\/p>\n<p>R\u016fznorodou z\u00e1stavbu,kde jednotliv\u00e9 domy sout\u011b\u017e\u00ed svou odli\u0161nost\u00ed o pozornost potla\u010den\u00edm, p\u0159ek\u0159ikov\u00e1n\u00edm sv\u00fdch soused\u016f, nevn\u00edm\u00e1me jako celek. Jednotliv\u00e9 domy vn\u00edm\u00e1me siln\u011bji ne\u017e prostor, kter\u00fd obklopuj\u00ed. Takov\u00e1 z\u00e1stavba p\u016fsob\u00ed neklidn\u011b, chaoticky, nepom\u00e1h\u00e1 na\u0161\u00ed orientaci, p\u016fsob\u00ed stres.<\/p>\n<p>Lze tedy shrnout, \u017ee kontextu\u00e1ln\u00ed z\u00e1stavba vytv\u00e1\u0159\u00ed \u017eivotn\u00ed prost\u0159ed\u00ed podporuj\u00edc\u00ed na\u0161i existenci. Z\u00a0vlastn\u00ed zku\u0161enosti zn\u00e1me pocit bezpe\u010d\u00ed, z\u00edskan\u00fd p\u0159ehlednost\u00ed prostoru, v\u00a0n\u011bm\u017e se pohybujeme. P\u016fsob\u00ed pozitivn\u011b na vz\u00e1jemn\u00e9 vztahy lid\u00ed, kte\u0159\u00ed se n\u00e1hodn\u011b potk\u00e1vaj\u00ed. Posiluje vz\u00e1jemnou empatii, soun\u00e1le\u017eitost, kter\u00e9 jsou nezbytn\u00e9 pro na\u0161e vz\u00e1jemn\u00e9 kontakty, spolupr\u00e1ci. Empatie a spolupr\u00e1ce jsou z\u00e1klady na\u0161\u00ed civilizace.Priorita prostoru pom\u00e1h\u00e1 integraci spole\u010dnosti, je nad\u010dasovou hodnotou \u017eivotn\u00edho prost\u0159ed\u00ed m\u011bst, umo\u017e\u0148uje jejich dal\u0161\u00ed rozvoj bez ztr\u00e1ty hodnot.<\/p>\n<p>Zcela r\u016fznorod\u00e1, individualistick\u00e1 z\u00e1stavba, kter\u00e1 nen\u00ed schopn\u00e1 vz\u00e1jemn\u00fdch vztah\u016f, nevytv\u00e1\u0159\u00ed jednotn\u00e9 prostory, nezbytn\u00e9 pro p\u0159\u00edzniv\u00e9 \u017eivotn\u00ed prost\u0159ed\u00ed \u2013 tj. dobrou orientaci a pocit bezpe\u010d\u00ed. \u010clov\u011bk ji vn\u00edm\u00e1 jako prostou adici nesourod\u00fdch informac\u00ed, chaos. Odcizen\u00ed se prost\u0159ed\u00ed p\u016fsob\u00ed rozpad p\u0159\u00edm\u00fdch vztah\u016f mezi lidmi, kte\u0159\u00ed sepouze jaksi m\u00edjej\u00ed. M\u00edsto existenci\u00e1ln\u00ed podpory m\u016f\u017ee do\u010dasn\u011b nab\u00eddnout pouze ur\u010ditou fascinaci technick\u00fdmi vymo\u017eenostmi, nadm\u011brn\u00fdmi dimenzemi, zvl\u00e1\u0161tn\u00edmi materi\u00e1ly apod.Pro ka\u017edodenn\u00ed \u017eivot to p\u0159\u00ednos nen\u00ed.<\/p>\n<p>RemKoolhaas v\u00a0publikaci Pam\u00e1tkov\u00e1 p\u00e9\u010de n\u00e1s p\u0159edstihla (cca 2004) napsal: <em>Kdybyste m\u011bli shrom\u00e1\u017edit budovy od v\u00fdzna\u010dn\u00fdch architekt\u016f z\u00a0posledn\u00edch 10 let, bez ohledu na jejich individu\u00e1ln\u00ed kvalitu, jasn\u011b se projev\u00ed, \u017ee dohromady ned\u00e1vaj\u00ed smysl a jaksi mysteri\u00f3zn\u011b se vz\u00e1jemn\u011b ru\u0161\u00ed.<\/em>Individualistick\u00e1 architektura nevytv\u00e1\u0159\u00ed vy\u0161\u0161\u00ed integrovan\u00e9 celky.<\/p>\n<p>P\u0159\u00edzniv\u00fd vliv kontextu\u00e1ln\u00edho prost\u0159ed\u00ed na na\u0161i psychiku nen\u00ed zp\u016fsoben sentiment\u00e1ln\u00edm staromilstv\u00edm aniulp\u00edv\u00e1n\u00edm na tradic\u00edch a neschopnost\u00ed p\u0159ij\u00edmat nov\u00e9 impulzy. P\u0159\u00ed\u010dina je v\u00a0na\u0161em geneticky nastaven\u00e9m vizu\u00e1ln\u00edm vn\u00edm\u00e1n\u00ed okoln\u00edho prost\u0159ed\u00ed. Nevn\u00edm\u00e1me toti\u017e jednotliv\u00e9 prvky postupn\u011b, nejde o adici jednotlivost\u00ed, vn\u00edm\u00e1me cel\u00fd definovan\u00fd prostor. Kant popsal postaven\u00ed prostoru v\u00a0na\u0161\u00ed mysli jako \u201e<em>syntetickou formu <strong>a priori<\/strong><\/em>(geneticky danou p\u0159ed zku\u0161enost\u00ed, vrozenou) <em>na\u0161\u00ed psychiky, jej\u00ed\u017e pomoc\u00ed strukturujeme a d\u00e1v\u00e1me smysl informac\u00edm z\u00a0vn\u011bj\u0161\u00edho prost\u0159ed\u00ed<\/em>\u201c. Sou\u010dasn\u011b tak\u00e9 vysv\u011btlil v\u00fdznam uzav\u0159en\u00e9ho prostoru \u2013 neomezen\u00e9ho prostoru se nem\u016f\u017eeme zmocnit sv\u00fdmi smysly, tud\u00ed\u017e se v\u00a0n\u011bm nem\u016f\u017eeme orientovat.Kantovy dedukce experiment\u00e1ln\u011b potvrdil v\u00a0polovin\u011b 20. stolet\u00ed n\u011bmeck\u00fd Gestalt. Pot\u0159ebou uzav\u0159en\u00ed prostoru se zab\u00fdval Camillo Sitte, ChristanNorberg \u2013 Schulz aj.<\/p>\n<p><strong>Kontextu\u00e1ln\u00ed z\u00e1stavba je nejvz\u00e1cn\u011bj\u0161\u00edm odkazem i nad\u010dasovou hodnotou na\u0161ich historick\u00fdch m\u011bst.<\/strong> P\u0159ibli\u017en\u011b do konce 19. stolet\u00ed vznikalaintuitivn\u011b, ani\u017e by byla jakkoli specifikov\u00e1na jako z\u00e1m\u011br. Teprve s\u00a0n\u00e1stupem r\u016fzn\u00fdch sm\u011br\u016f (-ism\u016f) se vn\u00edm\u00e1n\u00ed kontextu mezi architekty a bohu\u017eel i v\u00a0pam\u00e1tk\u00e1\u0159sk\u00e9m prost\u0159ed\u00ed za\u010dalo rozpadat. P\u0159irozen\u00fd vizu\u00e1ln\u00ed vjem nahradili hodnocen\u00edm pr\u00e1v\u011b aplikovan\u00e9ho intelektu\u00e1ln\u00edho konstruktu \u2013 funkcionalismu, minimalismu, poetismu, modernismu apod. V\u0161echny tyto do\u010dasn\u00e9 styly vych\u00e1zely z\u00a0omezen\u00e9 v\u00fdse\u010de obsahu slo\u017eit\u00e9ho fenom\u00e9nu architektury a vyd\u00e1valy ho za komplexn\u00ed \u0159e\u0161en\u00ed. Nav\u00edc dosud chyb\u00ed pochopen\u00ed architektury jako \u017eivotn\u00edho prost\u0159ed\u00ed a \u00falohy prostoru jako jej\u00edho vlastn\u00edho smyslu. V\u011bt\u0161ina na\u0161ich \u201eodborn\u00fdch elit\u201c vn\u00edm\u00e1 jednotliv\u00fd objekt jako izolovan\u00fd artefakt, bez vztahu k\u00a0jeho okol\u00ed a devastuje sv\u00fdmi vyj\u00e1d\u0159en\u00edmi a stanovisky to nejcenn\u011bj\u0161\u00ed \u2013 kontext.<\/p>\n<p>Proto\u017ee je ale priorita prostoru \u201eneuv\u011bdom\u011blou intuic\u00ed \u201ea priori\u201c na\u0161\u00ed psychiky, nelze ji potla\u010dit. Chyb\u00ed v\u0161em, i t\u011bm, kte\u0159\u00ed si to neuv\u011bdomuj\u00ed. Na proh\u0159e\u0161ky proti priorit\u011b prostoru si zvyknout nelze, nikdy se ke sv\u00e9mu okol\u00ed p\u0159irozen\u011b nep\u0159ipoj\u00ed.Prof. Tom\u00e1\u0161 Valena ve sv\u00e9 knize Vztahy \u2013 O vazb\u011b k\u00a0m\u00edstu v\u00a0architektu\u0159e ocenil v\u00fdznam kontextu, vztahu k\u00a0m\u00edstu n\u00e1sledovn\u011b \u2026<em>.jde dnes mimo jin\u00e9 o to, jak vztah k\u00a0m\u00edstu znovu v\u011bdom\u00fdm \u00fasil\u00edm zohlednit a uv\u00e9st do praxe.<\/em>Podobn\u00fdch n\u00e1vrat\u016f k\u00a0nepochopen\u00fdm tradic\u00edm pro\u017e\u00edv\u00e1me v\u00a0sou\u010dasn\u00e9m globalizovan\u00e9m a virtu\u00e1ln\u00edm sv\u011bt\u011b mnoho.<\/p>\n<p>Cel\u00fd obs\u00e1hl\u00fd \u00favod o v\u00fdznamu kontextu pro na\u0161e \u017eivotn\u00ed prost\u0159ed\u00ed dokl\u00e1d\u00e1 nezbytnost hodnocen\u00ed n\u00e1vrhu dostavby Musea um\u011bn\u00ed v\u00a0Denisov\u011b ulici v\u00a0Olomoucip\u0159edev\u0161\u00edm z\u00a0hlediska jej\u00ed integrace do uli\u010dn\u00edho prostoru. Z\u00a0vizualizace jasn\u011b vypl\u00fdv\u00e1, \u017ee navr\u017een\u00fd objekt rozb\u00edj\u00ed celistvost uli\u010dn\u00edho prostoru jin\u00fdm m\u011b\u0159\u00edtkem a v\u00fdrazn\u011b odli\u0161n\u00fdm charakterem sv\u00fdch fas\u00e1d i zast\u0159e\u0161en\u00ed.Nesta\u010d\u00ed p\u0159ibli\u017en\u00e9 dodr\u017een\u00ed v\u00fd\u0161ky z\u00e1stavby, rozhoduje tu m\u011b\u0159\u00edtko vnit\u0159n\u00edho \u010dlen\u011bn\u00ed celkov\u00e9ho objemu, pou\u017eit\u00e9 materi\u00e1ly. Samo dodr\u017een\u00ed po\u010dtu p\u016fvodn\u00edch parcel rozbit\u00ed uli\u010dn\u00edho prostoru nezabr\u00e1n\u00ed \u2013 kontext hodnot\u00edme vizu\u00e1ln\u011b, jde o n\u00e1vaznost tvar\u016f. Jeho poru\u0161en\u00ed znamen\u00e1 poru\u0161en\u00ed identity m\u00edsta, ztr\u00e1tu nejcenn\u011bj\u0161\u00ed hodnoty v\u00a0m\u011bstsk\u00e9 z\u00e1stavb\u011b.<strong>Z\u00a0t\u011bchto d\u016fvod\u016f pova\u017eujeme novou architektonickou sout\u011b\u017e za nezbytnou. Olomouc za to stoj\u00ed.<\/strong><\/p>\n<p>&nbsp;<\/p>\n<p>&nbsp;<\/p>\n<ol start=\"25\">\n<li>03. 2019 Ing. arch. Marie \u0160v\u00e1bov\u00e1 ASORKD \u2013 www.asrkd.cz<\/li>\n<\/ol>\n<p>&nbsp;<\/p>\n<p>Dal\u0161\u00ed \u010dl\u00e1nky pan\u00ed architektky \u0160v\u00e1bov\u00e9 si m\u016f\u017eete p\u0159e\u010d\u00edst\u00a0<a href=\"http:\/\/obcanskymonitoring.cz\/?s=%C5%A1v%C3%A1bov&amp;x=0&amp;y=0\">zde<\/a>.<\/p>\n<p>Dal\u0161\u00ed \u010dl\u00e1nky kategorie Pam\u00e1tky si\u00a0m\u016f\u017eete p\u0159e\u010d\u00edst\u00a0<a href=\"http:\/\/obcanskymonitoring.cz\/?cat=41\">zde<\/a>.<\/p>\n<p>&nbsp;<\/p>\n<div data-counters='1' data-style='square' data-size='regular' data-url='https:\/\/obcanskymonitoring.cz\/?p=6560' data-title='Arch. \u0160v\u00e1bov\u00e1: Vyj\u00e1d\u0159en\u00ed Asociace spolk\u016f pro ochranu a rozvoj kulturn\u00edho d\u011bdictv\u00ed \u010cesk\u00e9 republiky k p\u0159\u00edstavb\u011b Muzea um\u011bn\u00ed v Denisov\u011b ulici v Olomouci' class='linksalpha_container linksalpha_app_3'><a href='\/\/www.linksalpha.com\/share?network='facebook' class='linksalpha_icon_facebook'><\/a><a href='\/\/www.linksalpha.com\/share?network='twitter' class='linksalpha_icon_twitter'><\/a><a href='\/\/www.linksalpha.com\/share?network='googleplus' class='linksalpha_icon_googleplus'><\/a><a href='\/\/www.linksalpha.com\/share?network='mail' class='linksalpha_icon_mail'><\/a><\/div><div data-position='' data-url='https:\/\/obcanskymonitoring.cz\/?p=6560' data-title='Arch. \u0160v\u00e1bov\u00e1: Vyj\u00e1d\u0159en\u00ed Asociace spolk\u016f pro ochranu a rozvoj kulturn\u00edho d\u011bdictv\u00ed \u010cesk\u00e9 republiky k p\u0159\u00edstavb\u011b Muzea um\u011bn\u00ed v Denisov\u011b ulici v Olomouci' class='linksalpha_container linksalpha_app_7'><a href='\/\/www.linksalpha.com\/share?network='facebook' class='linksalpha_icon_facebook'><\/a><a href='\/\/www.linksalpha.com\/share?network='twitter' class='linksalpha_icon_twitter'><\/a><a href='\/\/www.linksalpha.com\/share?network='googleplus' class='linksalpha_icon_googleplus'><\/a><a href='\/\/www.linksalpha.com\/share?network='mail' class='linksalpha_icon_mail'><\/a><\/div>","protected":false},"excerpt":{"rendered":"<p>&nbsp;1,415&nbsp;total views P\u0159etiskuji nov\u00fd \u010dl\u00e1nek pan\u00ed architektky \u0160v\u00e1bov\u00e9.<\/p>\n","protected":false},"author":2,"featured_media":0,"comment_status":"open","ping_status":"open","sticky":true,"template":"","format":"standard","meta":[],"categories":[41,23,32],"tags":[],"_links":{"self":[{"href":"https:\/\/obcanskymonitoring.cz\/index.php?rest_route=\/wp\/v2\/posts\/6560"}],"collection":[{"href":"https:\/\/obcanskymonitoring.cz\/index.php?rest_route=\/wp\/v2\/posts"}],"about":[{"href":"https:\/\/obcanskymonitoring.cz\/index.php?rest_route=\/wp\/v2\/types\/post"}],"author":[{"embeddable":true,"href":"https:\/\/obcanskymonitoring.cz\/index.php?rest_route=\/wp\/v2\/users\/2"}],"replies":[{"embeddable":true,"href":"https:\/\/obcanskymonitoring.cz\/index.php?rest_route=%2Fwp%2Fv2%2Fcomments&post=6560"}],"version-history":[{"count":1,"href":"https:\/\/obcanskymonitoring.cz\/index.php?rest_route=\/wp\/v2\/posts\/6560\/revisions"}],"predecessor-version":[{"id":6569,"href":"https:\/\/obcanskymonitoring.cz\/index.php?rest_route=\/wp\/v2\/posts\/6560\/revisions\/6569"}],"wp:attachment":[{"href":"https:\/\/obcanskymonitoring.cz\/index.php?rest_route=%2Fwp%2Fv2%2Fmedia&parent=6560"}],"wp:term":[{"taxonomy":"category","embeddable":true,"href":"https:\/\/obcanskymonitoring.cz\/index.php?rest_route=%2Fwp%2Fv2%2Fcategories&post=6560"},{"taxonomy":"post_tag","embeddable":true,"href":"https:\/\/obcanskymonitoring.cz\/index.php?rest_route=%2Fwp%2Fv2%2Ftags&post=6560"}],"curies":[{"name":"wp","href":"https:\/\/api.w.org\/{rel}","templated":true}]}}