{"id":6580,"date":"2019-05-18T14:35:00","date_gmt":"2019-05-18T14:35:00","guid":{"rendered":"http:\/\/obcanskymonitoring.cz\/?p=6580"},"modified":"2019-05-18T14:35:00","modified_gmt":"2019-05-18T14:35:00","slug":"petr-jesatko-kdyz-tak-sedim-doma-na-hajence-na-sumave-a-premyslim-o-tom-co-se-deje-v-nasich-lesich-je-mi-smutno","status":"publish","type":"post","link":"https:\/\/obcanskymonitoring.cz\/?p=6580","title":{"rendered":"Petr Je\u0161\u00e1tko: Kdy\u017e tak sed\u00edm doma na h\u00e1jence na \u0160umav\u011b a p\u0159em\u00fd\u0161l\u00edm o tom, co se d\u011bje v na\u0161ich les\u00edch, je mi smutno"},"content":{"rendered":"<div class=\"pvc_clear\"><\/div>\n<p class=\"pvc_stats total_only \" data-element-id=\"6580\" style=\"\"><i class=\"pvc-stats-icon medium\" aria-hidden=\"true\"><svg xmlns=\"http:\/\/www.w3.org\/2000\/svg\" version=\"1.0\" viewBox=\"0 0 502 315\" preserveAspectRatio=\"xMidYMid meet\"><g transform=\"translate(0,332) scale(0.1,-0.1)\" fill=\"\" stroke=\"none\"><path d=\"M2394 3279 l-29 -30 -3 -207 c-2 -182 0 -211 15 -242 39 -76 157 -76 196 0 15 31 17 60 15 243 l-3 209 -33 29 c-26 23 -41 29 -80 29 -41 0 -53 -5 -78 -31z\"\/><path d=\"M3085 3251 c-45 -19 -58 -50 -96 -229 -47 -217 -49 -260 -13 -295 52 -53 146 -42 177 20 16 31 87 366 87 410 0 70 -86 122 -155 94z\"\/><path d=\"M1751 3234 c-13 -9 -29 -31 -37 -50 -12 -29 -10 -49 21 -204 19 -94 39 -189 45 -210 14 -50 54 -80 110 -80 34 0 48 6 76 34 21 21 34 44 34 59 0 14 -18 113 -40 219 -37 178 -43 195 -70 221 -36 32 -101 37 -139 11z\"\/><path d=\"M1163 3073 c-36 -7 -73 -59 -73 -102 0 -56 133 -378 171 -413 34 -32 83 -37 129 -13 70 36 67 87 -16 290 -86 209 -89 214 -129 231 -35 14 -42 15 -82 7z\"\/><path d=\"M3689 3066 c-15 -9 -33 -30 -42 -48 -48 -103 -147 -355 -147 -375 0 -98 131 -148 192 -74 13 15 57 108 97 206 80 196 84 226 37 273 -30 30 -99 39 -137 18z\"\/><path d=\"M583 2784 c-38 -19 -67 -74 -58 -113 9 -42 211 -354 242 -373 16 -10 45 -18 66 -18 51 0 107 52 107 100 0 39 -1 41 -124 234 -80 126 -108 162 -133 173 -41 17 -61 16 -100 -3z\"\/><path d=\"M4250 2784 c-14 -9 -74 -91 -133 -183 -95 -150 -107 -173 -107 -213 0 -55 33 -94 87 -104 67 -13 90 8 211 198 130 202 137 225 78 284 -27 27 -42 34 -72 34 -22 0 -50 -8 -64 -16z\"\/><path d=\"M2275 2693 c-553 -48 -1095 -270 -1585 -649 -135 -104 -459 -423 -483 -476 -23 -49 -22 -139 2 -186 73 -142 361 -457 571 -626 285 -228 642 -407 990 -497 242 -63 336 -73 660 -74 310 0 370 5 595 52 535 111 1045 392 1455 803 122 121 250 273 275 326 19 41 19 137 0 174 -41 79 -309 363 -465 492 -447 370 -946 591 -1479 653 -113 14 -422 18 -536 8z m395 -428 c171 -34 330 -124 456 -258 112 -119 167 -219 211 -378 27 -96 24 -300 -5 -401 -72 -255 -236 -447 -474 -557 -132 -62 -201 -76 -368 -76 -167 0 -236 14 -368 76 -213 98 -373 271 -451 485 -162 444 86 934 547 1084 153 49 292 57 452 25z m909 -232 c222 -123 408 -262 593 -441 76 -74 138 -139 138 -144 0 -16 -233 -242 -330 -319 -155 -123 -309 -223 -461 -299 l-81 -41 32 46 c18 26 49 83 70 128 143 306 141 649 -6 957 -25 52 -61 116 -79 142 l-34 47 45 -20 c26 -10 76 -36 113 -56z m-2057 25 c-40 -58 -105 -190 -130 -263 -110 -324 -59 -707 132 -981 25 -35 42 -64 37 -64 -19 0 -241 119 -326 174 -188 122 -406 314 -532 468 l-58 71 108 103 c185 178 428 349 672 473 66 33 121 60 123 61 2 0 -10 -19 -26 -42z\"\/><path d=\"M2375 1950 c-198 -44 -350 -190 -395 -379 -18 -76 -8 -221 19 -290 114 -284 457 -406 731 -260 98 52 188 154 231 260 27 69 37 214 19 290 -38 163 -166 304 -326 360 -67 23 -215 33 -279 19z\"\/><\/g><\/svg><\/i> &nbsp;1,039&nbsp;total views<\/p>\n<div class=\"pvc_clear\"><\/div>\n<p><a href=\"http:\/\/obcanskymonitoring.cz\/?attachment_id=3017\" rel=\"attachment wp-att-3017\"><img loading=\"lazy\" class=\"alignnone size-full wp-image-3017\" src=\"http:\/\/obcanskymonitoring.cz\/wp-content\/uploads\/2014\/09\/Jesatko.jpg\" alt=\"\" width=\"287\" height=\"167\" \/><\/a><\/p>\n<p>P\u0159etiskuji \u010dl\u00e1nek Petra Je\u0161\u00e1tka.<\/p>\n<p><!--more--><\/p>\n<p>&nbsp;<\/p>\n<p>Kdy\u017e tak sed\u00edm doma na h\u00e1jence na \u0160umav\u011b a p\u0159em\u00fd\u0161l\u00edm o tom, co se d\u011bje v na\u0161ich les\u00edch, je mi smutno. Lesa\u0159inu jsem za\u010dal od motyky a pily &#8211; jako u\u010de\u0148 v Jizerk\u00e1ch v r. 1962 a od funkce lesn\u00edka, technika jsem za\u010dal, jako fo\u0159t v r. 1971 a skon\u010dil za\u010d\u00e1tkem roku 2011, jako vrchn\u00ed lesn\u00ed inspektor NP \u0160umava, odchodem do d\u016fchodu. Kdy\u017e dnes vid\u00edm, jak se fakta zatajuj\u00ed nejen na \u0160umav\u011b, ale v cel\u00e9 republice, jak ob\u010dany ohlupuj\u00ed n\u011bkte\u0159\u00ed politici a \u00fa\u0159edn\u00edci za pomoci r\u016fzn\u00fdch medi\u00ed, je m<span class=\"text_exposed_show\">i smutno st\u00e1le v\u00edce. V sou\u010dasnosti se na\u0161el pro na\u0161e lesy &#8220;nov\u00fd spasitel&#8221; pan Babi\u0161 se sv\u00fdmi ministry Tomanem, Brabcem a pan\u00ed Schillerovou. To, co p\u0159edv\u00e1d\u011bj\u00ed v medi\u00edch je opravdu divadlo. Ov\u0161em st\u00e1l\u00e1 divadeln\u00ed sc\u00e9na je s programem na\u0161ich les\u016f otev\u0159en\u00e1 ji\u017e des\u00edtky let. <\/span><\/p>\n<p><span class=\"text_exposed_show\">Pod\u00edvejte se, jak Vl\u00e1da \u010cR p\u0159ijala sv\u00e9 Usnesen\u00ed v r. 2012, kde si ji\u017e uv\u011bdomovala stav na\u0161ich les\u016f a po\u017eadovala \u0159e\u0161en\u00ed:<br \/>\nB- Zvy\u0161ov\u00e1n\u00ed konkurenceschopnosti lesn\u00edho hospod\u00e1\u0159stv\u00ed<\/span><\/p>\n<div class=\"text_exposed_show\">\n<p>C- Zvy\u0161ov\u00e1n\u00ed biodiverzity v lesn\u00edch ekosyst\u00e9mech, jejich\u00a0celistvosti a ekologick\u00e9 stability<\/p>\n<p>Vl\u00e1da padla a v\u0161e bylo zapomenuto. Naopak n\u00e1s ministr zem\u011bd\u011blstv\u00ed do posledn\u00ed chv\u00edle ubezpe\u010doval, \u017ee na\u0161e lesy jsou v nejlep\u0161\u00edm stavu za posledn\u00edch 250 let!!! O rok pozd\u011bji ministr \u017eivotn\u00edho prost\u0159ed\u00ed, kter\u00fd vedle n\u011bj ve vl\u00e1d\u011b sed\u011bl, prohla\u0161uje: <em>&#8220;Na\u0161e lesy jsou v nejhor\u0161\u00edm stavu od Marie Terezie!!!&#8221;<\/em> V obou vl\u00e1d\u00e1ch sed\u011bl i dne\u0161n\u00ed premi\u00e9r pan Babi\u0161. M\u016f\u017eeme t\u011bmhle lidem v\u011b\u0159it? V\u017edy\u0165 sta\u010dilo plnit od r. 2012 Usnesen\u00ed Vl\u00e1dy z tohoto roku v p\u0159\u00edloze.<\/p>\n<p><a href=\"http:\/\/obcanskymonitoring.cz\/?attachment_id=6581\" rel=\"attachment wp-att-6581\"><img loading=\"lazy\" class=\"alignnone size-medium wp-image-6581\" src=\"http:\/\/obcanskymonitoring.cz\/wp-content\/uploads\/2019\/05\/Sumava-Zvysovani-biodiverzity-216x300.jpg\" alt=\"\" width=\"216\" height=\"300\" srcset=\"https:\/\/obcanskymonitoring.cz\/wp-content\/uploads\/2019\/05\/Sumava-Zvysovani-biodiverzity-216x300.jpg 216w, https:\/\/obcanskymonitoring.cz\/wp-content\/uploads\/2019\/05\/Sumava-Zvysovani-biodiverzity.jpg 691w\" sizes=\"(max-width: 216px) 100vw, 216px\" \/><\/a><\/p>\n<\/div>\n<p>&nbsp;<\/p>\n<p><a href=\"http:\/\/obcanskymonitoring.cz\/?page_id=3014\">Petr Je\u0161\u00e1tko st.<\/a>\u00a0(Autor je b\u00fdval\u00fd vrchn\u00ed lesn\u00ed inspektor N\u00e1rodn\u00edho parku \u0160umava, nyn\u00ed v d\u016fchodu).<\/p>\n<p><a href=\"http:\/\/www.ceskatelevize.cz\/ivysilani\/1129337346-pridej-se\/209562248410019\/\">Star\u0161\u00ed\u00a0po\u0159ad Petra Je\u0161\u00e1tka pro \u010ceskou televizi<\/a>\u00a0Dal\u0161\u00ed \u010dl\u00e1nky Petra Je\u0161\u00e1tka na na\u0161ich str\u00e1nk\u00e1ch jsou\u00a0<a href=\"http:\/\/obcanskymonitoring.cz\/?s=je%C5%A1%C3%A1tko&amp;x=0&amp;y=0\">zde<\/a>.<\/p>\n<p>Dal\u0161\u00ed \u010dl\u00e1nky na Ob\u010dansk\u00e9m monitoringu k t\u00e9matu \u0160umava si m\u016f\u017eete p\u0159e\u010d\u00edst\u00a0<a href=\"http:\/\/obcanskymonitoring.cz\/?cat=21\">zde<\/a>.<\/p>\n<div data-counters='1' data-style='square' data-size='regular' data-url='https:\/\/obcanskymonitoring.cz\/?p=6580' data-title='Petr Je\u0161\u00e1tko: Kdy\u017e tak sed\u00edm doma na h\u00e1jence na \u0160umav\u011b a p\u0159em\u00fd\u0161l\u00edm o tom, co se d\u011bje v na\u0161ich les\u00edch, je mi smutno' class='linksalpha_container linksalpha_app_3'><a href='\/\/www.linksalpha.com\/share?network='facebook' class='linksalpha_icon_facebook'><\/a><a href='\/\/www.linksalpha.com\/share?network='twitter' class='linksalpha_icon_twitter'><\/a><a href='\/\/www.linksalpha.com\/share?network='googleplus' class='linksalpha_icon_googleplus'><\/a><a href='\/\/www.linksalpha.com\/share?network='mail' class='linksalpha_icon_mail'><\/a><\/div><div data-position='' data-url='https:\/\/obcanskymonitoring.cz\/?p=6580' data-title='Petr Je\u0161\u00e1tko: Kdy\u017e tak sed\u00edm doma na h\u00e1jence na \u0160umav\u011b a p\u0159em\u00fd\u0161l\u00edm o tom, co se d\u011bje v na\u0161ich les\u00edch, je mi smutno' class='linksalpha_container linksalpha_app_7'><a href='\/\/www.linksalpha.com\/share?network='facebook' class='linksalpha_icon_facebook'><\/a><a href='\/\/www.linksalpha.com\/share?network='twitter' class='linksalpha_icon_twitter'><\/a><a href='\/\/www.linksalpha.com\/share?network='googleplus' class='linksalpha_icon_googleplus'><\/a><a href='\/\/www.linksalpha.com\/share?network='mail' class='linksalpha_icon_mail'><\/a><\/div>","protected":false},"excerpt":{"rendered":"<p>&nbsp;1,039&nbsp;total views P\u0159etiskuji \u010dl\u00e1nek Petra Je\u0161\u00e1tka.<\/p>\n","protected":false},"author":2,"featured_media":0,"comment_status":"open","ping_status":"open","sticky":true,"template":"","format":"standard","meta":[],"categories":[21,29],"tags":[],"_links":{"self":[{"href":"https:\/\/obcanskymonitoring.cz\/index.php?rest_route=\/wp\/v2\/posts\/6580"}],"collection":[{"href":"https:\/\/obcanskymonitoring.cz\/index.php?rest_route=\/wp\/v2\/posts"}],"about":[{"href":"https:\/\/obcanskymonitoring.cz\/index.php?rest_route=\/wp\/v2\/types\/post"}],"author":[{"embeddable":true,"href":"https:\/\/obcanskymonitoring.cz\/index.php?rest_route=\/wp\/v2\/users\/2"}],"replies":[{"embeddable":true,"href":"https:\/\/obcanskymonitoring.cz\/index.php?rest_route=%2Fwp%2Fv2%2Fcomments&post=6580"}],"version-history":[{"count":1,"href":"https:\/\/obcanskymonitoring.cz\/index.php?rest_route=\/wp\/v2\/posts\/6580\/revisions"}],"predecessor-version":[{"id":6582,"href":"https:\/\/obcanskymonitoring.cz\/index.php?rest_route=\/wp\/v2\/posts\/6580\/revisions\/6582"}],"wp:attachment":[{"href":"https:\/\/obcanskymonitoring.cz\/index.php?rest_route=%2Fwp%2Fv2%2Fmedia&parent=6580"}],"wp:term":[{"taxonomy":"category","embeddable":true,"href":"https:\/\/obcanskymonitoring.cz\/index.php?rest_route=%2Fwp%2Fv2%2Fcategories&post=6580"},{"taxonomy":"post_tag","embeddable":true,"href":"https:\/\/obcanskymonitoring.cz\/index.php?rest_route=%2Fwp%2Fv2%2Ftags&post=6580"}],"curies":[{"name":"wp","href":"https:\/\/api.w.org\/{rel}","templated":true}]}}