{"id":659,"date":"2013-06-17T05:51:44","date_gmt":"2013-06-17T05:51:44","guid":{"rendered":"http:\/\/obcanskymonitoring.cz\/?p=659"},"modified":"2013-06-17T05:51:44","modified_gmt":"2013-06-17T05:51:44","slug":"razie-spravedlnost-jen-laska-nas-muze-rozdelit","status":"publish","type":"post","link":"https:\/\/obcanskymonitoring.cz\/?p=659","title":{"rendered":"Razie. Spravedlnost? Jen l\u00e1ska n\u00e1s m\u016f\u017ee rozd\u011blit."},"content":{"rendered":"<div class=\"pvc_clear\"><\/div>\n<p class=\"pvc_stats total_only \" data-element-id=\"659\" style=\"\"><i class=\"pvc-stats-icon medium\" aria-hidden=\"true\"><svg xmlns=\"http:\/\/www.w3.org\/2000\/svg\" version=\"1.0\" viewBox=\"0 0 502 315\" preserveAspectRatio=\"xMidYMid meet\"><g transform=\"translate(0,332) scale(0.1,-0.1)\" fill=\"\" stroke=\"none\"><path d=\"M2394 3279 l-29 -30 -3 -207 c-2 -182 0 -211 15 -242 39 -76 157 -76 196 0 15 31 17 60 15 243 l-3 209 -33 29 c-26 23 -41 29 -80 29 -41 0 -53 -5 -78 -31z\"\/><path d=\"M3085 3251 c-45 -19 -58 -50 -96 -229 -47 -217 -49 -260 -13 -295 52 -53 146 -42 177 20 16 31 87 366 87 410 0 70 -86 122 -155 94z\"\/><path d=\"M1751 3234 c-13 -9 -29 -31 -37 -50 -12 -29 -10 -49 21 -204 19 -94 39 -189 45 -210 14 -50 54 -80 110 -80 34 0 48 6 76 34 21 21 34 44 34 59 0 14 -18 113 -40 219 -37 178 -43 195 -70 221 -36 32 -101 37 -139 11z\"\/><path d=\"M1163 3073 c-36 -7 -73 -59 -73 -102 0 -56 133 -378 171 -413 34 -32 83 -37 129 -13 70 36 67 87 -16 290 -86 209 -89 214 -129 231 -35 14 -42 15 -82 7z\"\/><path d=\"M3689 3066 c-15 -9 -33 -30 -42 -48 -48 -103 -147 -355 -147 -375 0 -98 131 -148 192 -74 13 15 57 108 97 206 80 196 84 226 37 273 -30 30 -99 39 -137 18z\"\/><path d=\"M583 2784 c-38 -19 -67 -74 -58 -113 9 -42 211 -354 242 -373 16 -10 45 -18 66 -18 51 0 107 52 107 100 0 39 -1 41 -124 234 -80 126 -108 162 -133 173 -41 17 -61 16 -100 -3z\"\/><path d=\"M4250 2784 c-14 -9 -74 -91 -133 -183 -95 -150 -107 -173 -107 -213 0 -55 33 -94 87 -104 67 -13 90 8 211 198 130 202 137 225 78 284 -27 27 -42 34 -72 34 -22 0 -50 -8 -64 -16z\"\/><path d=\"M2275 2693 c-553 -48 -1095 -270 -1585 -649 -135 -104 -459 -423 -483 -476 -23 -49 -22 -139 2 -186 73 -142 361 -457 571 -626 285 -228 642 -407 990 -497 242 -63 336 -73 660 -74 310 0 370 5 595 52 535 111 1045 392 1455 803 122 121 250 273 275 326 19 41 19 137 0 174 -41 79 -309 363 -465 492 -447 370 -946 591 -1479 653 -113 14 -422 18 -536 8z m395 -428 c171 -34 330 -124 456 -258 112 -119 167 -219 211 -378 27 -96 24 -300 -5 -401 -72 -255 -236 -447 -474 -557 -132 -62 -201 -76 -368 -76 -167 0 -236 14 -368 76 -213 98 -373 271 -451 485 -162 444 86 934 547 1084 153 49 292 57 452 25z m909 -232 c222 -123 408 -262 593 -441 76 -74 138 -139 138 -144 0 -16 -233 -242 -330 -319 -155 -123 -309 -223 -461 -299 l-81 -41 32 46 c18 26 49 83 70 128 143 306 141 649 -6 957 -25 52 -61 116 -79 142 l-34 47 45 -20 c26 -10 76 -36 113 -56z m-2057 25 c-40 -58 -105 -190 -130 -263 -110 -324 -59 -707 132 -981 25 -35 42 -64 37 -64 -19 0 -241 119 -326 174 -188 122 -406 314 -532 468 l-58 71 108 103 c185 178 428 349 672 473 66 33 121 60 123 61 2 0 -10 -19 -26 -42z\"\/><path d=\"M2375 1950 c-198 -44 -350 -190 -395 -379 -18 -76 -8 -221 19 -290 114 -284 457 -406 731 -260 98 52 188 154 231 260 27 69 37 214 19 290 -38 163 -166 304 -326 360 -67 23 -215 33 -279 19z\"\/><\/g><\/svg><\/i> &nbsp;1,321&nbsp;total views<\/p>\n<div class=\"pvc_clear\"><\/div>\n<p><a href=\"http:\/\/obcanskymonitoring.cz\/wp-content\/uploads\/2013\/06\/socha-spravedlnost.jpg\"><img loading=\"lazy\" class=\"alignnone size-thumbnail wp-image-660\" alt=\"socha-spravedlnost\" src=\"http:\/\/obcanskymonitoring.cz\/wp-content\/uploads\/2013\/06\/socha-spravedlnost-150x150.jpg\" width=\"150\" height=\"150\" \/><\/a><\/p>\n<p>Selektivn\u00ed\u00a0spravedlnost. Nejm\u00e9n\u011b rok trvaj\u00edc\u00ed odposlechy p\u0159edsedy vl\u00e1dy. Kmot\u0159i nebyli obvin\u011bni. \u0158\u00edzen\u00e9 \u00faniky z trestn\u00edho spisu. Co v\u0161echno asi v odposle\u0161\u00edch za tu dobu muselo b\u00fdt&#8230; Jist\u011b hutn\u00fd materi\u00e1l. Kdo a pro\u010d pro formulaci obvin\u011bn\u00ed zvolil pr\u00e1v\u011b tuto pikantn\u00ed kauzu? Kauzu, kter\u00e1 \u00fa\u010delov\u011b a chirurgicky \u010dist\u011b vy\u0159\u00edzne nepohodlnou \u010d\u00e1st vl\u00e1dy, zb\u00fdvaj\u00edc\u00ed \u010d\u00e1st ponech\u00e1v\u00e1 na jejich p\u016fsobi\u0161t\u00edch?<\/p>\n<p><!--more--><\/p>\n<p><strong>Selektivn\u00ed spravedlnost<\/strong><\/p>\n<p>Hlavn\u00ed zd\u016fvodn\u011bn\u00ed razie m\u011bl b\u00fdt\u00a0<a href=\"http:\/\/www.lidovky.cz\/v-sidle-vlady-v-noci-zasahovali-policiste-z-uooz-fua-\/zpravy-domov.aspx?c=A130613_092509_ln_domov_spa\">postih kmotr\u016f Janou\u0161ka a Rittiga<\/a>. Jak je mo\u017en\u00e9, \u017ee oba jsou v zahrani\u010d\u00ed?Janou\u0161ek, Rittig, Hrdli\u010dka, v\u0161ichni jsou v tuto chv\u00edli v Chorvatsku. Jsou tam spole\u010dn\u011b?<\/p>\n<p>A\u00a0<a href=\"http:\/\/www.novinky.cz\/krimi\/304718-spravni-delikt-nikoliv-trestny-cin-policie-odlozila-kauzu-skaret.html\">na Dr\u00e1bka z TOP09 se \u017e\u00e1dn\u00fd paragraf nena\u0161el<\/a>? Odposlechy B\u00e9ma s Janou\u0161kem a Hrdli\u010dkou byly je\u0161t\u011b\u00a0<a href=\"http:\/\/zpravy.ihned.cz\/c1-55173350-dalsi-odposlechy-bem-s-janouskem-ladili-noty-chteli-ovlivnovat-developerskou-firmu\">v\u00edce \u0161okuj\u00edc\u00ed<\/a>, ne\u017e odposlechy Nagyov\u00e9.\u00a0<a href=\"http:\/\/zpravy.idnes.cz\/co-zaznemenala-tajna-sluzba-na-odposlesich-bema-a-janouska-p3y-\/domaci.aspx?c=A120323_120253_domaci_jav\">A hlavn\u011b zde<\/a>.\u00a0<a href=\"http:\/\/zpravy.idnes.cz\/kscm-a-top-09-vezmou-milion-za-zmenu-zakona-odhalil-test-mf-dnes-pbd-\/domaci.aspx?c=A090925_204607_domaci_taj\">Nebo kauzu milion za zm\u011bnu z\u00e1kona.\u00a0<\/a>Trestn\u00ed ozn\u00e1men\u00ed formulov\u00e1no nebylo. Naopak bylo audio i video z netu sta\u017eeno. Njn, KS\u010cM p\u016fjde v preferenc\u00edch nahoru, v\u0161ichni budou jejich hlasy pot\u0159ebovat.<\/p>\n<p><strong>V\u0161ichni odposlouch\u00e1vaj\u00ed v\u0161echny<\/strong><\/p>\n<p><a href=\"http:\/\/www.scribd.com\/document_downloads\/147790996?extension=pdf&amp;from=embed&amp;source=embed\">Nagyov\u00e1 (a spolu s n\u00ed p\u0159edseda vl\u00e1dy \u010cR) byla nejm\u00e9n\u011b osm m\u011bs\u00edc\u016f oposlouch\u00e1v\u00e1na<\/a>, jak sama organizuje odposlechy Radky Ne\u010dasov\u00e9. Odposlouch\u00e1vaj\u00edc\u00ed je odposlouch\u00e1v\u00e1n, jak odposlouch\u00e1v\u00e1&#8230;. Stra\u0161n\u00fd sv\u011bt.<\/p>\n<p><strong>Zlato<\/strong><\/p>\n<p>Zlato bylo objeveno v bezpe\u010dnostn\u00edch schr\u00e1nk\u00e1ch banky, nem\u011bl by b\u00fdt tedy probl\u00e9m pro vy\u0161et\u0159ovatele zjistit, kdo byl majitel, resp. dr\u017eitel. Kdo je dr\u017eitel? Snad alespo\u0148 toto se dozv\u00edme.<\/p>\n<p><strong>Kompro nad zlato<\/strong><\/p>\n<p>Nebyl\u00a0c\u00edlem cel\u00e9 akce sb\u011br kompromateri\u00e1lu? S c\u00edlem vyd\u00edrat, zastra\u0161it dot\u010den\u00e9? Nebo je poslat rovnou do vazby?<\/p>\n<p><strong>Vazba<\/strong><\/p>\n<p>\u010cesk\u00fd pr\u00e1vn\u00ed syst\u00e9m umo\u017e\u0148uje uvalit na \u010dlov\u011bka vazbu a\u017e do lh\u016fty 2,5 roku.<strong>\u00a0<\/strong>Viz p\u0159\u00edpad Rath. Je to dostate\u010dn\u00e1 lh\u016fta pro to, aby doty\u010dn\u00fd byl odstaven od politick\u00e9ho a ekonomick\u00e9ho vlivu. A to je v t\u011bchto a podobn\u00fdch kauz\u00e1ch jedin\u00fdm d\u016fvodem &#8220;spravedlnosti&#8221;. Dovoluji si p\u0159edv\u00eddat, \u017ee David Rath bude po uplynut\u00ed maxim\u00e1ln\u00ed doby vazby propu\u0161t\u011bn na svobodu.\u00a0Za\u010d\u00edn\u00e1m m\u00edt siln\u00fd pocit, \u017ee o spravedlnost v t\u011bchto kauz\u00e1ch nejde. Respektive, \u017ee spravedlnost je v t\u011bchto kauz\u00e1ch vyu\u017e\u00edv\u00e1na ve prosp\u011bch zadavatele.<\/p>\n<p><strong>Cui Bono? (V \u010d\u00ed prosp\u011bch tedy?)<\/strong><\/p>\n<p>Z ud\u00e1losti profituje \u010cSSD, KS\u010cM, TOP09, VV a \u010d\u00e1st ODS. Ta \u010d\u00e1st ODS, kter\u00e1\u00a0<a href=\"http:\/\/www.prvnizpravy.cz\/zpravy\/z-domova\/tlusty-top-09-je-dite-kalouska-a-topolanka\/\">dle inside informac\u00ed z ODS st\u00e1la za vznikem projektu TOP09 a VV.<\/a>\u00a0A skute\u010dn\u011b: Kuba z ODS a B\u00e1rta z VV je nyn\u00ed v TV doslova pe\u010den\u00fd, va\u0159en\u00fd.\u00a0<a href=\"http:\/\/www.ceskatelevize.cz\/ct24\/domaci\/169043-abl-za-barty-ziskala-odposlechy-z-prazske-radnice-resi-se-odkud-unikly\/\">B\u00e1rta roz\u010diluj\u00edc\u00ed se nad skand\u00e1lem odposlouch\u00e1v\u00e1n\u00ed. To u\u017e je \u010dist\u00fd surrealismus.<\/a><\/p>\n<p>Kdo za celou razi\u00ed stoj\u00ed? B\u00fdval\u00fd \u0161\u00e9f kontrarozv\u011bdky a kand\u00e1t na prezidenta Rand\u00e1k? Hovo\u0159il by pro to fakt, \u017ee\u00a0<a href=\"http:\/\/www.blesk.cz\/clanek\/zpravy-udalosti\/185582\/randak-se-stiznosti-neuspel-zverejnil-odmeny-nagyove-jdou-po-nem-dal.html\">Rand\u00e1k se ji\u017e v minulosti Nagyovou pokusil odstavit<\/a>.\u00a0<a href=\"http:\/\/hnonline.sk\/43-141174180-1-57553780-k00000_d-2e\">Pl\u00e1novan\u00fd \u00fatok na Rittiga dokonce s\u00e1m oznamoval na tiskov\u00e9 konferenci.<\/a>\u00a0Pro\u010d se ho tedy na to \u017e\u00e1dn\u00fd novin\u00e1\u0159 nezept\u00e1? Zvl\u00e1\u0161tn\u00ed.<\/p>\n<p><a href=\"http:\/\/www.lidovky.cz\/babisovi-radi-randak-proveruje-jeho-spolupracovniky-p0e-\/zpravy-domov.aspx?c=A111114_231047_ln_domov_mpr\">Rand\u00e1k, kter\u00fd je zam\u011bstnancem Babi\u0161e<\/a>?\u00a0<a href=\"http:\/\/www.parlamentnilisty.cz\/arena\/monitor\/Byvaly-sefspion-Randak-Babisuv-projekt-povazuji-za-duveryhodny-213033\">A kter\u00fd Babi\u0161e i ve\u0159ejn\u011b podporuje?<\/a>\u00a0Inicioval tedy cel\u00fd projekt Babi\u0161? Dalo by se spekulovat o tom, \u017ee Janou\u0161ek a Rittig\u00a0<a href=\"http:\/\/www.podnikovyzpravodaj.cz\/aktualita\/lesy-dalsi-babisova-domena\">mohli Babi\u0161ovi st\u00e1t v cest\u011b k ovl\u00e1dnut\u00ed zak\u00e1zek z Lesy \u010cR<\/a>.\u00a0<a href=\"http:\/\/karelrandak.cz\/\">Kandidaturu Rand\u00e1ka na prezidenta d\u00e1le podporoval Nada\u010dn\u00ed fond proti korupci<\/a>.<\/p>\n<p><strong>Spravedlnost? Demokracie?<\/strong><\/p>\n<p>Je toto spravedlnost? Je toto demokracie? Je mo\u017en\u00e9 tomu tleskat? ODS z\u0159ejm\u011b mocensky sl\u00e1bne a u\u017e \u00a0nedok\u00e1\u017ee zajistit sv\u00fdm lidem beztrestnost. (Co\u017e je samoz\u0159ejm\u011b dob\u0159e). Janou\u0161ek byl jist\u011b oslaben i blokac\u00ed \u0161v\u00fdcarsk\u00fdch kont. I &#8220;kmotr&#8221; poc\u00edt\u00ed,\u00a0<a href=\"http:\/\/zpravy.ihned.cz\/c1-37882030-vysetrovani-kont-romana-janouska-miri-k-prazskemu-magistratu\">kdy\u017e nem\u016f\u017ee n\u00e1hle disponovat stovkami milion\u016f korun<\/a>. \u017dralo\u010d\u00ed mentalita. Na slab\u00fd kus se v\u0161ichni vrhnou a p\u0159iprav\u00ed jej o majetek&#8230;\u00a0<a href=\"http:\/\/tn.nova.cz\/zpravy\/domaci\/boss-oulicky-opustil-potapejici-se-lod-a-odchazi-z-ods.html\">N\u011bkte\u0159\u00ed tento probl\u00e9m \u0159e\u0161\u00ed odchodem z ODS.<\/a><\/p>\n<p><strong>Kdo a co bude p\u0159\u00ed\u0161t\u011b?<\/strong><\/p>\n<p>Minule to byl Rath, nyn\u00ed Janou\u0161ek, Rittig. Kter\u00fd kmot\u0159\u00ed\u010dek to bude p\u0159\u00ed\u0161t\u011b? Kter\u00fd z mal\u00fdch kmot\u0159\u00ed\u010dk\u016f sl\u00e1bne a bude ob\u011btov\u00e1n ostatn\u00edmi kmotry, kte\u0159\u00ed se n\u00e1sledn\u011b rozd\u011bl\u00ed o majetek?<\/p>\n<p>Zd\u00e1 se, \u017ee p\u0159ech\u00e1z\u00edme od decentralizovan\u00e9ho modelu moci, kdy region\u00e1ln\u00ed kmot\u0159i kontroluj\u00ed sv\u00e9 kousky st\u00e1tn\u00ed spr\u00e1vy \/ st\u00e1tn\u00ed z\u00e1stupce k jednotn\u00e9mu centralizovan\u00e9mu modelu. Podobn\u00fd zp\u016fsob oligarchizace, kter\u00fd prob\u00edh\u00e1 v Rusku, na Ukrajin\u011b, v B\u011blorusku.<\/p>\n<p>Pro\u010d vlastn\u011b cel\u00e1 akce s kukl\u00e1\u010dema prob\u011bhla pr\u00e1v\u011b te\u010f? Nesouvis\u00ed n\u00e1hodou cel\u00e1 akce s aktu\u00e1ln\u011b projedn\u00e1van\u00fdm\u00a0<a href=\"http:\/\/zpravy.e15.cz\/domaci\/politika\/snemovna-zrusila-vrchni-statni-zastupitelstvi-zrizuje-specialni-protikorupcni-utvar-997100\">z\u00e1konem o Nejvy\u0161\u0161\u00edm st\u00e1tn\u00edm zastupitelstv\u00edm<\/a>, kter\u00fd p\u0159esn\u011b tuto centralizaci m\u00e1 p\u0159in\u00e9st? Pak hasta la vista region\u00e1ln\u00ed kmot\u0159\u00edci &amp; a\u0165 \u017eije centr\u00e1ln\u00ed superkmotr. Ale samoz\u0159ejm\u011b, ot\u00e1zka je, jak to cel\u00e9 bude. Zda bude\/nebude rozpu\u0161t\u011bna Poslaneck\u00e1 sn\u011bmovna.<\/p>\n<p><strong>Vt\u00edpek na z\u00e1v\u011br<\/strong><\/p>\n<p>Abychom nekon\u010dili tak ponu\u0159e.\u00a0Trestn\u00ed ozn\u00e1men\u00ed na Nagyovou napsal\u00a0<a href=\"http:\/\/zpravy.idnes.cz\/trestni-oznameni-na-tluchore-fuksu-a-snajdra-fnc-\/domaci.aspx?c=A130107_123904_domaci_klm\">advok\u00e1t L\u00e1ska<\/a>. P\u0159\u00edb\u011bh Petra Ne\u010dase s Janou Nagyovou tak p\u0159in\u00e1\u0161\u00ed zcela novou interpreta\u010dn\u00ed rovinu p\u00edsn\u011b britsk\u00e9 skupiny Joy Division:\u00a0<a href=\"http:\/\/www.youtube.com\/watch?v=qHYOXyy1ToI\">Love will tear as a part<\/a>.<\/p>\n<p>Jen\u00a0<em>L<\/em>\u00e1ska n\u00e1s m\u016f\u017ee rozd\u011blit.<\/p>\n<div data-counters='1' data-style='square' data-size='regular' data-url='https:\/\/obcanskymonitoring.cz\/?p=659' data-title='Razie. Spravedlnost? Jen l\u00e1ska n\u00e1s m\u016f\u017ee rozd\u011blit.' class='linksalpha_container linksalpha_app_3'><a href='\/\/www.linksalpha.com\/share?network='facebook' class='linksalpha_icon_facebook'><\/a><a href='\/\/www.linksalpha.com\/share?network='twitter' class='linksalpha_icon_twitter'><\/a><a href='\/\/www.linksalpha.com\/share?network='googleplus' class='linksalpha_icon_googleplus'><\/a><a href='\/\/www.linksalpha.com\/share?network='mail' class='linksalpha_icon_mail'><\/a><\/div><div data-position='' data-url='https:\/\/obcanskymonitoring.cz\/?p=659' data-title='Razie. Spravedlnost? Jen l\u00e1ska n\u00e1s m\u016f\u017ee rozd\u011blit.' class='linksalpha_container linksalpha_app_7'><a href='\/\/www.linksalpha.com\/share?network='facebook' class='linksalpha_icon_facebook'><\/a><a href='\/\/www.linksalpha.com\/share?network='twitter' class='linksalpha_icon_twitter'><\/a><a href='\/\/www.linksalpha.com\/share?network='googleplus' class='linksalpha_icon_googleplus'><\/a><a href='\/\/www.linksalpha.com\/share?network='mail' class='linksalpha_icon_mail'><\/a><\/div>","protected":false},"excerpt":{"rendered":"<p>&nbsp;1,321&nbsp;total views Selektivn\u00ed\u00a0spravedlnost. Nejm\u00e9n\u011b rok trvaj\u00edc\u00ed odposlechy p\u0159edsedy vl\u00e1dy. Kmot\u0159i nebyli obvin\u011bni. \u0158\u00edzen\u00e9 \u00faniky z trestn\u00edho spisu. Co v\u0161echno asi v odposle\u0161\u00edch za tu dobu muselo b\u00fdt&#8230; Jist\u011b hutn\u00fd materi\u00e1l. Kdo a pro\u010d pro formulaci obvin\u011bn\u00ed zvolil pr\u00e1v\u011b tuto pikantn\u00ed kauzu? Kauzu, kter\u00e1 \u00fa\u010delov\u011b a chirurgicky \u010dist\u011b vy\u0159\u00edzne nepohodlnou \u010d\u00e1st vl\u00e1dy, zb\u00fdvaj\u00edc\u00ed \u010d\u00e1st ponech\u00e1v\u00e1 na [&hellip;]<\/p>\n","protected":false},"author":2,"featured_media":0,"comment_status":"open","ping_status":"open","sticky":true,"template":"","format":"standard","meta":[],"categories":[9],"tags":[],"_links":{"self":[{"href":"https:\/\/obcanskymonitoring.cz\/index.php?rest_route=\/wp\/v2\/posts\/659"}],"collection":[{"href":"https:\/\/obcanskymonitoring.cz\/index.php?rest_route=\/wp\/v2\/posts"}],"about":[{"href":"https:\/\/obcanskymonitoring.cz\/index.php?rest_route=\/wp\/v2\/types\/post"}],"author":[{"embeddable":true,"href":"https:\/\/obcanskymonitoring.cz\/index.php?rest_route=\/wp\/v2\/users\/2"}],"replies":[{"embeddable":true,"href":"https:\/\/obcanskymonitoring.cz\/index.php?rest_route=%2Fwp%2Fv2%2Fcomments&post=659"}],"version-history":[{"count":0,"href":"https:\/\/obcanskymonitoring.cz\/index.php?rest_route=\/wp\/v2\/posts\/659\/revisions"}],"wp:attachment":[{"href":"https:\/\/obcanskymonitoring.cz\/index.php?rest_route=%2Fwp%2Fv2%2Fmedia&parent=659"}],"wp:term":[{"taxonomy":"category","embeddable":true,"href":"https:\/\/obcanskymonitoring.cz\/index.php?rest_route=%2Fwp%2Fv2%2Fcategories&post=659"},{"taxonomy":"post_tag","embeddable":true,"href":"https:\/\/obcanskymonitoring.cz\/index.php?rest_route=%2Fwp%2Fv2%2Ftags&post=659"}],"curies":[{"name":"wp","href":"https:\/\/api.w.org\/{rel}","templated":true}]}}