{"id":6600,"date":"2019-07-01T15:58:02","date_gmt":"2019-07-01T15:58:02","guid":{"rendered":"http:\/\/obcanskymonitoring.cz\/?p=6600"},"modified":"2019-07-04T12:45:52","modified_gmt":"2019-07-04T12:45:52","slug":"petr-jesatko-dokument-prepis-kulateho-stolu-ze-dne-31-kvetna-2019-k-petici-za-zakon-pro-zelene-lesy-sumavy","status":"publish","type":"post","link":"https:\/\/obcanskymonitoring.cz\/?p=6600","title":{"rendered":"Petr Je\u0161\u00e1tko: Dokument &#8211; P\u0159epis kulat\u00e9ho stolu ze dne 31. kv\u011btna 2019 k petici \u201eZa z\u00e1kon pro zelen\u00e9 lesy \u0160umavy\u201c"},"content":{"rendered":"<div class=\"pvc_clear\"><\/div>\n<p class=\"pvc_stats total_only \" data-element-id=\"6600\" style=\"\"><i class=\"pvc-stats-icon medium\" aria-hidden=\"true\"><svg xmlns=\"http:\/\/www.w3.org\/2000\/svg\" version=\"1.0\" viewBox=\"0 0 502 315\" preserveAspectRatio=\"xMidYMid meet\"><g transform=\"translate(0,332) scale(0.1,-0.1)\" fill=\"\" stroke=\"none\"><path d=\"M2394 3279 l-29 -30 -3 -207 c-2 -182 0 -211 15 -242 39 -76 157 -76 196 0 15 31 17 60 15 243 l-3 209 -33 29 c-26 23 -41 29 -80 29 -41 0 -53 -5 -78 -31z\"\/><path d=\"M3085 3251 c-45 -19 -58 -50 -96 -229 -47 -217 -49 -260 -13 -295 52 -53 146 -42 177 20 16 31 87 366 87 410 0 70 -86 122 -155 94z\"\/><path d=\"M1751 3234 c-13 -9 -29 -31 -37 -50 -12 -29 -10 -49 21 -204 19 -94 39 -189 45 -210 14 -50 54 -80 110 -80 34 0 48 6 76 34 21 21 34 44 34 59 0 14 -18 113 -40 219 -37 178 -43 195 -70 221 -36 32 -101 37 -139 11z\"\/><path d=\"M1163 3073 c-36 -7 -73 -59 -73 -102 0 -56 133 -378 171 -413 34 -32 83 -37 129 -13 70 36 67 87 -16 290 -86 209 -89 214 -129 231 -35 14 -42 15 -82 7z\"\/><path d=\"M3689 3066 c-15 -9 -33 -30 -42 -48 -48 -103 -147 -355 -147 -375 0 -98 131 -148 192 -74 13 15 57 108 97 206 80 196 84 226 37 273 -30 30 -99 39 -137 18z\"\/><path d=\"M583 2784 c-38 -19 -67 -74 -58 -113 9 -42 211 -354 242 -373 16 -10 45 -18 66 -18 51 0 107 52 107 100 0 39 -1 41 -124 234 -80 126 -108 162 -133 173 -41 17 -61 16 -100 -3z\"\/><path d=\"M4250 2784 c-14 -9 -74 -91 -133 -183 -95 -150 -107 -173 -107 -213 0 -55 33 -94 87 -104 67 -13 90 8 211 198 130 202 137 225 78 284 -27 27 -42 34 -72 34 -22 0 -50 -8 -64 -16z\"\/><path d=\"M2275 2693 c-553 -48 -1095 -270 -1585 -649 -135 -104 -459 -423 -483 -476 -23 -49 -22 -139 2 -186 73 -142 361 -457 571 -626 285 -228 642 -407 990 -497 242 -63 336 -73 660 -74 310 0 370 5 595 52 535 111 1045 392 1455 803 122 121 250 273 275 326 19 41 19 137 0 174 -41 79 -309 363 -465 492 -447 370 -946 591 -1479 653 -113 14 -422 18 -536 8z m395 -428 c171 -34 330 -124 456 -258 112 -119 167 -219 211 -378 27 -96 24 -300 -5 -401 -72 -255 -236 -447 -474 -557 -132 -62 -201 -76 -368 -76 -167 0 -236 14 -368 76 -213 98 -373 271 -451 485 -162 444 86 934 547 1084 153 49 292 57 452 25z m909 -232 c222 -123 408 -262 593 -441 76 -74 138 -139 138 -144 0 -16 -233 -242 -330 -319 -155 -123 -309 -223 -461 -299 l-81 -41 32 46 c18 26 49 83 70 128 143 306 141 649 -6 957 -25 52 -61 116 -79 142 l-34 47 45 -20 c26 -10 76 -36 113 -56z m-2057 25 c-40 -58 -105 -190 -130 -263 -110 -324 -59 -707 132 -981 25 -35 42 -64 37 -64 -19 0 -241 119 -326 174 -188 122 -406 314 -532 468 l-58 71 108 103 c185 178 428 349 672 473 66 33 121 60 123 61 2 0 -10 -19 -26 -42z\"\/><path d=\"M2375 1950 c-198 -44 -350 -190 -395 -379 -18 -76 -8 -221 19 -290 114 -284 457 -406 731 -260 98 52 188 154 231 260 27 69 37 214 19 290 -38 163 -166 304 -326 360 -67 23 -215 33 -279 19z\"\/><\/g><\/svg><\/i> &nbsp;1,151&nbsp;total views<\/p>\n<div class=\"pvc_clear\"><\/div>\n<p>&nbsp;<\/p>\n<p><a href=\"http:\/\/obcanskymonitoring.cz\/?attachment_id=3017\" rel=\"attachment wp-att-3017\"><img loading=\"lazy\" class=\"alignnone size-full wp-image-3017\" src=\"http:\/\/obcanskymonitoring.cz\/wp-content\/uploads\/2014\/09\/Jesatko.jpg\" alt=\"\" width=\"287\" height=\"167\" \/><\/a><\/p>\n<p>P\u0159etiskuji komnet\u00e1\u0159 Petra Je\u0161\u00e1tka a\u00a0dokument &#8211; P\u0159epis kulat\u00e9ho stolu ze dne 31. kv\u011btna 2019 k petici \u201eZa z\u00e1kon pro zelen\u00e9 lesy \u0160umavy\u201c<\/p>\n<p><!--more--><\/p>\n<aside>Ve V\u00fdboru pro vzd\u011bl\u00e1v\u00e1n\u00ed, v\u011bdu, kulturu, lidsk\u00e1 pr\u00e1va a petice Sen\u00e1tu \u010cesk\u00e9 republiky byla 31. kv\u011btna 2019 projedn\u00e1v\u00e1na Petice Za z\u00e1kon pro zelen\u00e9 lesy \u0160umava. Dovolujeme si p\u0159epis projedn\u00e1v\u00e1n\u00ed zve\u0159ejnit, aby ob\u010dan\u00e9 byli sezn\u00e1meni se stanovisky jednotliv\u00fdch \u00fa\u010dastn\u00edk\u016f, v\u010detn\u011b z\u00e1stupc\u016f Ministerstva \u017eivotn\u00edho prost\u0159ed\u00ed a Spr\u00e1vy N\u00e1rodn\u00edho parku \u0160umava. Dovolte pouze kr\u00e1tkou faktickou pozn\u00e1mku k vystoupen\u00ed z\u00e1stupc\u016f t\u011bchto dvou instituc\u00ed, ur\u010denou ze z\u00e1kona k ochran\u011b p\u0159\u00edrody.\u00a0 Pan ministr Brabec, sed\u00edc\u00ed ji\u017e \u0161est\u00fd rok ve sv\u00e9m ministersk\u00e9m k\u0159esle, provedl v\u00fdm\u011bnu \u0159editele \u010cI\u017dP a \u0159editele NP \u0160umava. Na \u0160umav\u011b za &#8220;t\u011b\u017eebn\u00ed p\u011btiletku&#8221; , tedy za roky 2014 &#8211; 2018 bylo vyt\u011b\u017eeno 870 702 m3 d\u0159\u00edv\u00ed, a tak se poda\u0159ilo od vzniku parku\u00a0 naplnit &#8220;c\u00edl&#8221;\u00a0 majitel\u016f d\u0159eva\u0159sk\u00fdch firem a p\u0159ekro\u010dit hranici 7 milion\u016f m3 d\u0159\u00edv\u00ed (7 122 872), odvezen\u00e9ho a prodan\u00e9ho, z tohoto nejv\u00edce chr\u00e1n\u011bn\u00e9ho \u00fazem\u00ed. Paradoxem je, \u017ee zejm\u00e9na v prvn\u00edch letech t\u00e9to p\u011btiletky, se \u00famysln\u00fdmi t\u011b\u017ebami, jak je naz\u00fdvali &#8220;v\u00fdchovn\u00fdmi&#8221;, prov\u00e1d\u011bn\u00fdmi tou nejdrasti\u010dt\u011bj\u0161\u00ed technologi\u00ed stroji na skl\u00edzen\u00ed d\u0159\u00edv\u00ed-harvestory ve v\u00fd\u0161i 321 339 m3 poda\u0159ilo p\u0159ipravit pro\u0159ed\u011bn\u00e9 porosty pro n\u00e1sledn\u00e9 v\u011btrn\u00e9 a sn\u011bhov\u00e9 kalamity ve v\u00fd\u0161i 549 363 m3.\u00a0 Finance za prodej d\u0159eva za t\u011bchto p\u011bt let ve v\u00fd\u0161i 1 miliardy 178 milion\u016f 954 tis\u00edc K\u010d nebyly pou\u017eity p\u0159ednostn\u011b zp\u011bt do lesa, co\u017e by ud\u011blal ka\u017ed\u00fd odpov\u011bdn\u00fd hospod\u00e1\u0159, ale byly pou\u017eity na jin\u00e9 \u00fa\u010dely.\u00a0 V sou\u010dasn\u00e9 dob\u011b bude ji\u017e uveden\u00fd v\u00fdbor Sen\u00e1tu projedn\u00e1vat situaci na \u0160umav\u011b na sv\u00e9m v\u00fdjezdn\u00edm zased\u00e1n\u00ed 10. \u010dervence 2019. Jak\u00fd bude z\u00e1v\u011br?\u00a0\u00a0 \u010casto se r\u016fzn\u00ed lid\u00e9, v\u010detn\u011b sou\u010dasn\u00e9ho \u0159editele parku, oh\u00e1n\u011bj\u00ed \u0161umavsk\u00fdm spisovatelem Karlem Klostermannem; dovolte, abychom citovali tak\u00e9 &#8211; nap\u0159. ze Sv\u011bta lesn\u00edch samot:\u00a0\u00a0\u00a0 Tv\u00e9 hvozdy lehly, nikdy ji\u017e ve star\u00e9 sl\u00e1v\u011b nevstanou. Jen mo\u010d\u00e1ly kle\u010d\u00ed porostl\u00e9 jsou, jak b\u00fdvaly a v podzimn\u00edch noc\u00edch z\u00e1hadn\u00e1 sv\u011btla v nich la\u0161kuj\u00ed, modrav\u00e9 plameny, du\u0161e zem\u0159el\u00fdch lid\u00ed.\u00a0 A du\u0161e milion\u016f zem\u0159el\u00fdch velik\u00e1n\u016f lesn\u00edch, kam ty se pod\u011bly?<\/aside>\n<aside><\/aside>\n<aside><a href=\"https:\/\/drive.google.com\/open?id=1O1tC364vX_U0N5Pk0KjcKZht1WB6sBN5Wp8yOC2AN84\">Dokument si m\u016f\u017eete p\u0159e\u010d\u00edst zde.<\/a><\/aside>\n<aside><\/aside>\n<aside><a href=\"http:\/\/obcanskymonitoring.cz\/?page_id=3014\">Petr Je\u0161\u00e1tko st.<\/a>\u00a0(Autor je b\u00fdval\u00fd vrchn\u00ed lesn\u00ed inspektor N\u00e1rodn\u00edho parku \u0160umava, nyn\u00ed v d\u016fchodu).<\/p>\n<p><a href=\"http:\/\/www.ceskatelevize.cz\/ivysilani\/1129337346-pridej-se\/209562248410019\/\">Star\u0161\u00ed\u00a0po\u0159ad Petra Je\u0161\u00e1tka pro \u010ceskou televizi<\/a>\u00a0Dal\u0161\u00ed \u010dl\u00e1nky Petra Je\u0161\u00e1tka na na\u0161ich str\u00e1nk\u00e1ch jsou\u00a0<a href=\"http:\/\/obcanskymonitoring.cz\/?s=je%C5%A1%C3%A1tko&amp;x=0&amp;y=0\">zde<\/a>.<\/p>\n<p>Dal\u0161\u00ed \u010dl\u00e1nky na Ob\u010dansk\u00e9m monitoringu k t\u00e9matu \u0160umava si m\u016f\u017eete p\u0159e\u010d\u00edst\u00a0<a href=\"http:\/\/obcanskymonitoring.cz\/?cat=21\">zde<\/a>.<\/p>\n<\/aside>\n<div data-counters='1' data-style='square' data-size='regular' data-url='https:\/\/obcanskymonitoring.cz\/?p=6600' data-title='Petr Je\u0161\u00e1tko: Dokument &#8211; P\u0159epis kulat\u00e9ho stolu ze dne 31. kv\u011btna 2019 k petici \u201eZa z\u00e1kon pro zelen\u00e9 lesy \u0160umavy\u201c' class='linksalpha_container linksalpha_app_3'><a href='\/\/www.linksalpha.com\/share?network='facebook' class='linksalpha_icon_facebook'><\/a><a href='\/\/www.linksalpha.com\/share?network='twitter' class='linksalpha_icon_twitter'><\/a><a href='\/\/www.linksalpha.com\/share?network='googleplus' class='linksalpha_icon_googleplus'><\/a><a href='\/\/www.linksalpha.com\/share?network='mail' class='linksalpha_icon_mail'><\/a><\/div><div data-position='' data-url='https:\/\/obcanskymonitoring.cz\/?p=6600' data-title='Petr Je\u0161\u00e1tko: Dokument &#8211; P\u0159epis kulat\u00e9ho stolu ze dne 31. kv\u011btna 2019 k petici \u201eZa z\u00e1kon pro zelen\u00e9 lesy \u0160umavy\u201c' class='linksalpha_container linksalpha_app_7'><a href='\/\/www.linksalpha.com\/share?network='facebook' class='linksalpha_icon_facebook'><\/a><a href='\/\/www.linksalpha.com\/share?network='twitter' class='linksalpha_icon_twitter'><\/a><a href='\/\/www.linksalpha.com\/share?network='googleplus' class='linksalpha_icon_googleplus'><\/a><a href='\/\/www.linksalpha.com\/share?network='mail' class='linksalpha_icon_mail'><\/a><\/div>","protected":false},"excerpt":{"rendered":"<p>&nbsp;1,151&nbsp;total views &nbsp; P\u0159etiskuji komnet\u00e1\u0159 Petra Je\u0161\u00e1tka a\u00a0dokument &#8211; P\u0159epis kulat\u00e9ho stolu ze dne 31. kv\u011btna 2019 k petici \u201eZa z\u00e1kon pro zelen\u00e9 lesy \u0160umavy\u201c<\/p>\n","protected":false},"author":2,"featured_media":0,"comment_status":"open","ping_status":"open","sticky":true,"template":"","format":"standard","meta":[],"categories":[19,21,29],"tags":[],"_links":{"self":[{"href":"https:\/\/obcanskymonitoring.cz\/index.php?rest_route=\/wp\/v2\/posts\/6600"}],"collection":[{"href":"https:\/\/obcanskymonitoring.cz\/index.php?rest_route=\/wp\/v2\/posts"}],"about":[{"href":"https:\/\/obcanskymonitoring.cz\/index.php?rest_route=\/wp\/v2\/types\/post"}],"author":[{"embeddable":true,"href":"https:\/\/obcanskymonitoring.cz\/index.php?rest_route=\/wp\/v2\/users\/2"}],"replies":[{"embeddable":true,"href":"https:\/\/obcanskymonitoring.cz\/index.php?rest_route=%2Fwp%2Fv2%2Fcomments&post=6600"}],"version-history":[{"count":3,"href":"https:\/\/obcanskymonitoring.cz\/index.php?rest_route=\/wp\/v2\/posts\/6600\/revisions"}],"predecessor-version":[{"id":6605,"href":"https:\/\/obcanskymonitoring.cz\/index.php?rest_route=\/wp\/v2\/posts\/6600\/revisions\/6605"}],"wp:attachment":[{"href":"https:\/\/obcanskymonitoring.cz\/index.php?rest_route=%2Fwp%2Fv2%2Fmedia&parent=6600"}],"wp:term":[{"taxonomy":"category","embeddable":true,"href":"https:\/\/obcanskymonitoring.cz\/index.php?rest_route=%2Fwp%2Fv2%2Fcategories&post=6600"},{"taxonomy":"post_tag","embeddable":true,"href":"https:\/\/obcanskymonitoring.cz\/index.php?rest_route=%2Fwp%2Fv2%2Ftags&post=6600"}],"curies":[{"name":"wp","href":"https:\/\/api.w.org\/{rel}","templated":true}]}}