{"id":6615,"date":"2019-09-08T19:39:47","date_gmt":"2019-09-08T19:39:47","guid":{"rendered":"http:\/\/obcanskymonitoring.cz\/?p=6615"},"modified":"2019-09-16T16:05:48","modified_gmt":"2019-09-16T16:05:48","slug":"petrinska-iniciativa-je-to-tu-zpet","status":"publish","type":"post","link":"https:\/\/obcanskymonitoring.cz\/?p=6615","title":{"rendered":"Pet\u0159\u00ednsk\u00e1 iniciativa: Z\u00e1m\u011br stav\u011bt v pet\u0159\u00ednsk\u00e9 zahrad\u011b je tu zp\u011bt : ("},"content":{"rendered":"<div class=\"pvc_clear\"><\/div>\n<p class=\"pvc_stats total_only \" data-element-id=\"6615\" style=\"\"><i class=\"pvc-stats-icon medium\" aria-hidden=\"true\"><svg xmlns=\"http:\/\/www.w3.org\/2000\/svg\" version=\"1.0\" viewBox=\"0 0 502 315\" preserveAspectRatio=\"xMidYMid meet\"><g transform=\"translate(0,332) scale(0.1,-0.1)\" fill=\"\" stroke=\"none\"><path d=\"M2394 3279 l-29 -30 -3 -207 c-2 -182 0 -211 15 -242 39 -76 157 -76 196 0 15 31 17 60 15 243 l-3 209 -33 29 c-26 23 -41 29 -80 29 -41 0 -53 -5 -78 -31z\"\/><path d=\"M3085 3251 c-45 -19 -58 -50 -96 -229 -47 -217 -49 -260 -13 -295 52 -53 146 -42 177 20 16 31 87 366 87 410 0 70 -86 122 -155 94z\"\/><path d=\"M1751 3234 c-13 -9 -29 -31 -37 -50 -12 -29 -10 -49 21 -204 19 -94 39 -189 45 -210 14 -50 54 -80 110 -80 34 0 48 6 76 34 21 21 34 44 34 59 0 14 -18 113 -40 219 -37 178 -43 195 -70 221 -36 32 -101 37 -139 11z\"\/><path d=\"M1163 3073 c-36 -7 -73 -59 -73 -102 0 -56 133 -378 171 -413 34 -32 83 -37 129 -13 70 36 67 87 -16 290 -86 209 -89 214 -129 231 -35 14 -42 15 -82 7z\"\/><path d=\"M3689 3066 c-15 -9 -33 -30 -42 -48 -48 -103 -147 -355 -147 -375 0 -98 131 -148 192 -74 13 15 57 108 97 206 80 196 84 226 37 273 -30 30 -99 39 -137 18z\"\/><path d=\"M583 2784 c-38 -19 -67 -74 -58 -113 9 -42 211 -354 242 -373 16 -10 45 -18 66 -18 51 0 107 52 107 100 0 39 -1 41 -124 234 -80 126 -108 162 -133 173 -41 17 -61 16 -100 -3z\"\/><path d=\"M4250 2784 c-14 -9 -74 -91 -133 -183 -95 -150 -107 -173 -107 -213 0 -55 33 -94 87 -104 67 -13 90 8 211 198 130 202 137 225 78 284 -27 27 -42 34 -72 34 -22 0 -50 -8 -64 -16z\"\/><path d=\"M2275 2693 c-553 -48 -1095 -270 -1585 -649 -135 -104 -459 -423 -483 -476 -23 -49 -22 -139 2 -186 73 -142 361 -457 571 -626 285 -228 642 -407 990 -497 242 -63 336 -73 660 -74 310 0 370 5 595 52 535 111 1045 392 1455 803 122 121 250 273 275 326 19 41 19 137 0 174 -41 79 -309 363 -465 492 -447 370 -946 591 -1479 653 -113 14 -422 18 -536 8z m395 -428 c171 -34 330 -124 456 -258 112 -119 167 -219 211 -378 27 -96 24 -300 -5 -401 -72 -255 -236 -447 -474 -557 -132 -62 -201 -76 -368 -76 -167 0 -236 14 -368 76 -213 98 -373 271 -451 485 -162 444 86 934 547 1084 153 49 292 57 452 25z m909 -232 c222 -123 408 -262 593 -441 76 -74 138 -139 138 -144 0 -16 -233 -242 -330 -319 -155 -123 -309 -223 -461 -299 l-81 -41 32 46 c18 26 49 83 70 128 143 306 141 649 -6 957 -25 52 -61 116 -79 142 l-34 47 45 -20 c26 -10 76 -36 113 -56z m-2057 25 c-40 -58 -105 -190 -130 -263 -110 -324 -59 -707 132 -981 25 -35 42 -64 37 -64 -19 0 -241 119 -326 174 -188 122 -406 314 -532 468 l-58 71 108 103 c185 178 428 349 672 473 66 33 121 60 123 61 2 0 -10 -19 -26 -42z\"\/><path d=\"M2375 1950 c-198 -44 -350 -190 -395 -379 -18 -76 -8 -221 19 -290 114 -284 457 -406 731 -260 98 52 188 154 231 260 27 69 37 214 19 290 -38 163 -166 304 -326 360 -67 23 -215 33 -279 19z\"\/><\/g><\/svg><\/i> &nbsp;1,410&nbsp;total views<\/p>\n<div class=\"pvc_clear\"><\/div>\n<p><a href=\"http:\/\/obcanskymonitoring.cz\/?attachment_id=6591\" rel=\"attachment wp-att-6591\"><img loading=\"lazy\" class=\"alignnone size-medium wp-image-6591\" src=\"http:\/\/obcanskymonitoring.cz\/wp-content\/uploads\/2019\/06\/Petrin-300x153.jpg\" alt=\"\" width=\"300\" height=\"153\" srcset=\"https:\/\/obcanskymonitoring.cz\/wp-content\/uploads\/2019\/06\/Petrin-300x153.jpg 300w, https:\/\/obcanskymonitoring.cz\/wp-content\/uploads\/2019\/06\/Petrin-768x392.jpg 768w, https:\/\/obcanskymonitoring.cz\/wp-content\/uploads\/2019\/06\/Petrin.jpg 912w\" sizes=\"(max-width: 300px) 100vw, 300px\" \/><\/a><\/p>\n<p>&nbsp;<\/p>\n<p>P\u0159etiskuji v\u00fdzvu <a href=\"https:\/\/www.facebook.com\/groups\/357957724876352\/\">Pet\u0159\u00ednsk\u00e9 iniciativy\u00a0<\/a>a <a href=\"https:\/\/www.facebook.com\/groups\/401567090639021\/\">Pet\u0159\u00edn pro \u017eivot<\/a>.<\/p>\n<p>O kauze si m\u016f\u017eete p\u0159e\u010d\u00edst v \u010dl\u00e1nku pan\u00ed architektky \u0160v\u00e1bov\u00e9:\u00a0Arch \u0160v\u00e1bov\u00e1: Pet\u0159\u00edn \u2013 P\u0159ipom\u00ednky k pl\u00e1novan\u00fdm \u00faprav\u00e1m.<\/p>\n<p><!--more--><\/p>\n<div>\n<div>P\u0159\u00e1tel\u00e9, jak jsme p\u0159edpokl\u00e1dali, je to tu znovu!!!!!<\/div>\n<div>V pond\u011bl\u00ed [m\u00edn\u011bno 9.9.] budou radn\u00ed op\u011bt hlasovat o v\u00fdstavb\u011b 7 kabinov\u00e9ho WC ve Velk\u00e9 strahovsk\u00e9 zahrad\u011b. P\u0159esto\u017ee jsou z tohoto m\u00edsta dostupn\u00e9 \u010dtvery ve\u0159ejn\u00e9 z\u00e1chody. P\u0159esto\u017ee s mnoha dal\u0161\u00edmi spolky a iniciativami \u017e\u00e1d\u00e1me o dialog a zastaven\u00ed v\u0161ech krok\u016f v t\u00e9to v\u011bci, bod byl znovu vr\u00e1cen na program jedn\u00e1n\u00ed. Napi\u0161te radn\u00edm b\u011bhem v\u00edkendu emailem. Jedn\u00e1n\u00ed prob\u011bhne v pond\u011bl\u00ed 9.9. v 11h a pros\u00edme, sd\u00edlejte d\u00e1l!<\/div>\n<div>Ke stavb\u011b nen\u00ed \u017e\u00e1dn\u00fd objektivn\u00ed d\u016fvod. Ne v t\u00e9to velikosti a na tomto, dosud, klidn\u00e9m m\u00edst\u011b.<\/div>\n<div>Kontakty na v\u0161echny radn\u00ed najdete <a href=\"http:\/\/www.praha.eu\/jnp\/cz\/o_meste\/primator_a_volene_organy\/rada\/slozeni_rady\/index.html\">zde.<\/a><\/div>\n<div>Program Rady najdete <a href=\"http:\/\/www.praha.eu\/public\/27\/6b\/79\/3021272_1022769_Prg_30_Rada_2019.pdf\">zde<\/a> (bod \u010d\u00edslo 14):<\/div>\n<div><a href=\"https:\/\/www.reflex.cz\/clanek\/komentare\/97251\/prazsti-urednici-utoci-na-petrin-chteji-ho-prestavet-a-zaplavit-turisty-jak-ho-maji-lide-radi-je-nezajima.html\">\u010cl\u00e1nek z \u010dasopisu Reflex<\/a><\/div>\n<div><\/div>\n<div><\/div>\n<\/div>\n<p>&nbsp;<\/p>\n<p>&nbsp;<\/p>\n<p>A star\u0161\u00ed v\u00fdzva:<\/p>\n<p>&nbsp;<\/p>\n<div>\n<div>V\u00e1\u017een\u00ed a mil\u00ed p\u0159\u00e1tel\u00e9, i p\u0159es p\u0159\u00edsliby z\u00e1stupc\u016f z Prahy 1, \u017ee v r\u00e1mci \u00faprav Pet\u0159\u00edna bude p\u0159ihl\u00e9dnuto ke stanovisku ve\u0159ejnosti (anketa:), opak se stal pravdou. Prvn\u00ed z projekt\u016f ji\u017e byl zprocesov\u00e1n b\u011bhem pr\u00e1zdnin. V\u0161echny n\u00e1le\u017eitosti na v\u00fdb\u011br dodavatele stavby ji\u017e prob\u011bhly. Zak\u00e1zka za 17,5 mil. tedy m\u016f\u017ee b\u00fdt spu\u0161t\u011bna. Pokud se nyn\u00ed nevyj\u00e1d\u0159\u00edme a nezastav\u00edme jednotliv\u00e9 radn\u00ed HMP, aby hlasovali proti, na podzim \u010dekejte na nejkr\u00e1sn\u011bj\u0161\u00ed vedut\u011b Prahy bagry.<\/div>\n<div>Napi\u0161te radn\u00edm b\u011bhem v\u00edkendu emailem. Jedn\u00e1n\u00ed je ji\u017e v pond\u011bl\u00ed 2.9. a pros\u00edme, sd\u00edlejte d\u00e1l!<\/div>\n<div>Kontakty na v\u0161echny radn\u00ed najdete <a href=\"http:\/\/www.praha.eu\/jnp\/cz\/o_meste\/primator_a_volene_organy\/rada\/slozeni_rady\/index.html\">zde<\/a>:<\/div>\n<div>Program rady najdete zde (bod \u010d\u00edslo 10):<\/div>\n<div>Program Rady najdete <a href=\"http:\/\/www.praha.eu\/public\/27\/6b\/79\/3021272_1022769_Prg_30_Rada_2019.pdf\">zde<\/a> (bod \u010d\u00edslo 14):<\/div>\n<div>Detaily o v\u00fdb\u011brov\u00e9m \u0159\u00edzen\u00ed, kter\u00e9 bylo zve\u0159ejn\u011bno ji\u017e 31.5. <a href=\"https:\/\/www.tenderarena.cz\/profil\/zakazka\/detail.jsf?id=249299\">zde<\/a>.<\/div>\n<\/div>\n<p>&nbsp;<\/p>\n<p><strong>Ostatn\u00ed dokumenty k t\u00e9to kauze<\/strong><\/p>\n<p>\u010cl\u00e1nek z Reflexu popisuj\u00edc\u00ed kauzu:\u00a0<a href=\"https:\/\/www.reflex.cz\/clanek\/komentare\/97251\/prazsti-urednici-utoci-na-petrin-chteji-ho-prestavet-a-zaplavit-turisty-jak-ho-maji-lide-radi-je-nezajima.html\">Pra\u017e\u0161t\u00ed \u00fa\u0159edn\u00edci \u00fato\u010d\u00ed na Pet\u0159\u00edn, cht\u011bj\u00ed ho p\u0159estav\u011bt a zaplavit turisty. Jak ho maj\u00ed lid\u00e9 r\u00e1di, je nezaj\u00edm\u00e1<\/a><\/p>\n<p><a href=\"https:\/\/www.praha1.cz\/petrin-prohlednete-si-navrhy\/\">Prezentace navrhovan\u00e9 zm\u011bny na str\u00e1nk\u00e1ch Prahy 1<\/a><\/p>\n<p>\u010cl\u00e1nek pan\u00ed architektky \u0160v\u00e1bov\u00e9 k t\u00e9to kauze:\u00a0<a href=\"http:\/\/obcanskymonitoring.cz\/?s=%C5%A1v%C3%A1bov%C3%A1&amp;x=0&amp;y=0\">Arch \u0160v\u00e1bov\u00e1: Pet\u0159\u00edn \u2013 P\u0159ipom\u00ednky k pl\u00e1novan\u00fdm \u00faprav\u00e1m<\/a><\/p>\n<p>Report\u00e1\u017e Seznam:\u00a0<a href=\"https:\/\/www.seznamzpravy.cz\/clanek\/mistni-bojuji-proti-otevreni-strahovskych-zahrad-turistum-praha-kvuli-petici-stavbu-odlozila-78253?seq-no=4&amp;dop-ab-variant&amp;source=clanky-home&amp;fbclid=IwAR1BAsqC1IDyDfjWxNKHM-eNWg5n8ZB7k0cjn5hTzDRO7gDzTVf13CZJmOA\">M\u00edstn\u00ed bojuj\u00ed proti otev\u0159en\u00ed Strahovsk\u00fdch zahrad turist\u016fm. Praha kv\u016fli petici stavbu odlo\u017eila<\/a><\/p>\n<p><a href=\"https:\/\/www.youtube.com\/watch?v=1tcCjxC3PlQ&amp;feature=youtu.be&amp;fbclid=IwAR1CTN8LidDupUfcZnPQPx4OT_zMcKYqSA4XvcgjC41nqwS6pbyf5iI7fPU\">Z\u00e1znam diskuse s pra\u017esk\u00fdm prim\u00e1torem MUDr. Ale\u0161em H\u0159ibem<\/a>.<\/p>\n<p>&nbsp;<\/p>\n<p>Ostatn\u00ed \u010dl\u00e1nky na str\u00e1nk\u00e1ch Ob\u010dansk\u00e9ho monitoringu k t\u00e9to kauze si m\u016f\u017eete p\u0159e\u010d\u00edst <a href=\"http:\/\/obcanskymonitoring.cz\/?s=Pet%C5%99%C3%ADn&amp;x=18&amp;y=10\">zde<\/a>.<\/p>\n<div data-counters='1' data-style='square' data-size='regular' data-url='https:\/\/obcanskymonitoring.cz\/?p=6615' data-title='Pet\u0159\u00ednsk\u00e1 iniciativa: Z\u00e1m\u011br stav\u011bt v pet\u0159\u00ednsk\u00e9 zahrad\u011b je tu zp\u011bt : (' class='linksalpha_container linksalpha_app_3'><a href='\/\/www.linksalpha.com\/share?network='facebook' class='linksalpha_icon_facebook'><\/a><a href='\/\/www.linksalpha.com\/share?network='twitter' class='linksalpha_icon_twitter'><\/a><a href='\/\/www.linksalpha.com\/share?network='googleplus' class='linksalpha_icon_googleplus'><\/a><a href='\/\/www.linksalpha.com\/share?network='mail' class='linksalpha_icon_mail'><\/a><\/div><div data-position='' data-url='https:\/\/obcanskymonitoring.cz\/?p=6615' data-title='Pet\u0159\u00ednsk\u00e1 iniciativa: Z\u00e1m\u011br stav\u011bt v pet\u0159\u00ednsk\u00e9 zahrad\u011b je tu zp\u011bt : (' class='linksalpha_container linksalpha_app_7'><a href='\/\/www.linksalpha.com\/share?network='facebook' class='linksalpha_icon_facebook'><\/a><a href='\/\/www.linksalpha.com\/share?network='twitter' class='linksalpha_icon_twitter'><\/a><a href='\/\/www.linksalpha.com\/share?network='googleplus' class='linksalpha_icon_googleplus'><\/a><a href='\/\/www.linksalpha.com\/share?network='mail' class='linksalpha_icon_mail'><\/a><\/div>","protected":false},"excerpt":{"rendered":"<p>&nbsp;1,410&nbsp;total views &nbsp; P\u0159etiskuji v\u00fdzvu Pet\u0159\u00ednsk\u00e9 iniciativy\u00a0a Pet\u0159\u00edn pro \u017eivot. O kauze si m\u016f\u017eete p\u0159e\u010d\u00edst v \u010dl\u00e1nku pan\u00ed architektky \u0160v\u00e1bov\u00e9:\u00a0Arch \u0160v\u00e1bov\u00e1: Pet\u0159\u00edn \u2013 P\u0159ipom\u00ednky k pl\u00e1novan\u00fdm \u00faprav\u00e1m.<\/p>\n","protected":false},"author":2,"featured_media":0,"comment_status":"open","ping_status":"open","sticky":true,"template":"","format":"standard","meta":[],"categories":[23,10,29],"tags":[],"_links":{"self":[{"href":"https:\/\/obcanskymonitoring.cz\/index.php?rest_route=\/wp\/v2\/posts\/6615"}],"collection":[{"href":"https:\/\/obcanskymonitoring.cz\/index.php?rest_route=\/wp\/v2\/posts"}],"about":[{"href":"https:\/\/obcanskymonitoring.cz\/index.php?rest_route=\/wp\/v2\/types\/post"}],"author":[{"embeddable":true,"href":"https:\/\/obcanskymonitoring.cz\/index.php?rest_route=\/wp\/v2\/users\/2"}],"replies":[{"embeddable":true,"href":"https:\/\/obcanskymonitoring.cz\/index.php?rest_route=%2Fwp%2Fv2%2Fcomments&post=6615"}],"version-history":[{"count":8,"href":"https:\/\/obcanskymonitoring.cz\/index.php?rest_route=\/wp\/v2\/posts\/6615\/revisions"}],"predecessor-version":[{"id":6633,"href":"https:\/\/obcanskymonitoring.cz\/index.php?rest_route=\/wp\/v2\/posts\/6615\/revisions\/6633"}],"wp:attachment":[{"href":"https:\/\/obcanskymonitoring.cz\/index.php?rest_route=%2Fwp%2Fv2%2Fmedia&parent=6615"}],"wp:term":[{"taxonomy":"category","embeddable":true,"href":"https:\/\/obcanskymonitoring.cz\/index.php?rest_route=%2Fwp%2Fv2%2Fcategories&post=6615"},{"taxonomy":"post_tag","embeddable":true,"href":"https:\/\/obcanskymonitoring.cz\/index.php?rest_route=%2Fwp%2Fv2%2Ftags&post=6615"}],"curies":[{"name":"wp","href":"https:\/\/api.w.org\/{rel}","templated":true}]}}