{"id":663,"date":"2013-06-19T08:12:05","date_gmt":"2013-06-19T08:12:05","guid":{"rendered":"http:\/\/obcanskymonitoring.cz\/?p=663"},"modified":"2013-06-19T08:12:34","modified_gmt":"2013-06-19T08:12:34","slug":"pozvanka-aktivni-obcan-praha-11-9-2013","status":"publish","type":"post","link":"https:\/\/obcanskymonitoring.cz\/?p=663","title":{"rendered":"Pozv\u00e1nka: Aktivn\u00ed ob\u010dan &#8211; Praha 11.9.2013"},"content":{"rendered":"<div class=\"pvc_clear\"><\/div>\n<p class=\"pvc_stats total_only \" data-element-id=\"663\" style=\"\"><i class=\"pvc-stats-icon medium\" aria-hidden=\"true\"><svg xmlns=\"http:\/\/www.w3.org\/2000\/svg\" version=\"1.0\" viewBox=\"0 0 502 315\" preserveAspectRatio=\"xMidYMid meet\"><g transform=\"translate(0,332) scale(0.1,-0.1)\" fill=\"\" stroke=\"none\"><path d=\"M2394 3279 l-29 -30 -3 -207 c-2 -182 0 -211 15 -242 39 -76 157 -76 196 0 15 31 17 60 15 243 l-3 209 -33 29 c-26 23 -41 29 -80 29 -41 0 -53 -5 -78 -31z\"\/><path d=\"M3085 3251 c-45 -19 -58 -50 -96 -229 -47 -217 -49 -260 -13 -295 52 -53 146 -42 177 20 16 31 87 366 87 410 0 70 -86 122 -155 94z\"\/><path d=\"M1751 3234 c-13 -9 -29 -31 -37 -50 -12 -29 -10 -49 21 -204 19 -94 39 -189 45 -210 14 -50 54 -80 110 -80 34 0 48 6 76 34 21 21 34 44 34 59 0 14 -18 113 -40 219 -37 178 -43 195 -70 221 -36 32 -101 37 -139 11z\"\/><path d=\"M1163 3073 c-36 -7 -73 -59 -73 -102 0 -56 133 -378 171 -413 34 -32 83 -37 129 -13 70 36 67 87 -16 290 -86 209 -89 214 -129 231 -35 14 -42 15 -82 7z\"\/><path d=\"M3689 3066 c-15 -9 -33 -30 -42 -48 -48 -103 -147 -355 -147 -375 0 -98 131 -148 192 -74 13 15 57 108 97 206 80 196 84 226 37 273 -30 30 -99 39 -137 18z\"\/><path d=\"M583 2784 c-38 -19 -67 -74 -58 -113 9 -42 211 -354 242 -373 16 -10 45 -18 66 -18 51 0 107 52 107 100 0 39 -1 41 -124 234 -80 126 -108 162 -133 173 -41 17 -61 16 -100 -3z\"\/><path d=\"M4250 2784 c-14 -9 -74 -91 -133 -183 -95 -150 -107 -173 -107 -213 0 -55 33 -94 87 -104 67 -13 90 8 211 198 130 202 137 225 78 284 -27 27 -42 34 -72 34 -22 0 -50 -8 -64 -16z\"\/><path d=\"M2275 2693 c-553 -48 -1095 -270 -1585 -649 -135 -104 -459 -423 -483 -476 -23 -49 -22 -139 2 -186 73 -142 361 -457 571 -626 285 -228 642 -407 990 -497 242 -63 336 -73 660 -74 310 0 370 5 595 52 535 111 1045 392 1455 803 122 121 250 273 275 326 19 41 19 137 0 174 -41 79 -309 363 -465 492 -447 370 -946 591 -1479 653 -113 14 -422 18 -536 8z m395 -428 c171 -34 330 -124 456 -258 112 -119 167 -219 211 -378 27 -96 24 -300 -5 -401 -72 -255 -236 -447 -474 -557 -132 -62 -201 -76 -368 -76 -167 0 -236 14 -368 76 -213 98 -373 271 -451 485 -162 444 86 934 547 1084 153 49 292 57 452 25z m909 -232 c222 -123 408 -262 593 -441 76 -74 138 -139 138 -144 0 -16 -233 -242 -330 -319 -155 -123 -309 -223 -461 -299 l-81 -41 32 46 c18 26 49 83 70 128 143 306 141 649 -6 957 -25 52 -61 116 -79 142 l-34 47 45 -20 c26 -10 76 -36 113 -56z m-2057 25 c-40 -58 -105 -190 -130 -263 -110 -324 -59 -707 132 -981 25 -35 42 -64 37 -64 -19 0 -241 119 -326 174 -188 122 -406 314 -532 468 l-58 71 108 103 c185 178 428 349 672 473 66 33 121 60 123 61 2 0 -10 -19 -26 -42z\"\/><path d=\"M2375 1950 c-198 -44 -350 -190 -395 -379 -18 -76 -8 -221 19 -290 114 -284 457 -406 731 -260 98 52 188 154 231 260 27 69 37 214 19 290 -38 163 -166 304 -326 360 -67 23 -215 33 -279 19z\"\/><\/g><\/svg><\/i> &nbsp;930&nbsp;total views<\/p>\n<div class=\"pvc_clear\"><\/div>\n<h3>Aktivn\u00ed ob\u010dan &#8211; Praha 11.9.2013<\/h3>\n<p>P\u0159etiskujeme pozv\u00e1nku na zaj\u00edmavou akci sdru\u017een\u00ed <a href=\"http:\/\/www.zapojme.se\/workshop\/\">zapojme.se<\/a>.<\/p>\n<p style=\"text-align: center;\"><a href=\"http:\/\/obcanskymonitoring.cz\/wp-content\/uploads\/2013\/06\/zapojme.jpg\"><img loading=\"lazy\" class=\"size-thumbnail wp-image-664 aligncenter\" alt=\"zapojme\" src=\"http:\/\/obcanskymonitoring.cz\/wp-content\/uploads\/2013\/06\/zapojme-150x92.jpg\" width=\"150\" height=\"92\" \/><\/a><\/p>\n<p><!--more--><\/p>\n<p>Zaj\u00edm\u00e1 v\u00e1s, jak\u00e1 bude Va\u0161e obec a jak se m\u016f\u017eete zapojit do rozhodov\u00e1n\u00ed? Nau\u010d\u00edme v\u00e1s z\u00edsk\u00e1vat informace, vyznat se ve spr\u00e1vn\u00edch \u0159\u00edzen\u00edch, rozum\u011bt z\u00e1kon\u016fm, um\u011bt jednat s politiky a \u00fa\u0159edn\u00edky. Dozv\u00edte se, jak ovlivnit \u00fazemn\u00ed pl\u00e1n a co m\u016f\u017eete cht\u00edt po obecn\u00edch zastupitel\u00edch. B\u011bhem workshopu bude prostor na \u0159e\u0161en\u00ed praktick\u00fdch situac\u00ed a dotazy.<\/p>\n<p>&nbsp;<\/p>\n<p>Lektorovat bude pan Martin Skalsk\u00fd a pan\u00ed Mgr. Vendula Zahumensk\u00e1.<\/p>\n<p>Vstupn\u00e9 je ZDARMA, ob\u010derstven\u00ed je zaji\u0161t\u011bno.<\/p>\n<p>&nbsp;<\/p>\n<p>TENTO WORKSHOP JE PRIORITN\u011a UR\u010cEN Z\u00c1JEMC\u016eM, KTE\u0158\u00cd NEMAJ\u00cd TRVAL\u00c9 BYDLI\u0160T\u011a V KRAJI PRAHA!<\/p>\n<p>Kdy: 11.9.2013 od 10:00 do 18:00<\/p>\n<p>Kde: Praha, m\u00edsto bude up\u0159esn\u011bno<\/p>\n<p>Po\u010det m\u00edst: 40 (obsazeno 26)<\/p>\n<div data-counters='1' data-style='square' data-size='regular' data-url='https:\/\/obcanskymonitoring.cz\/?p=663' data-title='Pozv\u00e1nka: Aktivn\u00ed ob\u010dan &#8211; Praha 11.9.2013' class='linksalpha_container linksalpha_app_3'><a href='\/\/www.linksalpha.com\/share?network='facebook' class='linksalpha_icon_facebook'><\/a><a href='\/\/www.linksalpha.com\/share?network='twitter' class='linksalpha_icon_twitter'><\/a><a href='\/\/www.linksalpha.com\/share?network='googleplus' class='linksalpha_icon_googleplus'><\/a><a href='\/\/www.linksalpha.com\/share?network='mail' class='linksalpha_icon_mail'><\/a><\/div><div data-position='' data-url='https:\/\/obcanskymonitoring.cz\/?p=663' data-title='Pozv\u00e1nka: Aktivn\u00ed ob\u010dan &#8211; Praha 11.9.2013' class='linksalpha_container linksalpha_app_7'><a href='\/\/www.linksalpha.com\/share?network='facebook' class='linksalpha_icon_facebook'><\/a><a href='\/\/www.linksalpha.com\/share?network='twitter' class='linksalpha_icon_twitter'><\/a><a href='\/\/www.linksalpha.com\/share?network='googleplus' class='linksalpha_icon_googleplus'><\/a><a href='\/\/www.linksalpha.com\/share?network='mail' class='linksalpha_icon_mail'><\/a><\/div>","protected":false},"excerpt":{"rendered":"<p>&nbsp;930&nbsp;total views Aktivn\u00ed ob\u010dan &#8211; Praha 11.9.2013 P\u0159etiskujeme pozv\u00e1nku na zaj\u00edmavou akci sdru\u017een\u00ed zapojme.se.<\/p>\n","protected":false},"author":2,"featured_media":0,"comment_status":"open","ping_status":"open","sticky":true,"template":"","format":"standard","meta":[],"categories":[12],"tags":[],"_links":{"self":[{"href":"https:\/\/obcanskymonitoring.cz\/index.php?rest_route=\/wp\/v2\/posts\/663"}],"collection":[{"href":"https:\/\/obcanskymonitoring.cz\/index.php?rest_route=\/wp\/v2\/posts"}],"about":[{"href":"https:\/\/obcanskymonitoring.cz\/index.php?rest_route=\/wp\/v2\/types\/post"}],"author":[{"embeddable":true,"href":"https:\/\/obcanskymonitoring.cz\/index.php?rest_route=\/wp\/v2\/users\/2"}],"replies":[{"embeddable":true,"href":"https:\/\/obcanskymonitoring.cz\/index.php?rest_route=%2Fwp%2Fv2%2Fcomments&post=663"}],"version-history":[{"count":0,"href":"https:\/\/obcanskymonitoring.cz\/index.php?rest_route=\/wp\/v2\/posts\/663\/revisions"}],"wp:attachment":[{"href":"https:\/\/obcanskymonitoring.cz\/index.php?rest_route=%2Fwp%2Fv2%2Fmedia&parent=663"}],"wp:term":[{"taxonomy":"category","embeddable":true,"href":"https:\/\/obcanskymonitoring.cz\/index.php?rest_route=%2Fwp%2Fv2%2Fcategories&post=663"},{"taxonomy":"post_tag","embeddable":true,"href":"https:\/\/obcanskymonitoring.cz\/index.php?rest_route=%2Fwp%2Fv2%2Ftags&post=663"}],"curies":[{"name":"wp","href":"https:\/\/api.w.org\/{rel}","templated":true}]}}