{"id":6634,"date":"2019-09-28T07:48:44","date_gmt":"2019-09-28T07:48:44","guid":{"rendered":"http:\/\/obcanskymonitoring.cz\/?p=6634"},"modified":"2019-09-29T17:11:53","modified_gmt":"2019-09-29T17:11:53","slug":"arch-svabova-vyjadreni-k-navrhu-objektu-wc-a-zahradnickeho-zazemi-ve-strahovske-zahrade","status":"publish","type":"post","link":"https:\/\/obcanskymonitoring.cz\/?p=6634","title":{"rendered":"Arch. \u0160v\u00e1bov\u00e1: Vyj\u00e1d\u0159en\u00ed k n\u00e1vrhu objektu WC a zahradnick\u00e9ho z\u00e1zem\u00ed ve Strahovsk\u00e9 zahrad\u011b"},"content":{"rendered":"<div class=\"pvc_clear\"><\/div>\n<p class=\"pvc_stats total_only \" data-element-id=\"6634\" style=\"\"><i class=\"pvc-stats-icon medium\" aria-hidden=\"true\"><svg xmlns=\"http:\/\/www.w3.org\/2000\/svg\" version=\"1.0\" viewBox=\"0 0 502 315\" preserveAspectRatio=\"xMidYMid meet\"><g transform=\"translate(0,332) scale(0.1,-0.1)\" fill=\"\" stroke=\"none\"><path d=\"M2394 3279 l-29 -30 -3 -207 c-2 -182 0 -211 15 -242 39 -76 157 -76 196 0 15 31 17 60 15 243 l-3 209 -33 29 c-26 23 -41 29 -80 29 -41 0 -53 -5 -78 -31z\"\/><path d=\"M3085 3251 c-45 -19 -58 -50 -96 -229 -47 -217 -49 -260 -13 -295 52 -53 146 -42 177 20 16 31 87 366 87 410 0 70 -86 122 -155 94z\"\/><path d=\"M1751 3234 c-13 -9 -29 -31 -37 -50 -12 -29 -10 -49 21 -204 19 -94 39 -189 45 -210 14 -50 54 -80 110 -80 34 0 48 6 76 34 21 21 34 44 34 59 0 14 -18 113 -40 219 -37 178 -43 195 -70 221 -36 32 -101 37 -139 11z\"\/><path d=\"M1163 3073 c-36 -7 -73 -59 -73 -102 0 -56 133 -378 171 -413 34 -32 83 -37 129 -13 70 36 67 87 -16 290 -86 209 -89 214 -129 231 -35 14 -42 15 -82 7z\"\/><path d=\"M3689 3066 c-15 -9 -33 -30 -42 -48 -48 -103 -147 -355 -147 -375 0 -98 131 -148 192 -74 13 15 57 108 97 206 80 196 84 226 37 273 -30 30 -99 39 -137 18z\"\/><path d=\"M583 2784 c-38 -19 -67 -74 -58 -113 9 -42 211 -354 242 -373 16 -10 45 -18 66 -18 51 0 107 52 107 100 0 39 -1 41 -124 234 -80 126 -108 162 -133 173 -41 17 -61 16 -100 -3z\"\/><path d=\"M4250 2784 c-14 -9 -74 -91 -133 -183 -95 -150 -107 -173 -107 -213 0 -55 33 -94 87 -104 67 -13 90 8 211 198 130 202 137 225 78 284 -27 27 -42 34 -72 34 -22 0 -50 -8 -64 -16z\"\/><path d=\"M2275 2693 c-553 -48 -1095 -270 -1585 -649 -135 -104 -459 -423 -483 -476 -23 -49 -22 -139 2 -186 73 -142 361 -457 571 -626 285 -228 642 -407 990 -497 242 -63 336 -73 660 -74 310 0 370 5 595 52 535 111 1045 392 1455 803 122 121 250 273 275 326 19 41 19 137 0 174 -41 79 -309 363 -465 492 -447 370 -946 591 -1479 653 -113 14 -422 18 -536 8z m395 -428 c171 -34 330 -124 456 -258 112 -119 167 -219 211 -378 27 -96 24 -300 -5 -401 -72 -255 -236 -447 -474 -557 -132 -62 -201 -76 -368 -76 -167 0 -236 14 -368 76 -213 98 -373 271 -451 485 -162 444 86 934 547 1084 153 49 292 57 452 25z m909 -232 c222 -123 408 -262 593 -441 76 -74 138 -139 138 -144 0 -16 -233 -242 -330 -319 -155 -123 -309 -223 -461 -299 l-81 -41 32 46 c18 26 49 83 70 128 143 306 141 649 -6 957 -25 52 -61 116 -79 142 l-34 47 45 -20 c26 -10 76 -36 113 -56z m-2057 25 c-40 -58 -105 -190 -130 -263 -110 -324 -59 -707 132 -981 25 -35 42 -64 37 -64 -19 0 -241 119 -326 174 -188 122 -406 314 -532 468 l-58 71 108 103 c185 178 428 349 672 473 66 33 121 60 123 61 2 0 -10 -19 -26 -42z\"\/><path d=\"M2375 1950 c-198 -44 -350 -190 -395 -379 -18 -76 -8 -221 19 -290 114 -284 457 -406 731 -260 98 52 188 154 231 260 27 69 37 214 19 290 -38 163 -166 304 -326 360 -67 23 -215 33 -279 19z\"\/><\/g><\/svg><\/i> &nbsp;1,345&nbsp;total views<\/p>\n<div class=\"pvc_clear\"><\/div>\n<p><a href=\"http:\/\/obcanskymonitoring.cz\/?attachment_id=5303\" rel=\"attachment wp-att-5303\"><img loading=\"lazy\" class=\"alignnone size-medium wp-image-5303\" src=\"http:\/\/obcanskymonitoring.cz\/wp-content\/uploads\/2016\/03\/svabova1-250x300.png\" alt=\"\" width=\"250\" height=\"300\" srcset=\"https:\/\/obcanskymonitoring.cz\/wp-content\/uploads\/2016\/03\/svabova1-250x300.png 250w, https:\/\/obcanskymonitoring.cz\/wp-content\/uploads\/2016\/03\/svabova1-856x1024.png 856w\" sizes=\"(max-width: 250px) 100vw, 250px\" \/><\/a><\/p>\n<p>&nbsp;<\/p>\n<p>P\u0159etiskuji p\u0159\u00edsp\u011bvek pan\u00ed architektky \u0160v\u00e1bov\u00e9 ke kauze stavby v pet\u0159\u00ednsk\u00fdch zahrad\u00e1ch.<\/p>\n<p><!--more--><\/p>\n<p>&nbsp;<\/p>\n<p><strong>Vyj\u00e1d\u0159en\u00ed k\u00a0n\u00e1vrhu objektu WC a zahradnick\u00e9ho z\u00e1zem\u00ed ve Strahovsk\u00e9 zahrad\u011b<\/strong><\/p>\n<p>Historick\u00e1 Praha je m\u011bsto pln\u00e9 m\u00edst s\u00a0vlastn\u00edm g\u00e9niem loci, vlastn\u00ed identitou. V\u0161echny maj\u00ed sv\u016fj p\u016fvab i historick\u00fd, \u0159ekn\u011bme spiritu\u00e1ln\u00ed obsah, v\u0161echna ta m\u00edsta jsou nesm\u00edrn\u011b vz\u00e1cn\u00e1 a nenahraditeln\u00e1 a z\u00e1rove\u0148 velmi k\u0159ehk\u00e1. Strahovsk\u00e1 zahrada pod Strahovem a str\u00e1n\u011bmi Pet\u0159\u00edna je jedn\u00edm z\u00a0nich. Pokud z\u00a0nezbytn\u00fdch d\u016fvod\u016f mus\u00edme v\u00a0t\u011bchto m\u00edstech prov\u00e9st n\u011bjak\u00fd z\u00e1sah, m\u011bli bychom si uv\u011bdomit a pe\u010dliv\u011b specifikovat, v\u00a0\u010dem identita tohoto m\u00edsta v\u00a0oblasti, do kter\u00e9 zasahujeme, spo\u010d\u00edv\u00e1. V\u00a0na\u0161em p\u0159\u00edpad\u011b jde o novostavbu \u2013 budeme tedy vych\u00e1zet z\u00a0rozboru identity st\u00e1vaj\u00edc\u00ed z\u00e1stavby v\u00a0prost\u0159ed\u00ed Strahovsk\u00e9 zahrady.<\/p>\n<p>V\u00a0prv\u00e9 \u0159ad\u011b je nutn\u00e9 konstatovat, \u017ee celou z\u00e1stavbu Strahova, zahrady i p\u0159ilehl\u00e9 nemocnice pod Strahovem spojuj\u00ed do jedin\u00e9ho celku kontextu\u00e1ln\u00ed vazby \u2013 to znamen\u00e1 sd\u00edlen\u00ed ur\u010dit\u00fdch tvarov\u00fdch, barevn\u00fdch a materi\u00e1lov\u00fdch identifika\u010dn\u00edch prvk\u016f i obdobn\u00fd vztah k\u00a0ter\u00e9nu a zeleni. Jde p\u0159edev\u0161\u00edm o valbov\u00e9 st\u0159echy, keramickou krytinu, om\u00edtan\u00e9 zdi s\u00a0ur\u010dit\u00fdm m\u011b\u0159\u00edtkem objem\u016f i \u010dlen\u011bn\u00ed fas\u00e1d. Tyto prvky vn\u00edm\u00e1me jako charakteristick\u00e9 jak p\u0159i proch\u00e1zen\u00ed zahradou, tak pro panoramatick\u00e9 pohledy ze Strahova, z\u00a0Pet\u0159\u00edna a z \u00davozu. V\u00a0samotn\u00e9 Velk\u00e9 Strahovsk\u00e9 zahrad\u011b se objevuje sporadicky drobn\u00e1 z\u00e1stavba, zabalen\u00e1 do korun strom\u016f, p\u0159edev\u0161\u00edm na \u00fabo\u010d\u00ed svah\u016f Pet\u0159\u00edna. Pam\u00e1tkov\u00e1 hodnota Strahovsk\u00e9 zahrady vy\u017eaduje zachov\u00e1n\u00ed jej\u00ed identity i do budoucna.Respekt i zaslou\u017e\u00ed i jej\u00ed vztahy k\u00a0historii, drobn\u00e9 pam\u00e1tn\u00edky \u2013 to v\u0161e tvo\u0159\u00ed klidnou meditativn\u00ed atmosf\u00e9ru m\u00edsta.<\/p>\n<p>Funkci navrhovan\u00e9ho objektu &#8211; (technick\u00e9 z\u00e1zem\u00ed pro zahradn\u00edky a toalety pro n\u00e1v\u0161t\u011bvn\u00edky) by m\u011bla odpov\u00eddat nen\u00e1padn\u00e1 stavba, kter\u00e1 splyne s\u00a0okol\u00edm, co nejm\u00e9n\u011b naru\u0161\u00ed sou\u010dasn\u00fd stav. Nen\u00ed zde d\u016fvod k jej\u00edmu\u00a0zv\u00fdrazn\u011bn\u00ed odli\u0161nost\u00ed od okoln\u00ed z\u00e1stavby, naopak by se m\u011bla p\u0159izp\u016fsobit jak m\u011b\u0159\u00edtkem, tak barevnost\u00ed a materi\u00e1ly co nejv\u00edce sv\u00e9mu prost\u0159ed\u00ed. Spojen\u00ed toalet s\u00a0technick\u00fdm z\u00e1zem\u00edm zahradn\u00edk\u016f vznik\u00e1 s\u00a0ostatn\u00ed z\u00e1stavbou p\u0159edimenzovan\u00fd objekt \u2013 \u0159e\u0161en\u00ed by p\u0159ineslo rozd\u011blen\u00ed do dvou samostatn\u00fdch objekt\u016f. Velmi citliv\u00e1 je zde st\u0159e\u0161n\u00ed krajina \u2013 cel\u00e1 zahrada je p\u0159ehledn\u00e1 jak ze strahovsk\u00fdch teras, tak z\u00a0vyhl\u00eddkov\u00fdch cest ve svahu Pet\u0159\u00edna i z \u00dajezdu.<\/p>\n<p>Ned\u00e1vno byla jedna z\u00a0t\u011bchto cest pojmenov\u00e1na Promen\u00e1dou Raoula Wallenberga, \u0161v\u00e9dsk\u00e9ho diplomata, kter\u00fd podobn\u011b jako sir Nicholas Winton zachr\u00e1nil mnoho \u017eidovsk\u00fdch d\u011bt\u00ed p\u0159ed holokaustem. Raoulovi Wallenbergovi bylo v\u011bnov\u00e1no i n\u00e1dhern\u00e9 panorama, kter\u00e9 se z\u00a0cesty vedouc\u00ed od \u0161v\u00e9dsk\u00e9ho vyslanectv\u00ed po vrstevnici na Pet\u0159\u00edn otev\u00edr\u00e1. Z\u00e1kladnou tohoto panoramatu je cel\u00e1 Velk\u00e1 Strahovsk\u00e1 zahrada, z\u00a0vy\u0161\u0161\u00ed \u00farovn\u011b vyhl\u00eddkov\u00fdch tras je p\u0159ehledn\u00e1 jako celek. Po\u0161kozen\u00ed sou\u010dasn\u00e9 integrity jej\u00ed st\u0159e\u0161n\u00ed krajiny jedin\u00fdm objektem znamen\u00e1 zni\u010den\u00ed celku. Sira Nicholase Wintona p\u0159ipom\u00edn\u00e1 nov\u011b otev\u0159en\u00fd pramen a pam\u011btn\u00ed kamenn\u00e1 deska. Nov\u00fd objekt toalet a technick\u00e9ho z\u00e1zem\u00ed je tohoto od pramenez\u0159eteln\u011b viditeln\u00fd a ovliv\u0148uje nep\u0159\u00edzniv\u011b dojem z\u00a0pietn\u00edho m\u00edsta.<\/p>\n<p>Novostavbu v\u00a0kontextu\u00e1ln\u00edm prost\u0159ed\u00ed, kter\u00fdm zahrada nesporn\u011b je, nelze posuzovat jako individu\u00e1ln\u00ed objekt, ale p\u0159edev\u0161\u00edm v\u00a0kontextu s\u00a0prost\u0159ed\u00edm \u2013 jak s\u00a0bezprost\u0159edn\u00edm okol\u00edm, tak ve vztahu k\u00a0panoramatu, jeho\u017e je sou\u010d\u00e1st\u00ed. Z\u00a0tohoto hlediska se n\u00e1vrh objektu technick\u00e9ho z\u00e1zem\u00ed pro zahradn\u00edky nejev\u00ed uspokojiv\u011b. Nebyl br\u00e1n z\u0159etel na jeho exponovanou polohu z\u00a0v\u00fd\u0161e polo\u017een\u00fdch vyhl\u00eddkov\u00fdch cest \u2013 konfrontace ploch\u00e9 kovov\u00e9 st\u0159echy s\u00a0valbami s\u00a0keramickou krytinou kaz\u00ed panoramatick\u00e9 pohledy. Stejn\u011b nep\u0159\u00edzniv\u011b p\u016fsob\u00ed i relativn\u011b p\u0159edimenzovan\u00fd celkov\u00fd objem. Vzhledem k\u00a0v\u00fdjime\u010dn\u00e9 hodnot\u011b Strahovsk\u00e9 zahrady doporu\u010dujeme rozd\u011blit toalety a informace pro turisty od z\u00e1zem\u00ed pro zahradnictv\u00ed do dvou samostatn\u00fdch objekt\u016f a p\u0159izp\u016fsobit zast\u0159e\u0161en\u00ed objekt\u016f charakteru st\u0159e\u0161n\u00ed krajiny. Objekty by m\u011bly u\u0161et\u0159it st\u00e1vaj\u00edc\u00ed zele\u0148 a maxim\u00e1ln\u011b vyu\u017e\u00edt jej\u00ed t\u011bsnou bl\u00edzkost. Doporu\u010dujme pro technick\u00e9 z\u00e1zem\u00ed prov\u011b\u0159it mo\u017enost vyu\u017eit\u00ed opu\u0161t\u011bn\u00e9ho h\u0159i\u0161t\u011b p\u0159ed vstupemdo zahrady ve Vla\u0161sk\u00e9 ulici, p\u0159\u00edpadn\u011b mo\u017enost dohody s\u00a0nemocnic\u00ed o vyu\u017eit\u00ed z\u00e1zem\u00ed i pro jej\u00ed zahradu a z\u00edskat prostor za jej\u00ed ohradn\u00ed zd\u00ed. \u0160koda, \u017ee se z\u00e1m\u011brem a n\u00e1vrhem novostavby ve Strahovsk\u00e9 zahrad\u011b nebyla ve\u0159ejnost d\u0159\u00edve sezn\u00e1mena \u2013 zachov\u00e1n\u00ed jej\u00ed hodnoty pro budoucnost za d\u016fkladn\u00e9 zv\u00e1\u017een\u00ed v\u0161ech z\u00e1sah\u016f na jej\u00edm \u00fazem\u00ed a za projedn\u00e1n\u00ed s\u00a0ob\u010dany stoj\u00ed.<\/p>\n<p>&nbsp;<\/p>\n<p>&nbsp;<\/p>\n<p>Dodatek pan\u00ed architektky &#8211; po vz\u00e1jemn\u00e9 mailov\u00e9 a telefonick\u00e9 diskuzi, s jej\u00edm dovolen\u00edm jej p\u0159etiskuji jako PS&#8230;<\/p>\n<p>&nbsp;<\/p>\n<p>Potvrzuje se mi, \u017ee p\u0159\u00ed\u010dina v\u0161ech t\u011bchto exces\u016f je v\u017edy jedin\u00e1: Pam\u00e1tk\u00e1\u0159i a etablovan\u00e9 elity obecn\u011b nevn\u00edmaj\u00ed vztahy mezi jednotliv\u00fdmi objekty, nevn\u00edmaj\u00ed celek. Vid\u00ed samostatn\u011b (toti\u017e nau\u010dily se tak sv\u00e9 prost\u0159ed\u00ed vid\u011bt a posuzovat) ka\u017ed\u00fd objekt jako individu\u00e1ln\u00ed artefakt. To je z\u00e1sadn\u00ed chyba. Norm\u00e1ln\u00ed vid\u011bn\u00ed (vizu\u00e1ln\u00ed percepce) vn\u00edm\u00e1 sv\u00e9 prost\u0159ed\u00ed v souvisl\u00fdch celc\u00edch. Pokud jsou tyto celky soun\u00e1le\u017eit\u00e9, tj. kontextu\u00e1ln\u00ed, \u010dlov\u011bk se s nimi ztoto\u017en\u00ed a orientuje se ve sv\u00e9m prost\u0159ed\u00ed. Pokud jsou tyto celky zcela r\u016fzn\u00e9 &#8211; li\u0161\u00ed se m\u011b\u0159\u00edtkem, algoritmem \u010dlen\u011bn\u00ed povrchu (fas\u00e1dy) a pod. &#8211; vn\u00edm\u00e1 p\u0159irozen\u00e1 vizu\u00e1ln\u00ed percepce chaos. P\u0159ij\u00edm\u00e1n\u00ed informac\u00ed vizu\u00e1ln\u00ed cestou je zt\u00ed\u017eeno (viz Immanuel Kant o \u00faloze prostoru, gestaltismus v pol. 20. stol. v N\u011bmecku). Architektura je nemovitost &#8211; je se sv\u00fdm prost\u0159ed\u00edm pevn\u011b sv\u00e1zan\u00e1. Nelze posuzovat hodnotu jednotliv\u00fdch dom\u016f bez zohledn\u011bn\u00ed vztahu k prost\u0159ed\u00ed. Pam\u00e1tky nesta\u010d\u00ed jenom rekonstruovat, ale je nezbytn\u00e9 postarat se i o to, aby jejich prost\u0159ed\u00ed zachovalo jejich kompozi\u010dn\u00ed hodnotu &#8211; tj. m\u011blo odpov\u00eddaj\u00edc\u00ed m\u011b\u0159\u00edtko . P\u0159\u00edpad mar\u0161melounu (bytov\u00fd d\u016fm v ul. U Milosrdn\u00fdch) ilustruje tuto situaci velmi jasn\u011b. Bytov\u00fd objekt p\u0159evy\u0161uje z\u00e1stavbu are\u00e1lu n\u00e1rodn\u00ed kulturn\u00ed pam\u00e1tky v t\u011bsn\u00e9 bl\u00edzkosti o 12,5m, kostely sv. Franti\u0161ka a Salv\u00e1tora o 5,6m, kulturn\u00ed pam\u00e1tku barokn\u00ed \u0161pit\u00e1l kl\u00e1\u0161tera sv. \u0160imona a Judy Tade\u00e1\u0161e o 3,5m. Srovn\u00e1vat je nutn\u00e9 v\u00fd\u0161ky fas\u00e1d, ty vymezuj\u00ed prostor ulice. Exponovan\u00e9 elity degradaci pam\u00e1tky nevid\u00ed. Tak zv. laik na demonstraci proti mar\u0161melounu se vyj\u00e1d\u0159il jednozna\u010dn\u011b:<\/p>\n<p><a href=\"http:\/\/obcanskymonitoring.cz\/?attachment_id=6643\" rel=\"attachment wp-att-6643\"><img loading=\"lazy\" class=\"alignnone size-medium wp-image-6643\" src=\"http:\/\/obcanskymonitoring.cz\/wp-content\/uploads\/2019\/09\/Prestante-trollit-Anezku-300x225.png\" alt=\"\" width=\"300\" height=\"225\" srcset=\"https:\/\/obcanskymonitoring.cz\/wp-content\/uploads\/2019\/09\/Prestante-trollit-Anezku-300x225.png 300w, https:\/\/obcanskymonitoring.cz\/wp-content\/uploads\/2019\/09\/Prestante-trollit-Anezku.png 480w\" sizes=\"(max-width: 300px) 100vw, 300px\" \/><\/a><\/p>\n<p>&nbsp;<\/p>\n<p>Nikdo z ofici\u00e1ln\u00edch oponent\u016f n\u00e1vrhu nepochopil to, co bylo jasn\u00e9 v\u0161em lidem na demonstraci i doma: Ban\u00e1ln\u00ed bytovka sv\u00fdmi rozm\u011bry degraduje n\u00e1rodn\u00ed kulturn\u00ed pam\u00e1tku, symbol na\u0161\u00ed st\u00e1tnosti. D\u011bl\u00e1 z n\u00ed sentiment\u00e1ln\u00ed suven\u00fdr, zhodnocuj\u00edc\u00ed cenu luxusn\u00edch byt\u016f v jej\u00ed bl\u00edzkosti. Pam\u00e1tkov\u00fd z\u00e1kon ani jeho nov\u00fd n\u00e1vrh n\u00e1stroj, kter\u00fd by zabr\u00e1nil t\u011bmto exces\u016fm, nem\u00e1.<\/p>\n<p>&nbsp;<\/p>\n<p>&nbsp;<\/p>\n<p>&nbsp;<\/p>\n<p>&nbsp;<\/p>\n<p><strong>Ostatn\u00ed dokumenty k t\u00e9to kauze<\/strong><\/p>\n<p>\u010cl\u00e1nek z Reflexu popisuj\u00edc\u00ed kauzu:\u00a0<a href=\"https:\/\/www.reflex.cz\/clanek\/komentare\/97251\/prazsti-urednici-utoci-na-petrin-chteji-ho-prestavet-a-zaplavit-turisty-jak-ho-maji-lide-radi-je-nezajima.html\">Pra\u017e\u0161t\u00ed \u00fa\u0159edn\u00edci \u00fato\u010d\u00ed na Pet\u0159\u00edn, cht\u011bj\u00ed ho p\u0159estav\u011bt a zaplavit turisty. Jak ho maj\u00ed lid\u00e9 r\u00e1di, je nezaj\u00edm\u00e1<\/a><\/p>\n<p><a href=\"https:\/\/www.praha1.cz\/petrin-prohlednete-si-navrhy\/\">Prezentace navrhovan\u00e9 zm\u011bny na str\u00e1nk\u00e1ch Prahy 1<\/a><\/p>\n<p>Report\u00e1\u017e Seznam:\u00a0<a href=\"https:\/\/www.seznamzpravy.cz\/clanek\/mistni-bojuji-proti-otevreni-strahovskych-zahrad-turistum-praha-kvuli-petici-stavbu-odlozila-78253?seq-no=4&amp;dop-ab-variant&amp;source=clanky-home&amp;fbclid=IwAR1BAsqC1IDyDfjWxNKHM-eNWg5n8ZB7k0cjn5hTzDRO7gDzTVf13CZJmOA\">M\u00edstn\u00ed bojuj\u00ed proti otev\u0159en\u00ed Strahovsk\u00fdch zahrad turist\u016fm. Praha kv\u016fli petici stavbu odlo\u017eila<\/a><\/p>\n<p><a href=\"https:\/\/www.youtube.com\/watch?v=1tcCjxC3PlQ&amp;feature=youtu.be&amp;fbclid=IwAR1CTN8LidDupUfcZnPQPx4OT_zMcKYqSA4XvcgjC41nqwS6pbyf5iI7fPU\">Z\u00e1znam diskuse s pra\u017esk\u00fdm prim\u00e1torem MUDr. Ale\u0161em H\u0159ibem<\/a>.<\/p>\n<div data-counters='1' data-style='square' data-size='regular' data-url='https:\/\/obcanskymonitoring.cz\/?p=6634' data-title='Arch. \u0160v\u00e1bov\u00e1: Vyj\u00e1d\u0159en\u00ed k n\u00e1vrhu objektu WC a zahradnick\u00e9ho z\u00e1zem\u00ed ve Strahovsk\u00e9 zahrad\u011b' class='linksalpha_container linksalpha_app_3'><a href='\/\/www.linksalpha.com\/share?network='facebook' class='linksalpha_icon_facebook'><\/a><a href='\/\/www.linksalpha.com\/share?network='twitter' class='linksalpha_icon_twitter'><\/a><a href='\/\/www.linksalpha.com\/share?network='googleplus' class='linksalpha_icon_googleplus'><\/a><a href='\/\/www.linksalpha.com\/share?network='mail' class='linksalpha_icon_mail'><\/a><\/div><div data-position='' data-url='https:\/\/obcanskymonitoring.cz\/?p=6634' data-title='Arch. \u0160v\u00e1bov\u00e1: Vyj\u00e1d\u0159en\u00ed k n\u00e1vrhu objektu WC a zahradnick\u00e9ho z\u00e1zem\u00ed ve Strahovsk\u00e9 zahrad\u011b' class='linksalpha_container linksalpha_app_7'><a href='\/\/www.linksalpha.com\/share?network='facebook' class='linksalpha_icon_facebook'><\/a><a href='\/\/www.linksalpha.com\/share?network='twitter' class='linksalpha_icon_twitter'><\/a><a href='\/\/www.linksalpha.com\/share?network='googleplus' class='linksalpha_icon_googleplus'><\/a><a href='\/\/www.linksalpha.com\/share?network='mail' class='linksalpha_icon_mail'><\/a><\/div>","protected":false},"excerpt":{"rendered":"<p>&nbsp;1,345&nbsp;total views &nbsp; P\u0159etiskuji p\u0159\u00edsp\u011bvek pan\u00ed architektky \u0160v\u00e1bov\u00e9 ke kauze stavby v pet\u0159\u00ednsk\u00fdch zahrad\u00e1ch.<\/p>\n","protected":false},"author":2,"featured_media":0,"comment_status":"open","ping_status":"open","sticky":true,"template":"","format":"standard","meta":[],"categories":[23,10,29],"tags":[],"_links":{"self":[{"href":"https:\/\/obcanskymonitoring.cz\/index.php?rest_route=\/wp\/v2\/posts\/6634"}],"collection":[{"href":"https:\/\/obcanskymonitoring.cz\/index.php?rest_route=\/wp\/v2\/posts"}],"about":[{"href":"https:\/\/obcanskymonitoring.cz\/index.php?rest_route=\/wp\/v2\/types\/post"}],"author":[{"embeddable":true,"href":"https:\/\/obcanskymonitoring.cz\/index.php?rest_route=\/wp\/v2\/users\/2"}],"replies":[{"embeddable":true,"href":"https:\/\/obcanskymonitoring.cz\/index.php?rest_route=%2Fwp%2Fv2%2Fcomments&post=6634"}],"version-history":[{"count":4,"href":"https:\/\/obcanskymonitoring.cz\/index.php?rest_route=\/wp\/v2\/posts\/6634\/revisions"}],"predecessor-version":[{"id":6644,"href":"https:\/\/obcanskymonitoring.cz\/index.php?rest_route=\/wp\/v2\/posts\/6634\/revisions\/6644"}],"wp:attachment":[{"href":"https:\/\/obcanskymonitoring.cz\/index.php?rest_route=%2Fwp%2Fv2%2Fmedia&parent=6634"}],"wp:term":[{"taxonomy":"category","embeddable":true,"href":"https:\/\/obcanskymonitoring.cz\/index.php?rest_route=%2Fwp%2Fv2%2Fcategories&post=6634"},{"taxonomy":"post_tag","embeddable":true,"href":"https:\/\/obcanskymonitoring.cz\/index.php?rest_route=%2Fwp%2Fv2%2Ftags&post=6634"}],"curies":[{"name":"wp","href":"https:\/\/api.w.org\/{rel}","templated":true}]}}