{"id":6649,"date":"2019-10-17T06:49:56","date_gmt":"2019-10-17T06:49:56","guid":{"rendered":"http:\/\/obcanskymonitoring.cz\/?p=6649"},"modified":"2019-11-02T09:33:03","modified_gmt":"2019-11-02T09:33:03","slug":"zamer-stavet-v-petrinskych-zahradach-interpelace-na-magistrat-hlavniho-mesta-prahy","status":"publish","type":"post","link":"https:\/\/obcanskymonitoring.cz\/?p=6649","title":{"rendered":"Pet\u0159\u00ednsk\u00e1 kauza: Interpelace na Magistr\u00e1t hlavn\u00edho m\u011bsta Prahy"},"content":{"rendered":"<div class=\"pvc_clear\"><\/div>\n<p class=\"pvc_stats total_only \" data-element-id=\"6649\" style=\"\"><i class=\"pvc-stats-icon medium\" aria-hidden=\"true\"><svg xmlns=\"http:\/\/www.w3.org\/2000\/svg\" version=\"1.0\" viewBox=\"0 0 502 315\" preserveAspectRatio=\"xMidYMid meet\"><g transform=\"translate(0,332) scale(0.1,-0.1)\" fill=\"\" stroke=\"none\"><path d=\"M2394 3279 l-29 -30 -3 -207 c-2 -182 0 -211 15 -242 39 -76 157 -76 196 0 15 31 17 60 15 243 l-3 209 -33 29 c-26 23 -41 29 -80 29 -41 0 -53 -5 -78 -31z\"\/><path d=\"M3085 3251 c-45 -19 -58 -50 -96 -229 -47 -217 -49 -260 -13 -295 52 -53 146 -42 177 20 16 31 87 366 87 410 0 70 -86 122 -155 94z\"\/><path d=\"M1751 3234 c-13 -9 -29 -31 -37 -50 -12 -29 -10 -49 21 -204 19 -94 39 -189 45 -210 14 -50 54 -80 110 -80 34 0 48 6 76 34 21 21 34 44 34 59 0 14 -18 113 -40 219 -37 178 -43 195 -70 221 -36 32 -101 37 -139 11z\"\/><path d=\"M1163 3073 c-36 -7 -73 -59 -73 -102 0 -56 133 -378 171 -413 34 -32 83 -37 129 -13 70 36 67 87 -16 290 -86 209 -89 214 -129 231 -35 14 -42 15 -82 7z\"\/><path d=\"M3689 3066 c-15 -9 -33 -30 -42 -48 -48 -103 -147 -355 -147 -375 0 -98 131 -148 192 -74 13 15 57 108 97 206 80 196 84 226 37 273 -30 30 -99 39 -137 18z\"\/><path d=\"M583 2784 c-38 -19 -67 -74 -58 -113 9 -42 211 -354 242 -373 16 -10 45 -18 66 -18 51 0 107 52 107 100 0 39 -1 41 -124 234 -80 126 -108 162 -133 173 -41 17 -61 16 -100 -3z\"\/><path d=\"M4250 2784 c-14 -9 -74 -91 -133 -183 -95 -150 -107 -173 -107 -213 0 -55 33 -94 87 -104 67 -13 90 8 211 198 130 202 137 225 78 284 -27 27 -42 34 -72 34 -22 0 -50 -8 -64 -16z\"\/><path d=\"M2275 2693 c-553 -48 -1095 -270 -1585 -649 -135 -104 -459 -423 -483 -476 -23 -49 -22 -139 2 -186 73 -142 361 -457 571 -626 285 -228 642 -407 990 -497 242 -63 336 -73 660 -74 310 0 370 5 595 52 535 111 1045 392 1455 803 122 121 250 273 275 326 19 41 19 137 0 174 -41 79 -309 363 -465 492 -447 370 -946 591 -1479 653 -113 14 -422 18 -536 8z m395 -428 c171 -34 330 -124 456 -258 112 -119 167 -219 211 -378 27 -96 24 -300 -5 -401 -72 -255 -236 -447 -474 -557 -132 -62 -201 -76 -368 -76 -167 0 -236 14 -368 76 -213 98 -373 271 -451 485 -162 444 86 934 547 1084 153 49 292 57 452 25z m909 -232 c222 -123 408 -262 593 -441 76 -74 138 -139 138 -144 0 -16 -233 -242 -330 -319 -155 -123 -309 -223 -461 -299 l-81 -41 32 46 c18 26 49 83 70 128 143 306 141 649 -6 957 -25 52 -61 116 -79 142 l-34 47 45 -20 c26 -10 76 -36 113 -56z m-2057 25 c-40 -58 -105 -190 -130 -263 -110 -324 -59 -707 132 -981 25 -35 42 -64 37 -64 -19 0 -241 119 -326 174 -188 122 -406 314 -532 468 l-58 71 108 103 c185 178 428 349 672 473 66 33 121 60 123 61 2 0 -10 -19 -26 -42z\"\/><path d=\"M2375 1950 c-198 -44 -350 -190 -395 -379 -18 -76 -8 -221 19 -290 114 -284 457 -406 731 -260 98 52 188 154 231 260 27 69 37 214 19 290 -38 163 -166 304 -326 360 -67 23 -215 33 -279 19z\"\/><\/g><\/svg><\/i> &nbsp;1,379&nbsp;total views<\/p>\n<div class=\"pvc_clear\"><\/div>\n<p><a href=\"http:\/\/obcanskymonitoring.cz\/?attachment_id=6591\" rel=\"attachment wp-att-6591\"><img loading=\"lazy\" class=\"alignnone size-medium wp-image-6591\" src=\"http:\/\/obcanskymonitoring.cz\/wp-content\/uploads\/2019\/06\/Petrin-300x153.jpg\" alt=\"\" width=\"300\" height=\"153\" srcset=\"https:\/\/obcanskymonitoring.cz\/wp-content\/uploads\/2019\/06\/Petrin-300x153.jpg 300w, https:\/\/obcanskymonitoring.cz\/wp-content\/uploads\/2019\/06\/Petrin-768x392.jpg 768w, https:\/\/obcanskymonitoring.cz\/wp-content\/uploads\/2019\/06\/Petrin.jpg 912w\" sizes=\"(max-width: 300px) 100vw, 300px\" \/><\/a><\/p>\n<p>Publikuji zde text interpelace na\u00a0Magistr\u00e1t hlavn\u00edho m\u011bsta Prahy ve v\u011bci z\u00e1m\u011bru stav\u011bt v pet\u0159\u00ednsk\u00fdch zahrad\u00e1ch.<\/p>\n<p>&nbsp;<\/p>\n<p>\u010cl\u00e1nek z Reflexu popisuj\u00edc\u00ed kauzu:\u00a0<a href=\"https:\/\/www.reflex.cz\/clanek\/komentare\/97251\/prazsti-urednici-utoci-na-petrin-chteji-ho-prestavet-a-zaplavit-turisty-jak-ho-maji-lide-radi-je-nezajima.html\">Pra\u017e\u0161t\u00ed \u00fa\u0159edn\u00edci \u00fato\u010d\u00ed na Pet\u0159\u00edn, cht\u011bj\u00ed ho p\u0159estav\u011bt a zaplavit turisty. Jak ho maj\u00ed lid\u00e9 r\u00e1di, je nezaj\u00edm\u00e1<\/a><\/p>\n<p><a href=\"https:\/\/www.praha1.cz\/petrin-prohlednete-si-navrhy\/\">Prezentace navrhovan\u00e9 zm\u011bny na str\u00e1nk\u00e1ch Prahy 1<\/a><\/p>\n<p><!--more--><\/p>\n<p>&nbsp;<\/p>\n<p>Pro\u010d Odbor \u017eivotn\u00edho prost\u0159ed\u00ed, kter\u00fd si plat\u00edme z na\u0161ich dan\u00ed, aby chr\u00e1nil p\u0159\u00edrodu na Pet\u0159\u00edn\u011b, je \u017eadatelem stavby p\u0159ipom\u00ednaj\u00edc\u00ed betonov\u00fd bunkr? Pro\u010d na m\u00edst\u011b, kter\u00e9 je jedno z nejkr\u00e1sn\u011bj\u0161\u00edch vyhl\u00eddkov\u00fdch m\u00edst na Pet\u0159\u00edn\u011b? Zvl\u00e1\u0161\u0165 kdy\u017e m\u00e1 pro v\u00fdstavbu dostatek brownfield\u016f (nap\u0159. prostor zru\u0161en\u00e9ho h\u0159i\u0161t\u011b u velk\u00e9 Strahovsk\u00e9 zahrady), kter\u00fd ji\u017e okoln\u00ed z\u00e1stavbu obsahuje? Toto nelze vysv\u011btlit logicky, ani pragmaticky, zde skute\u010dn\u011b mus\u00ed b\u00fdt motivace MHMP jin\u00e9.<br \/>\nPro\u010d Odbor \u017eivotn\u00edho prost\u0159ed\u00ed, kter\u00fd si plat\u00edme z na\u0161ich dan\u00ed, aby chr\u00e1nil p\u0159\u00edrodu na Pet\u0159\u00edn\u011b, pl\u00e1nuje v\u00fdstavby, kter\u00e9 jsou dolo\u017eiteln\u011b v rozporu se schv\u00e1len\u00fdm Pl\u00e1nem p\u00e9\u010de o dan\u00e9 \u00fazem\u00ed?<br \/>\nPro\u010d Odbor \u017eivotn\u00edho prost\u0159ed\u00ed, kter\u00fd si plat\u00edme z na\u0161ich dan\u00ed, aby chr\u00e1nil p\u0159\u00edrodu na Pet\u0159\u00edn\u011b, neopr\u00e1vn\u011bn\u011b k\u00e1c\u00ed na Pet\u0159\u00edn\u011b &#8211; mimo obdob\u00ed vegeta\u010dn\u00edho klidu? Co\u017e z\u00e1kon je podle z\u00e1kona o ochran\u011b p\u0159\u00edrody a krajiny p\u0159estupkem? Jak je mo\u017en\u00e9, \u017ee org\u00e1n, kter\u00fd m\u00e1 slou\u017eit pro ochranu \u017eivotn\u00edho prost\u0159ed\u00ed, s\u00e1m z\u00e1kon o ochran\u011b \u017eivotn\u00edho prost\u0159ed\u00ed nerespektuje a k\u00e1c\u00ed mimo dobu vegeta\u010dn\u00edho klidu, co\u017e p\u0159\u00edmo zp\u016fsobuje zab\u00edjen\u00ed \u017eivo\u010dich\u016f, zde \u017eij\u00edc\u00edch? Je toto po\u010d\u00edn\u00e1n\u00ed mo\u017eno nazvat p\u0159il\u00e9hav\u011bj\u0161\u00edm term\u00ednem, ne\u017e gangsterstv\u00edm? Podn\u011bt k pro\u0161et\u0159en\u00ed tohoto p\u0159estupku jsme podali na Policii \u010cR. Cel\u00fd projekt, po\u017eadovan\u00e9 k\u00e1cen\u00ed, jsme pak podali k p\u0159e\u0161et\u0159en\u00ed Inspekci pro \u017eivotn\u00ed prost\u0159ed\u00ed.<br \/>\nProjektu WC p\u0159edch\u00e1zelo n\u011bkolik pokus\u016f o vystav\u011bn\u00ed soukrom\u00e9ho projektu &#8211; kav\u00e1rny na dan\u00e9m m\u00edst\u011b. Na\u0161t\u011bst\u00ed dosud ne\u00fasp\u011b\u0161n\u011b. Co odpov\u00edte na v\u00fdhradu rozzloben\u00e9 ve\u0159ejnosti, \u017ee v\u00fdstavba WC je pouze z\u00e1st\u011brka, aby byla povolena v\u00fdstavba v t\u00e9to chr\u00e1n\u011bn\u00e9 lokalit\u011b? M\u00e1me opravdu v\u011b\u0159it tomu, \u017ee na m\u00edst\u011b, kde je nekr\u00e1sn\u011bj\u0161\u00ed v\u00fdhled na Hrad\u010dany, v m\u00edst\u011b Sadu Nicolase Wintona je bezbytn\u011b pot\u0159eba postavit z\u00e1zem\u00ed pro um\u00edst\u011bn\u00ed seka\u010dky a toalet? Kdy\u017e v okol\u00ed je mno\u017estv\u00ed m\u00edst, kter\u00e1 jsou pro toto vhodn\u011bj\u0161\u00ed, co\u017e nem\u016f\u017eete pop\u0159\u00edt!? Jak\u00e9 m\u00e1 ve\u0159ejnost z\u00e1ruky, \u017ee nedojde ke zm\u011bn\u011b projektu p\u0159ed nebo po dokon\u010den\u00ed? Jak vyvr\u00e1t\u00edte podez\u0159en\u00ed ve\u0159ejnosti, \u017ee Odbor \u017eivotn\u00edho prost\u0159ed\u00ed realizuje stavebn\u00ed \u010dinnost v z\u00e1jm\u016f n\u011bjak\u00e9ho \u0161\u00edbra, napojen\u00e9ho na MHMP?<br \/>\nPro\u010d chcete stav\u011bt v okol\u00ed sadu Nicolase Wintona? Sl\u00edbili jste Nicolasi Wintonovi i potomk\u016fm Nicolase Wintona, p\u0159e\u017eiv\u0161\u00edm d\u011btem, ale i t\u011bm d\u011btem zavra\u017ed\u011bn\u00fdm, \u017ee za ka\u017ed\u00e9 Nicolasem Wintonem zachr\u00e1n\u011bn\u00e9 d\u00edt\u011b vysad\u00ed Praha jeden strom? Pro\u010d Praha slib dosud kompletn\u011b nesplnila? Pro\u010d odbor ochrany \u017eivotn\u00edho prost\u0159ed\u00ed m\u00edsto spln\u011bn\u00ed tohoto slibu, jak by m\u011bl v gesci? Pl\u00e1nuje na okoln\u00edm m\u00edst\u011b zastav\u011bn\u00ed \u00fazem\u00ed?!<\/p>\n<p>V\u00e1\u017een\u00ed radn\u00ed a zastupitel\u00e9. Vyz\u00fdv\u00e1m V\u00e1s. Jednejte v z\u00e1jmu ochrany Pet\u0159\u00edna, jeho \u017eivo\u010dich\u016f a rostlin. Nedovolte v\u00fdstavbu, kter\u00e1 u\u017e ve f\u00e1zi p\u0159\u00edpravy stavby, toto zcela unik\u00e1tn\u00ed \u00fazem\u00ed nevratn\u00fdm zp\u016fsobem zni\u010d\u00ed!<\/p>\n<p>Pet\u0159\u00edn m\u00e1 kontinu\u00e1ln\u00ed lesn\u00ed i lu\u010dn\u00ed v\u00fdvoj od prav\u011bku. Toto kousek od \u201eStarom\u00e1ku\u201c a je\u0161t\u011b men\u0161\u00ed kousek od \u201eHradu\u201c. Tohle je terno, kter\u00e9 \u017e\u00e1dn\u00e9 velkom\u011bsto v Evrop\u011b nem\u00e1. Mus\u00edme (nejen ze z\u00e1kona) tuto kriticky vz\u00e1cnou oblast chr\u00e1nit!<\/p>\n<p>&nbsp;<\/p>\n<p>V\u00edt\u011bzslav Praks 16.10.2019<\/p>\n<p>&nbsp;<\/p>\n<p><strong>Ostatn\u00ed dokumenty k t\u00e9to kauze<\/strong><\/p>\n<p>Pozv\u00e1nka na demonstraci:\u00a0<a href=\"http:\/\/obcanskymonitoring.cz\/?p=6687\">Demonstrace: Magistr\u00e1te! Nestav\u011bj ve Velk\u00e9 strahovsk\u00e9 zahrad\u011b na Pet\u0159\u00edn\u011b!!!<\/a><\/p>\n<p><a href=\"https:\/\/www.facebook.com\/events\/756718854750882\/\">Facebookov\u00e1 str\u00e1nka demonstrace<\/a>\u00a0\u2013 p\u0159idejte se, jestli s protestem souhlas\u00edte a pozv\u011bte zn\u00e1m\u00e9.<\/p>\n<p><a href=\"http:\/\/obcanskymonitoring.cz\/?p=6793\"><span data-sheets-value=\"{&quot;1&quot;:2,&quot;2&quot;:&quot;Pet\u0159\u00ednsk\u00e1 kauza: P\u0159ehled ji\u017e publikovan\u00fdch \u010dl\u00e1nk\u016f (re\u0161er\u0161e z tisku)&quot;}\" data-sheets-userformat=\"{&quot;2&quot;:513,&quot;3&quot;:{&quot;1&quot;:0},&quot;12&quot;:0}\">Pet\u0159\u00ednsk\u00e1 kauza: P\u0159ehled ji\u017e publikovan\u00fdch \u010dl\u00e1nk\u016f (re\u0161er\u0161e z tisku)<\/span><\/a><\/p>\n<p><a href=\"https:\/\/drive.google.com\/open?id=1uw4mtG2A79nw-9ydRjWgXSm9_mtUnTR4\">Plak\u00e1tek s pozv\u00e1nkou na demonstraci \u2013 Vytiskn\u011bte, vyv\u011b\u0161te na ve\u0159ejn\u00fdch m\u00edstech a rozd\u00e1vejte pros\u00edm.<\/a><\/p>\n<p><a href=\"https:\/\/www.praha1.cz\/petrin-prohlednete-si-navrhy\/\">Prezentace navrhovan\u00e9 zm\u011bny na str\u00e1nk\u00e1ch Prahy 1<\/a><\/p>\n<p><a href=\"https:\/\/drive.google.com\/drive\/u\/0\/folders\/1rVhz-vYTrEGwETRTh1VkG2J2_TT3uZi-\">Kompletn\u00ed projekt ke shl\u00e9dnut\u00ed zde.<\/a><\/p>\n<div data-counters='1' data-style='square' data-size='regular' data-url='https:\/\/obcanskymonitoring.cz\/?p=6649' data-title='Pet\u0159\u00ednsk\u00e1 kauza: Interpelace na Magistr\u00e1t hlavn\u00edho m\u011bsta Prahy' class='linksalpha_container linksalpha_app_3'><a href='\/\/www.linksalpha.com\/share?network='facebook' class='linksalpha_icon_facebook'><\/a><a href='\/\/www.linksalpha.com\/share?network='twitter' class='linksalpha_icon_twitter'><\/a><a href='\/\/www.linksalpha.com\/share?network='googleplus' class='linksalpha_icon_googleplus'><\/a><a href='\/\/www.linksalpha.com\/share?network='mail' class='linksalpha_icon_mail'><\/a><\/div><div data-position='' data-url='https:\/\/obcanskymonitoring.cz\/?p=6649' data-title='Pet\u0159\u00ednsk\u00e1 kauza: Interpelace na Magistr\u00e1t hlavn\u00edho m\u011bsta Prahy' class='linksalpha_container linksalpha_app_7'><a href='\/\/www.linksalpha.com\/share?network='facebook' class='linksalpha_icon_facebook'><\/a><a href='\/\/www.linksalpha.com\/share?network='twitter' class='linksalpha_icon_twitter'><\/a><a href='\/\/www.linksalpha.com\/share?network='googleplus' class='linksalpha_icon_googleplus'><\/a><a href='\/\/www.linksalpha.com\/share?network='mail' class='linksalpha_icon_mail'><\/a><\/div>","protected":false},"excerpt":{"rendered":"<p>&nbsp;1,379&nbsp;total views Publikuji zde text interpelace na\u00a0Magistr\u00e1t hlavn\u00edho m\u011bsta Prahy ve v\u011bci z\u00e1m\u011bru stav\u011bt v pet\u0159\u00ednsk\u00fdch zahrad\u00e1ch. &nbsp; \u010cl\u00e1nek z Reflexu popisuj\u00edc\u00ed kauzu:\u00a0Pra\u017e\u0161t\u00ed \u00fa\u0159edn\u00edci \u00fato\u010d\u00ed na Pet\u0159\u00edn, cht\u011bj\u00ed ho p\u0159estav\u011bt a zaplavit turisty. Jak ho maj\u00ed lid\u00e9 r\u00e1di, je nezaj\u00edm\u00e1 Prezentace navrhovan\u00e9 zm\u011bny na str\u00e1nk\u00e1ch Prahy 1<\/p>\n","protected":false},"author":2,"featured_media":0,"comment_status":"open","ping_status":"open","sticky":true,"template":"","format":"standard","meta":[],"categories":[10,29],"tags":[],"_links":{"self":[{"href":"https:\/\/obcanskymonitoring.cz\/index.php?rest_route=\/wp\/v2\/posts\/6649"}],"collection":[{"href":"https:\/\/obcanskymonitoring.cz\/index.php?rest_route=\/wp\/v2\/posts"}],"about":[{"href":"https:\/\/obcanskymonitoring.cz\/index.php?rest_route=\/wp\/v2\/types\/post"}],"author":[{"embeddable":true,"href":"https:\/\/obcanskymonitoring.cz\/index.php?rest_route=\/wp\/v2\/users\/2"}],"replies":[{"embeddable":true,"href":"https:\/\/obcanskymonitoring.cz\/index.php?rest_route=%2Fwp%2Fv2%2Fcomments&post=6649"}],"version-history":[{"count":4,"href":"https:\/\/obcanskymonitoring.cz\/index.php?rest_route=\/wp\/v2\/posts\/6649\/revisions"}],"predecessor-version":[{"id":6832,"href":"https:\/\/obcanskymonitoring.cz\/index.php?rest_route=\/wp\/v2\/posts\/6649\/revisions\/6832"}],"wp:attachment":[{"href":"https:\/\/obcanskymonitoring.cz\/index.php?rest_route=%2Fwp%2Fv2%2Fmedia&parent=6649"}],"wp:term":[{"taxonomy":"category","embeddable":true,"href":"https:\/\/obcanskymonitoring.cz\/index.php?rest_route=%2Fwp%2Fv2%2Fcategories&post=6649"},{"taxonomy":"post_tag","embeddable":true,"href":"https:\/\/obcanskymonitoring.cz\/index.php?rest_route=%2Fwp%2Fv2%2Ftags&post=6649"}],"curies":[{"name":"wp","href":"https:\/\/api.w.org\/{rel}","templated":true}]}}