{"id":6658,"date":"2019-10-17T13:04:30","date_gmt":"2019-10-17T13:04:30","guid":{"rendered":"http:\/\/obcanskymonitoring.cz\/?p=6658"},"modified":"2019-11-02T09:31:48","modified_gmt":"2019-11-02T09:31:48","slug":"petrinska-kauza-jak-pamatkari-povolovali","status":"publish","type":"post","link":"https:\/\/obcanskymonitoring.cz\/?p=6658","title":{"rendered":"Pet\u0159\u00ednsk\u00e1 kauza: Jak pam\u00e1tk\u00e1\u0159i povolovali&#8230;"},"content":{"rendered":"<div class=\"pvc_clear\"><\/div>\n<p class=\"pvc_stats total_only \" data-element-id=\"6658\" style=\"\"><i class=\"pvc-stats-icon medium\" aria-hidden=\"true\"><svg xmlns=\"http:\/\/www.w3.org\/2000\/svg\" version=\"1.0\" viewBox=\"0 0 502 315\" preserveAspectRatio=\"xMidYMid meet\"><g transform=\"translate(0,332) scale(0.1,-0.1)\" fill=\"\" stroke=\"none\"><path d=\"M2394 3279 l-29 -30 -3 -207 c-2 -182 0 -211 15 -242 39 -76 157 -76 196 0 15 31 17 60 15 243 l-3 209 -33 29 c-26 23 -41 29 -80 29 -41 0 -53 -5 -78 -31z\"\/><path d=\"M3085 3251 c-45 -19 -58 -50 -96 -229 -47 -217 -49 -260 -13 -295 52 -53 146 -42 177 20 16 31 87 366 87 410 0 70 -86 122 -155 94z\"\/><path d=\"M1751 3234 c-13 -9 -29 -31 -37 -50 -12 -29 -10 -49 21 -204 19 -94 39 -189 45 -210 14 -50 54 -80 110 -80 34 0 48 6 76 34 21 21 34 44 34 59 0 14 -18 113 -40 219 -37 178 -43 195 -70 221 -36 32 -101 37 -139 11z\"\/><path d=\"M1163 3073 c-36 -7 -73 -59 -73 -102 0 -56 133 -378 171 -413 34 -32 83 -37 129 -13 70 36 67 87 -16 290 -86 209 -89 214 -129 231 -35 14 -42 15 -82 7z\"\/><path d=\"M3689 3066 c-15 -9 -33 -30 -42 -48 -48 -103 -147 -355 -147 -375 0 -98 131 -148 192 -74 13 15 57 108 97 206 80 196 84 226 37 273 -30 30 -99 39 -137 18z\"\/><path d=\"M583 2784 c-38 -19 -67 -74 -58 -113 9 -42 211 -354 242 -373 16 -10 45 -18 66 -18 51 0 107 52 107 100 0 39 -1 41 -124 234 -80 126 -108 162 -133 173 -41 17 -61 16 -100 -3z\"\/><path d=\"M4250 2784 c-14 -9 -74 -91 -133 -183 -95 -150 -107 -173 -107 -213 0 -55 33 -94 87 -104 67 -13 90 8 211 198 130 202 137 225 78 284 -27 27 -42 34 -72 34 -22 0 -50 -8 -64 -16z\"\/><path d=\"M2275 2693 c-553 -48 -1095 -270 -1585 -649 -135 -104 -459 -423 -483 -476 -23 -49 -22 -139 2 -186 73 -142 361 -457 571 -626 285 -228 642 -407 990 -497 242 -63 336 -73 660 -74 310 0 370 5 595 52 535 111 1045 392 1455 803 122 121 250 273 275 326 19 41 19 137 0 174 -41 79 -309 363 -465 492 -447 370 -946 591 -1479 653 -113 14 -422 18 -536 8z m395 -428 c171 -34 330 -124 456 -258 112 -119 167 -219 211 -378 27 -96 24 -300 -5 -401 -72 -255 -236 -447 -474 -557 -132 -62 -201 -76 -368 -76 -167 0 -236 14 -368 76 -213 98 -373 271 -451 485 -162 444 86 934 547 1084 153 49 292 57 452 25z m909 -232 c222 -123 408 -262 593 -441 76 -74 138 -139 138 -144 0 -16 -233 -242 -330 -319 -155 -123 -309 -223 -461 -299 l-81 -41 32 46 c18 26 49 83 70 128 143 306 141 649 -6 957 -25 52 -61 116 -79 142 l-34 47 45 -20 c26 -10 76 -36 113 -56z m-2057 25 c-40 -58 -105 -190 -130 -263 -110 -324 -59 -707 132 -981 25 -35 42 -64 37 -64 -19 0 -241 119 -326 174 -188 122 -406 314 -532 468 l-58 71 108 103 c185 178 428 349 672 473 66 33 121 60 123 61 2 0 -10 -19 -26 -42z\"\/><path d=\"M2375 1950 c-198 -44 -350 -190 -395 -379 -18 -76 -8 -221 19 -290 114 -284 457 -406 731 -260 98 52 188 154 231 260 27 69 37 214 19 290 -38 163 -166 304 -326 360 -67 23 -215 33 -279 19z\"\/><\/g><\/svg><\/i> &nbsp;1,409&nbsp;total views<\/p>\n<div class=\"pvc_clear\"><\/div>\n<p><a href=\"http:\/\/obcanskymonitoring.cz\/?attachment_id=6591\" rel=\"attachment wp-att-6591\"><img loading=\"lazy\" class=\"alignnone size-medium wp-image-6591\" src=\"http:\/\/obcanskymonitoring.cz\/wp-content\/uploads\/2019\/06\/Petrin-300x153.jpg\" alt=\"\" width=\"300\" height=\"153\" srcset=\"https:\/\/obcanskymonitoring.cz\/wp-content\/uploads\/2019\/06\/Petrin-300x153.jpg 300w, https:\/\/obcanskymonitoring.cz\/wp-content\/uploads\/2019\/06\/Petrin-768x392.jpg 768w, https:\/\/obcanskymonitoring.cz\/wp-content\/uploads\/2019\/06\/Petrin.jpg 912w\" sizes=\"(max-width: 300px) 100vw, 300px\" \/><\/a><\/p>\n<p><!--more--><\/p>\n<p>Cituji z povolova\u010dky pam\u00e1tk\u00e1\u0159\u016f:,\u00a0<a href=\"https:\/\/drive.google.com\/open?id=1tASOXTQ4EINLnRxn5pA1_M7frqJo0D4i\">Sezn\u00e1men\u00ed \u00fa\u010dastn\u00edka \u0159\u00edzen\u00ed s podklady pro vyd\u00e1n\u00ed z\u00e1vazn\u00e9ho stanoviska MHMP-OPP<\/a>:<\/p>\n<p>&nbsp;<\/p>\n<p>&#8220;Velk\u00e1 strahovsk\u00e1 zahrada, kter\u00e1 historicky souvis\u00ed s komplexem kl\u00e1\u0161tern\u00edch zahrad, p\u0159edstavuje v centru Prahy jedine\u010dn\u00fd p\u0159\u00edrodn\u00ed fenom\u00e9n. Je pozoruhodn\u00e9, \u017ee se poda\u0159ilo do sou\u010dasnosti uchovat tuto rozlehlou zahradu, kter\u00e1 tvo\u0159\u00ed mimo\u0159\u00e1dn\u011b p\u016fsobiv\u00fd p\u0159\u00edrodn\u00ed r\u00e1mec Strahovsk\u00e9mu kl\u00e1\u0161teru.<br \/>\nJak\u00e1koliv nov\u00e1 z\u00e1stavba v tomto prostoru ub\u00edr\u00e1 zahrad\u011b na jej\u00ed v\u00fdjime\u010dn\u00e9 hodnot\u011b.&#8221;<\/p>\n<p>&nbsp;<\/p>\n<p>A d\u00e1le:<\/p>\n<p>&nbsp;<\/p>\n<p>&#8220;Velk\u00e1 strahovsk\u00e1 zahrada vznikla na \u00fazem\u00ed, kter\u00e9 v\u011bnoval kn\u00ed\u017ee Vladislav II. v roce 1140 \u0159\u00e1du premonstr\u00e1t\u016f k zalo\u017een\u00ed kl\u00e1\u0161tera. Je\u0161t\u011b v 19. stolet\u00ed pat\u0159ila \u010d\u00e1st dne\u0161n\u00ed Velk\u00e9 strahovsk\u00e9 zahrady do Konventn\u00ed zahrady a \u010d\u00e1st v\u010detn\u011b Vyhl\u00eddky s vinic\u00ed do Opatsk\u00e9 zahrady. O hospod\u00e1\u0159sk\u00fd rozvoj \u00fazem\u00ed poni\u010den\u00e9ho husitsk\u00fdmi bou\u0159emi v roce 140, se zaslou\u017eil opat kl\u00e1\u0161tera Jan Lohel, kter\u00fd v letech 1586-1612 dal p\u0159estav\u011bt rom\u00e1nsk\u00fd vodovod, vy\u010distit prameny na v\u00fdchodn\u00edch svaz\u00edch Pet\u0159\u00edna a jejich sveden\u00edm podzemn\u00edmi \u0161tolami zajistil pot\u0159ebnou z\u00e1vlahu pro vinice a u\u017eitkovou zahradu. V roce 1621 byl Jan Lohel zvolen pra\u017esk\u00fdm arcibiskupem. Ve snah\u00e1ch o zvelebov\u00e1n\u00ed zahrady pokra\u010doval jeho n\u00e1stupce opat Ka\u0161par z Questenberka a podp\u0159evod Armand Fabius, kter\u00fd se zaslou\u017eil p\u0159edev\u0161\u00edm o v\u00fdsadbu d\u0159evin.&#8221;<\/p>\n<p>&#8220;Zam\u00fd\u0161len\u00e1 stavebn\u00ed \u010dinnost se m\u00e1 prov\u00e1d\u011bt na \u00fazem\u00ed s archeologick\u00fdmi n\u00e1lezy a stavebn\u00edk m\u00e1 tedy ji\u017e od doby p\u0159\u00edpravy stavby oznamovac\u00ed povinnost dle \u00a7 22 odst. 2 z\u00e1kona \u010d. 20\/1987 Sb., o st\u00e1tn\u00ed pam\u00e1tkov\u00e9 p\u00e9\u010di, ve zn\u011bn\u00ed pozd\u011bj\u0161\u00edch p\u0159edpis\u016f, v\u016f\u010di Archeologick\u00e9mu \u00fastavu.<br \/>\nStavebn\u00edk je povinen umo\u017enit Archeologick\u00e9mu \u00fastavu nebo opr\u00e1vn\u011bn\u00e9 organizaci prov\u00e9st na dot\u010den\u00e9m \u00fazem\u00ed z\u00e1chrann\u00fd archeologick\u00fd pr\u016fzkum. Jeho zaji\u0161t\u011bn\u00ed je nutno projednat v dostate\u010dn\u00e9m p\u0159edstihu p\u0159ed zah\u00e1jen\u00edm v\u00fdkopov\u00fdch prac\u00ed a stavebn\u00ed \u010dinnosti.&#8221;<\/p>\n<p><a href=\"https:\/\/drive.google.com\/open?id=1sSGAFQMHzM_Xij-lru2YV58a15EFFfqF\">Stanovisko Pam\u00e1tk\u00e1\u0159\u016f MHMP, cel\u00fd dokument zde:<\/a><\/p>\n<p>Kdy\u017e nap\u00ed\u0161ou pam\u00e1tk\u00e1\u0159i toto v\u0161echno, pro\u010d v z\u00e1v\u011bru projekt povol\u00ed?<\/p>\n<p>Cituji ze <a href=\"https:\/\/drive.google.com\/open?id=1sSGAFQMHzM_Xij-lru2YV58a15EFFfqF\">Z\u00e1vazn\u00e9ho stanoviska Odd\u011blen\u00ed pam\u00e1tkov\u00e9 p\u00e9\u010de MHMP<\/a><\/p>\n<p><em>&#8220;Proveden\u00ed navrhovan\u00fdch prac\u00ed v rozsahu p\u0159edlo\u017een\u00e9 projektov\u00e9 dokumentace pro \u00fazemn\u00ed rozhodnut\u00ed &#8220;Z\u00e1zem\u00ed zahradn\u00ed \u00fadr\u017eby a ve\u0159ejn\u00e9 WC&#8221;,\u00a0 je z hlediska z\u00e1jm\u016f st\u00e1tn\u00ed pam\u00e1tkov\u00e9 p\u00e9\u010de p\u0159\u00edpustn\u00e9<strong> bez podm\u00ednek.<\/strong>&#8221; (vytu\u010dnil VP)<\/em><\/p>\n<p>To nen\u00e1padn\u00e9 &#8220;bez podm\u00ednek&#8221; stoj\u00ed za upozorn\u011bn\u00ed, p\u016fvodn\u00ed povolen\u00ed od NPU toti\u017e bylo povolen\u00ed s pom\u00ednkou. Povinnost splnit podm\u00ednky v\u0161ak Pam\u00e1tk\u00e1\u0159i p\u0159i MHMP zbavili.<\/p>\n<p>&nbsp;<\/p>\n<p>Podeps\u00e1n &#8211; Mgr. Ji\u0159\u00ed Skalick\u00fd, \u0159editel odboru<\/p>\n<p>&nbsp;<\/p>\n<p><a href=\"http:\/\/obcanskymonitoring.cz\/?attachment_id=6662\" rel=\"attachment wp-att-6662\"><img loading=\"lazy\" class=\"alignnone size-medium wp-image-6662\" src=\"http:\/\/obcanskymonitoring.cz\/wp-content\/uploads\/2019\/10\/Skalicky-300x169.png\" alt=\"\" width=\"300\" height=\"169\" srcset=\"https:\/\/obcanskymonitoring.cz\/wp-content\/uploads\/2019\/10\/Skalicky-300x169.png 300w, https:\/\/obcanskymonitoring.cz\/wp-content\/uploads\/2019\/10\/Skalicky-768x432.png 768w, https:\/\/obcanskymonitoring.cz\/wp-content\/uploads\/2019\/10\/Skalicky-1024x576.png 1024w, https:\/\/obcanskymonitoring.cz\/wp-content\/uploads\/2019\/10\/Skalicky.png 1152w\" sizes=\"(max-width: 300px) 100vw, 300px\" \/><\/a><\/p>\n<p>&nbsp;<\/p>\n<p>P\u0159ipome\u0148me si p\u016fvodn\u00ed podm\u00ednky, jak jej definoval NPU:<\/p>\n<p>&nbsp;<\/p>\n<p>N\u00e1rodn\u00ed pam\u00e1tkov\u00fd \u00fastav na z\u00e1klad\u011b prostudov\u00e1n\u00ed p\u0159edlo\u017een\u00fdch podklad\u016f a znalosti situace konstatuje, \u017ee realizace prac\u00ed dle p\u0159edlo\u017een\u00e9 dokumentace bude v souladu se z\u00e1jmem ochrany v\u00fd\u0161e uveden\u00fdch kulturn\u011bhistorick\u00fdch hodnot za t\u011bchto podm\u00ednek:<\/p>\n<p>&#8220;1) P\u0159i realizaci do\u010dasn\u00e9ho pa\u017een\u00ed stavebn\u00ed j\u00e1my nesm\u00ed b\u00fdt po\u0161kozena konstrukce odvod\u0148ovac\u00ed \u0161toly \u010d. XVIII.<br \/>\n2) Zasmluvn\u011bn\u00e1 opr\u00e1vn\u011bn\u00e1 organizace k prov\u00e1d\u011bn\u00ed archeologick\u00fdch v\u00fdzkum\u016f bude informovan\u00e1 o harmonogramu prac\u00ed u\u017e p\u0159i p\u0159\u00edpravn\u00fdch prac\u00edch projektu (zvl\u00e1\u0161t\u011b p\u0159i p\u0159elo\u017ek\u00e1ch s\u00edt\u00ed a skr\u00fdce ornice), aby mohla prov\u00e9st archeologick\u00fd v\u00fdzkum formou dohledu.<\/p>\n<p>&nbsp;<\/p>\n<p><strong>Zd\u016fvodn\u011bn\u00ed<\/strong><br \/>\nZachov\u00e1n\u00ed zm\u00edn\u011bn\u00e9 jedine\u010dn\u00e9 hodnoty dan\u00e9ho prostoru znamen\u00e1 ponechat tento prostor voln\u017e, v sadov\u00e9 a zahradn\u00ed \u00faprav\u011b. Navr\u017een\u00e9 z\u00e1zem\u00ed pro \u00fadr\u017ebu s ve\u0159ejn\u00fdm WC p\u0159edstavuje maxim\u00e1ln\u00ed mo\u017enou m\u00edru stavebn\u00ed aktivity v \u00fazem\u00ed. Jakoukoliv dal\u0161\u00ed stavebn\u00ed \u010dinnost\u00ed by byl nevratn\u011b po\u0161kozen nejen prostor vlastn\u00ed zahrady, ale patrn\u011b i souvisej\u00edc\u00ed obraz a panorama m\u011bsta. Prostor je n\u00e1v\u0161t\u011bvnicky exponovan\u00fd a je zde p\u0159irozen\u00fd tlak nab\u00eddnout komer\u010dn\u00ed aktivity zam\u011b\u0159en\u00e9 na tyto n\u00e1v\u0161t\u011bvn\u00edky. V minul\u00fdch letech bylo v r\u00e1mci tehdy projedn\u00e1van\u00e9ho projektu zahradn\u00edho z\u00e1zem\u00ed (situovan\u00e9ho na jin\u00e9m m\u00edst\u011b) prosazovan\u00e9 z\u0159\u00edzen\u00ed restaura\u010dn\u00edho za\u0159\u00edzen\u00ed. Podobn\u00e9 mo\u017enosti se otv\u00edraj\u00ed i se st\u00e1vaj\u00edc\u00edm projektem. Vytvo\u0159en\u00ed odpo\u010dinkov\u00e9 plochy v pravo\u00fahl\u00e9m \u00fastupku zdi nevylu\u010duje v tomto prostoru mo\u017enost \u00fa\u010delov\u00e9 dostavby nap\u0159. pro provozovnu ob\u010derstven\u00ed. Re\u00e1ln\u011b zde tedy existuje mo\u017enost po\u0161kozen\u00ed prost\u0159ed\u00ed a pam\u00e1tkov\u00e1 p\u00e9\u010de mus\u00ed trvat na striktn\u00edm po\u017eadavku jeho zachov\u00e1n\u00ed pokud mo\u017eno bez nov\u00fdch vstup\u016f. Jde o \u00fazem\u00ed s nejvy\u0161\u0161\u00ed mo\u017enou pam\u00e1tkovou ochranou z zemi.&#8221;<\/p>\n<p><a href=\"https:\/\/drive.google.com\/open?id=1Bd1CwP9Q36fnZbpFJf-wN0151_MZqbvm\">Citace zde<\/a><\/p>\n<p>&nbsp;<\/p>\n<p>NPU tak definoval stavebn\u00edkovi &#8211; Magistr\u00e1tu povinnosti a Odbor pam\u00e1tkov\u00e9 p\u00e9\u010de p\u0159i Magistr\u00e1tu stavebn\u00edka &#8211; Magistr\u00e1t t\u00e9to povinnosti zbavil.<\/p>\n<p>V\u00edtejte v \u010cesku, v\u00edtejte v Praze!<\/p>\n<p>Pov\u00e1d\u00e1me podn\u011bt na Pam\u00e1tkovou inspekci a\u00a0pos\u00edl\u00e1me panu Skalick\u00e9mu <a href=\"https:\/\/www.youtube.com\/watch?v=q2HPctjQZTw\">p\u00edsni\u010dku<\/a>!<\/p>\n<p>&nbsp;<\/p>\n<p>V\u0161echny povolen\u00ed od pam\u00e1tk\u00e1\u0159\u016f si m\u016f\u017eete p\u0159e\u010d\u00edst <a href=\"https:\/\/drive.google.com\/drive\/u\/0\/folders\/15Vt4CinzAHhvy5kJbRwSpJNQDAF2CksD\">zde<\/a>:<\/p>\n<p>Povolen\u00ed od org\u00e1n\u016f ochrany \u017eivotn\u00edho prost\u0159ed\u00ed si m\u016f\u017eete p\u0159e\u010d\u00edst <a href=\"https:\/\/drive.google.com\/drive\/u\/0\/folders\/1Hz8URkLnjHEMHYlwUWGUrfIoqLOEcw78\">zde<\/a>.<\/p>\n<p>&nbsp;<\/p>\n<p>Interpelaci na radn\u00ed a zastupitele MHMP si m\u016f\u017eete p\u0159e\u010d\u00edst <a href=\"http:\/\/obcanskymonitoring.cz\/?p=6649\">zde<\/a>.<\/p>\n<p>&nbsp;<\/p>\n<p>&nbsp;<\/p>\n<p>V\u00edt\u011bzslav Praks 17.10.2019<\/p>\n<p>&nbsp;<\/p>\n<p><strong>Ostatn\u00ed dokumenty k t\u00e9to kauze<\/strong><\/p>\n<p>Pozv\u00e1nka na demonstraci:\u00a0<a href=\"http:\/\/obcanskymonitoring.cz\/?p=6687\">Demonstrace: Magistr\u00e1te! Nestav\u011bj ve Velk\u00e9 strahovsk\u00e9 zahrad\u011b na Pet\u0159\u00edn\u011b!!!<\/a><\/p>\n<p><a href=\"https:\/\/www.facebook.com\/events\/756718854750882\/\">Facebookov\u00e1 str\u00e1nka demonstrace<\/a>\u00a0\u2013 p\u0159idejte se, jestli s protestem souhlas\u00edte a pozv\u011bte zn\u00e1m\u00e9.<\/p>\n<p><a href=\"http:\/\/obcanskymonitoring.cz\/?p=6793\"><span data-sheets-value=\"{&quot;1&quot;:2,&quot;2&quot;:&quot;Pet\u0159\u00ednsk\u00e1 kauza: P\u0159ehled ji\u017e publikovan\u00fdch \u010dl\u00e1nk\u016f (re\u0161er\u0161e z tisku)&quot;}\" data-sheets-userformat=\"{&quot;2&quot;:513,&quot;3&quot;:{&quot;1&quot;:0},&quot;12&quot;:0}\">Pet\u0159\u00ednsk\u00e1 kauza: P\u0159ehled ji\u017e publikovan\u00fdch \u010dl\u00e1nk\u016f (re\u0161er\u0161e z tisku)<\/span><\/a><\/p>\n<p><a href=\"https:\/\/drive.google.com\/open?id=1uw4mtG2A79nw-9ydRjWgXSm9_mtUnTR4\">Plak\u00e1tek s pozv\u00e1nkou na demonstraci \u2013 Vytiskn\u011bte, vyv\u011b\u0161te na ve\u0159ejn\u00fdch m\u00edstech a rozd\u00e1vejte pros\u00edm.<\/a><\/p>\n<p><a href=\"https:\/\/www.praha1.cz\/petrin-prohlednete-si-navrhy\/\">Prezentace navrhovan\u00e9 zm\u011bny na str\u00e1nk\u00e1ch Prahy 1<\/a><\/p>\n<p><a href=\"https:\/\/drive.google.com\/drive\/u\/0\/folders\/1rVhz-vYTrEGwETRTh1VkG2J2_TT3uZi-\">Kompletn\u00ed projekt ke shl\u00e9dnut\u00ed zde.<\/a><\/p>\n<div data-counters='1' data-style='square' data-size='regular' data-url='https:\/\/obcanskymonitoring.cz\/?p=6658' data-title='Pet\u0159\u00ednsk\u00e1 kauza: Jak pam\u00e1tk\u00e1\u0159i povolovali&#8230;' class='linksalpha_container linksalpha_app_3'><a href='\/\/www.linksalpha.com\/share?network='facebook' class='linksalpha_icon_facebook'><\/a><a href='\/\/www.linksalpha.com\/share?network='twitter' class='linksalpha_icon_twitter'><\/a><a href='\/\/www.linksalpha.com\/share?network='googleplus' class='linksalpha_icon_googleplus'><\/a><a href='\/\/www.linksalpha.com\/share?network='mail' class='linksalpha_icon_mail'><\/a><\/div><div data-position='' data-url='https:\/\/obcanskymonitoring.cz\/?p=6658' data-title='Pet\u0159\u00ednsk\u00e1 kauza: Jak pam\u00e1tk\u00e1\u0159i povolovali&#8230;' class='linksalpha_container linksalpha_app_7'><a href='\/\/www.linksalpha.com\/share?network='facebook' class='linksalpha_icon_facebook'><\/a><a href='\/\/www.linksalpha.com\/share?network='twitter' class='linksalpha_icon_twitter'><\/a><a href='\/\/www.linksalpha.com\/share?network='googleplus' class='linksalpha_icon_googleplus'><\/a><a href='\/\/www.linksalpha.com\/share?network='mail' class='linksalpha_icon_mail'><\/a><\/div>","protected":false},"excerpt":{"rendered":"<p>&nbsp;1,409&nbsp;total views<\/p>\n","protected":false},"author":2,"featured_media":0,"comment_status":"open","ping_status":"open","sticky":true,"template":"","format":"standard","meta":[],"categories":[41,10,29],"tags":[],"_links":{"self":[{"href":"https:\/\/obcanskymonitoring.cz\/index.php?rest_route=\/wp\/v2\/posts\/6658"}],"collection":[{"href":"https:\/\/obcanskymonitoring.cz\/index.php?rest_route=\/wp\/v2\/posts"}],"about":[{"href":"https:\/\/obcanskymonitoring.cz\/index.php?rest_route=\/wp\/v2\/types\/post"}],"author":[{"embeddable":true,"href":"https:\/\/obcanskymonitoring.cz\/index.php?rest_route=\/wp\/v2\/users\/2"}],"replies":[{"embeddable":true,"href":"https:\/\/obcanskymonitoring.cz\/index.php?rest_route=%2Fwp%2Fv2%2Fcomments&post=6658"}],"version-history":[{"count":5,"href":"https:\/\/obcanskymonitoring.cz\/index.php?rest_route=\/wp\/v2\/posts\/6658\/revisions"}],"predecessor-version":[{"id":6830,"href":"https:\/\/obcanskymonitoring.cz\/index.php?rest_route=\/wp\/v2\/posts\/6658\/revisions\/6830"}],"wp:attachment":[{"href":"https:\/\/obcanskymonitoring.cz\/index.php?rest_route=%2Fwp%2Fv2%2Fmedia&parent=6658"}],"wp:term":[{"taxonomy":"category","embeddable":true,"href":"https:\/\/obcanskymonitoring.cz\/index.php?rest_route=%2Fwp%2Fv2%2Fcategories&post=6658"},{"taxonomy":"post_tag","embeddable":true,"href":"https:\/\/obcanskymonitoring.cz\/index.php?rest_route=%2Fwp%2Fv2%2Ftags&post=6658"}],"curies":[{"name":"wp","href":"https:\/\/api.w.org\/{rel}","templated":true}]}}