{"id":6667,"date":"2019-10-19T09:49:00","date_gmt":"2019-10-19T09:49:00","guid":{"rendered":"http:\/\/obcanskymonitoring.cz\/?p=6667"},"modified":"2019-11-02T09:31:25","modified_gmt":"2019-11-02T09:31:25","slug":"petrinska-kauza-interpelace-na-starostu-a-zastupitele-prahy-1","status":"publish","type":"post","link":"https:\/\/obcanskymonitoring.cz\/?p=6667","title":{"rendered":"Pet\u0159\u00ednsk\u00e1 kauza: interpelace na pana starostu, radn\u00ed a zastupitele Prahy 1"},"content":{"rendered":"<div class=\"pvc_clear\"><\/div>\n<p class=\"pvc_stats total_only \" data-element-id=\"6667\" style=\"\"><i class=\"pvc-stats-icon medium\" aria-hidden=\"true\"><svg xmlns=\"http:\/\/www.w3.org\/2000\/svg\" version=\"1.0\" viewBox=\"0 0 502 315\" preserveAspectRatio=\"xMidYMid meet\"><g transform=\"translate(0,332) scale(0.1,-0.1)\" fill=\"\" stroke=\"none\"><path d=\"M2394 3279 l-29 -30 -3 -207 c-2 -182 0 -211 15 -242 39 -76 157 -76 196 0 15 31 17 60 15 243 l-3 209 -33 29 c-26 23 -41 29 -80 29 -41 0 -53 -5 -78 -31z\"\/><path d=\"M3085 3251 c-45 -19 -58 -50 -96 -229 -47 -217 -49 -260 -13 -295 52 -53 146 -42 177 20 16 31 87 366 87 410 0 70 -86 122 -155 94z\"\/><path d=\"M1751 3234 c-13 -9 -29 -31 -37 -50 -12 -29 -10 -49 21 -204 19 -94 39 -189 45 -210 14 -50 54 -80 110 -80 34 0 48 6 76 34 21 21 34 44 34 59 0 14 -18 113 -40 219 -37 178 -43 195 -70 221 -36 32 -101 37 -139 11z\"\/><path d=\"M1163 3073 c-36 -7 -73 -59 -73 -102 0 -56 133 -378 171 -413 34 -32 83 -37 129 -13 70 36 67 87 -16 290 -86 209 -89 214 -129 231 -35 14 -42 15 -82 7z\"\/><path d=\"M3689 3066 c-15 -9 -33 -30 -42 -48 -48 -103 -147 -355 -147 -375 0 -98 131 -148 192 -74 13 15 57 108 97 206 80 196 84 226 37 273 -30 30 -99 39 -137 18z\"\/><path d=\"M583 2784 c-38 -19 -67 -74 -58 -113 9 -42 211 -354 242 -373 16 -10 45 -18 66 -18 51 0 107 52 107 100 0 39 -1 41 -124 234 -80 126 -108 162 -133 173 -41 17 -61 16 -100 -3z\"\/><path d=\"M4250 2784 c-14 -9 -74 -91 -133 -183 -95 -150 -107 -173 -107 -213 0 -55 33 -94 87 -104 67 -13 90 8 211 198 130 202 137 225 78 284 -27 27 -42 34 -72 34 -22 0 -50 -8 -64 -16z\"\/><path d=\"M2275 2693 c-553 -48 -1095 -270 -1585 -649 -135 -104 -459 -423 -483 -476 -23 -49 -22 -139 2 -186 73 -142 361 -457 571 -626 285 -228 642 -407 990 -497 242 -63 336 -73 660 -74 310 0 370 5 595 52 535 111 1045 392 1455 803 122 121 250 273 275 326 19 41 19 137 0 174 -41 79 -309 363 -465 492 -447 370 -946 591 -1479 653 -113 14 -422 18 -536 8z m395 -428 c171 -34 330 -124 456 -258 112 -119 167 -219 211 -378 27 -96 24 -300 -5 -401 -72 -255 -236 -447 -474 -557 -132 -62 -201 -76 -368 -76 -167 0 -236 14 -368 76 -213 98 -373 271 -451 485 -162 444 86 934 547 1084 153 49 292 57 452 25z m909 -232 c222 -123 408 -262 593 -441 76 -74 138 -139 138 -144 0 -16 -233 -242 -330 -319 -155 -123 -309 -223 -461 -299 l-81 -41 32 46 c18 26 49 83 70 128 143 306 141 649 -6 957 -25 52 -61 116 -79 142 l-34 47 45 -20 c26 -10 76 -36 113 -56z m-2057 25 c-40 -58 -105 -190 -130 -263 -110 -324 -59 -707 132 -981 25 -35 42 -64 37 -64 -19 0 -241 119 -326 174 -188 122 -406 314 -532 468 l-58 71 108 103 c185 178 428 349 672 473 66 33 121 60 123 61 2 0 -10 -19 -26 -42z\"\/><path d=\"M2375 1950 c-198 -44 -350 -190 -395 -379 -18 -76 -8 -221 19 -290 114 -284 457 -406 731 -260 98 52 188 154 231 260 27 69 37 214 19 290 -38 163 -166 304 -326 360 -67 23 -215 33 -279 19z\"\/><\/g><\/svg><\/i> &nbsp;1,603&nbsp;total views<\/p>\n<div class=\"pvc_clear\"><\/div>\n<p><a href=\"http:\/\/obcanskymonitoring.cz\/wp-content\/uploads\/2019\/10\/Petrin-300x153.jpg\"><img loading=\"lazy\" class=\"alignleft size-thumbnail wp-image-6682\" src=\"http:\/\/obcanskymonitoring.cz\/wp-content\/uploads\/2019\/10\/Petrin-300x153-150x150.jpg\" alt=\"\" width=\"150\" height=\"150\" \/><\/a><\/p>\n<p>&nbsp;<\/p>\n<p>&nbsp;<\/p>\n<p>&nbsp;<\/p>\n<p>&nbsp;<\/p>\n<p>&nbsp;<\/p>\n<p>&nbsp;<\/p>\n<p>&nbsp;<\/p>\n<p>P\u0159ikl\u00e1d\u00e1m ot\u00e1zky a podn\u011bty na pana starostu a zastupitele Prahy 1 ohledn\u011b Pet\u0159\u00ednsk\u00e9 kauzy.<\/p>\n<p>Interpelace bude p\u0159ed\u00e1na Praze 1 na jedn\u00e1n\u00ed zastupitelstva Prahy 1 v \u00fater\u00fd 22.10.2019.<\/p>\n<p><!--more--><\/p>\n<p>&nbsp;<\/p>\n<p>V\u00e1\u017een\u00fd pane starosto, v\u00e1\u017een\u00e9 a v\u00e1\u017een\u00ed radn\u00ed a v\u00e1\u017een\u00e9 zastupitelky a v\u00e1\u017een\u00ed zastupitel\u00e9 Prahy 1<\/p>\n<p>Obrac\u00edme se na V\u00e1s ve v\u011bci kontroverzn\u00edho projektu\u00a0\u201eZ\u00e1zem\u00ed zahradn\u00ed \u00fadr\u017eby a ve\u0159ejn\u00e9 WC Praha 1, Hrad\u010dany, Velk\u00e1 strahovsk\u00e1 zahrada\u201c na pozemku parc. \u010d. 255\/1, k.\u00fa. Hrad\u010dany a parc. \u010d. 983 k.\u00fa. Mal\u00e1 Strana ve Velk\u00e9 strahovsk\u00e9 zahrad\u011b.<\/p>\n<p>&#8230;a obrac\u00edme se na V\u00e1s jako ob\u010dan\u00e9, kter\u00e9 zastupujete, s t\u011bmito dotazy a podn\u011bty:<\/p>\n<ol>\n<li>V r\u00e1mci \u00fazemn\u00edho rozhodnut\u00ed je Praha 1 ze z\u00e1kona \u00fa\u010dastn\u00edkem \u00fazemn\u00edho \u0159\u00edzen\u00ed. Pro\u010d tohoto pr\u00e1va (ze z\u00e1kona) Praha 1 nevyu\u017eila k zaji\u0161t\u011bn\u00ed ochrany \u017eivotn\u00edho prost\u0159ed\u00ed ve Velk\u00e9 strahovsk\u00e9 zahrad\u011b v souladu se z\u00e1konem o ochran\u011b p\u0159\u00edrody a krajiny a zejm\u00e9na v souladu se schv\u00e1len\u00fdmi a platn\u00fdmi pl\u00e1ny p\u00e9\u010de o tuto lokalitu? Platn\u00fd pl\u00e1n p\u00e9\u010de o dot\u010den\u00e9 \u00fazem\u00ed si m\u016f\u017eete p\u0159e\u010d\u00edst\u00a0<a href=\"https:\/\/drusop.nature.cz\/ost\/chrobjekty\/zchru\/index.php?SHOW_ONE=1&amp;ID=1206\">zde<\/a>. P\u0159ipom\u00edn\u00e1m, \u017ee st\u00e1tn\u00ed spr\u00e1va m\u00e1 povinnost dodr\u017eovat pl\u00e1n p\u00e9\u010de. &#8211; Vn\u00edmejte tento bod pros\u00edm jako na\u0161i st\u00ed\u017enost.<\/li>\n<li>Investorem a \u017eadatelem stavby je <a href=\"http:\/\/www.praha.eu\/jnp\/cz\/o_meste\/magistrat\/odbory\/index.html?divisionId=619\">Odbor \u017eivotn\u00edho prost\u0159ed\u00ed MHMP<\/a>. &#8211; Schvalovac\u00edm org\u00e1nem byla <a href=\"https:\/\/www.praha1.cz\">Praha 1<\/a>.\u00a0\u00da\u0159ad M\u011bstsk\u00e9 \u010d\u00e1sti Praha 1 povoloval Magistr\u00e1tu hlavn\u00edho m\u011bsta Prahy, a plnil tak jeho p\u0159\u00e1n\u00ed. M\u011bstsk\u00e1 \u010d\u00e1st povoluje m\u011bstu &#8211; samoz\u0159ejm\u011b, \u017ee mu bude cht\u00edt vyhov\u011bt. Doch\u00e1zelo a doch\u00e1z\u00ed tak ke zbyte\u010dn\u011b shov\u00edvav\u00e9mu jedn\u00e1n\u00ed ze strany m\u011bstsk\u00e9 \u010d\u00e1sti v\u016f\u010di m\u011bstu. Na \u00fakor ochrany \u017eivotn\u00edho prost\u0159ed\u00ed a na \u00fakor pam\u00e1tkov\u00e9 p\u00e9\u010de. A na \u00fakor ob\u010dan\u016f. Shov\u00edvavost spat\u0159ujeme v povolen\u00ed k\u00e1cen\u00ed (Odbor \u017eivotn\u00edho prost\u0159ed\u00ed Prahy 1 Odboru \u017eivotn\u00edho prost\u0159ed\u00ed MHMP) a ve shov\u00edvav\u00fdch stanovisc\u00edch Pam\u00e1tk\u00e1\u0159\u016f (ve srovn\u00e1n\u00ed s v\u00fdhradami N\u00e1rodn\u00edho pam\u00e1tkov\u00e9ho \u00fa\u0159adu). &#8211; Bylo povoleno k\u00e1cen\u00ed strom\u016f a 346\u00a0 m2 (sic!) ke\u0159ov\u00fdch porost\u016f &#8211; Praha 1 po\u017eadovala za tento rozsah k\u00e1cen\u00ed n\u00e1hradn\u00ed v\u00fdsadbu pouze 1 strom (sic!), a je\u0161t\u011b jen ovocn\u00fd (t\u0159e\u0161e\u0148). Takto pe\u010duje Praha 1 o Pet\u0159\u00edn? &#8211; Pro\u010d? Kdy\u017e tento typ v\u00fdsadby nen\u00ed v souladu s pl\u00e1nem p\u00e9\u010de o Strahovskou zahradu? Zda-li pak nen\u00ed d\u016fvodem skute\u010dnost, \u017ee ovocn\u00fd strom lze dle platn\u00fdch z\u00e1kon\u016f kdykoliv pok\u00e1cet i bez povolen\u00ed? <a href=\"https:\/\/drive.google.com\/drive\/u\/0\/folders\/1-LDVtvGrvbnmHHcU1qSTnOVJwq7RXko3\">Zde si m\u016f\u017eete p\u0159e\u010d\u00edst pln\u00fd text povolen\u00ed Prahy 1<\/a>. &#8211; \u017d\u00e1d\u00e1me t\u00edmto jmenovit\u011b ka\u017ed\u00e9ho jednotliv\u00e9ho zastupitele Prahy 1, aby\u00a0 pou\u017eil sv\u00e9 pr\u00e1va zastupitele a po\u017e\u00e1dal o pod\u00e1n\u00ed podn\u011btu na p\u0159ezkoum\u00e1n\u00ed tohoto povolen\u00ed <a href=\"https:\/\/www.praha1.cz\/politicka-reprezentace\/vybory\/kontrolni-vybor\/\">Kontroln\u00edm v\u00fdborem Prahy 1<\/a> pro konflikt z\u00e1jm\u016f a p\u0159\u00edli\u0161nou shov\u00edvavost a nez\u00e1konnost rozhodnut\u00ed \u00fa\u0159adu Prahy 1 ve vztahu k MHMP.<\/li>\n<li>\u00a0P\u0159ipom\u00edn\u00e1me, \u017ee v leto\u0161n\u00edm roce ji\u017e na Pet\u0159\u00edn\u011b konstatovala <a href=\"http:\/\/www.cizp.cz\">Inspekce \u017eivotn\u00edho prost\u0159ed\u00ed <\/a>poru\u0161en\u00ed z\u00e1kona u k\u00e1cen\u00ed iniciovan\u00fdch <a href=\"http:\/\/www.praha.eu\/jnp\/cz\/o_meste\/magistrat\/odbory\/index.html?divisionId=619\">Odborem \u017eivotn\u00edho prost\u0159ed\u00ed MHMP<\/a>. Jak\u00e1 opat\u0159en\u00ed \u010din\u00ed Praha 1, aby se situace zlep\u0161ila?\u00a0Dokl\u00e1d\u00e1m citac\u00ed z v\u00fdroku \u010cI\u017dP, kde bylo aktivisty z na\u0161\u00ed skupiny pod\u00e1na st\u00ed\u017enost na \u010ceskou inspekci \u017eivotn\u00edho prost\u0159ed\u00ed ohledn\u011b k\u00e1cen\u00ed v Kinsk\u00e9ho zahrad\u011b.\u00a0 <em>&#8220;Inspekce shledala vady rozhodnut\u00ed MHMP \u010d.j.: MHMP 1849536\/2018 zakl\u00e1daj\u00edc\u00ed d\u016fvody jeho navr\u017een\u00ed na p\u0159ezkum.&#8221; <\/em>Cel\u00fd dokument Inspekce si m\u016f\u017eete p\u0159e\u010d\u00edst <a href=\"https:\/\/drive.google.com\/open?id=1H3XNKS-mTps-SJPyZjhqftcJMCVfxqJd\">zde<\/a>.<\/li>\n<li>Jako ob\u010dan\u00e9 zat\u00edm zm\u011bnu k lep\u0161\u00edmu nepoci\u0165ujeme. Ke k\u00e1cen\u00ed 5.10. 2019 jsme rovn\u011b\u017e byli nuceni podat podn\u011bt na Inspekci \u017eivotn\u00edho prost\u0159ed\u00ed a na Policii \u010cR pro pro\u0161et\u0159en\u00ed p\u0159estupku &#8211; k\u00e1cen\u00ed mimo dobu vegeta\u010dn\u00edho klidu. Jestli\u017ee Inspekce konstatovala ji\u017e letos poru\u0161en\u00ed z\u00e1kona, jak\u00e1 opat\u0159en\u00ed pl\u00e1nuje podniknout Praha 1 ke zlep\u0161en\u00ed tohoto stavu a k ochran\u011b \u017eivotn\u00edho prost\u0159ed\u00ed na Pet\u0159\u00edn\u011b? Investorem a inici\u00e1torem k\u00e1cen\u00ed je odbor \u017divotn\u00edho prost\u0159ed\u00ed MHMP. Plnou z\u00e1konnou zodpov\u011bdnost za ochranu \u017eivotn\u00edho prost\u0159ed\u00ed na katastru Prahy 1 m\u00e1 v\u0161ak Praha 1. Vol\u00e1me V\u00e1s k t\u00e9to zodpov\u011bdnosti a pt\u00e1me se, jak\u00e9 konkr\u00e9tn\u00ed opat\u0159en\u00ed u\u010din\u00edte, aby se stav zlep\u0161il. &#8211; Chceme sly\u0161et konkr\u00e9tn\u00ed opat\u0159en\u00ed, odm\u00edt\u00e1me formulaci, \u017ee jste na\u0161i v\u00fdzvu &#8220;vzali na v\u011bdom\u00ed.&#8221; &#8211; Tento postup u\u017e na n\u00e1s pros\u00edm nezkou\u0161ejte znovu.<\/li>\n<li>Na &#8220;parcel\u00e1ch&#8221; Velk\u00e9 strahovsk\u00e9 zahrady prob\u00edhaj\u00ed p\u0159\u00edpravn\u00e9 pr\u00e1ce, kter\u00e9 jsou v hrub\u00e9m rozporu s pl\u00e1ny p\u00e9\u010de o tuto lokalitu. <a href=\"http:\/\/obcanskymonitoring.cz\/?p=6651\">Fotodokumentace je zde.<\/a> Vyz\u00fdv\u00e1me\u00a0<a href=\"https:\/\/www.praha1.cz\/politicka-reprezentace\/komise\/komise-pro-zivotni-prostredi\/\">Komisi pro \u017eivotn\u00ed prost\u0159ed\u00ed Prahy 1 o reakci a kon\u00e1n\u00ed<\/a>. Jak budete tuto situaci, kterou jste nechali zaj\u00edt takto daleko, \u0159e\u0161it?<\/li>\n<li>Dovolte mi citovat stanovisko <a href=\"https:\/\/www.npu.cz\/cs\">N\u00e1rodn\u00edho pam\u00e1tkov\u00e9ho \u00fa\u0159adu<\/a> k tomuto p\u0159\u00edpadu, kter\u00fd uv\u00e1d\u00ed podez\u0159en\u00ed, \u017ee skute\u010dn\u00fdm d\u016fvodem projektu je vyu\u017eit\u00ed Velk\u00e9 strahovsk\u00e9 zahrady pro komer\u010dn\u00ed aktivity. Cituji ze stanoviska NP\u00da: &#8220;Prostor je n\u00e1v\u0161t\u011bvnicky exponovan\u00fd a je zde p\u0159irozen\u00fd tlak nab\u00eddnout komer\u010dn\u00ed aktivity zam\u011b\u0159en\u00e9 na tyto n\u00e1v\u0161t\u011bvn\u00edky. V minul\u00fdch letech bylo v r\u00e1mci tehdy projedn\u00e1van\u00e9ho projektu zahradn\u00edho z\u00e1zem\u00ed (situovan\u00e9ho na jin\u00e9m m\u00edst\u011b) prosazovan\u00e9 z\u0159\u00edzen\u00ed restaura\u010dn\u00edho za\u0159\u00edzen\u00ed. Podobn\u00e9 mo\u017enosti se otv\u00edraj\u00ed i se st\u00e1vaj\u00edc\u00edm projektem. Vytvo\u0159en\u00ed odpo\u010dinkov\u00e9 plochy v pravo\u00fahl\u00e9m \u00fastupku zdi nevylu\u010duje v tomto prostoru mo\u017enost \u00fa\u010delov\u00e9 dostavby nap\u0159. pro provozovnu ob\u010derstven\u00ed. Re\u00e1ln\u011b zde tedy existuje mo\u017enost po\u0161kozen\u00ed prost\u0159ed\u00ed a pam\u00e1tkov\u00e1 p\u00e9\u010de mus\u00ed trvat na striktn\u00edm po\u017eadavku jeho zachov\u00e1n\u00ed pokud mo\u017eno bez nov\u00fdch vstup\u016f. Jde o \u00fazem\u00ed s nejvy\u0161\u0161\u00ed mo\u017enou pam\u00e1tkovou ochranou v zemi.&#8221; Tolik k tomuto projektu N\u00e1rodn\u00ed pam\u00e1tkov\u00fd \u00fastav. Pane starosto, v\u00e1\u017een\u00ed radn\u00ed a zastupitel\u00e9, nenechte se pros\u00edm op\u00edt rohl\u00edkem, neob\u011btujte prostor Velk\u00e9 Strahovsk\u00e9 zahrady n\u011bjak\u00e9mu \u0161\u00edbrovi, napojen\u00e9mu na MHMP. Neu\u0161pi\u0148te se t\u00edmto projektem. Cel\u00fd dokument NP\u00da k p\u0159e\u010dten\u00ed <a href=\"https:\/\/drive.google.com\/open?id=1Bd1CwP9Q36fnZbpFJf-wN0151_MZqbvm\">zde<\/a>.<\/li>\n<\/ol>\n<p>&nbsp;<\/p>\n<p>&nbsp;<\/p>\n<p><strong>P\u0159\u00edloha<\/strong><\/p>\n<p>&nbsp;<\/p>\n<p>Dovolte mi formou p\u0159\u00edloh i dal\u0161\u00ed citace z dokumentu N\u00e1rodn\u00edho pam\u00e1tkov\u00e9ho \u00fastavu:<\/p>\n<p>&nbsp;<\/p>\n<p>\u201eVelk\u00e1 strahovsk\u00e1 zahrada, kter\u00e1 historicky souvis\u00ed s komplexem kl\u00e1\u0161tern\u00edch zahrad, p\u0159edstavuje v centru Prahy jedine\u010dn\u00fd p\u0159\u00edrodn\u00ed fenom\u00e9n. Je pozoruhodn\u00e9, \u017ee se poda\u0159ilo do sou\u010dasnosti uchovat tuto rozlehlou zahradu, kter\u00e1 tvo\u0159\u00ed mimo\u0159\u00e1dn\u011b p\u016fsobiv\u00fd p\u0159\u00edrodn\u00ed r\u00e1mec Strahovsk\u00e9mu kl\u00e1\u0161teru.<br \/>\nJak\u00e1koliv nov\u00e1 z\u00e1stavba v tomto prostoru ub\u00edr\u00e1 zahrad\u011b na jej\u00ed v\u00fdjime\u010dn\u00e9 hodnot\u011b.\u201c<\/p>\n<p>&nbsp;<\/p>\n<p>A d\u00e1le tamt\u00e9\u017e, v posudku N\u00e1rodn\u00edho pam\u00e1tkov\u00e9ho \u00fastavu:<\/p>\n<p>&nbsp;<\/p>\n<p>\u201eVelk\u00e1 strahovsk\u00e1 zahrada vznikla na \u00fazem\u00ed, kter\u00e9 v\u011bnoval kn\u00ed\u017ee Vladislav II. v roce 1140 \u0159\u00e1du premonstr\u00e1t\u016f k zalo\u017een\u00ed kl\u00e1\u0161tera. Je\u0161t\u011b v 19. stolet\u00ed pat\u0159ila \u010d\u00e1st dne\u0161n\u00ed Velk\u00e9 strahovsk\u00e9 zahrady do Konventn\u00ed zahrady a \u010d\u00e1st v\u010detn\u011b Vyhl\u00eddky s vinic\u00ed do Opatsk\u00e9 zahrady. O hospod\u00e1\u0159sk\u00fd rozvoj \u00fazem\u00ed poni\u010den\u00e9ho husitsk\u00fdmi bou\u0159emi v roce 140, se zaslou\u017eil opat kl\u00e1\u0161tera Jan Lohel, kter\u00fd v letech 1586-1612 dal p\u0159estav\u011bt rom\u00e1nsk\u00fd vodovod, vy\u010distit prameny na v\u00fdchodn\u00edch svaz\u00edch Pet\u0159\u00edna a jejich sveden\u00edm podzemn\u00edmi \u0161tolami zajistil pot\u0159ebnou z\u00e1vlahu pro vinice a u\u017eitkovou zahradu. V roce 1621 byl Jan Lohel zvolen pra\u017esk\u00fdm arcibiskupem. Ve snah\u00e1ch o zvelebov\u00e1n\u00ed zahrady pokra\u010doval jeho n\u00e1stupce opat Ka\u0161par z Questenberka a podp\u0159evod Armand Fabius, kter\u00fd se zaslou\u017eil p\u0159edev\u0161\u00edm o v\u00fdsadbu d\u0159evin.\u201c<\/p>\n<p>\u201eZam\u00fd\u0161len\u00e1 stavebn\u00ed \u010dinnost se m\u00e1 prov\u00e1d\u011bt na \u00fazem\u00ed s archeologick\u00fdmi n\u00e1lezy a stavebn\u00edk m\u00e1 tedy ji\u017e od doby p\u0159\u00edpravy stavby oznamovac\u00ed povinnost dle \u00a7 22 odst. 2 z\u00e1kona \u010d. 20\/1987 Sb., o st\u00e1tn\u00ed pam\u00e1tkov\u00e9 p\u00e9\u010di, ve zn\u011bn\u00ed pozd\u011bj\u0161\u00edch p\u0159edpis\u016f, v\u016f\u010di Archeologick\u00e9mu \u00fastavu.<br \/>\nStavebn\u00edk je povinen umo\u017enit Archeologick\u00e9mu \u00fastavu nebo opr\u00e1vn\u011bn\u00e9 organizaci prov\u00e9st na dot\u010den\u00e9m \u00fazem\u00ed z\u00e1chrann\u00fd archeologick\u00fd pr\u016fzkum. Jeho zaji\u0161t\u011bn\u00ed je nutno projednat v dostate\u010dn\u00e9m p\u0159edstihu p\u0159ed zah\u00e1jen\u00edm v\u00fdkopov\u00fdch prac\u00ed a stavebn\u00ed \u010dinnosti.\u201c<\/p>\n<p><a href=\"https:\/\/drive.google.com\/open?id=1sSGAFQMHzM_Xij-lru2YV58a15EFFfqF\">Stanovisko Pam\u00e1tk\u00e1\u0159\u016f MHMP, cel\u00fd dokument zde:<\/a><\/p>\n<p>&nbsp;<\/p>\n<p>V\u00edt\u011bzslav Praks, 18.10.2019<\/p>\n<p>&nbsp;<\/p>\n<p><strong>Ostatn\u00ed dokumenty k t\u00e9to kauze<\/strong><\/p>\n<p>Pozv\u00e1nka na demonstraci:\u00a0<a href=\"http:\/\/obcanskymonitoring.cz\/?p=6687\">Demonstrace: Magistr\u00e1te! Nestav\u011bj ve Velk\u00e9 strahovsk\u00e9 zahrad\u011b na Pet\u0159\u00edn\u011b!!!<\/a><\/p>\n<p><a href=\"https:\/\/www.facebook.com\/events\/756718854750882\/\">Facebookov\u00e1 str\u00e1nka demonstrace<\/a>\u00a0\u2013 p\u0159idejte se, jestli s protestem souhlas\u00edte a pozv\u011bte zn\u00e1m\u00e9.<\/p>\n<p><a href=\"http:\/\/obcanskymonitoring.cz\/?p=6793\"><span data-sheets-value=\"{&quot;1&quot;:2,&quot;2&quot;:&quot;Pet\u0159\u00ednsk\u00e1 kauza: P\u0159ehled ji\u017e publikovan\u00fdch \u010dl\u00e1nk\u016f (re\u0161er\u0161e z tisku)&quot;}\" data-sheets-userformat=\"{&quot;2&quot;:513,&quot;3&quot;:{&quot;1&quot;:0},&quot;12&quot;:0}\">Pet\u0159\u00ednsk\u00e1 kauza: P\u0159ehled ji\u017e publikovan\u00fdch \u010dl\u00e1nk\u016f (re\u0161er\u0161e z tisku)<\/span><\/a><\/p>\n<p><a href=\"https:\/\/drive.google.com\/open?id=1uw4mtG2A79nw-9ydRjWgXSm9_mtUnTR4\">Plak\u00e1tek s pozv\u00e1nkou na demonstraci \u2013 Vytiskn\u011bte, vyv\u011b\u0161te na ve\u0159ejn\u00fdch m\u00edstech a rozd\u00e1vejte pros\u00edm.<\/a><\/p>\n<p><a href=\"https:\/\/www.praha1.cz\/petrin-prohlednete-si-navrhy\/\">Prezentace navrhovan\u00e9 zm\u011bny na str\u00e1nk\u00e1ch Prahy 1<\/a><\/p>\n<p><a href=\"https:\/\/drive.google.com\/drive\/u\/0\/folders\/1rVhz-vYTrEGwETRTh1VkG2J2_TT3uZi-\">Kompletn\u00ed projekt ke shl\u00e9dnut\u00ed zde.<\/a><\/p>\n<div data-counters='1' data-style='square' data-size='regular' data-url='https:\/\/obcanskymonitoring.cz\/?p=6667' data-title='Pet\u0159\u00ednsk\u00e1 kauza: interpelace na pana starostu, radn\u00ed a zastupitele Prahy 1' class='linksalpha_container linksalpha_app_3'><a href='\/\/www.linksalpha.com\/share?network='facebook' class='linksalpha_icon_facebook'><\/a><a href='\/\/www.linksalpha.com\/share?network='twitter' class='linksalpha_icon_twitter'><\/a><a href='\/\/www.linksalpha.com\/share?network='googleplus' class='linksalpha_icon_googleplus'><\/a><a href='\/\/www.linksalpha.com\/share?network='mail' class='linksalpha_icon_mail'><\/a><\/div><div data-position='' data-url='https:\/\/obcanskymonitoring.cz\/?p=6667' data-title='Pet\u0159\u00ednsk\u00e1 kauza: interpelace na pana starostu, radn\u00ed a zastupitele Prahy 1' class='linksalpha_container linksalpha_app_7'><a href='\/\/www.linksalpha.com\/share?network='facebook' class='linksalpha_icon_facebook'><\/a><a href='\/\/www.linksalpha.com\/share?network='twitter' class='linksalpha_icon_twitter'><\/a><a href='\/\/www.linksalpha.com\/share?network='googleplus' class='linksalpha_icon_googleplus'><\/a><a href='\/\/www.linksalpha.com\/share?network='mail' class='linksalpha_icon_mail'><\/a><\/div>","protected":false},"excerpt":{"rendered":"<p>&nbsp;1,603&nbsp;total views &nbsp; &nbsp; &nbsp; &nbsp; &nbsp; &nbsp; &nbsp; P\u0159ikl\u00e1d\u00e1m ot\u00e1zky a podn\u011bty na pana starostu a zastupitele Prahy 1 ohledn\u011b Pet\u0159\u00ednsk\u00e9 kauzy. Interpelace bude p\u0159ed\u00e1na Praze 1 na jedn\u00e1n\u00ed zastupitelstva Prahy 1 v \u00fater\u00fd 22.10.2019.<\/p>\n","protected":false},"author":2,"featured_media":0,"comment_status":"open","ping_status":"open","sticky":true,"template":"","format":"standard","meta":[],"categories":[23,29],"tags":[],"_links":{"self":[{"href":"https:\/\/obcanskymonitoring.cz\/index.php?rest_route=\/wp\/v2\/posts\/6667"}],"collection":[{"href":"https:\/\/obcanskymonitoring.cz\/index.php?rest_route=\/wp\/v2\/posts"}],"about":[{"href":"https:\/\/obcanskymonitoring.cz\/index.php?rest_route=\/wp\/v2\/types\/post"}],"author":[{"embeddable":true,"href":"https:\/\/obcanskymonitoring.cz\/index.php?rest_route=\/wp\/v2\/users\/2"}],"replies":[{"embeddable":true,"href":"https:\/\/obcanskymonitoring.cz\/index.php?rest_route=%2Fwp%2Fv2%2Fcomments&post=6667"}],"version-history":[{"count":20,"href":"https:\/\/obcanskymonitoring.cz\/index.php?rest_route=\/wp\/v2\/posts\/6667\/revisions"}],"predecessor-version":[{"id":6829,"href":"https:\/\/obcanskymonitoring.cz\/index.php?rest_route=\/wp\/v2\/posts\/6667\/revisions\/6829"}],"wp:attachment":[{"href":"https:\/\/obcanskymonitoring.cz\/index.php?rest_route=%2Fwp%2Fv2%2Fmedia&parent=6667"}],"wp:term":[{"taxonomy":"category","embeddable":true,"href":"https:\/\/obcanskymonitoring.cz\/index.php?rest_route=%2Fwp%2Fv2%2Fcategories&post=6667"},{"taxonomy":"post_tag","embeddable":true,"href":"https:\/\/obcanskymonitoring.cz\/index.php?rest_route=%2Fwp%2Fv2%2Ftags&post=6667"}],"curies":[{"name":"wp","href":"https:\/\/api.w.org\/{rel}","templated":true}]}}