{"id":6687,"date":"2019-10-19T14:04:41","date_gmt":"2019-10-19T14:04:41","guid":{"rendered":"http:\/\/obcanskymonitoring.cz\/?p=6687"},"modified":"2019-11-04T20:05:39","modified_gmt":"2019-11-04T20:05:39","slug":"protest-nestavejte-ve-velke-strahovske-zahrade-na-petrine","status":"publish","type":"post","link":"https:\/\/obcanskymonitoring.cz\/?p=6687","title":{"rendered":"Demonstrace: Magistr\u00e1te! Nestav\u011bj ve Velk\u00e9 strahovsk\u00e9 zahrad\u011b na Pet\u0159\u00edn\u011b a v m\u011bstsk\u00fdch parc\u00edch a chra\u0148 m\u011bstskou zele\u0148!"},"content":{"rendered":"<div class=\"pvc_clear\"><\/div>\n<p class=\"pvc_stats total_only \" data-element-id=\"6687\" style=\"\"><i class=\"pvc-stats-icon medium\" aria-hidden=\"true\"><svg xmlns=\"http:\/\/www.w3.org\/2000\/svg\" version=\"1.0\" viewBox=\"0 0 502 315\" preserveAspectRatio=\"xMidYMid meet\"><g transform=\"translate(0,332) scale(0.1,-0.1)\" fill=\"\" stroke=\"none\"><path d=\"M2394 3279 l-29 -30 -3 -207 c-2 -182 0 -211 15 -242 39 -76 157 -76 196 0 15 31 17 60 15 243 l-3 209 -33 29 c-26 23 -41 29 -80 29 -41 0 -53 -5 -78 -31z\"\/><path d=\"M3085 3251 c-45 -19 -58 -50 -96 -229 -47 -217 -49 -260 -13 -295 52 -53 146 -42 177 20 16 31 87 366 87 410 0 70 -86 122 -155 94z\"\/><path d=\"M1751 3234 c-13 -9 -29 -31 -37 -50 -12 -29 -10 -49 21 -204 19 -94 39 -189 45 -210 14 -50 54 -80 110 -80 34 0 48 6 76 34 21 21 34 44 34 59 0 14 -18 113 -40 219 -37 178 -43 195 -70 221 -36 32 -101 37 -139 11z\"\/><path d=\"M1163 3073 c-36 -7 -73 -59 -73 -102 0 -56 133 -378 171 -413 34 -32 83 -37 129 -13 70 36 67 87 -16 290 -86 209 -89 214 -129 231 -35 14 -42 15 -82 7z\"\/><path d=\"M3689 3066 c-15 -9 -33 -30 -42 -48 -48 -103 -147 -355 -147 -375 0 -98 131 -148 192 -74 13 15 57 108 97 206 80 196 84 226 37 273 -30 30 -99 39 -137 18z\"\/><path d=\"M583 2784 c-38 -19 -67 -74 -58 -113 9 -42 211 -354 242 -373 16 -10 45 -18 66 -18 51 0 107 52 107 100 0 39 -1 41 -124 234 -80 126 -108 162 -133 173 -41 17 -61 16 -100 -3z\"\/><path d=\"M4250 2784 c-14 -9 -74 -91 -133 -183 -95 -150 -107 -173 -107 -213 0 -55 33 -94 87 -104 67 -13 90 8 211 198 130 202 137 225 78 284 -27 27 -42 34 -72 34 -22 0 -50 -8 -64 -16z\"\/><path d=\"M2275 2693 c-553 -48 -1095 -270 -1585 -649 -135 -104 -459 -423 -483 -476 -23 -49 -22 -139 2 -186 73 -142 361 -457 571 -626 285 -228 642 -407 990 -497 242 -63 336 -73 660 -74 310 0 370 5 595 52 535 111 1045 392 1455 803 122 121 250 273 275 326 19 41 19 137 0 174 -41 79 -309 363 -465 492 -447 370 -946 591 -1479 653 -113 14 -422 18 -536 8z m395 -428 c171 -34 330 -124 456 -258 112 -119 167 -219 211 -378 27 -96 24 -300 -5 -401 -72 -255 -236 -447 -474 -557 -132 -62 -201 -76 -368 -76 -167 0 -236 14 -368 76 -213 98 -373 271 -451 485 -162 444 86 934 547 1084 153 49 292 57 452 25z m909 -232 c222 -123 408 -262 593 -441 76 -74 138 -139 138 -144 0 -16 -233 -242 -330 -319 -155 -123 -309 -223 -461 -299 l-81 -41 32 46 c18 26 49 83 70 128 143 306 141 649 -6 957 -25 52 -61 116 -79 142 l-34 47 45 -20 c26 -10 76 -36 113 -56z m-2057 25 c-40 -58 -105 -190 -130 -263 -110 -324 -59 -707 132 -981 25 -35 42 -64 37 -64 -19 0 -241 119 -326 174 -188 122 -406 314 -532 468 l-58 71 108 103 c185 178 428 349 672 473 66 33 121 60 123 61 2 0 -10 -19 -26 -42z\"\/><path d=\"M2375 1950 c-198 -44 -350 -190 -395 -379 -18 -76 -8 -221 19 -290 114 -284 457 -406 731 -260 98 52 188 154 231 260 27 69 37 214 19 290 -38 163 -166 304 -326 360 -67 23 -215 33 -279 19z\"\/><\/g><\/svg><\/i> &nbsp;2,657&nbsp;total views<\/p>\n<div class=\"pvc_clear\"><\/div>\n<p><img loading=\"lazy\" class=\"alignleft size-thumbnail wp-image-6682\" src=\"http:\/\/obcanskymonitoring.cz\/wp-content\/uploads\/2019\/10\/Petrin-300x153-150x150.jpg\" alt=\"\" width=\"150\" height=\"150\" \/><\/p>\n<p>&nbsp;<\/p>\n<p>&nbsp;<\/p>\n<p>&nbsp;<\/p>\n<p>&nbsp;<\/p>\n<p>&nbsp;<\/p>\n<p>&nbsp;<\/p>\n<p>&nbsp;<\/p>\n<p><a href=\"https:\/\/www.facebook.com\/events\/756718854750882\/\">Odkaz na facebookovou ud\u00e1lost protestu<\/a><\/p>\n<p><a href=\"https:\/\/drive.google.com\/open?id=1mnSMa9xeMvidcz44G77xueOPgoL89TTM\">Plak\u00e1t demonstrace<\/a><\/p>\n<p>&nbsp;<\/p>\n<p>&nbsp;<\/p>\n<p>Demonstrace\u00a0se uskute\u010dn\u00ed\u00a0<strong>6.11.2019<\/strong> na <strong>Mezin\u00e1rodn\u00ed den prevence ni\u010den\u00ed \u017eivotn\u00edho prost\u0159ed\u00ed, <\/strong>v <strong>6:06 ve\u010der<\/strong> p\u0159ed vstupem do budovy MHMP.<\/p>\n<p>&nbsp;<\/p>\n<p><strong>Adresa<\/strong><\/p>\n<p>\u0160kod\u016fv pal\u00e1c, Jungmannova 35\/29, 110 00 Nov\u00e9 M\u011bsto, \u010cesko, GPS sou\u0159adnice: 3CJC+QJ Praha, \u010cesko.<\/p>\n<p>Oznamovatel protestu: Spolek Ob\u010dansk\u00fd monitoring, zastoupen\u00fd \u0159editelem spolku: Mgr. V\u00edt\u011bzslav Praks, PhD., tel. 608666953. info@obcanskymonitoring.cz<\/p>\n<p>&nbsp;<\/p>\n<p>Protest podporuj\u00ed tyto iniciativy:<\/p>\n<p><a href=\"https:\/\/www.facebook.com\/groups\/401567090639021\/\">Pet\u0159\u00edn pro \u017eivot<\/a><\/p>\n<p><a href=\"https:\/\/www.facebook.com\/groups\/357957724876352\/?ref=br_rs\">Pet\u0159\u00ednsk\u00e1 iniciativa<\/a><\/p>\n<p>&nbsp;<\/p>\n<p><!--more--><\/p>\n<p>&nbsp;<\/p>\n<p><strong>D\u016fvod protestu<\/strong><\/p>\n<p>P\u0159\u00e1tel\u00e9! Obrac\u00edm se na V\u00e1s s velkou prosbou o pomoc v neuv\u011b\u0159iteln\u00e9 kauze,\u00a0<a href=\"http:\/\/www.praha.eu\/jnp\/cz\/o_meste\/magistrat\/odbory\/index.html?divisionId=619\">Odbor ochrany p\u0159\u00edrody Magistr\u00e1tu hlavn\u00edho m\u011bsta Prahy<\/a>, kter\u00fd si plat\u00edme ze sv\u00fdch dan\u00ed, aby n\u00e1m p\u0159\u00edrodu na Pet\u0159\u00edn\u011b chr\u00e1nil, m\u00edsto aby tak v souladu se schv\u00e1len\u00fdmi pl\u00e1ny p\u00e9\u010de \u010dinil, chce ve Velk\u00e9 strahovsk\u00e9 zahrad\u011b vyk\u00e1cet stromy v u sadu Nicolase Wintona a postavit tuto stavbu, p\u0159ipom\u00ednaj\u00edc\u00ed betonov\u00fd bunkr&#8230; N\u00e1sleduj\u00edc\u00ed obr\u00e1zek je ofici\u00e1ln\u00ed ilustrac\u00ed zadavatele, Odboru ochrany \u017eivotn\u00edho prost\u0159ed\u00ed:<\/p>\n<p><img loading=\"lazy\" class=\"alignleft wp-image-6591 size-medium\" src=\"http:\/\/obcanskymonitoring.cz\/wp-content\/uploads\/2019\/06\/Petrin-300x153.jpg\" alt=\"\" width=\"300\" height=\"153\" srcset=\"https:\/\/obcanskymonitoring.cz\/wp-content\/uploads\/2019\/06\/Petrin-300x153.jpg 300w, https:\/\/obcanskymonitoring.cz\/wp-content\/uploads\/2019\/06\/Petrin-768x392.jpg 768w, https:\/\/obcanskymonitoring.cz\/wp-content\/uploads\/2019\/06\/Petrin.jpg 912w\" sizes=\"(max-width: 300px) 100vw, 300px\" \/><\/p>\n<p>&nbsp;<\/p>\n<p>&nbsp;<\/p>\n<p>&nbsp;<\/p>\n<p>&nbsp;<\/p>\n<p>&nbsp;<\/p>\n<p>&nbsp;<\/p>\n<p>&nbsp;<\/p>\n<p>Fotografie Velk\u00e9 strahovsk\u00e9 zahrady p\u0159ed prvn\u00edmi z\u00e1sahy:<\/p>\n<p>&nbsp;<\/p>\n<p>&nbsp;<\/p>\n<p><img loading=\"lazy\" class=\"alignleft size-medium wp-image-6780\" src=\"http:\/\/obcanskymonitoring.cz\/wp-content\/uploads\/2019\/10\/Velka-strahovska-zahrada-300x198.jpg\" alt=\"\" width=\"300\" height=\"198\" srcset=\"https:\/\/obcanskymonitoring.cz\/wp-content\/uploads\/2019\/10\/Velka-strahovska-zahrada-300x198.jpg 300w, https:\/\/obcanskymonitoring.cz\/wp-content\/uploads\/2019\/10\/Velka-strahovska-zahrada-768x507.jpg 768w, https:\/\/obcanskymonitoring.cz\/wp-content\/uploads\/2019\/10\/Velka-strahovska-zahrada-1024x676.jpg 1024w, https:\/\/obcanskymonitoring.cz\/wp-content\/uploads\/2019\/10\/Velka-strahovska-zahrada.jpg 1364w\" sizes=\"(max-width: 300px) 100vw, 300px\" \/><\/p>\n<p>&nbsp;<\/p>\n<p>&nbsp;<\/p>\n<p>&nbsp;<\/p>\n<p>&nbsp;<\/p>\n<p>&nbsp;<\/p>\n<p>&nbsp;<\/p>\n<p>&nbsp;<\/p>\n<p>&nbsp;<\/p>\n<p>&nbsp;<\/p>\n<p>Fotografie po z\u00e1saz\u00edch Odboru \u017eivotn\u00edho prost\u0159ed\u00ed Magistr\u00e1tu hlavn\u00edho m\u011bsta Prahy:<\/p>\n<p>&nbsp;<\/p>\n<p>&nbsp;<\/p>\n<p>&nbsp;<\/p>\n<p><img loading=\"lazy\" class=\"alignleft size-medium wp-image-6653\" src=\"http:\/\/obcanskymonitoring.cz\/wp-content\/uploads\/2019\/10\/Zpevnovani-komunikace-300x225.jpg\" alt=\"\" width=\"300\" height=\"225\" srcset=\"https:\/\/obcanskymonitoring.cz\/wp-content\/uploads\/2019\/10\/Zpevnovani-komunikace-300x225.jpg 300w, https:\/\/obcanskymonitoring.cz\/wp-content\/uploads\/2019\/10\/Zpevnovani-komunikace-768x576.jpg 768w, https:\/\/obcanskymonitoring.cz\/wp-content\/uploads\/2019\/10\/Zpevnovani-komunikace-1024x768.jpg 1024w\" sizes=\"(max-width: 300px) 100vw, 300px\" \/><\/p>\n<p>&nbsp;<\/p>\n<p>&nbsp;<\/p>\n<p>&nbsp;<\/p>\n<p>&nbsp;<\/p>\n<p>&nbsp;<\/p>\n<p>&nbsp;<\/p>\n<p>&nbsp;<\/p>\n<p>&nbsp;<\/p>\n<p>&nbsp;<\/p>\n<p>&nbsp;<\/p>\n<p>&nbsp;<\/p>\n<p>Kauza je to hrozn\u00e1 je\u0161t\u011b z jednoho aspektu: Investorem a \u017eadatelem stavby je Odbor \u017eivotn\u00edho prost\u0159ed\u00ed MHMP. \u2013 Schvalovac\u00edm org\u00e1nem byla Praha 1. \u00da\u0159ad M\u011bstsk\u00e9 \u010d\u00e1sti Praha 1 povoloval Magistr\u00e1tu hlavn\u00edho m\u011bsta Prahy, a plnil tak jeho p\u0159\u00e1n\u00ed. M\u011bstsk\u00e1 \u010d\u00e1st povoluje m\u011bstu \u2013 samoz\u0159ejm\u011b, \u017ee mu bude cht\u00edt vyhov\u011bt. Doch\u00e1zelo a doch\u00e1z\u00ed tak ke zbyte\u010dn\u011b shov\u00edvav\u00e9mu jedn\u00e1n\u00ed ze strany m\u011bstsk\u00e9 \u010d\u00e1sti v\u016f\u010di m\u011bstu. Na \u00fakor ochrany \u017eivotn\u00edho prost\u0159ed\u00ed a na \u00fakor pam\u00e1tkov\u00e9 p\u00e9\u010de.<\/p>\n<p>Toto je d\u016fvodem, \u017ee investor &#8211; Odbor ochrany \u017eivotn\u00edho prost\u0159ed\u00ed m\u00e1 v\u0161echna pot\u0159ebn\u00e1 povolen\u00ed, m\u00e1 pravomocn\u00e9 stavebn\u00ed povolen\u00ed. M\u00e1 pravomocn\u00e9 povolen\u00ed ke k\u00e1cen\u00ed a ji\u017e k\u00e1cen\u00ed zah\u00e1jil. : ( A ji\u017e zah\u00e1jil p\u0159\u00edpravn\u00e9 pr\u00e1ce na p\u0159\u00edpravu stavby.<\/p>\n<p>&nbsp;<\/p>\n<ul>\n<li>Podali jsem podn\u011bt na Inspekci \u017eivotn\u00edho prost\u0159ed\u00ed &#8211; k\u00e1cen\u00ed v rozporu s pl\u00e1ny p\u00e9\u010de, k\u00e1cen\u00ed mimo dobu vegeta\u010dn\u00edho klidu, nedostate\u010dn\u00e9 zd\u016fvodn\u011bn\u00ed k\u00e1cen\u00ed.<\/li>\n<li>Podali jsme podn\u011bt na policii na pro\u0161et\u0159en\u00ed p\u0159estupku. &#8211; K\u00e1cen\u00ed mimo obdob\u00ed vegeta\u010dn\u00edho klidu.<\/li>\n<li>Podali jsme podn\u011bt na Pam\u00e1tkovou Inspekci &#8211; Nezohledn\u011bn\u00ed po\u017eadavk\u016f N\u00e1rodn\u00edho pam\u00e1tkov\u00e9ho \u00fa\u0159adu. Magistr\u00e1t s\u00e1m sob\u011b povoluje stavbu a zbavil se v\u0161ech povinnost\u00ed, kter\u00e9 NPU po\u017eadoval. \ud83d\ude41 V\u00edce v \u010dl\u00e1nku:\u00a0<a href=\"http:\/\/obcanskymonitoring.cz\/?p=6658\">Pet\u0159\u00ednsk\u00e1 kauza: Jak pam\u00e1tk\u00e1\u0159i povolovali\u2026<\/a><\/li>\n<\/ul>\n<p>&#8230;ale v\u0161echno toto je moc pomal\u00e9. Co n\u00e1m pom\u016f\u017ee, \u017ee n\u00e1m daj\u00ed inspekce za pravdu a n\u011bjak\u00fd \u00fa\u0159edn\u00edk dostane pokutu? Pot\u0159ebujeme, aby investor, Odbor ochrany \u017eivotn\u00edho prost\u0159ed\u00ed, a\u010dkoliv si vy\u0159\u00eddil v\u0161echna povolen\u00ed, stavbu nerealizoval a m\u00edsto toho pe\u010doval o Pet\u0159\u00edn v souladu s platn\u00fdmi pl\u00e1ny p\u00e9\u010de.<\/p>\n<p>Pot\u0159ebujeme, aby Rada Hlavn\u00edho m\u011bsta Prahy, jako\u017eto vlastn\u00edk pozemku, odejmul souhlas s realizac\u00ed stavby.<\/p>\n<p>Praha 1, MHMP ignoruje dokonce i petici v\u00edce ne\u017e 3000 ob\u010dan\u016f a pokra\u010duje v realizaci stavby. V\u00edce ne\u017e 3000 podpis\u016f nesta\u010d\u00ed&#8230; Pot\u0159ebujeme, abyste fyzicky p\u0159i\u0161li ke dve\u0159\u00edm a\u00a0 okn\u016fm investora, Odboru ochrany \u017eivotn\u00edho prost\u0159ed\u00ed MHMP. P\u0159ij\u010fte. Nenechte si nevratn\u011b zni\u010dit Pet\u0159\u00edn!<\/p>\n<p>&nbsp;<\/p>\n<p>Dovolte mi citovat stanovisko\u00a0<a href=\"https:\/\/www.npu.cz\/cs\">N\u00e1rodn\u00edho pam\u00e1tkov\u00e9ho \u00fa\u0159adu<\/a>\u00a0k tomuto p\u0159\u00edpadu, kter\u00fd uv\u00e1d\u00ed podez\u0159en\u00ed, \u017ee skute\u010dn\u00fdm d\u016fvodem projektu je vyu\u017eit\u00ed Velk\u00e9 strahovsk\u00e9 zahrady pro komer\u010dn\u00ed aktivity. Cituji ze stanoviska NP\u00da: \u201eProstor je n\u00e1v\u0161t\u011bvnicky exponovan\u00fd a je zde p\u0159irozen\u00fd tlak nab\u00eddnout komer\u010dn\u00ed aktivity zam\u011b\u0159en\u00e9 na tyto n\u00e1v\u0161t\u011bvn\u00edky. V minul\u00fdch letech bylo v r\u00e1mci tehdy projedn\u00e1van\u00e9ho projektu zahradn\u00edho z\u00e1zem\u00ed (situovan\u00e9ho na jin\u00e9m m\u00edst\u011b) prosazovan\u00e9 z\u0159\u00edzen\u00ed restaura\u010dn\u00edho za\u0159\u00edzen\u00ed. Podobn\u00e9 mo\u017enosti se otv\u00edraj\u00ed i se st\u00e1vaj\u00edc\u00edm projektem. Vytvo\u0159en\u00ed odpo\u010dinkov\u00e9 plochy v pravo\u00fahl\u00e9m \u00fastupku zdi nevylu\u010duje v tomto prostoru mo\u017enost \u00fa\u010delov\u00e9 dostavby nap\u0159. pro provozovnu ob\u010derstven\u00ed. Re\u00e1ln\u011b zde tedy existuje mo\u017enost po\u0161kozen\u00ed prost\u0159ed\u00ed a pam\u00e1tkov\u00e1 p\u00e9\u010de mus\u00ed trvat na striktn\u00edm po\u017eadavku jeho zachov\u00e1n\u00ed pokud mo\u017eno bez nov\u00fdch vstup\u016f. Jde o \u00fazem\u00ed s nejvy\u0161\u0161\u00ed mo\u017enou pam\u00e1tkovou ochranou v zemi.\u201c Tolik k tomuto projektu N\u00e1rodn\u00ed pam\u00e1tkov\u00fd \u00fastav.<\/p>\n<p>Cel\u00fd dokument NP\u00da k p\u0159e\u010dten\u00ed\u00a0<a href=\"https:\/\/drive.google.com\/open?id=1Bd1CwP9Q36fnZbpFJf-wN0151_MZqbvm\">zde<\/a>.<\/p>\n<p>&nbsp;<\/p>\n<p>&nbsp;<\/p>\n<p>Pane prim\u00e1tore, v\u00e1\u017een\u00ed radn\u00ed a zastupitel\u00e9 MHMP, nenechte se pros\u00edm op\u00edt rohl\u00edkem, neob\u011btujte prostor Velk\u00e9 Strahovsk\u00e9 zahrady n\u011bjak\u00e9mu \u0161\u00edbrovi. Neu\u0161pi\u0148te se t\u00edmto projektem!<\/p>\n<p>&nbsp;<\/p>\n<p>Dovolte mi citovat i d\u00e1le z posudku N\u00e1rodn\u00edho pam\u00e1tkov\u00e9ho \u00fastavu k t\u00e9to kauze:<\/p>\n<p>&nbsp;<\/p>\n<p>\u201eVelk\u00e1 strahovsk\u00e1 zahrada, kter\u00e1 historicky souvis\u00ed s komplexem kl\u00e1\u0161tern\u00edch zahrad, p\u0159edstavuje v centru Prahy jedine\u010dn\u00fd p\u0159\u00edrodn\u00ed fenom\u00e9n. Je pozoruhodn\u00e9, \u017ee se poda\u0159ilo do sou\u010dasnosti uchovat tuto rozlehlou zahradu, kter\u00e1 tvo\u0159\u00ed mimo\u0159\u00e1dn\u011b p\u016fsobiv\u00fd p\u0159\u00edrodn\u00ed r\u00e1mec Strahovsk\u00e9mu kl\u00e1\u0161teru.<br \/>\nJak\u00e1koliv nov\u00e1 z\u00e1stavba v tomto prostoru ub\u00edr\u00e1 zahrad\u011b na jej\u00ed v\u00fdjime\u010dn\u00e9 hodnot\u011b.\u201c<\/p>\n<p>&nbsp;<\/p>\n<p>A d\u00e1le:<\/p>\n<p>&nbsp;<\/p>\n<p>\u201eVelk\u00e1 strahovsk\u00e1 zahrada vznikla na \u00fazem\u00ed, kter\u00e9 v\u011bnoval kn\u00ed\u017ee Vladislav II. v roce 1140 \u0159\u00e1du premonstr\u00e1t\u016f k zalo\u017een\u00ed kl\u00e1\u0161tera. Je\u0161t\u011b v 19. stolet\u00ed pat\u0159ila \u010d\u00e1st dne\u0161n\u00ed Velk\u00e9 strahovsk\u00e9 zahrady do Konventn\u00ed zahrady a \u010d\u00e1st v\u010detn\u011b Vyhl\u00eddky s vinic\u00ed do Opatsk\u00e9 zahrady. O hospod\u00e1\u0159sk\u00fd rozvoj \u00fazem\u00ed poni\u010den\u00e9ho husitsk\u00fdmi bou\u0159emi v roce 140, se zaslou\u017eil opat kl\u00e1\u0161tera Jan Lohel, kter\u00fd v letech 1586-1612 dal p\u0159estav\u011bt rom\u00e1nsk\u00fd vodovod, vy\u010distit prameny na v\u00fdchodn\u00edch svaz\u00edch Pet\u0159\u00edna a jejich sveden\u00edm podzemn\u00edmi \u0161tolami zajistil pot\u0159ebnou z\u00e1vlahu pro vinice a u\u017eitkovou zahradu. V roce 1621 byl Jan Lohel zvolen pra\u017esk\u00fdm arcibiskupem. Ve snah\u00e1ch o zvelebov\u00e1n\u00ed zahrady pokra\u010doval jeho n\u00e1stupce opat Ka\u0161par z Questenberka a podp\u0159evod Armand Fabius, kter\u00fd se zaslou\u017eil p\u0159edev\u0161\u00edm o v\u00fdsadbu d\u0159evin.\u201c<\/p>\n<p>\u201eZam\u00fd\u0161len\u00e1 stavebn\u00ed \u010dinnost se m\u00e1 prov\u00e1d\u011bt na \u00fazem\u00ed s archeologick\u00fdmi n\u00e1lezy a stavebn\u00edk m\u00e1 tedy ji\u017e od doby p\u0159\u00edpravy stavby oznamovac\u00ed povinnost dle \u00a7 22 odst. 2 z\u00e1kona \u010d. 20\/1987 Sb., o st\u00e1tn\u00ed pam\u00e1tkov\u00e9 p\u00e9\u010di, ve zn\u011bn\u00ed pozd\u011bj\u0161\u00edch p\u0159edpis\u016f, v\u016f\u010di Archeologick\u00e9mu \u00fastavu.<\/p>\n<p>&nbsp;<\/p>\n<p>Zde je kompletn\u00ed prezentace Projektu na str\u00e1nk\u00e1ch Prahy 1:<\/p>\n<p><a href=\"https:\/\/www.praha1.cz\/petrin-prohlednete-si-navrhy\/\">Prezentace navrhovan\u00e9 zm\u011bny na str\u00e1nk\u00e1ch Prahy 1<\/a>.<\/p>\n<p><a href=\"https:\/\/drive.google.com\/drive\/u\/0\/folders\/1rVhz-vYTrEGwETRTh1VkG2J2_TT3uZi-\">Kompletn\u00ed prezentaci projektu si m\u016f\u017eete p\u0159e\u010d\u00edst zde.<\/a><\/p>\n<p>&nbsp;<\/p>\n<p>V\u011bcn\u00e9 po\u017eadavky ob\u010dan\u016f, podpo\u0159en\u00e9 peticemi, kter\u00e9 podepsalo v\u00edce ne\u017e 3000 ob\u010dan\u016f:<\/p>\n<ol>\n<li>\u017d\u00e1d\u00e1me vlastn\u00edka pozemku, zastoupen\u00e9ho Radou Magistr\u00e1tu hlavn\u00edho m\u011bsta Prahy, aby odejmul souhlas projektu, naz\u00fdvan\u00e9mu Pet\u0159\u00ednsk\u00e1 kauza. (Odbor \u017divotn\u00edho prost\u0159ed\u00ed (sic!) Magistr\u00e1tu hlavn\u00edho m\u011bsta Prahy je zadavatelem kontroverzn\u00edho projektu\u00a0Z\u00e1zem\u00ed zahradn\u00ed \u00fadr\u017eby a ve\u0159ejn\u00e9 WC Praha 1, Hrad\u010dany, Velk\u00e1 strahovsk\u00e1 zahrada\u201c\u00a0na pozemku parc. \u010d. 255\/1, k.\u00fa. Hrad\u010dany a parc. \u010d. 983 k.\u00fa. Mal\u00e1 Strana ve Velk\u00e9 strahovsk\u00e9 zahrad\u011b).<\/li>\n<li>P\u0159ipom\u00edn\u00e1me org\u00e1n\u016fm Ochrany \u017eivotn\u00edho prost\u0159ed\u00ed MHMP a Prahy 1 jejich pracovn\u00ed povinnost: aby ve Velk\u00e9 strahovsk\u00e9 zahrad\u011b, ale v cel\u00e9m Pet\u0159\u00edn\u011b, jednali v souladu s doporu\u010den\u00edm Inspekce \u017eivotn\u00edho prost\u0159ed\u00ed a pe\u010dovali o \u017eivotn\u00ed prost\u0159ed\u00ed v Praze v souladu se schv\u00e1len\u00fdmi pl\u00e1ny p\u00e9\u010de.\u00a0Platn\u00fd pl\u00e1n p\u00e9\u010de o dot\u010den\u00e9 \u00fazem\u00ed si m\u016f\u017eete p\u0159e\u010d\u00edst\u00a0<a href=\"https:\/\/drusop.nature.cz\/ost\/chrobjekty\/zchru\/index.php?SHOW_ONE=1&amp;ID=1206\">zde<\/a>.<\/li>\n<\/ol>\n<p>&nbsp;<\/p>\n<p>Krom\u011b stavby pl\u00e1nuj\u00ed doslova &#8220;pro\u0161pikovat&#8221; strahovskou zahradu nov\u00fdmi cestami a \u017ee na tuto pl\u00e1novanou stavbu navazuje je\u0161t\u011b rozs\u00e1hlej\u0161\u00ed projekt tzv. rekonstrukce Lobkovick\u00e9 zahrady, viz \u010dl\u00e1nek z Reflexu popisuj\u00edc\u00ed kauzu:\u00a0<a href=\"https:\/\/www.reflex.cz\/clanek\/komentare\/97251\/prazsti-urednici-utoci-na-petrin-chteji-ho-prestavet-a-zaplavit-turisty-jak-ho-maji-lide-radi-je-nezajima.html\">Pra\u017e\u0161t\u00ed \u00fa\u0159edn\u00edci \u00fato\u010d\u00ed na Pet\u0159\u00edn, cht\u011bj\u00ed ho p\u0159estav\u011bt a zaplavit turisty. Jak ho maj\u00ed lid\u00e9 r\u00e1di, je nezaj\u00edm\u00e1.<\/a><\/p>\n<p>&nbsp;<\/p>\n<p>&nbsp;<\/p>\n<p><strong>P\u0159\u00edlohy<\/strong><\/p>\n<p><a href=\"http:\/\/obcanskymonitoring.cz\/?p=6667\">Pet\u0159\u00ednsk\u00e1 kauza: interpelace na starostu, radn\u00ed a zastupitele Prahy 1<\/a><\/p>\n<p><a href=\"http:\/\/obcanskymonitoring.cz\/?p=6649\">Z\u00e1m\u011br stav\u011bt v pet\u0159\u00ednsk\u00fdch zahrad\u00e1ch \u2013 Interpelace na Magistr\u00e1t hlavn\u00edho m\u011bsta Prahy<\/a><\/p>\n<p>&nbsp;<\/p>\n<p>Kapacitn\u00ed \u00fadaje pl\u00e1novan\u00e9 stavby ve Velk\u00e9 strahovsk\u00e9 zahrad\u011b:<\/p>\n<p>&nbsp;<\/p>\n<p><img loading=\"lazy\" class=\"alignleft wp-image-6691 size-medium\" src=\"http:\/\/obcanskymonitoring.cz\/wp-content\/uploads\/2019\/10\/Petrin_kapacitni_udaje_stavby2-300x143.png\" alt=\"\" width=\"300\" height=\"143\" srcset=\"https:\/\/obcanskymonitoring.cz\/wp-content\/uploads\/2019\/10\/Petrin_kapacitni_udaje_stavby2-300x143.png 300w, https:\/\/obcanskymonitoring.cz\/wp-content\/uploads\/2019\/10\/Petrin_kapacitni_udaje_stavby2.png 573w\" sizes=\"(max-width: 300px) 100vw, 300px\" \/><\/p>\n<p>&nbsp;<\/p>\n<p>&nbsp;<\/p>\n<p>&nbsp;<\/p>\n<p>&nbsp;<\/p>\n<p>&nbsp;<\/p>\n<p>&nbsp;<\/p>\n<p>&nbsp;<\/p>\n<p>V\u00edt\u011bzslav Praks 18.10.2019<\/p>\n<p>&nbsp;<\/p>\n<p><strong>Chcete protest podpo\u0159it?<\/strong><\/p>\n<ul>\n<li><a href=\"https:\/\/drive.google.com\/open?id=1uw4mtG2A79nw-9ydRjWgXSm9_mtUnTR4\">Vytiskn\u011bte plak\u00e1t a um\u00edst\u011bte jej na ve\u0159ejn\u00e1 m\u00edsta (nap\u0159. kudy chod\u00edte do pr\u00e1ce nebo z pr\u00e1ce, knihovny, kav\u00e1rny, \u0161koly)<\/a><\/li>\n<li>Roze\u0161lete pozv\u00e1nku na tento protest sv\u00fdm zn\u00e1m\u00fdm.<\/li>\n<li>Po\u0161lete mail zastupitel\u016fm MHMP s odkazem na protest a s v\u011btou: &#8220;Podporuji protest.&#8221;<\/li>\n<li><a href=\"https:\/\/www.facebook.com\/events\/756718854750882\/\">P\u0159idejte se k ud\u00e1losti na facebooku.<\/a><\/li>\n<li>Pozv\u011bte na facebooku na ud\u00e1lost sv\u00e9 zn\u00e1m\u00e9.<\/li>\n<li>P\u0159ij\u010fte na protest a vezm\u011bte s sebou co nejv\u00edce sv\u00fdch zn\u00e1m\u00fdch.<\/li>\n<li>Milujete Pet\u0159\u00edn a chcete pomoci je\u0161t\u011b v\u00edce? &#8211; Zavolejte a zapojte se do p\u0159\u00edpravn\u00fdch prac\u00ed. (608 666 953)<\/li>\n<\/ul>\n<p>&nbsp;<\/p>\n<p><strong>Ostatn\u00ed dokumenty k t\u00e9to kauze<\/strong><\/p>\n<p><a href=\"http:\/\/obcanskymonitoring.cz\/?p=6762\">Pet\u0159\u00ednsk\u00e1 kauza: Fotod\u016fkazy, \u017ee o stavbu toalet v t\u00e9to kauze v\u016fbec nejde\u2026<\/a><\/p>\n<p>&nbsp;<\/p>\n<p><a href=\"http:\/\/obcanskymonitoring.cz\/?p=6793\">Pet\u0159\u00ednsk\u00e1 kauza: P\u0159ehled ji\u017e publikovan\u00fdch \u010dl\u00e1nk\u016f (re\u0161er\u0161e z tisku)<\/a><\/p>\n<div data-counters='1' data-style='square' data-size='regular' data-url='https:\/\/obcanskymonitoring.cz\/?p=6687' data-title='Demonstrace: Magistr\u00e1te! Nestav\u011bj ve Velk\u00e9 strahovsk\u00e9 zahrad\u011b na Pet\u0159\u00edn\u011b a v m\u011bstsk\u00fdch parc\u00edch a chra\u0148 m\u011bstskou zele\u0148!' class='linksalpha_container linksalpha_app_3'><a href='\/\/www.linksalpha.com\/share?network='facebook' class='linksalpha_icon_facebook'><\/a><a href='\/\/www.linksalpha.com\/share?network='twitter' class='linksalpha_icon_twitter'><\/a><a href='\/\/www.linksalpha.com\/share?network='googleplus' class='linksalpha_icon_googleplus'><\/a><a href='\/\/www.linksalpha.com\/share?network='mail' class='linksalpha_icon_mail'><\/a><\/div><div data-position='' data-url='https:\/\/obcanskymonitoring.cz\/?p=6687' data-title='Demonstrace: Magistr\u00e1te! Nestav\u011bj ve Velk\u00e9 strahovsk\u00e9 zahrad\u011b na Pet\u0159\u00edn\u011b a v m\u011bstsk\u00fdch parc\u00edch a chra\u0148 m\u011bstskou zele\u0148!' class='linksalpha_container linksalpha_app_7'><a href='\/\/www.linksalpha.com\/share?network='facebook' class='linksalpha_icon_facebook'><\/a><a href='\/\/www.linksalpha.com\/share?network='twitter' class='linksalpha_icon_twitter'><\/a><a href='\/\/www.linksalpha.com\/share?network='googleplus' class='linksalpha_icon_googleplus'><\/a><a href='\/\/www.linksalpha.com\/share?network='mail' class='linksalpha_icon_mail'><\/a><\/div>","protected":false},"excerpt":{"rendered":"<p>&nbsp;2,657&nbsp;total views &nbsp; &nbsp; &nbsp; &nbsp; &nbsp; &nbsp; &nbsp; Odkaz na facebookovou ud\u00e1lost protestu Plak\u00e1t demonstrace &nbsp; &nbsp; Demonstrace\u00a0se uskute\u010dn\u00ed\u00a06.11.2019 na Mezin\u00e1rodn\u00ed den prevence ni\u010den\u00ed \u017eivotn\u00edho prost\u0159ed\u00ed, v 6:06 ve\u010der p\u0159ed vstupem do budovy MHMP. &nbsp; Adresa \u0160kod\u016fv pal\u00e1c, Jungmannova 35\/29, 110 00 Nov\u00e9 M\u011bsto, \u010cesko, GPS sou\u0159adnice: 3CJC+QJ Praha, \u010cesko. Oznamovatel protestu: Spolek Ob\u010dansk\u00fd [&hellip;]<\/p>\n","protected":false},"author":2,"featured_media":0,"comment_status":"open","ping_status":"open","sticky":true,"template":"","format":"standard","meta":[],"categories":[10,29],"tags":[],"_links":{"self":[{"href":"https:\/\/obcanskymonitoring.cz\/index.php?rest_route=\/wp\/v2\/posts\/6687"}],"collection":[{"href":"https:\/\/obcanskymonitoring.cz\/index.php?rest_route=\/wp\/v2\/posts"}],"about":[{"href":"https:\/\/obcanskymonitoring.cz\/index.php?rest_route=\/wp\/v2\/types\/post"}],"author":[{"embeddable":true,"href":"https:\/\/obcanskymonitoring.cz\/index.php?rest_route=\/wp\/v2\/users\/2"}],"replies":[{"embeddable":true,"href":"https:\/\/obcanskymonitoring.cz\/index.php?rest_route=%2Fwp%2Fv2%2Fcomments&post=6687"}],"version-history":[{"count":37,"href":"https:\/\/obcanskymonitoring.cz\/index.php?rest_route=\/wp\/v2\/posts\/6687\/revisions"}],"predecessor-version":[{"id":6852,"href":"https:\/\/obcanskymonitoring.cz\/index.php?rest_route=\/wp\/v2\/posts\/6687\/revisions\/6852"}],"wp:attachment":[{"href":"https:\/\/obcanskymonitoring.cz\/index.php?rest_route=%2Fwp%2Fv2%2Fmedia&parent=6687"}],"wp:term":[{"taxonomy":"category","embeddable":true,"href":"https:\/\/obcanskymonitoring.cz\/index.php?rest_route=%2Fwp%2Fv2%2Fcategories&post=6687"},{"taxonomy":"post_tag","embeddable":true,"href":"https:\/\/obcanskymonitoring.cz\/index.php?rest_route=%2Fwp%2Fv2%2Ftags&post=6687"}],"curies":[{"name":"wp","href":"https:\/\/api.w.org\/{rel}","templated":true}]}}