{"id":6747,"date":"2019-10-23T09:38:57","date_gmt":"2019-10-23T09:38:57","guid":{"rendered":"http:\/\/obcanskymonitoring.cz\/?p=6747"},"modified":"2019-11-02T09:30:27","modified_gmt":"2019-11-02T09:30:27","slug":"petrinska-kauza-jak-hlasovali-zastupitele-prahy-1","status":"publish","type":"post","link":"https:\/\/obcanskymonitoring.cz\/?p=6747","title":{"rendered":"Jak v\u010dera hlasovali zastupitel\u00e9 Prahy 1 v Pet\u0159\u00ednsk\u00e9 kauze?"},"content":{"rendered":"<div class=\"pvc_clear\"><\/div>\n<p class=\"pvc_stats total_only \" data-element-id=\"6747\" style=\"\"><i class=\"pvc-stats-icon medium\" aria-hidden=\"true\"><svg xmlns=\"http:\/\/www.w3.org\/2000\/svg\" version=\"1.0\" viewBox=\"0 0 502 315\" preserveAspectRatio=\"xMidYMid meet\"><g transform=\"translate(0,332) scale(0.1,-0.1)\" fill=\"\" stroke=\"none\"><path d=\"M2394 3279 l-29 -30 -3 -207 c-2 -182 0 -211 15 -242 39 -76 157 -76 196 0 15 31 17 60 15 243 l-3 209 -33 29 c-26 23 -41 29 -80 29 -41 0 -53 -5 -78 -31z\"\/><path d=\"M3085 3251 c-45 -19 -58 -50 -96 -229 -47 -217 -49 -260 -13 -295 52 -53 146 -42 177 20 16 31 87 366 87 410 0 70 -86 122 -155 94z\"\/><path d=\"M1751 3234 c-13 -9 -29 -31 -37 -50 -12 -29 -10 -49 21 -204 19 -94 39 -189 45 -210 14 -50 54 -80 110 -80 34 0 48 6 76 34 21 21 34 44 34 59 0 14 -18 113 -40 219 -37 178 -43 195 -70 221 -36 32 -101 37 -139 11z\"\/><path d=\"M1163 3073 c-36 -7 -73 -59 -73 -102 0 -56 133 -378 171 -413 34 -32 83 -37 129 -13 70 36 67 87 -16 290 -86 209 -89 214 -129 231 -35 14 -42 15 -82 7z\"\/><path d=\"M3689 3066 c-15 -9 -33 -30 -42 -48 -48 -103 -147 -355 -147 -375 0 -98 131 -148 192 -74 13 15 57 108 97 206 80 196 84 226 37 273 -30 30 -99 39 -137 18z\"\/><path d=\"M583 2784 c-38 -19 -67 -74 -58 -113 9 -42 211 -354 242 -373 16 -10 45 -18 66 -18 51 0 107 52 107 100 0 39 -1 41 -124 234 -80 126 -108 162 -133 173 -41 17 -61 16 -100 -3z\"\/><path d=\"M4250 2784 c-14 -9 -74 -91 -133 -183 -95 -150 -107 -173 -107 -213 0 -55 33 -94 87 -104 67 -13 90 8 211 198 130 202 137 225 78 284 -27 27 -42 34 -72 34 -22 0 -50 -8 -64 -16z\"\/><path d=\"M2275 2693 c-553 -48 -1095 -270 -1585 -649 -135 -104 -459 -423 -483 -476 -23 -49 -22 -139 2 -186 73 -142 361 -457 571 -626 285 -228 642 -407 990 -497 242 -63 336 -73 660 -74 310 0 370 5 595 52 535 111 1045 392 1455 803 122 121 250 273 275 326 19 41 19 137 0 174 -41 79 -309 363 -465 492 -447 370 -946 591 -1479 653 -113 14 -422 18 -536 8z m395 -428 c171 -34 330 -124 456 -258 112 -119 167 -219 211 -378 27 -96 24 -300 -5 -401 -72 -255 -236 -447 -474 -557 -132 -62 -201 -76 -368 -76 -167 0 -236 14 -368 76 -213 98 -373 271 -451 485 -162 444 86 934 547 1084 153 49 292 57 452 25z m909 -232 c222 -123 408 -262 593 -441 76 -74 138 -139 138 -144 0 -16 -233 -242 -330 -319 -155 -123 -309 -223 -461 -299 l-81 -41 32 46 c18 26 49 83 70 128 143 306 141 649 -6 957 -25 52 -61 116 -79 142 l-34 47 45 -20 c26 -10 76 -36 113 -56z m-2057 25 c-40 -58 -105 -190 -130 -263 -110 -324 -59 -707 132 -981 25 -35 42 -64 37 -64 -19 0 -241 119 -326 174 -188 122 -406 314 -532 468 l-58 71 108 103 c185 178 428 349 672 473 66 33 121 60 123 61 2 0 -10 -19 -26 -42z\"\/><path d=\"M2375 1950 c-198 -44 -350 -190 -395 -379 -18 -76 -8 -221 19 -290 114 -284 457 -406 731 -260 98 52 188 154 231 260 27 69 37 214 19 290 -38 163 -166 304 -326 360 -67 23 -215 33 -279 19z\"\/><\/g><\/svg><\/i> &nbsp;1,394&nbsp;total views<\/p>\n<div class=\"pvc_clear\"><\/div>\n<p><img loading=\"lazy\" class=\"alignleft size-thumbnail wp-image-6591\" src=\"http:\/\/obcanskymonitoring.cz\/wp-content\/uploads\/2019\/06\/Petrin-150x150.jpg\" alt=\"\" width=\"150\" height=\"150\" \/><\/p>\n<p>&nbsp;<\/p>\n<p>&nbsp;<\/p>\n<p>&nbsp;<\/p>\n<p>&nbsp;<\/p>\n<p>&nbsp;<\/p>\n<p>&nbsp;<\/p>\n<p>&nbsp;<\/p>\n<p>V\u010dera, 22.10. prob\u011bhlo jedn\u00e1n\u00ed zastupitelstva Prahy 1. Jedn\u00edm z bod\u016f jedn\u00e1n\u00ed zastupitelstva byla i kauza Pet\u0159\u00edn. &#8211; Zastupitelstvo rozhodovalo, jak d\u00e1l v t\u00e9to kauze. A rozhodlo se i p\u0159es v\u011bcn\u00e9 nesrovnalosti, a i p\u0159es protesty ob\u010dan\u016f (petici podepsalo v\u00edce ne\u017e 2000 ob\u010dan\u016f Prahy), v projektu pokra\u010dovat.<\/p>\n<p><!--more--><\/p>\n<p>Podali jsme\u00a0<a href=\"http:\/\/obcanskymonitoring.cz\/?p=6667\">tyto body do interpelac\u00ed na zastupitele<\/a>. Podn\u011bty jsme poslali datovou schr\u00e1nkou a sou\u010dasn\u011b ji poslali ka\u017ed\u00e9mu zastupiteli, tak\u017ee \u017e\u00e1dn\u00fd zastupitel nem\u016f\u017ee tvrdit, \u017ee by nem\u011bl konkr\u00e9tn\u00ed, dokumentov\u011b dolo\u017een\u00e9 informace, co je v projektu \u0161patn\u011b.<\/p>\n<p>Zde si m\u016f\u017eete p\u0159e\u010d\u00edst, jak zastupitel\u00e9 v kauze Pet\u0159\u00edn hlasovali.<\/p>\n<p>&nbsp;<\/p>\n<p><img loading=\"lazy\" class=\"alignleft wp-image-6748 size-medium\" src=\"http:\/\/obcanskymonitoring.cz\/wp-content\/uploads\/2019\/10\/Petrin-vysledek-hlasov\u00e1n\u00ed-300x225.jpg\" alt=\"\" width=\"300\" height=\"225\" srcset=\"https:\/\/obcanskymonitoring.cz\/wp-content\/uploads\/2019\/10\/Petrin-vysledek-hlasov\u00e1n\u00ed-300x225.jpg 300w, https:\/\/obcanskymonitoring.cz\/wp-content\/uploads\/2019\/10\/Petrin-vysledek-hlasov\u00e1n\u00ed-768x576.jpg 768w, https:\/\/obcanskymonitoring.cz\/wp-content\/uploads\/2019\/10\/Petrin-vysledek-hlasov\u00e1n\u00ed.jpg 960w\" sizes=\"(max-width: 300px) 100vw, 300px\" \/><\/p>\n<p>&nbsp;<\/p>\n<p>&nbsp;<\/p>\n<p>&nbsp;<\/p>\n<p>&nbsp;<\/p>\n<p>&nbsp;<\/p>\n<p>&nbsp;<\/p>\n<p>&nbsp;<\/p>\n<p><a href=\"https:\/\/drive.google.com\/open?id=12mlurw9qcPb8oHqIZrRWxNOEOJ-1cPmN\">Detailn\u00ed fotografie &#8211; v\u00fdsledek hlasov\u00e1n\u00ed zastupitel\u016f Prahy 1.<\/a><\/p>\n<p>&nbsp;<\/p>\n<p>&nbsp;<\/p>\n<p>&nbsp;<\/p>\n<p>Pokud m\u00e1te trval\u00e9 bydli\u0161t\u011b na Praze 1, m\u016f\u017eete tuto tabulku pou\u017e\u00edt v p\u0159\u00ed\u0161t\u00edch volb\u00e1ch. \ud83d\ude09<\/p>\n<p>&nbsp;<\/p>\n<p>Cituji koment\u00e1\u0159 Romany Ertlov\u00e9 z iniciativy <a href=\"https:\/\/www.facebook.com\/groups\/401567090639021\/\">Pet\u0159\u00edn pro \u017divot<\/a><\/p>\n<p><a class=\"profileLink\" title=\"David Bode\u010dek\" role=\"button\" href=\"https:\/\/www.facebook.com\/dajdanos?fref=gs&amp;__tn__=%2CdK-R-R&amp;eid=ARDZH6Agoxd0wtM-wJwgCHoE3mDA6BnV6RolamukfuyrjFZxYEBJi0PH-rs8W6WlN5s3oA_h3U3C_kK8&amp;dti=401567090639021&amp;hc_location=group\" rel=\"dialog\" data-hovercard=\"\/ajax\/hovercard\/user.php?id=100000480761116&amp;extragetparams=%7B%22__tn__%22%3A%22%2CdK-R-R%22%2C%22eid%22%3A%22ARDZH6Agoxd0wtM-wJwgCHoE3mDA6BnV6RolamukfuyrjFZxYEBJi0PH-rs8W6WlN5s3oA_h3U3C_kK8%22%2C%22fref%22%3A%22gs%22%2C%22directed_target_id%22%3A401567090639021%2C%22dti%22%3A401567090639021%2C%22hc_location%22%3A%22group%22%7D\" data-hovercard-prefer-more-content-show=\"1\">David Bode\u010dek<\/a>,\u00a0<a class=\"profileLink\" title=\"Valerie Talackov\u00e1\" role=\"button\" href=\"https:\/\/www.facebook.com\/valerie.talackova?fref=gs&amp;__tn__=%2CdK-R-R&amp;eid=ARA6RG9OM3PB1fisW0r_KR4G5Eks1mUiMCm4hJWERdKfw8H-JyGBpRa3awO_jlAcJ-RxEiYbHwvVEZEA&amp;dti=401567090639021&amp;hc_location=group\" rel=\"dialog\" data-hovercard=\"\/ajax\/hovercard\/user.php?id=559592076&amp;extragetparams=%7B%22__tn__%22%3A%22%2CdK-R-R%22%2C%22eid%22%3A%22ARA6RG9OM3PB1fisW0r_KR4G5Eks1mUiMCm4hJWERdKfw8H-JyGBpRa3awO_jlAcJ-RxEiYbHwvVEZEA%22%2C%22fref%22%3A%22gs%22%2C%22directed_target_id%22%3A401567090639021%2C%22dti%22%3A401567090639021%2C%22hc_location%22%3A%22group%22%7D\" data-hovercard-prefer-more-content-show=\"1\">Valerie Talackov\u00e1<\/a>,\u00a0<a class=\"profileLink\" title=\"Martin Kotas\" href=\"https:\/\/www.facebook.com\/martin.kotas.3?fref=gs&amp;__tn__=%2CdK-R-R&amp;eid=ARATsXsue_hiKR23M1OAVCeMLLzblzKlcmkaAqO9_g-SxqHnlzq8F1PVj-a3vCGIOKzHZGH0OORsSBxd&amp;dti=401567090639021&amp;hc_location=group\" data-hovercard=\"\/ajax\/hovercard\/user.php?id=1827753544&amp;extragetparams=%7B%22__tn__%22%3A%22%2CdK-R-R%22%2C%22eid%22%3A%22ARATsXsue_hiKR23M1OAVCeMLLzblzKlcmkaAqO9_g-SxqHnlzq8F1PVj-a3vCGIOKzHZGH0OORsSBxd%22%2C%22fref%22%3A%22gs%22%2C%22directed_target_id%22%3A401567090639021%2C%22dti%22%3A401567090639021%2C%22hc_location%22%3A%22group%22%7D\" data-hovercard-prefer-more-content-show=\"1\">Martin Kotas<\/a>,\u00a0<a class=\"profileLink\" title=\"Tom\u00e1\u0161 V\u00edch\" role=\"button\" href=\"https:\/\/www.facebook.com\/tomasvich88?fref=gs&amp;__tn__=%2CdK-R-R&amp;eid=ARAFAx97nbp5-5gA7TagGkEFmy3Wayiqn8ecNfXv6w5l0IOrmHeDb5Sbf4y3hnmXt1P3zS-uxZLbKGiE&amp;dti=401567090639021&amp;hc_location=group\" rel=\"dialog\" data-hovercard=\"\/ajax\/hovercard\/user.php?id=1012850606&amp;extragetparams=%7B%22__tn__%22%3A%22%2CdK-R-R%22%2C%22eid%22%3A%22ARAFAx97nbp5-5gA7TagGkEFmy3Wayiqn8ecNfXv6w5l0IOrmHeDb5Sbf4y3hnmXt1P3zS-uxZLbKGiE%22%2C%22fref%22%3A%22gs%22%2C%22directed_target_id%22%3A401567090639021%2C%22dti%22%3A401567090639021%2C%22hc_location%22%3A%22group%22%7D\" data-hovercard-prefer-more-content-show=\"1\">Tom\u00e1\u0161 V\u00edch<\/a>\u00a0&#8211; v\u0161ichni jste p\u0159ed m\u00fdma o\u010dima podepsali petici &#8220;Za zachov\u00e1n\u00ed p\u0159irozen\u00e9 zelen\u011b a za p\u0159\u00edsn\u00fd z\u00e1kaz nov\u00e9 z\u00e1stavby na Pet\u0159\u00edn\u011b&#8221; N\u011bkte\u0159\u00ed z V\u00e1s otev\u0159en\u011b v komunikaci s n\u00e1mi od za\u010d\u00e1tku tvrd\u00edte, \u017ee je stavba Z\u00e1zem\u00ed ve Velk\u00e9 strahovsk\u00e9 zahrad\u011b nesmysln\u00e1. M\u016f\u017eete n\u00e1m, pros\u00edm, vysv\u011btlit, pro\u010d jste se za stanovisko, kter\u00e9 ve\u0159ejn\u011b proklamujete, nepostavili p\u0159i hlasov\u00e1n\u00ed zastupitelstva? Nejednoho zklaman\u00e9ho voli\u010de by to velmi zaj\u00edmalo.<\/p>\n<p>&nbsp;<\/p>\n<p>Video z\u00e1znam jedn\u00e1n\u00ed zastupitelstva si m\u016f\u017eete p\u0159ehr\u00e1t <a href=\"https:\/\/www.facebook.com\/prahajedna\/videos\/411469639784970\/\">zde<\/a>. &#8211; Pet\u0159\u00ednsk\u00e1 kauza je od \u010dasu 6:06 videa.<\/p>\n<p>Program jedn\u00e1n\u00ed zastupitelstva je <a href=\"https:\/\/www.praha1.cz\/app\/uploads\/2019\/10\/PROGRAM2019_9ZZ_22_10_2019_final_web.pdf\">zde<\/a>.<\/p>\n<p>Z\u00e1pis z jedn\u00e1n\u00ed zastupitelsva Prahy 1 nebyl je\u0161t\u011b publikov\u00e1n, ale a\u017e bude, bude <a href=\"https:\/\/www.praha1.cz\/politicka-reprezentace\/zastupitelstvo\/zapisy-z-jednani\/\">zde<\/a>.<\/p>\n<p>Stenoz\u00e1znam z jedn\u00e1n\u00ed bude publikov\u00e1n <a href=\"https:\/\/www.praha1.cz\/politicka-reprezentace\/zastupitelstvo\/stenozaznamy-z-jednani\/\">zde<\/a>.<\/p>\n<p>&nbsp;<\/p>\n<div class=\"_2cuy _3dgx _2vxa\">\n<p><strong>Ostatn\u00ed dokumenty k t\u00e9to kauze<\/strong><\/p>\n<p>Pozv\u00e1nka na demonstraci:\u00a0<a href=\"http:\/\/obcanskymonitoring.cz\/?p=6687\">Demonstrace: Magistr\u00e1te! Nestav\u011bj ve Velk\u00e9 strahovsk\u00e9 zahrad\u011b na Pet\u0159\u00edn\u011b!!!<\/a><\/p>\n<p><a href=\"https:\/\/www.facebook.com\/events\/756718854750882\/\">Facebookov\u00e1 str\u00e1nka demonstrace<\/a>\u00a0\u2013 p\u0159idejte se, jestli s protestem souhlas\u00edte a pozv\u011bte zn\u00e1m\u00e9.<\/p>\n<p><a href=\"http:\/\/obcanskymonitoring.cz\/?p=6793\"><span data-sheets-value=\"{&quot;1&quot;:2,&quot;2&quot;:&quot;Pet\u0159\u00ednsk\u00e1 kauza: P\u0159ehled ji\u017e publikovan\u00fdch \u010dl\u00e1nk\u016f (re\u0161er\u0161e z tisku)&quot;}\" data-sheets-userformat=\"{&quot;2&quot;:513,&quot;3&quot;:{&quot;1&quot;:0},&quot;12&quot;:0}\">Pet\u0159\u00ednsk\u00e1 kauza: P\u0159ehled ji\u017e publikovan\u00fdch \u010dl\u00e1nk\u016f (re\u0161er\u0161e z tisku)<\/span><\/a><\/p>\n<p><a href=\"https:\/\/drive.google.com\/open?id=1uw4mtG2A79nw-9ydRjWgXSm9_mtUnTR4\">Plak\u00e1tek s pozv\u00e1nkou na demonstraci \u2013 Vytiskn\u011bte, vyv\u011b\u0161te na ve\u0159ejn\u00fdch m\u00edstech a rozd\u00e1vejte pros\u00edm.<\/a><\/p>\n<p><a href=\"https:\/\/www.praha1.cz\/petrin-prohlednete-si-navrhy\/\">Prezentace navrhovan\u00e9 zm\u011bny na str\u00e1nk\u00e1ch Prahy 1<\/a><\/p>\n<p><a href=\"https:\/\/drive.google.com\/drive\/u\/0\/folders\/1rVhz-vYTrEGwETRTh1VkG2J2_TT3uZi-\">Kompletn\u00ed projekt ke shl\u00e9dnut\u00ed zde.<\/a><\/p>\n<\/div>\n<div data-counters='1' data-style='square' data-size='regular' data-url='https:\/\/obcanskymonitoring.cz\/?p=6747' data-title='Jak v\u010dera hlasovali zastupitel\u00e9 Prahy 1 v Pet\u0159\u00ednsk\u00e9 kauze?' class='linksalpha_container linksalpha_app_3'><a href='\/\/www.linksalpha.com\/share?network='facebook' class='linksalpha_icon_facebook'><\/a><a href='\/\/www.linksalpha.com\/share?network='twitter' class='linksalpha_icon_twitter'><\/a><a href='\/\/www.linksalpha.com\/share?network='googleplus' class='linksalpha_icon_googleplus'><\/a><a href='\/\/www.linksalpha.com\/share?network='mail' class='linksalpha_icon_mail'><\/a><\/div><div data-position='' data-url='https:\/\/obcanskymonitoring.cz\/?p=6747' data-title='Jak v\u010dera hlasovali zastupitel\u00e9 Prahy 1 v Pet\u0159\u00ednsk\u00e9 kauze?' class='linksalpha_container linksalpha_app_7'><a href='\/\/www.linksalpha.com\/share?network='facebook' class='linksalpha_icon_facebook'><\/a><a href='\/\/www.linksalpha.com\/share?network='twitter' class='linksalpha_icon_twitter'><\/a><a href='\/\/www.linksalpha.com\/share?network='googleplus' class='linksalpha_icon_googleplus'><\/a><a href='\/\/www.linksalpha.com\/share?network='mail' class='linksalpha_icon_mail'><\/a><\/div>","protected":false},"excerpt":{"rendered":"<p>&nbsp;1,394&nbsp;total views &nbsp; &nbsp; &nbsp; &nbsp; &nbsp; &nbsp; &nbsp; V\u010dera, 22.10. prob\u011bhlo jedn\u00e1n\u00ed zastupitelstva Prahy 1. Jedn\u00edm z bod\u016f jedn\u00e1n\u00ed zastupitelstva byla i kauza Pet\u0159\u00edn. &#8211; Zastupitelstvo rozhodovalo, jak d\u00e1l v t\u00e9to kauze. A rozhodlo se i p\u0159es v\u011bcn\u00e9 nesrovnalosti, a i p\u0159es protesty ob\u010dan\u016f (petici podepsalo v\u00edce ne\u017e 2000 ob\u010dan\u016f Prahy), v projektu pokra\u010dovat.<\/p>\n","protected":false},"author":2,"featured_media":0,"comment_status":"open","ping_status":"open","sticky":true,"template":"","format":"standard","meta":[],"categories":[19,29],"tags":[],"_links":{"self":[{"href":"https:\/\/obcanskymonitoring.cz\/index.php?rest_route=\/wp\/v2\/posts\/6747"}],"collection":[{"href":"https:\/\/obcanskymonitoring.cz\/index.php?rest_route=\/wp\/v2\/posts"}],"about":[{"href":"https:\/\/obcanskymonitoring.cz\/index.php?rest_route=\/wp\/v2\/types\/post"}],"author":[{"embeddable":true,"href":"https:\/\/obcanskymonitoring.cz\/index.php?rest_route=\/wp\/v2\/users\/2"}],"replies":[{"embeddable":true,"href":"https:\/\/obcanskymonitoring.cz\/index.php?rest_route=%2Fwp%2Fv2%2Fcomments&post=6747"}],"version-history":[{"count":14,"href":"https:\/\/obcanskymonitoring.cz\/index.php?rest_route=\/wp\/v2\/posts\/6747\/revisions"}],"predecessor-version":[{"id":6827,"href":"https:\/\/obcanskymonitoring.cz\/index.php?rest_route=\/wp\/v2\/posts\/6747\/revisions\/6827"}],"wp:attachment":[{"href":"https:\/\/obcanskymonitoring.cz\/index.php?rest_route=%2Fwp%2Fv2%2Fmedia&parent=6747"}],"wp:term":[{"taxonomy":"category","embeddable":true,"href":"https:\/\/obcanskymonitoring.cz\/index.php?rest_route=%2Fwp%2Fv2%2Fcategories&post=6747"},{"taxonomy":"post_tag","embeddable":true,"href":"https:\/\/obcanskymonitoring.cz\/index.php?rest_route=%2Fwp%2Fv2%2Ftags&post=6747"}],"curies":[{"name":"wp","href":"https:\/\/api.w.org\/{rel}","templated":true}]}}