{"id":6844,"date":"2019-11-04T15:07:16","date_gmt":"2019-11-04T15:07:16","guid":{"rendered":"http:\/\/obcanskymonitoring.cz\/?p=6844"},"modified":"2019-11-04T19:30:02","modified_gmt":"2019-11-04T19:30:02","slug":"petrinska-kauza-otevreny-dopis-primatorovi-prahy-mudr-zdenkovi-hribovi","status":"publish","type":"post","link":"https:\/\/obcanskymonitoring.cz\/?p=6844","title":{"rendered":"Pet\u0159\u00ednsk\u00e1 kauza: Otev\u0159en\u00fd dopis prim\u00e1torovi Prahy MUDr. Zde\u0148kovi H\u0159ibovi"},"content":{"rendered":"<div class=\"pvc_clear\"><\/div>\n<p class=\"pvc_stats total_only \" data-element-id=\"6844\" style=\"\"><i class=\"pvc-stats-icon medium\" aria-hidden=\"true\"><svg xmlns=\"http:\/\/www.w3.org\/2000\/svg\" version=\"1.0\" viewBox=\"0 0 502 315\" preserveAspectRatio=\"xMidYMid meet\"><g transform=\"translate(0,332) scale(0.1,-0.1)\" fill=\"\" stroke=\"none\"><path d=\"M2394 3279 l-29 -30 -3 -207 c-2 -182 0 -211 15 -242 39 -76 157 -76 196 0 15 31 17 60 15 243 l-3 209 -33 29 c-26 23 -41 29 -80 29 -41 0 -53 -5 -78 -31z\"\/><path d=\"M3085 3251 c-45 -19 -58 -50 -96 -229 -47 -217 -49 -260 -13 -295 52 -53 146 -42 177 20 16 31 87 366 87 410 0 70 -86 122 -155 94z\"\/><path d=\"M1751 3234 c-13 -9 -29 -31 -37 -50 -12 -29 -10 -49 21 -204 19 -94 39 -189 45 -210 14 -50 54 -80 110 -80 34 0 48 6 76 34 21 21 34 44 34 59 0 14 -18 113 -40 219 -37 178 -43 195 -70 221 -36 32 -101 37 -139 11z\"\/><path d=\"M1163 3073 c-36 -7 -73 -59 -73 -102 0 -56 133 -378 171 -413 34 -32 83 -37 129 -13 70 36 67 87 -16 290 -86 209 -89 214 -129 231 -35 14 -42 15 -82 7z\"\/><path d=\"M3689 3066 c-15 -9 -33 -30 -42 -48 -48 -103 -147 -355 -147 -375 0 -98 131 -148 192 -74 13 15 57 108 97 206 80 196 84 226 37 273 -30 30 -99 39 -137 18z\"\/><path d=\"M583 2784 c-38 -19 -67 -74 -58 -113 9 -42 211 -354 242 -373 16 -10 45 -18 66 -18 51 0 107 52 107 100 0 39 -1 41 -124 234 -80 126 -108 162 -133 173 -41 17 -61 16 -100 -3z\"\/><path d=\"M4250 2784 c-14 -9 -74 -91 -133 -183 -95 -150 -107 -173 -107 -213 0 -55 33 -94 87 -104 67 -13 90 8 211 198 130 202 137 225 78 284 -27 27 -42 34 -72 34 -22 0 -50 -8 -64 -16z\"\/><path d=\"M2275 2693 c-553 -48 -1095 -270 -1585 -649 -135 -104 -459 -423 -483 -476 -23 -49 -22 -139 2 -186 73 -142 361 -457 571 -626 285 -228 642 -407 990 -497 242 -63 336 -73 660 -74 310 0 370 5 595 52 535 111 1045 392 1455 803 122 121 250 273 275 326 19 41 19 137 0 174 -41 79 -309 363 -465 492 -447 370 -946 591 -1479 653 -113 14 -422 18 -536 8z m395 -428 c171 -34 330 -124 456 -258 112 -119 167 -219 211 -378 27 -96 24 -300 -5 -401 -72 -255 -236 -447 -474 -557 -132 -62 -201 -76 -368 -76 -167 0 -236 14 -368 76 -213 98 -373 271 -451 485 -162 444 86 934 547 1084 153 49 292 57 452 25z m909 -232 c222 -123 408 -262 593 -441 76 -74 138 -139 138 -144 0 -16 -233 -242 -330 -319 -155 -123 -309 -223 -461 -299 l-81 -41 32 46 c18 26 49 83 70 128 143 306 141 649 -6 957 -25 52 -61 116 -79 142 l-34 47 45 -20 c26 -10 76 -36 113 -56z m-2057 25 c-40 -58 -105 -190 -130 -263 -110 -324 -59 -707 132 -981 25 -35 42 -64 37 -64 -19 0 -241 119 -326 174 -188 122 -406 314 -532 468 l-58 71 108 103 c185 178 428 349 672 473 66 33 121 60 123 61 2 0 -10 -19 -26 -42z\"\/><path d=\"M2375 1950 c-198 -44 -350 -190 -395 -379 -18 -76 -8 -221 19 -290 114 -284 457 -406 731 -260 98 52 188 154 231 260 27 69 37 214 19 290 -38 163 -166 304 -326 360 -67 23 -215 33 -279 19z\"\/><\/g><\/svg><\/i> &nbsp;1,107&nbsp;total views<\/p>\n<div class=\"pvc_clear\"><\/div>\n<p><img loading=\"lazy\" class=\"alignleft size-medium wp-image-6682\" src=\"http:\/\/obcanskymonitoring.cz\/wp-content\/uploads\/2019\/10\/Petrin-300x153-300x153.jpg\" alt=\"\" width=\"300\" height=\"153\" \/><\/p>\n<p>&nbsp;<\/p>\n<p>&nbsp;<\/p>\n<p>&nbsp;<\/p>\n<p>&nbsp;<\/p>\n<p>&nbsp;<\/p>\n<p>&nbsp;<\/p>\n<p>&nbsp;<\/p>\n<p>P\u0159etiskuji otev\u0159en\u00fd dopis prim\u00e1torovi Prahy\u00a0MUDr. Zde\u0148kovi H\u0159ibovi.<\/p>\n<p><!--more--><\/p>\n<p>&nbsp;<\/p>\n<p>V\u00e1\u017een\u00fd pane prim\u00e1tore,<\/p>\n<p>jsem organiz\u00e1torem protestu proti z\u00e1m\u011bru odboru Ochrany \u017eivotn\u00edho prost\u0159ed\u00ed Magistr\u00e1tu hlavn\u00edho m\u011bsta Prahy stav\u011bt ve Velk\u00e9 Strahovsk\u00e9 zahrad\u011b.<\/p>\n<p>Pane prim\u00e1tore, Vy ofici\u00e1ln\u011b jedn\u00e1te za Magistr\u00e1t, Vy m\u00e1te plnou pravomoc stavbu okam\u017eit\u011b zastavit, pros\u00edm V\u00e1s, zastavte stavbu, kterou prov\u00e1d\u00ed pra\u017esk\u00fd Magistr\u00e1t ve Velk\u00e9 strahovsk\u00e9 zahrad\u011b, v samotn\u00e9m srdci Pet\u0159\u00edna, v m\u00edst\u011b s nejvy\u0161\u0161\u00ed pam\u00e1tkovou ochranou v zemi.<\/p>\n<p>Pane prim\u00e1tore, chci V\u00e1m p\u0159ipomenout, \u017ee zde jste sl\u00edbil, \u017ee ne\u017e za\u010dnou stavebn\u00ed pr\u00e1ce, prob\u011bhne participace s ve\u0159ejnost\u00ed.<br \/>\n<a style=\"font-size: 11pt; font-family: 'times new roman'; color: #1155cc;\" href=\"https:\/\/www.facebook.com\/\">https:\/\/www.facebook.com\/<\/a><span style=\"font-size: 11pt; font-family: 'times new roman'; color: #1155cc;\"><u>SOPMSH\/videos\/945669262447005\/UzpfSTE2NjQ3NjI3NTI6Vks6NDk5NDg4Nzk3NTEzNTE2\/<\/u><\/span><\/p>\n<p>&nbsp;<\/p>\n<p><strong>Sv\u016fj slib jste nesplnil!\u00a0<\/strong><\/p>\n<p>&nbsp;<\/p>\n<p>Zde je fotodokumentace, \u017ee stavba ji\u017e byla zah\u00e1jena a prob\u00edh\u00e1:<\/p>\n<p><a style=\"font-size: 11pt; font-family: 'times new roman';\" href=\"http:\/\/obcanskymonitoring.cz\/?p=6835\">http:\/\/obcanskymonitoring.cz\/?p=6835<\/a><\/p>\n<p>D\u00e1le p\u0159ikl\u00e1d\u00e1m fotodokumentaci, z n\u00ed\u017e je z\u0159ejm\u00e9, \u017ee o stavbu WC v t\u00e9to kauze v\u016fbec nejde:<br \/>\n<a style=\"font-size: 11pt; font-family: 'calibri'; color: #0563c1;\" href=\"http:\/\/obcanskymonitoring.cz\/?p=6762\">http:\/\/obcanskymonitoring.cz\/?p=6762<\/a><\/p>\n<p>Domn\u00edv\u00e1m se, spolu s N\u00e1rodn\u00edm pam\u00e1tkov\u00fdm \u00fastavem, \u017ee <b>c\u00edlem stavby je zp\u0159\u00edstupnit Velkou strahovskou zahradu pro stavbu komer\u010dn\u00edho objektu<\/b>.<\/p>\n<p>Cituji ze stanoviska NP\u00da: \u201eProstor je n\u00e1v\u0161t\u011bvnicky exponovan\u00fd a je zde p\u0159irozen\u00fd tlak nab\u00eddnout komer\u010dn\u00ed aktivity zam\u011b\u0159en\u00e9 na tyto n\u00e1v\u0161t\u011bvn\u00edky. V minul\u00fdch letech bylo v r\u00e1mci tehdy projedn\u00e1van\u00e9ho projektu zahradn\u00edho z\u00e1zem\u00ed (situovan\u00e9ho na jin\u00e9m m\u00edst\u011b) prosazovan\u00e9 z\u0159\u00edzen\u00ed restaura\u010dn\u00edho za\u0159\u00edzen\u00ed. Podobn\u00e9 mo\u017enosti se otv\u00edraj\u00ed i se st\u00e1vaj\u00edc\u00edm projektem. Vytvo\u0159en\u00ed odpo\u010dinkov\u00e9 plochy v pravo\u00fahl\u00e9m \u00fastupku zdi nevylu\u010duje v tomto prostoru mo\u017enost \u00fa\u010delov\u00e9 dostavby nap\u0159. pro provozovnu ob\u010derstven\u00ed. Re\u00e1ln\u011b zde tedy existuje mo\u017enost po\u0161kozen\u00ed prost\u0159ed\u00ed a pam\u00e1tkov\u00e1 p\u00e9\u010de mus\u00ed trvat na striktn\u00edm po\u017eadavku jeho zachov\u00e1n\u00ed pokud mo\u017eno bez nov\u00fdch vstup\u016f. Jde o \u00fazem\u00ed s nejvy\u0161\u0161\u00ed mo\u017enou pam\u00e1tkovou ochranou v zemi.\u201c<\/p>\n<p>Cel\u00fd citovan\u00fd dokument NP\u00da jsem publikoval zde:<br \/>\n<a style=\"font-size: 11pt; font-family: 'times new roman';\" href=\"https:\/\/drive.google.com\/file\/d\/1Bd1CwP9Q36fnZbpFJf-wN0151_MZqbvm\/view\">https:\/\/drive.google.com\/file\/d\/1Bd1CwP9Q36fnZbpFJf-wN0151_MZqbvm\/view<\/a><\/p>\n<p>Pane prim\u00e1tore, nenechte se u\u0161pinit touto kauzou, p\u0159ipravovanou minulou politickou reprezentac\u00ed!<\/p>\n<p>P\u0159ehled novinov\u00fdch \u010dl\u00e1nk\u016f o t\u00e9to kauze (re\u0161er\u0161e z tisku pro V\u00e1s)<br \/>\n<a href=\"http:\/\/obcanskymonitoring.cz\/?p=6793\">http:\/\/obcanskymonitoring.cz\/?p=6793<\/a><\/p>\n<p>P\u0159ipom\u00edn\u00e1m, \u017ee p\u0159es 2000 lid\u00ed podepsalo pap\u00edrovou petici proti stavb\u011b ve Velk\u00e9 strahovsk\u00e9 zahrad\u011b.<\/p>\n<p>Abych citoval argument biologa:<br \/>\n&#8220;Pet\u0159\u00edn m\u00e1 kontinu\u00e1ln\u00ed lesn\u00ed i lu\u010dn\u00ed v\u00fdvoj od prav\u011bku. Toto kousek od \u201eStarom\u00e1ku\u201c a je\u0161t\u011b men\u0161\u00ed kousek od \u201eHradu\u201c. Tohle je terno, kter\u00e9 \u017e\u00e1dn\u00e9 velkom\u011bsto v Evrop\u011b nem\u00e1. Mus\u00edme (nejen ze z\u00e1kona) tuto kriticky vz\u00e1cnou oblast chr\u00e1nit.&#8221;<\/p>\n<p>Zvu V\u00e1s, pane prim\u00e1tore, na demonstraci, chci, abyste m\u011bl mo\u017enost se k argument\u016fm na protestu vyj\u00e1d\u0159it. Pokud nechcete nebo nem\u016f\u017eete p\u0159ij\u00edt, m\u016f\u017eete mi sv\u00e9 argumenty poslat a j\u00e1 je na demonstraci p\u0159e\u010dtu.<\/p>\n<p>&nbsp;<\/p>\n<p>Ji\u017e jsem se pr\u00e1vni\u010dkou podal tyto podn\u011bty &#8211; ji\u017e prob\u00edhaj\u00edc\u00ed \u0159\u00edzen\u00ed:<span style=\"font-size: 11pt; font-family: 'times new roman';\"><br \/>\n<\/span><\/p>\n<ul style=\"list-style-type: disc; list-style-position: outside; margin-left: 40px; text-indent: 0px;\">\n<li class=\"rvps0\">Podn\u011bt na Inspekci \u017eivotn\u00edho prost\u0159ed\u00ed &#8211; K\u00e1cen\u00ed mimo vegeta\u010dn\u00ed obdob\u00ed a k\u00e1cen\u00ed v rozporu s pl\u00e1ny p\u00e9\u010de o Pet\u0159\u00edn. Nedostate\u010dn\u011b stanoven\u00e1 n\u00e1hradn\u00ed v\u00fdsadba za ji\u017e prob\u011bhl\u00e9 k\u00e1cen\u00ed. N\u00e1hradn\u00ed v\u00fdsadba nerespektuj\u00edc\u00ed pl\u00e1ny p\u00e9\u010de.<\/li>\n<li class=\"rvps0\">Podn\u011bt na Inspekci Ministerstva kultury &#8211; nezohledn\u011bn\u00ed po\u017eadavk\u016f NP\u00da.<\/li>\n<li class=\"rvps0\">Podn\u011bt na Policii &#8211; Pro\u0161et\u0159en\u00ed p\u0159estupku k\u00e1cen\u00ed mimo obdob\u00ed vegeta\u010dn\u00edho klidu.<\/li>\n<\/ul>\n<ul style=\"list-style-type: disc; list-style-position: outside; margin-left: 40px; text-indent: 0px;\">\n<li class=\"rvps0\">Pod\u00e1n\u00ed na zastaven\u00ed stavebn\u00edch prac\u00ed kv\u016fli chyb\u011bj\u00edc\u00edmu archeologick\u00e9mu v\u00fdzkumu.<\/li>\n<\/ul>\n<p>T\u011bsn\u011b p\u0159ed dokon\u010den\u00edm jsou tato pod\u00e1n\u00ed:<\/p>\n<ul style=\"list-style-type: disc; list-style-position: outside; margin-left: 40px; text-indent: 0px;\">\n<li class=\"rvps0\">Podn\u011bt na policii &#8211; Pro\u0161et\u0159en\u00ed p\u0159estupku zah\u00e1jen\u00ed stavebn\u00edch prac\u00ed p\u0159ed proveden\u00edm archeologick\u00e9ho pr\u016fzkumu.<\/li>\n<li class=\"rvps0\">Podn\u011bt k nad\u0159\u00edzen\u00e9mu spr\u00e1vn\u00edmu org\u00e1nu na prohl\u00e1\u0161en\u00ed nicotnosti \u00fazemn\u00edho rozhodnut\u00ed a stavebn\u00edho povolen\u00ed z d\u016fvodu syst\u00e9mov\u00e9 podjatosti spr\u00e1vn\u00edho org\u00e1nu, kter\u00fd o v\u011bci rozhodoval. (Praha 1 povolovala sv\u00e9mu nad\u0159\u00edzen\u00e9mu &#8211; MHMP a vyd\u00e1vala shov\u00edvav\u00e1 stanoviska)<\/li>\n<li class=\"rvps0\">Pod\u00e1n\u00ed k ombudsmance &#8211; Shov\u00edvav\u00e1 stanoviska povolovac\u00edch org\u00e1n\u016f, kter\u00e9 z lidsky pochopiteln\u00fdch d\u016fvod\u016f vydala m\u011bstsk\u00e9 \u010d\u00e1sti Praha 1 v\u016f\u010di sv\u00e9 nad\u0159\u00edzen\u00e9 slo\u017ece: MHMP<\/li>\n<li class=\"rvps0\">A dal\u0161\u00ed pod\u00e1n\u00ed.<\/li>\n<\/ul>\n<p>&nbsp;<\/p>\n<p>&nbsp;<\/p>\n<p>D\u011bkuji V\u00e1m,<\/p>\n<p>Hezk\u00fd, aktivn\u00ed den, p\u0159eje<br \/>\nOb\u010dansk\u00fd monitoring<br \/>\n<a href=\"http:\/\/www.obcanskymonitoring.cz\">www.obcanskymonitoring.cz<\/a><\/p>\n<p>S pozdravem,<br \/>\nMgr. V\u00edt\u011bzslav Praks, PhD.<br \/>\nMobile: 00420608666953<br \/>\nSkype: XVITAP<\/p>\n<p>Du\u0161kova 2362\/11,<br \/>\nPraha 5,<br \/>\n150 00<\/p>\n<p>&nbsp;<\/p>\n<p>&nbsp;<\/p>\n<p>&nbsp;<\/p>\n<p><strong>Ostatn\u00ed dokumenty k t\u00e9to kauze<\/strong><\/p>\n<p>Pozv\u00e1nka na demonstraci:\u00a0<a href=\"http:\/\/obcanskymonitoring.cz\/?p=6687\">Demonstrace: Magistr\u00e1te! Nestav\u011bj ve Velk\u00e9 strahovsk\u00e9 zahrad\u011b na Pet\u0159\u00edn\u011b!!!<\/a><\/p>\n<p><a href=\"https:\/\/www.facebook.com\/events\/756718854750882\/\">Facebookov\u00e1 str\u00e1nka demonstrace<\/a>\u00a0\u2013 p\u0159idejte se, jestli s protestem souhlas\u00edte a pozv\u011bte zn\u00e1m\u00e9.<\/p>\n<p><a href=\"http:\/\/obcanskymonitoring.cz\/?p=6762\">Fotod\u016fkazy, \u017ee o stavbu toalet v t\u00e9to kauze v\u016fbec nejde\u2026<\/a><\/p>\n<p><a href=\"http:\/\/obcanskymonitoring.cz\/?p=6793\"><span data-sheets-value=\"{&quot;1&quot;:2,&quot;2&quot;:&quot;Pet\u0159\u00ednsk\u00e1 kauza: P\u0159ehled ji\u017e publikovan\u00fdch \u010dl\u00e1nk\u016f (re\u0161er\u0161e z tisku)&quot;}\" data-sheets-userformat=\"{&quot;2&quot;:513,&quot;3&quot;:{&quot;1&quot;:0},&quot;12&quot;:0}\">Pet\u0159\u00ednsk\u00e1 kauza: P\u0159ehled ji\u017e publikovan\u00fdch \u010dl\u00e1nk\u016f (re\u0161er\u0161e z tisku)<\/span><\/a><\/p>\n<p><a href=\"https:\/\/drive.google.com\/open?id=1uw4mtG2A79nw-9ydRjWgXSm9_mtUnTR4\">Plak\u00e1tek s pozv\u00e1nkou na demonstraci \u2013 Vytiskn\u011bte, vyv\u011b\u0161te na ve\u0159ejn\u00fdch m\u00edstech a rozd\u00e1vejte pros\u00edm.<\/a><\/p>\n<p><a href=\"https:\/\/www.praha1.cz\/petrin-prohlednete-si-navrhy\/\">Prezentace navrhovan\u00e9 zm\u011bny na str\u00e1nk\u00e1ch Prahy 1<\/a><\/p>\n<p><a href=\"https:\/\/drive.google.com\/drive\/u\/0\/folders\/1rVhz-vYTrEGwETRTh1VkG2J2_TT3uZi-\">Kompletn\u00ed projekt ke shl\u00e9dnut\u00ed zde.<\/a><\/p>\n<div data-counters='1' data-style='square' data-size='regular' data-url='https:\/\/obcanskymonitoring.cz\/?p=6844' data-title='Pet\u0159\u00ednsk\u00e1 kauza: Otev\u0159en\u00fd dopis prim\u00e1torovi Prahy MUDr. Zde\u0148kovi H\u0159ibovi' class='linksalpha_container linksalpha_app_3'><a href='\/\/www.linksalpha.com\/share?network='facebook' class='linksalpha_icon_facebook'><\/a><a href='\/\/www.linksalpha.com\/share?network='twitter' class='linksalpha_icon_twitter'><\/a><a href='\/\/www.linksalpha.com\/share?network='googleplus' class='linksalpha_icon_googleplus'><\/a><a href='\/\/www.linksalpha.com\/share?network='mail' class='linksalpha_icon_mail'><\/a><\/div><div data-position='' data-url='https:\/\/obcanskymonitoring.cz\/?p=6844' data-title='Pet\u0159\u00ednsk\u00e1 kauza: Otev\u0159en\u00fd dopis prim\u00e1torovi Prahy MUDr. Zde\u0148kovi H\u0159ibovi' class='linksalpha_container linksalpha_app_7'><a href='\/\/www.linksalpha.com\/share?network='facebook' class='linksalpha_icon_facebook'><\/a><a href='\/\/www.linksalpha.com\/share?network='twitter' class='linksalpha_icon_twitter'><\/a><a href='\/\/www.linksalpha.com\/share?network='googleplus' class='linksalpha_icon_googleplus'><\/a><a href='\/\/www.linksalpha.com\/share?network='mail' class='linksalpha_icon_mail'><\/a><\/div>","protected":false},"excerpt":{"rendered":"<p>&nbsp;1,107&nbsp;total views &nbsp; &nbsp; &nbsp; &nbsp; &nbsp; &nbsp; &nbsp; P\u0159etiskuji otev\u0159en\u00fd dopis prim\u00e1torovi Prahy\u00a0MUDr. Zde\u0148kovi H\u0159ibovi.<\/p>\n","protected":false},"author":2,"featured_media":0,"comment_status":"open","ping_status":"open","sticky":true,"template":"","format":"standard","meta":[],"categories":[41,12,23],"tags":[],"_links":{"self":[{"href":"https:\/\/obcanskymonitoring.cz\/index.php?rest_route=\/wp\/v2\/posts\/6844"}],"collection":[{"href":"https:\/\/obcanskymonitoring.cz\/index.php?rest_route=\/wp\/v2\/posts"}],"about":[{"href":"https:\/\/obcanskymonitoring.cz\/index.php?rest_route=\/wp\/v2\/types\/post"}],"author":[{"embeddable":true,"href":"https:\/\/obcanskymonitoring.cz\/index.php?rest_route=\/wp\/v2\/users\/2"}],"replies":[{"embeddable":true,"href":"https:\/\/obcanskymonitoring.cz\/index.php?rest_route=%2Fwp%2Fv2%2Fcomments&post=6844"}],"version-history":[{"count":4,"href":"https:\/\/obcanskymonitoring.cz\/index.php?rest_route=\/wp\/v2\/posts\/6844\/revisions"}],"predecessor-version":[{"id":6849,"href":"https:\/\/obcanskymonitoring.cz\/index.php?rest_route=\/wp\/v2\/posts\/6844\/revisions\/6849"}],"wp:attachment":[{"href":"https:\/\/obcanskymonitoring.cz\/index.php?rest_route=%2Fwp%2Fv2%2Fmedia&parent=6844"}],"wp:term":[{"taxonomy":"category","embeddable":true,"href":"https:\/\/obcanskymonitoring.cz\/index.php?rest_route=%2Fwp%2Fv2%2Fcategories&post=6844"},{"taxonomy":"post_tag","embeddable":true,"href":"https:\/\/obcanskymonitoring.cz\/index.php?rest_route=%2Fwp%2Fv2%2Ftags&post=6844"}],"curies":[{"name":"wp","href":"https:\/\/api.w.org\/{rel}","templated":true}]}}