{"id":6871,"date":"2020-03-03T20:29:48","date_gmt":"2020-03-03T20:29:48","guid":{"rendered":"http:\/\/obcanskymonitoring.cz\/?p=6871"},"modified":"2021-03-28T19:45:34","modified_gmt":"2021-03-28T19:45:34","slug":"petr-jesatko-narodni-park-sumava-v-rukou-ministra-brabce-po-sesti-letech","status":"publish","type":"post","link":"https:\/\/obcanskymonitoring.cz\/?p=6871","title":{"rendered":"Petr Je\u0161\u00e1tko: N\u00e1rodn\u00ed park \u0160umava v rukou ministra Brabce po \u0161esti letech"},"content":{"rendered":"<div class=\"pvc_clear\"><\/div>\n<p class=\"pvc_stats total_only \" data-element-id=\"6871\" style=\"\"><i class=\"pvc-stats-icon medium\" aria-hidden=\"true\"><svg xmlns=\"http:\/\/www.w3.org\/2000\/svg\" version=\"1.0\" viewBox=\"0 0 502 315\" preserveAspectRatio=\"xMidYMid meet\"><g transform=\"translate(0,332) scale(0.1,-0.1)\" fill=\"\" stroke=\"none\"><path d=\"M2394 3279 l-29 -30 -3 -207 c-2 -182 0 -211 15 -242 39 -76 157 -76 196 0 15 31 17 60 15 243 l-3 209 -33 29 c-26 23 -41 29 -80 29 -41 0 -53 -5 -78 -31z\"\/><path d=\"M3085 3251 c-45 -19 -58 -50 -96 -229 -47 -217 -49 -260 -13 -295 52 -53 146 -42 177 20 16 31 87 366 87 410 0 70 -86 122 -155 94z\"\/><path d=\"M1751 3234 c-13 -9 -29 -31 -37 -50 -12 -29 -10 -49 21 -204 19 -94 39 -189 45 -210 14 -50 54 -80 110 -80 34 0 48 6 76 34 21 21 34 44 34 59 0 14 -18 113 -40 219 -37 178 -43 195 -70 221 -36 32 -101 37 -139 11z\"\/><path d=\"M1163 3073 c-36 -7 -73 -59 -73 -102 0 -56 133 -378 171 -413 34 -32 83 -37 129 -13 70 36 67 87 -16 290 -86 209 -89 214 -129 231 -35 14 -42 15 -82 7z\"\/><path d=\"M3689 3066 c-15 -9 -33 -30 -42 -48 -48 -103 -147 -355 -147 -375 0 -98 131 -148 192 -74 13 15 57 108 97 206 80 196 84 226 37 273 -30 30 -99 39 -137 18z\"\/><path d=\"M583 2784 c-38 -19 -67 -74 -58 -113 9 -42 211 -354 242 -373 16 -10 45 -18 66 -18 51 0 107 52 107 100 0 39 -1 41 -124 234 -80 126 -108 162 -133 173 -41 17 -61 16 -100 -3z\"\/><path d=\"M4250 2784 c-14 -9 -74 -91 -133 -183 -95 -150 -107 -173 -107 -213 0 -55 33 -94 87 -104 67 -13 90 8 211 198 130 202 137 225 78 284 -27 27 -42 34 -72 34 -22 0 -50 -8 -64 -16z\"\/><path d=\"M2275 2693 c-553 -48 -1095 -270 -1585 -649 -135 -104 -459 -423 -483 -476 -23 -49 -22 -139 2 -186 73 -142 361 -457 571 -626 285 -228 642 -407 990 -497 242 -63 336 -73 660 -74 310 0 370 5 595 52 535 111 1045 392 1455 803 122 121 250 273 275 326 19 41 19 137 0 174 -41 79 -309 363 -465 492 -447 370 -946 591 -1479 653 -113 14 -422 18 -536 8z m395 -428 c171 -34 330 -124 456 -258 112 -119 167 -219 211 -378 27 -96 24 -300 -5 -401 -72 -255 -236 -447 -474 -557 -132 -62 -201 -76 -368 -76 -167 0 -236 14 -368 76 -213 98 -373 271 -451 485 -162 444 86 934 547 1084 153 49 292 57 452 25z m909 -232 c222 -123 408 -262 593 -441 76 -74 138 -139 138 -144 0 -16 -233 -242 -330 -319 -155 -123 -309 -223 -461 -299 l-81 -41 32 46 c18 26 49 83 70 128 143 306 141 649 -6 957 -25 52 -61 116 -79 142 l-34 47 45 -20 c26 -10 76 -36 113 -56z m-2057 25 c-40 -58 -105 -190 -130 -263 -110 -324 -59 -707 132 -981 25 -35 42 -64 37 -64 -19 0 -241 119 -326 174 -188 122 -406 314 -532 468 l-58 71 108 103 c185 178 428 349 672 473 66 33 121 60 123 61 2 0 -10 -19 -26 -42z\"\/><path d=\"M2375 1950 c-198 -44 -350 -190 -395 -379 -18 -76 -8 -221 19 -290 114 -284 457 -406 731 -260 98 52 188 154 231 260 27 69 37 214 19 290 -38 163 -166 304 -326 360 -67 23 -215 33 -279 19z\"\/><\/g><\/svg><\/i> &nbsp;17,265&nbsp;total views<\/p>\n<div class=\"pvc_clear\"><\/div>\n<p><img loading=\"lazy\" class=\"alignleft size-medium wp-image-6872\" src=\"http:\/\/obcanskymonitoring.cz\/wp-content\/uploads\/2020\/03\/Richard_Brabec_02-300x280.jpg\" alt=\"\" width=\"300\" height=\"280\" srcset=\"https:\/\/obcanskymonitoring.cz\/wp-content\/uploads\/2020\/03\/Richard_Brabec_02-300x280.jpg 300w, https:\/\/obcanskymonitoring.cz\/wp-content\/uploads\/2020\/03\/Richard_Brabec_02-768x716.jpg 768w, https:\/\/obcanskymonitoring.cz\/wp-content\/uploads\/2020\/03\/Richard_Brabec_02.jpg 965w\" sizes=\"(max-width: 300px) 100vw, 300px\" \/><\/p>\n<p>&nbsp;<\/p>\n<p>&nbsp;<\/p>\n<p>&nbsp;<\/p>\n<p>&nbsp;<\/p>\n<p>&nbsp;<\/p>\n<p>&nbsp;<\/p>\n<p>&nbsp;<\/p>\n<p>&nbsp;<\/p>\n<p>&nbsp;<\/p>\n<p>&nbsp;<\/p>\n<p>&nbsp;<\/p>\n<p>&nbsp;<\/p>\n<p>&nbsp;<\/p>\n<p>P\u0159etiskuji \u010dl\u00e1nek Petra Je\u0161\u00e1tka.&nbsp;<a href=\"http:\/\/obcanskymonitoring.cz\/?page_id=3014\">Petr Je\u0161\u00e1tko<\/a> je b\u00fdval\u00fd vrchn\u00ed lesn\u00ed inspektor N\u00e1rodn\u00edho parku \u0160umava, nyn\u00ed v d\u016fchodu.<\/p>\n<p><!--more--><\/p>\n<p>&nbsp;<\/p>\n<p>Pe\u010dliv\u011b dlouhou dobu sledujeme d\u011bn\u00ed v les\u00edch &nbsp;v N\u00e1rodn\u00edm parku \u0160umava a na z\u00e1klad\u011b statistick\u00fdch \u00fadaj\u016f zas\u00edlan\u00fdch \u010cS\u00da, kter\u00e9 n\u00e1m veden\u00ed t\u00e9to organizace ochotn\u011b poskytuje, a proto si dovolujeme uve\u0159ejnit v\u00fdsledky hospoda\u0159en\u00ed v les\u00edch ve spr\u00e1v\u011b st\u00e1tu. Jsou to \u00fadaje, bez t\u011b\u017eeb a obnovy lesa, v majetku m\u011bst Ka\u0161persk\u00e9 Hory a Volary, jejich\u017e \u010d\u00e1st les\u016f le\u017e\u00ed na \u00fazem\u00ed parku, a kter\u00e9 jim byly po r. 2000, vyd\u00e1ny zp\u011bt.<\/p>\n<p>V pr\u016fb\u011bhu r. 2014 odvolal ministr Brabec dosavadn\u00ed veden\u00ed parku a zastupuj\u00edc\u00edm \u0159editelem jmenoval Mgr. Pavla Huben\u00e9ho, kter\u00e9ho o rok pozd\u011bji, jmenoval \u0159editelem. Pod\u00edvejme se, jak vypad\u00e1 les,&nbsp;6 let od t\u00e9to zm\u011bny.<\/p>\n<p>V prv\u00e9 \u0159ad\u011b nastal z\u00e1sadn\u00ed zlom v p\u0159\u00edstupu k v\u00fdsadb\u011b listnat\u00fdch d\u0159evin a \u0161umavsk\u00e9, geneticky cenn\u00e9 jedle. Jak prohl\u00e1sil pan \u0159editel, \u017ee je to zbyte\u010dn\u00e9 s\u00e1zet, proto\u017ee to zv\u011b\u0159 se\u017eere. Naprosto odm\u00edtl to, co bylo ve v\u0161ech Pl\u00e1nech p\u00e9\u010de, a co v\u0161echna p\u0159edchoz\u00ed veden\u00ed prov\u00e1d\u011bla, tedy p\u0159em\u011bnu um\u011ble zalo\u017een\u00fdch smrkov\u00fdch monokultur na lesy sm\u00ed\u0161en\u00e9 ekologicky stabiln\u011bj\u0161\u00ed, p\u0159\u00edrod\u011b bl\u00edzk\u00e9. Z\u00e1rove\u0148 za\u010dal likvidovat i lesn\u00ed aklimatiza\u010dn\u00ed \u0161kolky, v nich\u017e jsme p\u011bstovali listnat\u00e9 sazenice a \u0161umavskou jedli, ze semen sebran\u00fdch v les\u00edch n\u00e1rodn\u00edho parku.&nbsp; Pros\u00edm, pod\u00edvejte se v tomto po\u0159adu \u010cesk\u00e9 televize, jak se postupovalo do t\u00e9to doby:&nbsp; <a href=\"https:\/\/www.ceskatelevize.cz\/ivysilani\/1129337346-pridej-se\/209562248410021\/\">P\u0159idej se II<\/a>.<\/p>\n<p>N\u00e1sledn\u011b pan \u0159editel a jeho n\u00e1m\u011bstek Ing. Kozel odm\u00edtli \u0161etrn\u00e9 technologie v t\u011b\u017eebn\u00ed \u010dinnosti a prohl\u00e1sili, \u017ee se mus\u00ed chovat s p\u00e9\u010d\u00ed \u0159\u00e1dn\u00e9ho hospod\u00e1\u0159e a \u017ee kon\u011b sv\u00fdmi ostr\u00fdmi podkovami ud\u011blaj\u00ed v lese v\u00edce \u0161kod ne\u017e t\u011b\u017ek\u00e1 technika a tak d\u00e1vaj\u00ed p\u0159ednost harvestor\u016fm velk\u00fdch d\u0159eva\u0159sk\u00fdch spole\u010dnost\u00ed.&nbsp; Pod\u00edvejte se na po\u0159ad \u010cT s n\u00e1zvem <a href=\"https:\/\/www.ceskatelevize.cz\/porady\/10782831463-nedej-se-plus\/216562248410021-otevreno-nebo-zavreno\/\">Otev\u0159eno nebo zav\u0159eno<\/a>.<\/p>\n<p>Co jenom tyto dv\u011b zm\u011bny na za\u010d\u00e1tku znamenaly pro mal\u00e9 \u017eivnostn\u00edky, v\u010detn\u011b \u0161umavsk\u00fdch, si ka\u017ed\u00fd dovede p\u0159edstavit. N\u00e1sledoval jejich odchod ze \u0160umavy, nebo skon\u010dili a ode\u0161li pracovat do sousedn\u00edch zem\u00ed, \u010di obor\u016f. Dnes je jich nedostatek v cel\u00e9 republice, tedy i na \u0160umav\u011b.<\/p>\n<p>A co se stalo v nejp\u0159\u00edsn\u011bji chr\u00e1n\u011bn\u00fdch les\u00edch za t\u011bchto posledn\u00edch \u0161est let?<\/p>\n<p>Bylo vyt\u011b\u017eeno rekordn\u00edch 1 milion 135 tis\u00edc 310 kub\u00edk\u016f d\u0159\u00edv\u00ed!&nbsp;&nbsp; Tr\u017eby za n\u011bj \u010dinily 1 miliardu 353 milion\u016f 360 tis\u00edc K\u010d.&nbsp; Zisk nebyl pou\u017eit, jako v minulosti p\u0159edev\u0161\u00edm k p\u00e9\u010di o les, ale ze t\u0159\u00ed \u010dtvrtin (jak napsal pan \u0159editel) na jin\u00e9 \u00fa\u010dely. Z\u00e1sahov\u00e9 \u00fazem\u00ed, tedy v\u011bt\u0161ina parku, mus\u00ed pr\u00fd slou\u017eit k financov\u00e1n\u00ed organizace.&nbsp; Podivn\u00fd je i prodej d\u0159\u00edv\u00ed.<\/p>\n<p>Nap\u0159. za lo\u0148sk\u00fd rok bylo prod\u00e1no 204 554 m3 v\u0161ech sortiment\u016f. V\u011bt\u0161inou se jednalo o d\u0159\u00edv\u00ed napaden\u00e9 k\u016frovcem. Jak v\u0161ichni v\u00edme, k\u016frovec, tedy l\u00fdko\u017erout ne\u017eere d\u0159evo, ale l\u00fdko a je to \u0161k\u016fdce tedy fyziologick\u00fd. Jak n\u00e1m sd\u011blilo veden\u00ed parku, \u010cesk\u00e1 inspekce \u017eivotn\u00edho prost\u0159ed\u00ed, tedy ministra Brabce, ve kter\u00e9 hned po sv\u00e9m n\u00e1stupu, provedl person\u00e1ln\u00ed zm\u011bny,&nbsp; konstatovala, \u017ee d\u0159evo je v\u010das vyt\u011b\u017eeno. Tedy neztratilo na kvalit\u011b!!! &nbsp; Zar\u00e1\u017eej\u00edc\u00ed ov\u0161em je, \u017ee p\u0159i prodeji bylo prod\u00e1no v\u00edce ne\u017e 80% v t\u00e9 nejhor\u0161\u00ed kvalit\u011b.&nbsp; Nebav\u00edme se o cen\u00e1ch, za kter\u00e9 bylo prod\u00e1no, ale pokud se st\u00e1tn\u00ed \u00fa\u0159edn\u00edk chov\u00e1 s p\u00e9\u010d\u00ed \u0159\u00e1dn\u00e9ho hospod\u00e1\u0159e a to mu na\u0159izuje z\u00e1kon, tak mus\u00ed d\u0159evo \u0159\u00e1dn\u011b t\u0159\u00eddit a prod\u00e1vat v t\u00e9 kvalit\u011b, kter\u00e1 odpov\u00edd\u00e1 skute\u010dnosti.&nbsp; Kdo m\u00e1 asi zisk z n\u00e1sledn\u00e9ho prodeje p\u0159es p\u0159ekupn\u00edky d\u0159\u00edv\u00ed, zejm\u00e9na do zahrani\u010d\u00ed? Nebo zde k\u016frovec vyl\u00e9tl a d\u0159evo bylo zpracov\u00e1no pozd\u011bji a \u010cI\u017dP to zametla pod koberec?<\/p>\n<p>Pod\u00edvejme se na p\u011bstebn\u00ed \u010dinnost.&nbsp; Jestli\u017ee v r. 2014 bylo vys\u00e1zeno je\u0161t\u011b 269 tis\u00edc 100 sazenic na zalesn\u011bn\u00ed holin a p\u0159em\u011bnu porost\u016f (co\u017e ji\u017e bylo tak\u00e9 m\u00e1lo, proti minulosti, kdy to bylo minim\u00e1ln\u011b ka\u017ed\u00fd rok v\u00edce ne\u017e p\u016fl milionu sazenic), tak v lo\u0148sk\u00e9m roce 57 tis\u00edc \u0161est set!!!&nbsp; Tedy n\u011bco tak sm\u011b\u0161n\u00e9ho, co\u017e s\u00e1z\u00ed jedin\u00fd lesn\u00edk v mnoha jin\u00fdch les\u00edch.&nbsp;&nbsp; P\u0159itom pokud se dostavuje p\u0159irozen\u00e1 obnova, tak op\u011bt z vlastn\u00ed&nbsp; lesn\u00ed hospod\u00e1\u0159sk\u00e9 evidence n\u00e1rodn\u00edho parku vypl\u00fdv\u00e1,&nbsp; \u017ee je to okolo 90%&nbsp; op\u011bt smrk!!!&nbsp;&nbsp; A pokud se pod\u00edv\u00e1me na z\u00e1soby sadebn\u00edho materi\u00e1lu ve \u0161kolk\u00e1ch, kter\u00e9 je\u0161t\u011b nesta\u010dil pan \u0159editel zlikvidovat, tak v r. 2014 byla z\u00e1soba 2 miliony 466 tis\u00edc 788 kus\u016f a ke konci lo\u0148sk\u00e9ho roku pouze 312 tis\u00edc 168 kus\u016f sadebn\u00edho materi\u00e1lu.<\/p>\n<p>Pokud se \u010dlov\u011bk znal\u00fd v t\u011bchto v\u011bcech zamysl\u00ed, polo\u017e\u00ed si ot\u00e1zku: \u017divnostn\u00edci v p\u011bstebn\u00ed \u010dinnosti p\u0159i\u0161li o pr\u00e1ci, mal\u00ed \u017eivnostn\u00edci v t\u011b\u017eebn\u00ed \u010dinnosti p\u0159i\u0161li o pr\u00e1ci, nebo budou d\u011blat pod velk\u00fdmi firmami a odv\u00e1d\u011bt z ka\u017ed\u00e9 faktury &#8220;des\u00e1tky&#8221; , jak o tom hovo\u0159\u00ed ve v\u00fd\u0161e uveden\u00e9m po\u0159adu \u010cT s n\u00e1zvem Otev\u0159eno nebo zav\u0159eno. Lesn\u00ed aklimatiza\u010dn\u00ed \u0161kolky nemaj\u00ed dostatek sazenic a dnes ani lid\u00ed, kte\u0159\u00ed by v nich pracovali. Nab\u00edz\u00ed se \u0159e\u0161en\u00ed:&nbsp; Pan Babi\u0161 m\u00e1 firmu na t\u011b\u017eebn\u00ed pr\u00e1ce UNILES a na p\u011bstebn\u00ed pr\u00e1ce, v\u010detn\u011b \u0161kolka\u0159sk\u00e9 \u010dinnosti WOTAN FOREST, ta dokonce s\u00eddl\u00ed v bl\u00edzkosti parku&#8230;&nbsp; A tak, jak se zd\u00e1, doba, kdy v lese pracovali m\u00edstn\u00ed, v\u010detn\u011b zales\u0148ov\u00e1n\u00ed a pr\u00e1ce v lesn\u00edch \u0161kolk\u00e1ch n\u00e1stupem pana Brabce, minula.&nbsp; No a o p\u016fvodnosti semen \u0161umavsk\u00e9 jedle a listn\u00e1\u010d\u016f se n\u00e1m bude asi jen ve \u0161kolk\u00e1ch jin\u00fdch majitel\u016f asi zd\u00e1t.<\/p>\n<p>&nbsp;<\/p>\n<p><a href=\"http:\/\/obcanskymonitoring.cz\/?page_id=3014\">Petr Je\u0161\u00e1tko st.<\/a><\/p>\n<p><a href=\"http:\/\/www.ceskatelevize.cz\/ivysilani\/1129337346-pridej-se\/209562248410019\/\">Star\u0161\u00ed&nbsp;po\u0159ad Petra Je\u0161\u00e1tka pro \u010ceskou televizi<\/a>&nbsp;Dal\u0161\u00ed \u010dl\u00e1nky Petra Je\u0161\u00e1tka na na\u0161ich str\u00e1nk\u00e1ch jsou&nbsp;<a href=\"http:\/\/obcanskymonitoring.cz\/?s=je%C5%A1%C3%A1tko&amp;x=0&amp;y=0\">zde<\/a>.<\/p>\n<p>Dal\u0161\u00ed \u010dl\u00e1nky na Ob\u010dansk\u00e9m monitoringu k t\u00e9matu \u0160umava si m\u016f\u017eete p\u0159e\u010d\u00edst&nbsp;<a href=\"http:\/\/obcanskymonitoring.cz\/?cat=21\">zde<\/a>.<\/p>\n<div data-counters='1' data-style='square' data-size='regular' data-url='https:\/\/obcanskymonitoring.cz\/?p=6871' data-title='Petr Je\u0161\u00e1tko: N\u00e1rodn\u00ed park \u0160umava v rukou ministra Brabce po \u0161esti letech' class='linksalpha_container linksalpha_app_3'><a href='\/\/www.linksalpha.com\/share?network='facebook' class='linksalpha_icon_facebook'><\/a><a href='\/\/www.linksalpha.com\/share?network='twitter' class='linksalpha_icon_twitter'><\/a><a href='\/\/www.linksalpha.com\/share?network='googleplus' class='linksalpha_icon_googleplus'><\/a><a href='\/\/www.linksalpha.com\/share?network='mail' class='linksalpha_icon_mail'><\/a><\/div><div data-position='' data-url='https:\/\/obcanskymonitoring.cz\/?p=6871' data-title='Petr Je\u0161\u00e1tko: N\u00e1rodn\u00ed park \u0160umava v rukou ministra Brabce po \u0161esti letech' class='linksalpha_container linksalpha_app_7'><a href='\/\/www.linksalpha.com\/share?network='facebook' class='linksalpha_icon_facebook'><\/a><a href='\/\/www.linksalpha.com\/share?network='twitter' class='linksalpha_icon_twitter'><\/a><a href='\/\/www.linksalpha.com\/share?network='googleplus' class='linksalpha_icon_googleplus'><\/a><a href='\/\/www.linksalpha.com\/share?network='mail' class='linksalpha_icon_mail'><\/a><\/div>","protected":false},"excerpt":{"rendered":"<p>&nbsp;17,265&nbsp;total views &nbsp; &nbsp; &nbsp; &nbsp; &nbsp; &nbsp; &nbsp; &nbsp; &nbsp; &nbsp; &nbsp; &nbsp; &nbsp; P\u0159etiskuji \u010dl\u00e1nek Petra Je\u0161\u00e1tka.&nbsp;Petr Je\u0161\u00e1tko je b\u00fdval\u00fd vrchn\u00ed lesn\u00ed inspektor N\u00e1rodn\u00edho parku \u0160umava, nyn\u00ed v d\u016fchodu.<\/p>\n","protected":false},"author":2,"featured_media":0,"comment_status":"open","ping_status":"open","sticky":true,"template":"","format":"standard","meta":[],"categories":[21,29],"tags":[],"_links":{"self":[{"href":"https:\/\/obcanskymonitoring.cz\/index.php?rest_route=\/wp\/v2\/posts\/6871"}],"collection":[{"href":"https:\/\/obcanskymonitoring.cz\/index.php?rest_route=\/wp\/v2\/posts"}],"about":[{"href":"https:\/\/obcanskymonitoring.cz\/index.php?rest_route=\/wp\/v2\/types\/post"}],"author":[{"embeddable":true,"href":"https:\/\/obcanskymonitoring.cz\/index.php?rest_route=\/wp\/v2\/users\/2"}],"replies":[{"embeddable":true,"href":"https:\/\/obcanskymonitoring.cz\/index.php?rest_route=%2Fwp%2Fv2%2Fcomments&post=6871"}],"version-history":[{"count":4,"href":"https:\/\/obcanskymonitoring.cz\/index.php?rest_route=\/wp\/v2\/posts\/6871\/revisions"}],"predecessor-version":[{"id":7459,"href":"https:\/\/obcanskymonitoring.cz\/index.php?rest_route=\/wp\/v2\/posts\/6871\/revisions\/7459"}],"wp:attachment":[{"href":"https:\/\/obcanskymonitoring.cz\/index.php?rest_route=%2Fwp%2Fv2%2Fmedia&parent=6871"}],"wp:term":[{"taxonomy":"category","embeddable":true,"href":"https:\/\/obcanskymonitoring.cz\/index.php?rest_route=%2Fwp%2Fv2%2Fcategories&post=6871"},{"taxonomy":"post_tag","embeddable":true,"href":"https:\/\/obcanskymonitoring.cz\/index.php?rest_route=%2Fwp%2Fv2%2Ftags&post=6871"}],"curies":[{"name":"wp","href":"https:\/\/api.w.org\/{rel}","templated":true}]}}