{"id":7090,"date":"2021-01-15T21:27:03","date_gmt":"2021-01-15T21:27:03","guid":{"rendered":"http:\/\/obcanskymonitoring.cz\/?p=7090"},"modified":"2021-01-15T21:27:04","modified_gmt":"2021-01-15T21:27:04","slug":"strategie-evropske-unie-pro-rovnost-lgbtiq-osob-na-obdobi-2020-2025","status":"publish","type":"post","link":"https:\/\/obcanskymonitoring.cz\/?p=7090","title":{"rendered":"Strategie Evropsk\u00e9 unie pro rovnost LGBTIQ osob na obdob\u00ed 2020-2025"},"content":{"rendered":"<div class=\"pvc_clear\"><\/div><p class=\"pvc_stats total_only \" data-element-id=\"7090\" style=\"\"><i class=\"pvc-stats-icon medium\" aria-hidden=\"true\"><svg xmlns=\"http:\/\/www.w3.org\/2000\/svg\" version=\"1.0\" viewBox=\"0 0 502 315\" preserveAspectRatio=\"xMidYMid meet\"><g transform=\"translate(0,332) scale(0.1,-0.1)\" fill=\"\" stroke=\"none\"><path d=\"M2394 3279 l-29 -30 -3 -207 c-2 -182 0 -211 15 -242 39 -76 157 -76 196 0 15 31 17 60 15 243 l-3 209 -33 29 c-26 23 -41 29 -80 29 -41 0 -53 -5 -78 -31z\"\/><path d=\"M3085 3251 c-45 -19 -58 -50 -96 -229 -47 -217 -49 -260 -13 -295 52 -53 146 -42 177 20 16 31 87 366 87 410 0 70 -86 122 -155 94z\"\/><path d=\"M1751 3234 c-13 -9 -29 -31 -37 -50 -12 -29 -10 -49 21 -204 19 -94 39 -189 45 -210 14 -50 54 -80 110 -80 34 0 48 6 76 34 21 21 34 44 34 59 0 14 -18 113 -40 219 -37 178 -43 195 -70 221 -36 32 -101 37 -139 11z\"\/><path d=\"M1163 3073 c-36 -7 -73 -59 -73 -102 0 -56 133 -378 171 -413 34 -32 83 -37 129 -13 70 36 67 87 -16 290 -86 209 -89 214 -129 231 -35 14 -42 15 -82 7z\"\/><path d=\"M3689 3066 c-15 -9 -33 -30 -42 -48 -48 -103 -147 -355 -147 -375 0 -98 131 -148 192 -74 13 15 57 108 97 206 80 196 84 226 37 273 -30 30 -99 39 -137 18z\"\/><path d=\"M583 2784 c-38 -19 -67 -74 -58 -113 9 -42 211 -354 242 -373 16 -10 45 -18 66 -18 51 0 107 52 107 100 0 39 -1 41 -124 234 -80 126 -108 162 -133 173 -41 17 -61 16 -100 -3z\"\/><path d=\"M4250 2784 c-14 -9 -74 -91 -133 -183 -95 -150 -107 -173 -107 -213 0 -55 33 -94 87 -104 67 -13 90 8 211 198 130 202 137 225 78 284 -27 27 -42 34 -72 34 -22 0 -50 -8 -64 -16z\"\/><path d=\"M2275 2693 c-553 -48 -1095 -270 -1585 -649 -135 -104 -459 -423 -483 -476 -23 -49 -22 -139 2 -186 73 -142 361 -457 571 -626 285 -228 642 -407 990 -497 242 -63 336 -73 660 -74 310 0 370 5 595 52 535 111 1045 392 1455 803 122 121 250 273 275 326 19 41 19 137 0 174 -41 79 -309 363 -465 492 -447 370 -946 591 -1479 653 -113 14 -422 18 -536 8z m395 -428 c171 -34 330 -124 456 -258 112 -119 167 -219 211 -378 27 -96 24 -300 -5 -401 -72 -255 -236 -447 -474 -557 -132 -62 -201 -76 -368 -76 -167 0 -236 14 -368 76 -213 98 -373 271 -451 485 -162 444 86 934 547 1084 153 49 292 57 452 25z m909 -232 c222 -123 408 -262 593 -441 76 -74 138 -139 138 -144 0 -16 -233 -242 -330 -319 -155 -123 -309 -223 -461 -299 l-81 -41 32 46 c18 26 49 83 70 128 143 306 141 649 -6 957 -25 52 -61 116 -79 142 l-34 47 45 -20 c26 -10 76 -36 113 -56z m-2057 25 c-40 -58 -105 -190 -130 -263 -110 -324 -59 -707 132 -981 25 -35 42 -64 37 -64 -19 0 -241 119 -326 174 -188 122 -406 314 -532 468 l-58 71 108 103 c185 178 428 349 672 473 66 33 121 60 123 61 2 0 -10 -19 -26 -42z\"\/><path d=\"M2375 1950 c-198 -44 -350 -190 -395 -379 -18 -76 -8 -221 19 -290 114 -284 457 -406 731 -260 98 52 188 154 231 260 27 69 37 214 19 290 -38 163 -166 304 -326 360 -67 23 -215 33 -279 19z\"\/><\/g><\/svg><\/i> &nbsp;1,067&nbsp;total views<\/p><div class=\"pvc_clear\"><\/div>\n<figure class=\"wp-block-image size-large is-resized\"><a href=\"http:\/\/obcanskymonitoring.cz\/wp-content\/uploads\/2020\/12\/ios.png\"><img loading=\"lazy\" src=\"http:\/\/obcanskymonitoring.cz\/wp-content\/uploads\/2020\/12\/ios.png\" alt=\"\" class=\"wp-image-6978\" width=\"102\" height=\"34\"\/><\/a><\/figure>\n\n\n\n<p>V\u00a0polovin\u011b listopadu lo\u0148sk\u00e9ho roku zaslala EK prost\u0159ednictv\u00edm sv\u00e9 \u0159editelky Martine Deprezov\u00e9 dokument \u201eSd\u011blen\u00ed Komise Evropsk\u00e9mu parlamentu, Rad\u011b, Evropsk\u00e9mu hospod\u00e1\u0159sk\u00e9mu a soci\u00e1ln\u00edmu v\u00fdboru a V\u00fdboru region\u016f\u201c, kter\u00e9 se zab\u00fdv\u00e1 strategi\u00ed pro rovnost osob lesbick\u00fdch, gay\u016f, bisexu\u00e1ln\u00edch, trans, nebin\u00e1rn\u00edch, intersexu\u00e1ln\u00edch a queer (ozna\u010den\u00ed LGBTIQ). Aktivitu v\u00a0t\u00e9to oblasti zah\u00e1jila EK v\u00a0roce 2015. Na vnitrost\u00e1tn\u00ed \u00farovni uznalo p\u00e1ry stejn\u00e9ho pohlav\u00ed 21 \u010dlensk\u00fdch st\u00e1t\u016f (v\u010detn\u011b \u010cR), z\u00a0toho \u010dty\u0159i \u010dlensk\u00e9 st\u00e1ty zavedly postupy uzn\u00e1v\u00e1n\u00ed pohlav\u00ed bez l\u00e9ka\u0159sk\u00fdch po\u017eadavk\u016f (D\u00e1nsko, Irsko, Lucembursko, Malta).<br>Pro p\u0159esnost a p\u0159ehled uv\u00e1d\u00edme klasifikaci osob, o kter\u00e9 se jedn\u00e1:<\/p>\n\n\n\n<ul><li>jsou p\u0159itahov\u00e1ny osobami stejn\u00e9ho pohlav\u00ed, jako jsou ony samy (lesbick\u00e9, homosexu\u00e1ln\u00ed), nebo jak\u00fdmkoli pohlav\u00edm (bisexu\u00e1ln\u00ed),<\/li><li>jejich genderov\u00e1 identita nebo genderov\u00fd projev se li\u0161\u00ed od pohlav\u00ed, je\u017e jim bylo p\u0159i narozen\u00ed ur\u010deno (trans, nebin\u00e1rn\u00ed),<\/li><li>narodily se s pohlavn\u00edmi znaky, kter\u00e9 neodpov\u00eddaj\u00ed typick\u00e9 definici mu\u017ee nebo \u017eeny (intersexu\u00e1ln\u00ed),<\/li><li>jejich identita nezapad\u00e1 do bin\u00e1rn\u00ed klasifikace sexuality a\/nebo pohlav\u00ed (queer).<\/li><\/ul>\n\n\n<p><!--more--><\/p>\n\n\n<p>Podle pr\u016fzkumu se diskriminace osob LGBTIQ od roku 2012 do roku 2019 zv\u00fd\u0161ila z&nbsp;37 % na 43 %, tj. o 16 %. Pro \u010d\u00e1st z&nbsp;nich nen\u00ed bezpe\u010dn\u00e9 ve\u0159ejn\u011b projevovat n\u00e1klonnost, b\u00fdt otev\u0159en\u00fd ohledn\u011b sv\u00e9 sexu\u00e1ln\u00ed orientace, genderov\u00e9 identity, vyj\u00e1d\u0159en\u00ed genderu a pohlavn\u00edch znak\u016f (a\u0165 u\u017e doma nebo v pr\u00e1ci). V\u00fdznamn\u00fd po\u010det je ohro\u017een chudobou a soci\u00e1ln\u00edm vylou\u010den\u00edm. Ne v\u0161ichni pova\u017euj\u00ed za bezpe\u010dn\u00e9 hl\u00e1sit policii slovn\u00ed \u00fatoky a fyzick\u00e9 n\u00e1sil\u00ed. Spole\u010densk\u00e9 p\u0159ijet\u00ed vzrostlo mezi l\u00e9ty 2015 a 2019 z&nbsp;71 % na 76 %, v&nbsp;dev\u00edti \u010dlensk\u00fdch st\u00e1tech se v\u0161em sn\u00ed\u017eilo. Pandemie covidu-19 a n\u00e1sledn\u00e1 opat\u0159en\u00ed uv\u011bznila mnoho mlad\u00fdch i star\u0161\u00edch osob v prost\u0159ed\u00ed, kde by jim mohlo hrozit n\u00e1sil\u00ed nebo kde jsou ohro\u017eeny zv\u00fd\u0161enou m\u00edrou \u00fazkosti nebo deprese. Objevuj\u00ed se i hoaxy obvi\u0148uj\u00edc\u00ed LGBTIQ osoby z \u0161\u00ed\u0159en\u00ed koronaviru.<\/p>\n\n\n\n<p>A\u010dkoli m\u00e1 EU v oblasti z\u00e1kladn\u00edch pr\u00e1v velmi vysok\u00e9 standardy, nejsou v\u017edy uplat\u0148ov\u00e1ny stejn\u011b. Tato v\u016fbec prvn\u00ed strategie reaguje na v\u00fdzvy \u010dlensk\u00fdch st\u00e1t\u016f a Evropsk\u00e9ho parlamentu a podporuje ji i meziskupina pro pr\u00e1va LGBTI osob a ob\u010danskou spole\u010dnost. Definuje \u0159adu opat\u0159en\u00ed t\u00fdkaj\u00edc\u00edch se \u010dty\u0159 z\u00e1kladn\u00edch pil\u00ed\u0159\u016f:<\/p>\n\n\n\n<ul><li>boj proti diskriminaci LGBTIQ osob<\/li><li>zaji\u0161t\u011bn\u00ed bezpe\u010dnosti LGBTIQ osob<\/li><li>budov\u00e1n\u00ed inkluz\u00edvn\u00edch spole\u010dnost\u00ed pro LGBTIQ osoby<\/li><li>vedouc\u00ed role p\u0159i prosazov\u00e1n\u00ed rovnosti LGBTIQ osob po cel\u00e9m sv\u011bt\u011b<\/li><\/ul>\n\n\n\n<p>Boj proti nerovnosti v EU je sd\u00edlenou odpov\u011bdnost\u00ed. Instituce a agentury EU, \u010dlensk\u00e9 st\u00e1ty, v\u010detn\u011b region\u00e1ln\u00edch a m\u00edstn\u00edch org\u00e1n\u016f, org\u00e1ny pro rovn\u00e9 zach\u00e1zen\u00ed, ob\u010dansk\u00e1 spole\u010dnost a podniky mus\u00ed zv\u00fd\u0161it svou anga\u017eovanost. V\u0161echny instituce by m\u011bly stanovit jasn\u00fd z\u00e1vazek pokra\u010dovat ve spole\u010dn\u00e9 strategii.<\/p>\n\n\n\n<p>Komise proto vyz\u00fdv\u00e1 Evropsk\u00fd parlament, aby obnovil sv\u016fj z\u00e1vazek a podpo\u0159il prov\u00e1d\u011bn\u00ed t\u00e9to strategie, a Radu, aby v n\u00e1vaznosti na tuto strategii p\u0159ijala p\u0159\u00edslu\u0161n\u00e9 z\u00e1v\u011bry. D\u00e1le vyz\u00fdv\u00e1 V\u00fdbor region\u016f a Evropsk\u00fd hospod\u00e1\u0159sk\u00fd a soci\u00e1ln\u00ed v\u00fdbor, aby podpo\u0159ily dialog s m\u00edstn\u00edmi a region\u00e1ln\u00edmi org\u00e1ny a ob\u010danskou spole\u010dnost\u00ed, v\u010detn\u011b soci\u00e1ln\u00edch partner\u016f, o tom, jak prosazovat rovnost LGBTIQ osob. Agentura Evropsk\u00e9 unie pro z\u00e1kladn\u00ed pr\u00e1va a Evropsk\u00fd institut pro rovnost \u017een a mu\u017e\u016f budou nad\u00e1le podporovat rovnost LGBTIQ osob prost\u0159ednictv\u00edm pravideln\u00fdch pr\u016fzkum\u016f, technick\u00e9 pomoci a metodick\u00e9 podpory \u010dlensk\u00fdm st\u00e1t\u016fm.<\/p>\n\n\n\n<p>Cel\u00fd dokument naleznete <a href=\"https:\/\/www.senat.cz\/xqw\/xervlet\/pssenat\/original?docid=97770&amp;varid=82026&amp;fileid=89589\">zde<\/a>. <\/p>\n<div data-counters='1' data-style='square' data-size='regular' data-url='https:\/\/obcanskymonitoring.cz\/?p=7090' data-title='Strategie Evropsk\u00e9 unie pro rovnost LGBTIQ osob na obdob\u00ed 2020-2025' class='linksalpha_container linksalpha_app_3'><a href='\/\/www.linksalpha.com\/share?network='facebook' class='linksalpha_icon_facebook'><\/a><a href='\/\/www.linksalpha.com\/share?network='twitter' class='linksalpha_icon_twitter'><\/a><a href='\/\/www.linksalpha.com\/share?network='googleplus' class='linksalpha_icon_googleplus'><\/a><a href='\/\/www.linksalpha.com\/share?network='mail' class='linksalpha_icon_mail'><\/a><\/div><div data-position='' data-url='https:\/\/obcanskymonitoring.cz\/?p=7090' data-title='Strategie Evropsk\u00e9 unie pro rovnost LGBTIQ osob na obdob\u00ed 2020-2025' class='linksalpha_container linksalpha_app_7'><a href='\/\/www.linksalpha.com\/share?network='facebook' class='linksalpha_icon_facebook'><\/a><a href='\/\/www.linksalpha.com\/share?network='twitter' class='linksalpha_icon_twitter'><\/a><a href='\/\/www.linksalpha.com\/share?network='googleplus' class='linksalpha_icon_googleplus'><\/a><a href='\/\/www.linksalpha.com\/share?network='mail' class='linksalpha_icon_mail'><\/a><\/div>","protected":false},"excerpt":{"rendered":"<p>&nbsp;1,067&nbsp;total views V\u00a0polovin\u011b listopadu lo\u0148sk\u00e9ho roku zaslala EK prost\u0159ednictv\u00edm sv\u00e9 \u0159editelky Martine Deprezov\u00e9 dokument \u201eSd\u011blen\u00ed Komise Evropsk\u00e9mu parlamentu, Rad\u011b, Evropsk\u00e9mu hospod\u00e1\u0159sk\u00e9mu a soci\u00e1ln\u00edmu v\u00fdboru a V\u00fdboru region\u016f\u201c, kter\u00e9 se zab\u00fdv\u00e1 strategi\u00ed pro rovnost osob lesbick\u00fdch, gay\u016f, bisexu\u00e1ln\u00edch, trans, nebin\u00e1rn\u00edch, intersexu\u00e1ln\u00edch a queer (ozna\u010den\u00ed LGBTIQ). Aktivitu v\u00a0t\u00e9to oblasti zah\u00e1jila EK v\u00a0roce 2015. Na vnitrost\u00e1tn\u00ed \u00farovni uznalo [&hellip;]<\/p>\n","protected":false},"author":3,"featured_media":0,"comment_status":"open","ping_status":"open","sticky":true,"template":"","format":"standard","meta":[],"categories":[32],"tags":[],"_links":{"self":[{"href":"https:\/\/obcanskymonitoring.cz\/index.php?rest_route=\/wp\/v2\/posts\/7090"}],"collection":[{"href":"https:\/\/obcanskymonitoring.cz\/index.php?rest_route=\/wp\/v2\/posts"}],"about":[{"href":"https:\/\/obcanskymonitoring.cz\/index.php?rest_route=\/wp\/v2\/types\/post"}],"author":[{"embeddable":true,"href":"https:\/\/obcanskymonitoring.cz\/index.php?rest_route=\/wp\/v2\/users\/3"}],"replies":[{"embeddable":true,"href":"https:\/\/obcanskymonitoring.cz\/index.php?rest_route=%2Fwp%2Fv2%2Fcomments&post=7090"}],"version-history":[{"count":2,"href":"https:\/\/obcanskymonitoring.cz\/index.php?rest_route=\/wp\/v2\/posts\/7090\/revisions"}],"predecessor-version":[{"id":7092,"href":"https:\/\/obcanskymonitoring.cz\/index.php?rest_route=\/wp\/v2\/posts\/7090\/revisions\/7092"}],"wp:attachment":[{"href":"https:\/\/obcanskymonitoring.cz\/index.php?rest_route=%2Fwp%2Fv2%2Fmedia&parent=7090"}],"wp:term":[{"taxonomy":"category","embeddable":true,"href":"https:\/\/obcanskymonitoring.cz\/index.php?rest_route=%2Fwp%2Fv2%2Fcategories&post=7090"},{"taxonomy":"post_tag","embeddable":true,"href":"https:\/\/obcanskymonitoring.cz\/index.php?rest_route=%2Fwp%2Fv2%2Ftags&post=7090"}],"curies":[{"name":"wp","href":"https:\/\/api.w.org\/{rel}","templated":true}]}}