{"id":7136,"date":"2021-01-25T16:22:10","date_gmt":"2021-01-25T16:22:10","guid":{"rendered":"http:\/\/obcanskymonitoring.cz\/?p=7136"},"modified":"2021-01-25T16:26:16","modified_gmt":"2021-01-25T16:26:16","slug":"nad-mostem-se-blyska-na-casy-nikoli-vsak-proto-ze-je-zelezny","status":"publish","type":"post","link":"https:\/\/obcanskymonitoring.cz\/?p=7136","title":{"rendered":"Nad mostem se bl\u00fdsk\u00e1 na \u010dasy, nikoli v\u0161ak proto, \u017ee je \u017eelezn\u00fd"},"content":{"rendered":"<div class=\"pvc_clear\"><\/div><p class=\"pvc_stats total_only \" data-element-id=\"7136\" style=\"\"><i class=\"pvc-stats-icon medium\" aria-hidden=\"true\"><svg xmlns=\"http:\/\/www.w3.org\/2000\/svg\" version=\"1.0\" viewBox=\"0 0 502 315\" preserveAspectRatio=\"xMidYMid meet\"><g transform=\"translate(0,332) scale(0.1,-0.1)\" fill=\"\" stroke=\"none\"><path d=\"M2394 3279 l-29 -30 -3 -207 c-2 -182 0 -211 15 -242 39 -76 157 -76 196 0 15 31 17 60 15 243 l-3 209 -33 29 c-26 23 -41 29 -80 29 -41 0 -53 -5 -78 -31z\"\/><path d=\"M3085 3251 c-45 -19 -58 -50 -96 -229 -47 -217 -49 -260 -13 -295 52 -53 146 -42 177 20 16 31 87 366 87 410 0 70 -86 122 -155 94z\"\/><path d=\"M1751 3234 c-13 -9 -29 -31 -37 -50 -12 -29 -10 -49 21 -204 19 -94 39 -189 45 -210 14 -50 54 -80 110 -80 34 0 48 6 76 34 21 21 34 44 34 59 0 14 -18 113 -40 219 -37 178 -43 195 -70 221 -36 32 -101 37 -139 11z\"\/><path d=\"M1163 3073 c-36 -7 -73 -59 -73 -102 0 -56 133 -378 171 -413 34 -32 83 -37 129 -13 70 36 67 87 -16 290 -86 209 -89 214 -129 231 -35 14 -42 15 -82 7z\"\/><path d=\"M3689 3066 c-15 -9 -33 -30 -42 -48 -48 -103 -147 -355 -147 -375 0 -98 131 -148 192 -74 13 15 57 108 97 206 80 196 84 226 37 273 -30 30 -99 39 -137 18z\"\/><path d=\"M583 2784 c-38 -19 -67 -74 -58 -113 9 -42 211 -354 242 -373 16 -10 45 -18 66 -18 51 0 107 52 107 100 0 39 -1 41 -124 234 -80 126 -108 162 -133 173 -41 17 -61 16 -100 -3z\"\/><path d=\"M4250 2784 c-14 -9 -74 -91 -133 -183 -95 -150 -107 -173 -107 -213 0 -55 33 -94 87 -104 67 -13 90 8 211 198 130 202 137 225 78 284 -27 27 -42 34 -72 34 -22 0 -50 -8 -64 -16z\"\/><path d=\"M2275 2693 c-553 -48 -1095 -270 -1585 -649 -135 -104 -459 -423 -483 -476 -23 -49 -22 -139 2 -186 73 -142 361 -457 571 -626 285 -228 642 -407 990 -497 242 -63 336 -73 660 -74 310 0 370 5 595 52 535 111 1045 392 1455 803 122 121 250 273 275 326 19 41 19 137 0 174 -41 79 -309 363 -465 492 -447 370 -946 591 -1479 653 -113 14 -422 18 -536 8z m395 -428 c171 -34 330 -124 456 -258 112 -119 167 -219 211 -378 27 -96 24 -300 -5 -401 -72 -255 -236 -447 -474 -557 -132 -62 -201 -76 -368 -76 -167 0 -236 14 -368 76 -213 98 -373 271 -451 485 -162 444 86 934 547 1084 153 49 292 57 452 25z m909 -232 c222 -123 408 -262 593 -441 76 -74 138 -139 138 -144 0 -16 -233 -242 -330 -319 -155 -123 -309 -223 -461 -299 l-81 -41 32 46 c18 26 49 83 70 128 143 306 141 649 -6 957 -25 52 -61 116 -79 142 l-34 47 45 -20 c26 -10 76 -36 113 -56z m-2057 25 c-40 -58 -105 -190 -130 -263 -110 -324 -59 -707 132 -981 25 -35 42 -64 37 -64 -19 0 -241 119 -326 174 -188 122 -406 314 -532 468 l-58 71 108 103 c185 178 428 349 672 473 66 33 121 60 123 61 2 0 -10 -19 -26 -42z\"\/><path d=\"M2375 1950 c-198 -44 -350 -190 -395 -379 -18 -76 -8 -221 19 -290 114 -284 457 -406 731 -260 98 52 188 154 231 260 27 69 37 214 19 290 -38 163 -166 304 -326 360 -67 23 -215 33 -279 19z\"\/><\/g><\/svg><\/i> &nbsp;1,242&nbsp;total views<\/p><div class=\"pvc_clear\"><\/div>\n<figure class=\"wp-block-image size-large is-resized\"><a href=\"http:\/\/obcanskymonitoring.cz\/wp-content\/uploads\/2020\/12\/ios.png\"><img loading=\"lazy\" src=\"http:\/\/obcanskymonitoring.cz\/wp-content\/uploads\/2020\/12\/ios.png\" alt=\"\" class=\"wp-image-6978\" width=\"102\" height=\"34\"\/><\/a><\/figure>\n\n\n\n<p>\u017delezni\u010dn\u00ed most p\u0159es Vltavu v&nbsp;Praze m\u011bl na kah\u00e1nku. Tak dlouho se o n\u011bj \u2013 coby pam\u00e1tku \u2013 nikdo nestaral, a\u017e se dostal do t\u00e9m\u011b\u0159 nepou\u017eiteln\u00e9ho stavu. T\u00e9m\u011b\u0159 znamen\u00e1, \u017ee se po n\u011bm sice nad\u00e1le jezd\u00ed, ale je to na pov\u00e1\u017eenou. Je to d\u016fle\u017eit\u00e1 vlakov\u00e1 spojka mezi Hlavn\u00edm n\u00e1dra\u017e\u00edm a n\u00e1dra\u017e\u00edm Praha-Sm\u00edchov, tedy sm\u011br na Plze\u0148. <\/p>\n\n\n\n<figure class=\"wp-block-image size-large\"><a href=\"http:\/\/obcanskymonitoring.cz\/wp-content\/uploads\/2021\/01\/most1.jpg\"><img loading=\"lazy\" width=\"500\" height=\"223\" src=\"http:\/\/obcanskymonitoring.cz\/wp-content\/uploads\/2021\/01\/most1.jpg\" alt=\"\" class=\"wp-image-7138\" srcset=\"https:\/\/obcanskymonitoring.cz\/wp-content\/uploads\/2021\/01\/most1.jpg 500w, https:\/\/obcanskymonitoring.cz\/wp-content\/uploads\/2021\/01\/most1-300x134.jpg 300w\" sizes=\"(max-width: 500px) 100vw, 500px\" \/><\/a><\/figure>\n\n\n\n<p>Nikdy nem\u011bl jm\u00e9no, psal se p\u016fvodn\u011b \u201e\u017eelezni\u010dn\u00ed\u201c, podobn\u011b jako jin\u00e9 mosty, ale zv\u00edt\u011bzil nad jazykov\u00fdmi \u00fa\u0159edn\u00edky a vydobyl si psan\u00ed s&nbsp;<strong>\u017d<\/strong>! Tak\u00e9 se mu \u0159\u00edk\u00e1 Vy\u0161ehradsk\u00fd, ale p\u0159\u00edli\u0161 se to neujalo, a\u010dkoli vede kolem Vy\u0161ehradu a Horym\u00edr by p\u0159ed lety nepochybn\u011b m\u00edsto nejist\u00e9ho sk\u00e1k\u00e1n\u00ed ze sk\u00e1ly most pou\u017eil (je i pro p\u011b\u0161\u00ed).<\/p>\n\n\n<p><!--more--><\/p>\n\n\n<p>Spr\u00e1va \u017eeleznic hodl\u00e1 v b\u0159eznu vypsat architektonickou sout\u011b\u017e na rekonstrukci mostu mezi pra\u017esk\u00fdm Sm\u00edchovem a V\u00fdton\u00ed. Sout\u011b\u017e m\u00e1 zahrnout tak\u00e9 p\u0159edpol\u00ed mostu, na v\u00fdto\u0148sk\u00e9 stran\u011b je v pl\u00e1nu nov\u00e1 zast\u00e1vka, kter\u00e1 nahrad\u00ed nepou\u017e\u00edvan\u00e9 a ji\u017e nepou\u017eiteln\u00e9 n\u00e1dra\u017e\u00ed Praha-Vy\u0161ehrad; p\u0159ibude t\u0159et\u00ed kolej. P\u0159itom je\u0161t\u011b p\u0159edloni se oz\u00fdvaly hlasy pro jeho zbour\u00e1n\u00ed a stavbu nov\u00e9ho.<\/p>\n\n\n\n<p>P\u016fvodn\u00ed most postaven\u00fd v&nbsp;druh\u00e9 polovin\u011b 19. stolet\u00ed byl na p\u0159elomu 19. a 20. stolet\u00ed nahrazen mostem sou\u010dasn\u00fdm. Konstrukci tvo\u0159\u00ed t\u0159i p\u0159\u00edhradov\u00e9 nosn\u00edky s rozp\u011bt\u00edm 70 metr\u016f, \u0161\u00ed\u0159ce 8 metr\u016f; celkov\u00e1 d\u00e9lka mostu je bezm\u00e1la 300 metr\u016f. Je v\u00fdznamnou technickou kulturn\u00ed pam\u00e1tkou. Podrobnosti o jeho budoucnosti najdete <a href=\"https:\/\/prazsky.denik.cz\/zpravy_region\/zeleznicni-most-rekonstrukce-oprava-soutez-zastavka-vlak.html\">zde<\/a>. <\/p>\n\n\n\n<p>Ke zm\u00edn\u011bn\u00e9mu bl\u00edzk\u00e9mu n\u00e1dra\u017e\u00ed Praha-Vy\u0161ehrad jen tolik, \u017ee toto p\u016fvabn\u00e9 n\u00e1dra\u017e\u00ed, kter\u00e9 u\u017e des\u00edtky let zoufale a zjevn\u011b nevratn\u011b ch\u00e1tr\u00e1. Secesn\u00ed hlavn\u00ed budova b\u00fdval\u00e9ho n\u00e1dra\u017e\u00ed je tak\u00e9 kulturn\u00ed pam\u00e1tkou, pam\u00e1tkov\u011b chr\u00e1n\u011bn\u00e1 d\u0159ev\u011bn\u00e1 \u010dek\u00e1rna byla v roce 2008 protiz\u00e1konn\u011b zbour\u00e1na. N\u00e1dra\u017e\u00ed se podle v\u0161eho osudu sv\u00e9ho spole\u010dn\u00edka nedo\u010dk\u00e1. Bl\u00ed\u017ee o n\u011bm najdete <a href=\"https:\/\/ct24.ceskatelevize.cz\/regiony\/3035377-nadrazi-vysehrad-dal-chatra-podle-unesco-jej-zachrani-jen-vyvlastneni\">zde<\/a>. <\/p>\n<div data-counters='1' data-style='square' data-size='regular' data-url='https:\/\/obcanskymonitoring.cz\/?p=7136' data-title='Nad mostem se bl\u00fdsk\u00e1 na \u010dasy, nikoli v\u0161ak proto, \u017ee je \u017eelezn\u00fd' class='linksalpha_container linksalpha_app_3'><a href='\/\/www.linksalpha.com\/share?network='facebook' class='linksalpha_icon_facebook'><\/a><a href='\/\/www.linksalpha.com\/share?network='twitter' class='linksalpha_icon_twitter'><\/a><a href='\/\/www.linksalpha.com\/share?network='googleplus' class='linksalpha_icon_googleplus'><\/a><a href='\/\/www.linksalpha.com\/share?network='mail' class='linksalpha_icon_mail'><\/a><\/div><div data-position='' data-url='https:\/\/obcanskymonitoring.cz\/?p=7136' data-title='Nad mostem se bl\u00fdsk\u00e1 na \u010dasy, nikoli v\u0161ak proto, \u017ee je \u017eelezn\u00fd' class='linksalpha_container linksalpha_app_7'><a href='\/\/www.linksalpha.com\/share?network='facebook' class='linksalpha_icon_facebook'><\/a><a href='\/\/www.linksalpha.com\/share?network='twitter' class='linksalpha_icon_twitter'><\/a><a href='\/\/www.linksalpha.com\/share?network='googleplus' class='linksalpha_icon_googleplus'><\/a><a href='\/\/www.linksalpha.com\/share?network='mail' class='linksalpha_icon_mail'><\/a><\/div>","protected":false},"excerpt":{"rendered":"<p>&nbsp;1,242&nbsp;total views \u017delezni\u010dn\u00ed most p\u0159es Vltavu v&nbsp;Praze m\u011bl na kah\u00e1nku. Tak dlouho se o n\u011bj \u2013 coby pam\u00e1tku \u2013 nikdo nestaral, a\u017e se dostal do t\u00e9m\u011b\u0159 nepou\u017eiteln\u00e9ho stavu. T\u00e9m\u011b\u0159 znamen\u00e1, \u017ee se po n\u011bm sice nad\u00e1le jezd\u00ed, ale je to na pov\u00e1\u017eenou. Je to d\u016fle\u017eit\u00e1 vlakov\u00e1 spojka mezi Hlavn\u00edm n\u00e1dra\u017e\u00edm a n\u00e1dra\u017e\u00edm Praha-Sm\u00edchov, tedy sm\u011br [&hellip;]<\/p>\n","protected":false},"author":3,"featured_media":0,"comment_status":"open","ping_status":"open","sticky":true,"template":"","format":"standard","meta":[],"categories":[41,23],"tags":[],"_links":{"self":[{"href":"https:\/\/obcanskymonitoring.cz\/index.php?rest_route=\/wp\/v2\/posts\/7136"}],"collection":[{"href":"https:\/\/obcanskymonitoring.cz\/index.php?rest_route=\/wp\/v2\/posts"}],"about":[{"href":"https:\/\/obcanskymonitoring.cz\/index.php?rest_route=\/wp\/v2\/types\/post"}],"author":[{"embeddable":true,"href":"https:\/\/obcanskymonitoring.cz\/index.php?rest_route=\/wp\/v2\/users\/3"}],"replies":[{"embeddable":true,"href":"https:\/\/obcanskymonitoring.cz\/index.php?rest_route=%2Fwp%2Fv2%2Fcomments&post=7136"}],"version-history":[{"count":3,"href":"https:\/\/obcanskymonitoring.cz\/index.php?rest_route=\/wp\/v2\/posts\/7136\/revisions"}],"predecessor-version":[{"id":7157,"href":"https:\/\/obcanskymonitoring.cz\/index.php?rest_route=\/wp\/v2\/posts\/7136\/revisions\/7157"}],"wp:attachment":[{"href":"https:\/\/obcanskymonitoring.cz\/index.php?rest_route=%2Fwp%2Fv2%2Fmedia&parent=7136"}],"wp:term":[{"taxonomy":"category","embeddable":true,"href":"https:\/\/obcanskymonitoring.cz\/index.php?rest_route=%2Fwp%2Fv2%2Fcategories&post=7136"},{"taxonomy":"post_tag","embeddable":true,"href":"https:\/\/obcanskymonitoring.cz\/index.php?rest_route=%2Fwp%2Fv2%2Ftags&post=7136"}],"curies":[{"name":"wp","href":"https:\/\/api.w.org\/{rel}","templated":true}]}}