{"id":7331,"date":"2021-03-04T09:58:38","date_gmt":"2021-03-04T09:58:38","guid":{"rendered":"http:\/\/obcanskymonitoring.cz\/?p=7331"},"modified":"2021-03-04T09:58:40","modified_gmt":"2021-03-04T09:58:40","slug":"vladni-navrh-dalsi-upravy-davek-podpory-kvuli-covidu","status":"publish","type":"post","link":"https:\/\/obcanskymonitoring.cz\/?p=7331","title":{"rendered":"Vl\u00e1dn\u00ed n\u00e1vrh &#8211;  dal\u0161\u00ed \u00fapravy d\u00e1vek podpory kv\u016fli covidu"},"content":{"rendered":"<div class=\"pvc_clear\"><\/div><p class=\"pvc_stats total_only \" data-element-id=\"7331\" style=\"\"><i class=\"pvc-stats-icon medium\" aria-hidden=\"true\"><svg xmlns=\"http:\/\/www.w3.org\/2000\/svg\" version=\"1.0\" viewBox=\"0 0 502 315\" preserveAspectRatio=\"xMidYMid meet\"><g transform=\"translate(0,332) scale(0.1,-0.1)\" fill=\"\" stroke=\"none\"><path d=\"M2394 3279 l-29 -30 -3 -207 c-2 -182 0 -211 15 -242 39 -76 157 -76 196 0 15 31 17 60 15 243 l-3 209 -33 29 c-26 23 -41 29 -80 29 -41 0 -53 -5 -78 -31z\"\/><path d=\"M3085 3251 c-45 -19 -58 -50 -96 -229 -47 -217 -49 -260 -13 -295 52 -53 146 -42 177 20 16 31 87 366 87 410 0 70 -86 122 -155 94z\"\/><path d=\"M1751 3234 c-13 -9 -29 -31 -37 -50 -12 -29 -10 -49 21 -204 19 -94 39 -189 45 -210 14 -50 54 -80 110 -80 34 0 48 6 76 34 21 21 34 44 34 59 0 14 -18 113 -40 219 -37 178 -43 195 -70 221 -36 32 -101 37 -139 11z\"\/><path d=\"M1163 3073 c-36 -7 -73 -59 -73 -102 0 -56 133 -378 171 -413 34 -32 83 -37 129 -13 70 36 67 87 -16 290 -86 209 -89 214 -129 231 -35 14 -42 15 -82 7z\"\/><path d=\"M3689 3066 c-15 -9 -33 -30 -42 -48 -48 -103 -147 -355 -147 -375 0 -98 131 -148 192 -74 13 15 57 108 97 206 80 196 84 226 37 273 -30 30 -99 39 -137 18z\"\/><path d=\"M583 2784 c-38 -19 -67 -74 -58 -113 9 -42 211 -354 242 -373 16 -10 45 -18 66 -18 51 0 107 52 107 100 0 39 -1 41 -124 234 -80 126 -108 162 -133 173 -41 17 -61 16 -100 -3z\"\/><path d=\"M4250 2784 c-14 -9 -74 -91 -133 -183 -95 -150 -107 -173 -107 -213 0 -55 33 -94 87 -104 67 -13 90 8 211 198 130 202 137 225 78 284 -27 27 -42 34 -72 34 -22 0 -50 -8 -64 -16z\"\/><path d=\"M2275 2693 c-553 -48 -1095 -270 -1585 -649 -135 -104 -459 -423 -483 -476 -23 -49 -22 -139 2 -186 73 -142 361 -457 571 -626 285 -228 642 -407 990 -497 242 -63 336 -73 660 -74 310 0 370 5 595 52 535 111 1045 392 1455 803 122 121 250 273 275 326 19 41 19 137 0 174 -41 79 -309 363 -465 492 -447 370 -946 591 -1479 653 -113 14 -422 18 -536 8z m395 -428 c171 -34 330 -124 456 -258 112 -119 167 -219 211 -378 27 -96 24 -300 -5 -401 -72 -255 -236 -447 -474 -557 -132 -62 -201 -76 -368 -76 -167 0 -236 14 -368 76 -213 98 -373 271 -451 485 -162 444 86 934 547 1084 153 49 292 57 452 25z m909 -232 c222 -123 408 -262 593 -441 76 -74 138 -139 138 -144 0 -16 -233 -242 -330 -319 -155 -123 -309 -223 -461 -299 l-81 -41 32 46 c18 26 49 83 70 128 143 306 141 649 -6 957 -25 52 -61 116 -79 142 l-34 47 45 -20 c26 -10 76 -36 113 -56z m-2057 25 c-40 -58 -105 -190 -130 -263 -110 -324 -59 -707 132 -981 25 -35 42 -64 37 -64 -19 0 -241 119 -326 174 -188 122 -406 314 -532 468 l-58 71 108 103 c185 178 428 349 672 473 66 33 121 60 123 61 2 0 -10 -19 -26 -42z\"\/><path d=\"M2375 1950 c-198 -44 -350 -190 -395 -379 -18 -76 -8 -221 19 -290 114 -284 457 -406 731 -260 98 52 188 154 231 260 27 69 37 214 19 290 -38 163 -166 304 -326 360 -67 23 -215 33 -279 19z\"\/><\/g><\/svg><\/i> &nbsp;1,132&nbsp;total views<\/p><div class=\"pvc_clear\"><\/div>\n<figure class=\"wp-block-image size-large is-resized\"><a href=\"http:\/\/obcanskymonitoring.cz\/wp-content\/uploads\/2020\/12\/ios-e1612479660769.png\"><img loading=\"lazy\" src=\"http:\/\/obcanskymonitoring.cz\/wp-content\/uploads\/2020\/12\/ios-e1612479660769.png\" alt=\"\" class=\"wp-image-6978\" width=\"90\" height=\"30\"\/><\/a><\/figure>\n\n\n\n<p>Vl\u00e1da p\u017eedkl\u00e1d\u00e1 n\u00e1vrh z\u00e1kona s neprakticky dlouh\u00fdm n\u00e1zvem &#8220;<em>o n\u011bkter\u00fdch dal\u0161\u00edch \u00faprav\u00e1ch v oblasti d\u00e1vek st\u00e1tn\u00ed soci\u00e1ln\u00ed podpory a p\u0159\u00edsp\u011bvku na p\u00e9\u010di v\u00a0souvislosti s\u00a0epidemi\u00ed COVID-19<\/em>&#8220;. Ot\u00e1zkou je, jestli by nebylo lep\u0161\u00ed ty \u0159ady \u00faprav sjednotit, pro\u010distit a zracionalizovat, aby se ob\u010dan\u00e9 nemuseli prokous\u00e1vat spoustou hlu\u0161iny, ne\u017e najdou pomoc.<\/p>\n\n\n\n<p>Z\u00e1kon se bude aplikovat na pr\u00e1vn\u00ed vztahy, kter\u00e9 nejsou upraveny p\u0159\u00edmo pou\u017eiteln\u00fdm p\u0159edpisem Evropsk\u00e9 unie v oblasti st\u00e1tn\u00edch soci\u00e1ln\u00edch d\u00e1vek. Upravuje podm\u00ednky n\u00e1roku na p\u0159\u00eddavek na d\u00edt\u011b a jeho v\u00fdplatu, podm\u00ednky n\u00e1roku na p\u0159\u00edsp\u011bvek na bydlen\u00ed a na jeho v\u00fdplatu a podm\u00ednky n\u00e1roku na zv\u00fd\u0161en\u00ed p\u0159\u00edsp\u011bvku na p\u00e9\u010di.<\/p>\n\n\n<p><!--more--><\/p>\n\n\n<p>Z d\u016fvodov\u00e9 zpr\u00e1vy vyj\u00edm\u00e1me:<\/p>\n\n\n\n<ul><li>\u201eNavr\u017een\u00e9 \u0159e\u0161en\u00ed m\u00e1 za c\u00edl: minimalizovat pot\u0159ebu kontaktu osob v po\u010dtu statis\u00edc\u016f se zam\u011bstnavateli, \u00da\u0159adem pr\u00e1ce \u010cR, p\u0159\u00edpadn\u011b dal\u0161\u00edmi institucemi, minimalizovat zat\u00ed\u017een\u00ed \u00da\u0159adu pr\u00e1ce \u010cR p\u0159i posuzov\u00e1n\u00ed n\u00e1roku na v\u00fdplatu a v\u00fd\u0161i uveden\u00fdch d\u00e1vek n\u00e1le\u017eej\u00edc\u00edch ve 2. \u010dtvrtlet\u00ed 2021, sn\u00ed\u017eit objem z\u00e1silek, kter\u00e9 doru\u010duje \u010cesk\u00e1 po\u0161ta.\u201c<\/li><li>\u201ePerson\u00e1ln\u00ed situace na \u00da\u0159adu pr\u00e1ce \u010cR se v\u00fdrazn\u011b (skokov\u011b) zhor\u0161uje a v tuto chv\u00edli i z d\u016fvodu nep\u0159\u00edzniv\u00e9ho v\u00fdvoje epidemiologick\u00e9 situace nen\u00ed mo\u017en\u00e9 predikovat jej\u00ed zlep\u0161en\u00ed. Ke konci \u00fanora 2021 chyb\u00ed 1 205 zam\u011bstnanc\u016f, co\u017e je n\u011bco p\u0159es 10 % z celkov\u00e9ho po\u010dtu zam\u011bstnanc\u016f.\u201c<\/li><li>\u201eV\u00a0souvislosti s\u00a0d\u016fvody v\u00fd\u0161e uveden\u00fdmi se navrhuje, aby \u00da\u0159ad pr\u00e1ce \u010cR vych\u00e1zel p\u0159i stanoven\u00ed n\u00e1roku, v\u00fd\u0161e a v\u00fdplaty t\u011bchto d\u00e1vek na 2. kalend\u00e1\u0159n\u00ed \u010dtvrtlet\u00ed roku 2021 z \u00fadaj\u016f o p\u0159\u00edjmech a n\u00e1kladech na bydlen\u00ed, kter\u00e9 byly dolo\u017eeny pro n\u00e1rok na v\u00fdplatu a v\u00fd\u0161i uveden\u00fdch d\u00e1vek na 1. \u010dtvrtlet\u00ed roku 2021, tj. z p\u0159\u00edjm\u016f a n\u00e1klad\u016f na bydlen\u00ed za 4. kalend\u00e1\u0159n\u00ed \u010dtvrtlet\u00ed 2020. T\u00edmto opat\u0159en\u00edm budou automaticky vyplaceny d\u00e1vky ve stejn\u00e9 v\u00fd\u0161i jako v 1. \u010dtvrtlet\u00ed roku 2021. P\u016fjde tak o \u201e\u010distou\u201c prolongaci&#8230;\u201c<\/li><\/ul>\n\n\n\n<p>Konkr\u00e9tn\u00ed parametry navrhovan\u00fdch zm\u011bn a dal\u0161\u00ed podrobnosti najdete <a href=\"https:\/\/www.psp.cz\/sqw\/text\/orig2.sqw?idd=186103\">zde<\/a>.<\/p>\n\n\n\n<p><br><\/p>\n<div data-counters='1' data-style='square' data-size='regular' data-url='https:\/\/obcanskymonitoring.cz\/?p=7331' data-title='Vl\u00e1dn\u00ed n\u00e1vrh &#8211;  dal\u0161\u00ed \u00fapravy d\u00e1vek podpory kv\u016fli covidu' class='linksalpha_container linksalpha_app_3'><a href='\/\/www.linksalpha.com\/share?network='facebook' class='linksalpha_icon_facebook'><\/a><a href='\/\/www.linksalpha.com\/share?network='twitter' class='linksalpha_icon_twitter'><\/a><a href='\/\/www.linksalpha.com\/share?network='googleplus' class='linksalpha_icon_googleplus'><\/a><a href='\/\/www.linksalpha.com\/share?network='mail' class='linksalpha_icon_mail'><\/a><\/div><div data-position='' data-url='https:\/\/obcanskymonitoring.cz\/?p=7331' data-title='Vl\u00e1dn\u00ed n\u00e1vrh &#8211;  dal\u0161\u00ed \u00fapravy d\u00e1vek podpory kv\u016fli covidu' class='linksalpha_container linksalpha_app_7'><a href='\/\/www.linksalpha.com\/share?network='facebook' class='linksalpha_icon_facebook'><\/a><a href='\/\/www.linksalpha.com\/share?network='twitter' class='linksalpha_icon_twitter'><\/a><a href='\/\/www.linksalpha.com\/share?network='googleplus' class='linksalpha_icon_googleplus'><\/a><a href='\/\/www.linksalpha.com\/share?network='mail' class='linksalpha_icon_mail'><\/a><\/div>","protected":false},"excerpt":{"rendered":"<p>&nbsp;1,132&nbsp;total views Vl\u00e1da p\u017eedkl\u00e1d\u00e1 n\u00e1vrh z\u00e1kona s neprakticky dlouh\u00fdm n\u00e1zvem &#8220;o n\u011bkter\u00fdch dal\u0161\u00edch \u00faprav\u00e1ch v oblasti d\u00e1vek st\u00e1tn\u00ed soci\u00e1ln\u00ed podpory a p\u0159\u00edsp\u011bvku na p\u00e9\u010di v\u00a0souvislosti s\u00a0epidemi\u00ed COVID-19&#8220;. Ot\u00e1zkou je, jestli by nebylo lep\u0161\u00ed ty \u0159ady \u00faprav sjednotit, pro\u010distit a zracionalizovat, aby se ob\u010dan\u00e9 nemuseli prokous\u00e1vat spoustou hlu\u0161iny, ne\u017e najdou pomoc. Z\u00e1kon se bude aplikovat na [&hellip;]<\/p>\n","protected":false},"author":3,"featured_media":0,"comment_status":"open","ping_status":"open","sticky":true,"template":"","format":"standard","meta":[],"categories":[7],"tags":[],"_links":{"self":[{"href":"https:\/\/obcanskymonitoring.cz\/index.php?rest_route=\/wp\/v2\/posts\/7331"}],"collection":[{"href":"https:\/\/obcanskymonitoring.cz\/index.php?rest_route=\/wp\/v2\/posts"}],"about":[{"href":"https:\/\/obcanskymonitoring.cz\/index.php?rest_route=\/wp\/v2\/types\/post"}],"author":[{"embeddable":true,"href":"https:\/\/obcanskymonitoring.cz\/index.php?rest_route=\/wp\/v2\/users\/3"}],"replies":[{"embeddable":true,"href":"https:\/\/obcanskymonitoring.cz\/index.php?rest_route=%2Fwp%2Fv2%2Fcomments&post=7331"}],"version-history":[{"count":3,"href":"https:\/\/obcanskymonitoring.cz\/index.php?rest_route=\/wp\/v2\/posts\/7331\/revisions"}],"predecessor-version":[{"id":7334,"href":"https:\/\/obcanskymonitoring.cz\/index.php?rest_route=\/wp\/v2\/posts\/7331\/revisions\/7334"}],"wp:attachment":[{"href":"https:\/\/obcanskymonitoring.cz\/index.php?rest_route=%2Fwp%2Fv2%2Fmedia&parent=7331"}],"wp:term":[{"taxonomy":"category","embeddable":true,"href":"https:\/\/obcanskymonitoring.cz\/index.php?rest_route=%2Fwp%2Fv2%2Fcategories&post=7331"},{"taxonomy":"post_tag","embeddable":true,"href":"https:\/\/obcanskymonitoring.cz\/index.php?rest_route=%2Fwp%2Fv2%2Ftags&post=7331"}],"curies":[{"name":"wp","href":"https:\/\/api.w.org\/{rel}","templated":true}]}}